{"id":1334,"date":"2021-07-20T18:21:11","date_gmt":"2021-07-20T21:21:11","guid":{"rendered":"http:\/\/34.239.117.254\/?p=1334"},"modified":"2021-07-20T18:21:11","modified_gmt":"2021-07-20T21:21:11","slug":"justica-afasta-creditamento-de-pis-e-cofins-sobre-insumos-relacionados-a-pandemia","status":"publish","type":"post","link":"https:\/\/www.ayadvogados.com.br\/?p=1334","title":{"rendered":"Justi\u00e7a afasta creditamento de PIS e Cofins sobre insumos relacionados \u00e0 pandemia"},"content":{"rendered":"\n<p>A discuss\u00e3o sobre a possibilidade de aproveitamento de cr\u00e9ditos de PIS e Cofins sobre despesas decorrentes da pandemia da Covid-19 \u00e0s empresas, como m\u00e1scaras, \u00e1lcool em gel e itens para proporcionar o home office dos funcion\u00e1rios, come\u00e7ou a chegar no Judici\u00e1rio. E, at\u00e9 o momento, os resultados t\u00eam sido desfavor\u00e1veis aos contribuintes. Segundo a Procuradoria-Geral da Fazenda Nacional (PGFN), h\u00e1 cinco registros de processos sobre a quest\u00e3o em seu sistema e, em tr\u00eas os pedidos dos contribuintes foram julgados improcedentes. Outros dois s\u00e3o agravos de instrumento contra o deferimento anterior de liminar.&nbsp;<\/p>\n\n\n\n<p>De acordo com a PGFN, n\u00e3o h\u00e1 registro de lit\u00edgios do g\u00eanero que tenham chegado ao Conselho Administrativo de Recursos Fiscais (Carf) de modo a criar uma jurisprud\u00eancia sobre o tema. Por isso, especialistas consultados pelo&nbsp;<strong>JOTA<\/strong>&nbsp;acreditam que, sem decis\u00f5es no tribunal administrativo e em inst\u00e2ncias judiciais superiores, \u00e9 poss\u00edvel que o contribuinte pe\u00e7a o creditamento e tenha sucesso.&nbsp;<\/p>\n\n\n\n<p>&nbsp;<br>As poucas decis\u00f5es judiciais sobre o assunto foram proferidas pela Justi\u00e7a Federal de S\u00e3o Paulo. Em uma delas, a empresa AEA Distribui\u00e7\u00e3o e Com\u00e9rcio de Materiais El\u00e9tricos Ltda pleiteou o direito de classificar as despesas necess\u00e1rias para enfrentar a pandemia como insumo para cr\u00e9dito de PIS e Cofins, conforme o entendimento do Superior Tribunal de Justi\u00e7a (STJ) no&nbsp;REsp&nbsp;1.221.170\/PR.&nbsp;<\/p>\n\n\n\n<p>A empresa informou em ju\u00edzo que implementou sistemas de trabalho remoto, sistemas de rod\u00edzio de colaboradores, instala\u00e7\u00e3o de dispensadores de \u00e1lcool em gel, disponibiliza\u00e7\u00e3o de m\u00e1scaras, luvas, \u00f3culos e procedimentos de limpeza mais minuciosos, entre outros m\u00e9todos. Afirmou ainda que as medidas geraram gastos extraordin\u00e1rios e que j\u00e1 est\u00e1 fragilizada com as incertezas do mercado e o risco de uma recess\u00e3o econ\u00f4mica.&nbsp;<\/p>\n\n\n\n<p>Em sua defesa, a Uni\u00e3o alegou que, no caso dos autos, as despesas elencadas pela autora n\u00e3o pertencem ao contexto do processo produtivo, j\u00e1 que sua atividade se resume \u00e0 revenda de mercadorias acabadas. Portanto, n\u00e3o cabe o aproveitamento dos cr\u00e9ditos.&nbsp;<\/p>\n\n\n\n<p>Na senten\u00e7a, a ju\u00edza Sylvia Marlene de Castro Figueiredo entendeu que n\u00e3o pode ser considerado insumo o pagamento feito pelas despesas decorrentes da ado\u00e7\u00e3o de medidas para conten\u00e7\u00e3o da pandemia, como forma de prevenir o cont\u00e1gio no ambiente de trabalho e manter suas atividades econ\u00f4micas, bem como para atender as recomenda\u00e7\u00f5es sanit\u00e1rias exigidas pelas autoridades competentes.&nbsp;<\/p>\n\n\n\n<p>\u201cO disposto na Leis n\u00ba 10.637\/2002 e na Leis n\u00ba 10.833\/2003 n\u00e3o pode ser interpretado extensivamente para assegurar ao autor o creditamento tal como pretendido, visto que as hip\u00f3teses de exclus\u00e3o do cr\u00e9dito tribut\u00e1rio devem ser interpretadas literalmente e restritivamente, n\u00e3o comportando interpreta\u00e7\u00e3o extensiva, \u00e0 luz do art. 111, I, do CTN [C\u00f3digo Tribut\u00e1rio Nacional]\u201d, escreveu a magistrada.&nbsp;<\/p>\n\n\n\n<p>Em outro processo, movido pela&nbsp;Forusi&nbsp;Forjaria e Usinagem Ltda, o contribuinte afirmou que as medidas de conten\u00e7\u00e3o do coronav\u00edrus implicaram em gastos extraordin\u00e1rios para a empresa, \u201cque j\u00e1 est\u00e1 fragilizada com as incertezas do mercado e o risco de uma evidente recess\u00e3o econ\u00f4mica\u201d. No entanto, a ju\u00edza federal Raquel Fernandez&nbsp;Perrini&nbsp;negou o pedido.&nbsp;<\/p>\n\n\n\n<p>Segundo ela, \u201cem linhas gerais, quando se fala em \u2018insumo\u2019, ineg\u00e1vel que deve existir direta aplica\u00e7\u00e3o no processo produtivo e vincula\u00e7\u00e3o intr\u00ednseca do bem ou servi\u00e7o com a atividade da empresa, o que n\u00e3o ocorre com as despesas havidas para enfrentamento da pandemia\u201d. E complementa: \u201cn\u00e3o h\u00e1 como adotar genericamente, como quer a autora, que toda e qualquer despesa para enfrentamento da pandemia seja classificada como insumo\u201d.&nbsp;<\/p>\n\n\n\n<p><strong>Receita Federal<\/strong>&nbsp;<\/p>\n\n\n\n<p>Questionada pelo&nbsp;<strong>JOTA<\/strong>, a Receita Federal informou que n\u00e3o tem normativo espec\u00edfico sobre o tema, assim como n\u00e3o h\u00e1 informa\u00e7\u00f5es sobre autua\u00e7\u00f5es a contribuintes que fizeram creditamento de PIS e Cofins sobre produtos usados para o combate \u00e0 pandemia. Em nota, o \u00f3rg\u00e3o informou que o parecer normativo&nbsp;Cosit&nbsp;n\u00ba 5, de 2018, detalha o que pode e o que n\u00e3o pode ser considerado insumo para efeitos de creditamento. \u201cEle trata da quest\u00e3o dos insumos de forma geral, mas pode perfeitamente ser aplicado a produtos vinculados \u00e0 quest\u00e3o da pandemia\u201d.&nbsp;<\/p>\n\n\n\n<p>A Receita informou ainda que o contribuinte poder\u00e1 tomar cr\u00e9dito se o produto que ele adquiriu se enquadrar no conceito de insumo, conforme as diretrizes estabelecidas no parecer. \u201cRessalte-se que essas diretrizes s\u00e3o bastante abrangentes, permitindo o creditamento em situa\u00e7\u00f5es que h\u00e1 algum tempo a Receita entendia imposs\u00edvel. O parecer foi editado em conson\u00e2ncia ao decidido pelo STJ em recurso repetitivo sobre o tema de insumos\u201d.&nbsp;<\/p>\n\n\n\n<p><strong>Aproveitamento<\/strong>&nbsp;<\/p>\n\n\n\n<p>Por ser tratar de um tema recente, poss\u00edveis controv\u00e9rsias sobre o assunto n\u00e3o chegaram ao&nbsp;Carf, por isso, n\u00e3o h\u00e1 jurisprud\u00eancia sobre esse creditamento no tribunal administrativo. E, mesmo no Judici\u00e1rio, os tributaristas explicam que as decis\u00f5es ainda s\u00e3o pontuais. Por isso, o contribuinte que quiser tomar os cr\u00e9ditos pode faz\u00ea-lo, se atentando a algumas condi\u00e7\u00f5es.&nbsp;<\/p>\n\n\n\n<p>Pedro Lima, conselheiro do&nbsp;Carf&nbsp;e autor do livro \u201cAproveitamento de Cr\u00e9dito de PIS e Cofins n\u00e3o-cumulativos sobre os disp\u00eandios realizados nas Aquisi\u00e7\u00f5es de Insumos Pand\u00eamicos\u201d explica que para que o creditamento seja aceito pelo fisco \u00e9 necess\u00e1rio que a empresa siga dois passos: o primeiro, ela precisa comprovar as despesas e, no segundo momento, demonstrar a essencialidade e a relev\u00e2ncia, conforme ficou definido no STJ.&nbsp;<\/p>\n\n\n\n<p>\u201cE a\u00ed que vem uma longa an\u00e1lise sobre isso, porque \u00e9 um conceito aberto, n\u00e3o \u00e9 um rol taxativo, ent\u00e3o depende de interpreta\u00e7\u00e3o. O contribuinte precisa aplicar o conceito de essencialidade e relev\u00e2ncia com base, principalmente, nos precedentes do&nbsp;Carf\u201d.&nbsp;<\/p>\n\n\n\n<p>De acordo com Pedro, a an\u00e1lise da jurisprud\u00eancia do&nbsp;Carf&nbsp;sobre situa\u00e7\u00f5es fora da pandemia \u00e9 importante para analisar se o fisco aceitar\u00e1 o aproveitamento dos cr\u00e9ditos de PIS e Cofins sobre os insumos pand\u00eamicos. \u201cO&nbsp;Carf&nbsp;criou uma jurisprud\u00eancia, um conceito intermedi\u00e1rio de insumo, que \u00e9 um pouco mais alargado do que o conceito de insumo utilizado no IPI. No IPI, s\u00e3o considerados insumos a mat\u00e9ria-prima, o produto intermedi\u00e1rio, o material de embalagem e os bens que sofrem desgaste na produ\u00e7\u00e3o, por exemplo. J\u00e1 no PIS\/Cofins vai al\u00e9m\u201d.&nbsp;<\/p>\n\n\n\n<p>O advogado Cassio&nbsp;Sztokfisz, do escrit\u00f3rio Schneider e&nbsp;Pugliese, explica que, como n\u00e3o h\u00e1 normativo espec\u00edfico sobre o tema, as empresas podem ser autuadas, por\u00e9m, ele entende que o creditamento \u00e9 poss\u00edvel. \u201cGasto decorrente de uma imposi\u00e7\u00e3o legal pode gerar cr\u00e9dito para PIS e Cofins. E o que a gente v\u00ea? Houve a declara\u00e7\u00e3o de estado de calamidade pelo Congresso, ent\u00e3o tem uma norma falando que existe um per\u00edodo de calamidade\u201d, afirma.&nbsp;<\/p>\n\n\n\n<p>\u201cO Minist\u00e9rio P\u00fablico do Trabalho vem exigindo que as empresas protejam os seus funcion\u00e1rios da doen\u00e7a sobre risco de sofrer uma autua\u00e7\u00e3o de seguran\u00e7a do trabalho. Ent\u00e3o, pelas normas regulamentares, a empresa tem que ofertar m\u00e1scara, \u00e1lcool em gel, term\u00f4metro, tem que garantir um ambiente de trabalho insalubre. Assim, no nosso entender, adv\u00e9m o direito do contribuinte de tomar esse cr\u00e9dito\u201d, complementa.&nbsp;<\/p>\n\n\n\n<p>Na an\u00e1lise dos advogados Diana Piatti Lobo e Andr\u00e9 Menon, s\u00f3cios do escrit\u00f3rio Machado Meyer, a pandemia da Covid-19 \u00e9 uma situa\u00e7\u00e3o extremamente nova e, portanto, poss\u00edveis conflitos sobre o assunto podem demorar a chegar no Carf. Eles entendem que empresas comerciais podem ter mais dificuldades na garantia do cr\u00e9dito do que as industriais.&nbsp;<\/p>\n\n\n\n<p>Os tributaristas defendem que, diante da excepcionalidade da pandemia, a Receita poder\u00e1 adotar uma postura menos restritiva em rela\u00e7\u00e3o \u00e0 tomada de cr\u00e9ditos de PIS e Cofins do que vem tomando atualmente. \u201cO fisco tributa a receita e os insumos s\u00e3o para garantir aquela receita. E eles n\u00e3o est\u00e3o atrelados somente a receita do produtor de bens ou do prestador de servi\u00e7o, s\u00e3o insumos de todos aqueles que s\u00e3o contribuintes para fins de recolhimento de PIS e Cofins\u201d, defende Lobo.&nbsp;<\/p>\n\n\n\n<p>\u201cOs contribuintes podem provar que, tanto \u00e9 essencial que o pr\u00f3prio governo diminuiu a tributa\u00e7\u00e3o, tanto \u00e9 essencial que o pr\u00f3prio governo flexibilizou as regras de desembara\u00e7o para acelerar a entrada desses produtos em territ\u00f3rio nacional\u201d, complementa Menon. Segundo eles, a tomada de decis\u00e3o de tomar cr\u00e9ditos ou n\u00e3o deve ser analisada caso a caso a depender da empresa e suas condi\u00e7\u00f5es.&nbsp;<\/p>\n\n\n\n<p>Processos citados na mat\u00e9ria: 5003996-98.2020.4.03.6110 TRF3, 5012198-94.2020.4.03.6100 TRF3&nbsp;<\/p>\n\n\n\n<p><strong>Fonte:&nbsp;<\/strong><a href=\"https:\/\/www.jota.info\/tributos-e-empresas\/tributario\/justica-afasta-creditamento-de-pis-e-cofins-sobre-insumos-relacionados-a-pandemia-16072021\" target=\"_blank\" rel=\"noreferrer noopener\"><strong>Jota<\/strong><\/a><strong><\/strong>&nbsp;<\/p>\n\n\n\n<p>Quer estar sempre por dentro de assuntos relevantes e mat\u00e9rias exclusivas que comp\u00f5em o cen\u00e1rio tribut\u00e1rio e jur\u00eddico?&nbsp;<\/p>\n\n\n\n<p>Ou\u00e7a o DIN Cast, o podcast voltado para o mundo dos neg\u00f3cios que vai ajudar sua empresa a se tornar l\u00edder de mercado atrav\u00e9s da intelig\u00eancia de neg\u00f3cios:&nbsp;<\/p>\n\n\n\n<p>\ud83d\udc49<a href=\"http:\/\/ayadvogados.com.br\/category\/dincast\/\" target=\"_blank\" rel=\"noreferrer noopener\">http:\/\/ayadvogados.com.br\/category\/dincast\/<\/a>&nbsp;<\/p>\n\n\n\n<p>Esteja&nbsp;sempre atualizado sobre as novidades no setor tribut\u00e1rio.&nbsp;<\/p>\n\n\n\n<p>Siga a Amaral, Yazbek nas redes sociais:&nbsp;<\/p>\n\n\n\n<p>&nbsp;<br>\ud83d\udc49Facebook:<a href=\"https:\/\/www.youtube.com\/redirect?event=video_description&amp;redir_token=QUFFLUhqbF9kQmhFdmNsbVNjRlRQTkhQSWhVWGdORWZ1QXxBQ3Jtc0tucW0ydjVzSGJpbFRyb1RZY3hKeFBGYzFob1VWYUtzUzF5OGJxZl9TelJUNGI4OG9odEtsTUlSUWRUeHdYR2ZuaFBRNTh4OEdMU1FoLXlOV1d5WVJhNGdZRlNkR2JtdUJCaVlEblphZjVMUjJ6b3B2cw&amp;q=https%3A%2F%2Fwww.facebook.com%2FAYadvogados\" target=\"_blank\" rel=\"noreferrer noopener\">&nbsp;https:\/\/www.facebook.com\/AYadvogados&nbsp;<\/a>&nbsp;<\/p>\n\n\n\n<p>\ud83d\udc49Instagram:<a href=\"https:\/\/www.youtube.com\/redirect?event=video_description&amp;redir_token=QUFFLUhqa3NISmpmWEd2R1k5VllqTWlGS283d052bTQxZ3xBQ3Jtc0tuV0VvTnlObjJKS0lBNmtILXpOaFMzcU1VSERNMXJWN1hnQWloOGIyVXp5ZzZPYVJqREpvcXJTcVd1RFJ5ZzRBMEVsLURab1U0R1ZWVHplYlN3b2FKcWdnVGVySjAwR2M0TTVnM2xrQkxHNlM5YXEwNA&amp;q=https%3A%2F%2Fwww.instagram.com%2Famaral.yazbek\" target=\"_blank\" rel=\"noreferrer noopener\">&nbsp;https:\/\/www.instagram.com\/ayadvogados<\/a>&nbsp;<\/p>\n\n\n\n<p>\ud83d\udc49Linkedin:&nbsp;<a href=\"http:\/\/www.linkedin.com\/company\/amaral-yazbek-advogados\/\" target=\"_blank\" rel=\"noreferrer noopener\">https:\/\/www.linkedin.com\/company\/amaral-yazbek-advogados\/<\/a>&nbsp;<\/p>\n\n\n\n<p>&nbsp;<br>\ud83c\udf81 Queremos&nbsp;te oferecer um presente! Preparamos a 10\u00aa edi\u00e7\u00e3o da revista Governan\u00e7a Jur\u00eddica dando dicas de ordem tribut\u00e1ria para que os empres\u00e1rios, independentemente do porte do seu neg\u00f3cio, possam reduzir os seus custos no per\u00edodo dif\u00edcil em que estamos vivendo.&nbsp;&nbsp;<\/p>\n\n\n\n<p>\ud83d\udc49Baixe gratuitamente:&nbsp;<a href=\"http:\/\/ayadvogados.com.br\/revista\/\" target=\"_blank\" rel=\"noreferrer noopener\">http:\/\/ayadvogados.com.br\/revista\/<\/a>&nbsp;<\/p>\n\n\n\n<p>&nbsp;<br>A Amaral,&nbsp;Yazbek, Advogados, OAB-PR 762, atua com excel\u00eancia no setor tribut\u00e1rio h\u00e1 35 anos, auxiliando empresas a transformarem tributa\u00e7\u00e3o em lucro&nbsp;<br>&nbsp;<\/p>\n","protected":false},"excerpt":{"rendered":"<p>A discuss\u00e3o sobre a possibilidade de aproveitamento de cr\u00e9ditos de PIS e Cofins sobre despesas decorrentes da pandemia da Covid-19 \u00e0s empresas, como m\u00e1scaras, \u00e1lcool em gel e itens para proporcionar o home office dos funcion\u00e1rios, come\u00e7ou a chegar no Judici\u00e1rio. E, at\u00e9 o momento, os resultados t\u00eam sido desfavor\u00e1veis aos contribuintes. Segundo a Procuradoria-Geral [&hellip;]<\/p>\n","protected":false},"author":2,"featured_media":1335,"comment_status":"open","ping_status":"open","sticky":false,"template":"","format":"standard","meta":{"footnotes":""},"categories":[1],"tags":[59,61,60],"class_list":["post-1334","post","type-post","status-publish","format-standard","has-post-thumbnail","hentry","category-noticia-do-dia","tag-carf","tag-cofins","tag-pis"],"blocksy_meta":{"styles_descriptor":{"styles":{"desktop":"","tablet":"","mobile":""},"google_fonts":[],"version":6}},"yoast_head":"<!-- This site is optimized with the Yoast SEO plugin v27.5 - https:\/\/yoast.com\/product\/yoast-seo-wordpress\/ -->\n<title>Justi\u00e7a afasta creditamento de PIS e Cofins sobre insumos relacionados \u00e0 pandemia - Amaral, Yazbek Advogados<\/title>\n<meta name=\"robots\" content=\"index, follow, max-snippet:-1, max-image-preview:large, max-video-preview:-1\" \/>\n<link rel=\"canonical\" href=\"https:\/\/www.ayadvogados.com.br\/?p=1334\" \/>\n<meta property=\"og:locale\" content=\"pt_BR\" \/>\n<meta property=\"og:type\" content=\"article\" \/>\n<meta property=\"og:title\" content=\"Justi\u00e7a afasta creditamento de PIS e Cofins sobre insumos relacionados \u00e0 pandemia - Amaral, Yazbek Advogados\" \/>\n<meta property=\"og:description\" content=\"A discuss\u00e3o sobre a possibilidade de aproveitamento de cr\u00e9ditos de PIS e Cofins sobre despesas decorrentes da pandemia da Covid-19 \u00e0s empresas, como m\u00e1scaras, \u00e1lcool em gel e itens para proporcionar o home office dos funcion\u00e1rios, come\u00e7ou a chegar no Judici\u00e1rio. E, at\u00e9 o momento, os resultados t\u00eam sido desfavor\u00e1veis aos contribuintes. Segundo a Procuradoria-Geral [&hellip;]\" \/>\n<meta property=\"og:url\" content=\"https:\/\/www.ayadvogados.com.br\/?p=1334\" \/>\n<meta property=\"og:site_name\" content=\"Amaral, Yazbek Advogados\" \/>\n<meta property=\"article:publisher\" content=\"https:\/\/www.facebook.com\/AYadvogados\" \/>\n<meta property=\"article:published_time\" content=\"2021-07-20T21:21:11+00:00\" \/>\n<meta property=\"og:image\" content=\"https:\/\/www.ayadvogados.com.br\/wp-content\/uploads\/2021\/07\/thumbnail.png\" \/>\n\t<meta property=\"og:image:width\" content=\"906\" \/>\n\t<meta property=\"og:image:height\" content=\"906\" \/>\n\t<meta property=\"og:image:type\" content=\"image\/png\" \/>\n<meta name=\"author\" content=\"AY Advogados\" \/>\n<meta name=\"twitter:card\" content=\"summary_large_image\" \/>\n<meta name=\"twitter:label1\" content=\"Escrito por\" \/>\n\t<meta name=\"twitter:data1\" content=\"AY Advogados\" \/>\n\t<meta name=\"twitter:label2\" content=\"Est. tempo de leitura\" \/>\n\t<meta name=\"twitter:data2\" content=\"8 minutos\" \/>\n<script type=\"application\/ld+json\" class=\"yoast-schema-graph\">{\"@context\":\"https:\\\/\\\/schema.org\",\"@graph\":[{\"@type\":\"Article\",\"@id\":\"https:\\\/\\\/www.ayadvogados.com.br\\\/?p=1334#article\",\"isPartOf\":{\"@id\":\"https:\\\/\\\/www.ayadvogados.com.br\\\/?p=1334\"},\"author\":{\"name\":\"AY Advogados\",\"@id\":\"https:\\\/\\\/www.ayadvogados.com.br\\\/#\\\/schema\\\/person\\\/4abfbf03ad3e577e691d333af064a912\"},\"headline\":\"Justi\u00e7a afasta creditamento de PIS e Cofins sobre insumos relacionados \u00e0 pandemia\",\"datePublished\":\"2021-07-20T21:21:11+00:00\",\"mainEntityOfPage\":{\"@id\":\"https:\\\/\\\/www.ayadvogados.com.br\\\/?p=1334\"},\"wordCount\":1707,\"commentCount\":0,\"publisher\":{\"@id\":\"https:\\\/\\\/www.ayadvogados.com.br\\\/#organization\"},\"image\":{\"@id\":\"https:\\\/\\\/www.ayadvogados.com.br\\\/?p=1334#primaryimage\"},\"thumbnailUrl\":\"https:\\\/\\\/www.ayadvogados.com.br\\\/wp-content\\\/uploads\\\/2021\\\/07\\\/thumbnail.png\",\"keywords\":[\"carf\",\"cofins\",\"pis\"],\"articleSection\":[\"Not\u00edcia do Dia\"],\"inLanguage\":\"pt-BR\",\"potentialAction\":[{\"@type\":\"CommentAction\",\"name\":\"Comment\",\"target\":[\"https:\\\/\\\/www.ayadvogados.com.br\\\/?p=1334#respond\"]}]},{\"@type\":\"WebPage\",\"@id\":\"https:\\\/\\\/www.ayadvogados.com.br\\\/?p=1334\",\"url\":\"https:\\\/\\\/www.ayadvogados.com.br\\\/?p=1334\",\"name\":\"Justi\u00e7a afasta creditamento de PIS e Cofins sobre insumos relacionados \u00e0 pandemia - Amaral, Yazbek Advogados\",\"isPartOf\":{\"@id\":\"https:\\\/\\\/www.ayadvogados.com.br\\\/#website\"},\"primaryImageOfPage\":{\"@id\":\"https:\\\/\\\/www.ayadvogados.com.br\\\/?p=1334#primaryimage\"},\"image\":{\"@id\":\"https:\\\/\\\/www.ayadvogados.com.br\\\/?p=1334#primaryimage\"},\"thumbnailUrl\":\"https:\\\/\\\/www.ayadvogados.com.br\\\/wp-content\\\/uploads\\\/2021\\\/07\\\/thumbnail.png\",\"datePublished\":\"2021-07-20T21:21:11+00:00\",\"breadcrumb\":{\"@id\":\"https:\\\/\\\/www.ayadvogados.com.br\\\/?p=1334#breadcrumb\"},\"inLanguage\":\"pt-BR\",\"potentialAction\":[{\"@type\":\"ReadAction\",\"target\":[\"https:\\\/\\\/www.ayadvogados.com.br\\\/?p=1334\"]}]},{\"@type\":\"ImageObject\",\"inLanguage\":\"pt-BR\",\"@id\":\"https:\\\/\\\/www.ayadvogados.com.br\\\/?p=1334#primaryimage\",\"url\":\"https:\\\/\\\/www.ayadvogados.com.br\\\/wp-content\\\/uploads\\\/2021\\\/07\\\/thumbnail.png\",\"contentUrl\":\"https:\\\/\\\/www.ayadvogados.com.br\\\/wp-content\\\/uploads\\\/2021\\\/07\\\/thumbnail.png\",\"width\":906,\"height\":906},{\"@type\":\"BreadcrumbList\",\"@id\":\"https:\\\/\\\/www.ayadvogados.com.br\\\/?p=1334#breadcrumb\",\"itemListElement\":[{\"@type\":\"ListItem\",\"position\":1,\"name\":\"In\u00edcio\",\"item\":\"https:\\\/\\\/www.ayadvogados.com.br\\\/\"},{\"@type\":\"ListItem\",\"position\":2,\"name\":\"Justi\u00e7a afasta creditamento de PIS e Cofins sobre insumos relacionados \u00e0 pandemia\"}]},{\"@type\":\"WebSite\",\"@id\":\"https:\\\/\\\/www.ayadvogados.com.br\\\/#website\",\"url\":\"https:\\\/\\\/www.ayadvogados.com.br\\\/\",\"name\":\"Amaral, Yazbek Advogados\",\"description\":\"Curitiba \u2022 Bras\u00edlia \u2022 S\u00e3o Paulo\",\"publisher\":{\"@id\":\"https:\\\/\\\/www.ayadvogados.com.br\\\/#organization\"},\"potentialAction\":[{\"@type\":\"SearchAction\",\"target\":{\"@type\":\"EntryPoint\",\"urlTemplate\":\"https:\\\/\\\/www.ayadvogados.com.br\\\/?s={search_term_string}\"},\"query-input\":{\"@type\":\"PropertyValueSpecification\",\"valueRequired\":true,\"valueName\":\"search_term_string\"}}],\"inLanguage\":\"pt-BR\"},{\"@type\":\"Organization\",\"@id\":\"https:\\\/\\\/www.ayadvogados.com.br\\\/#organization\",\"name\":\"Amaral, Yazbek Advogados\",\"url\":\"https:\\\/\\\/www.ayadvogados.com.br\\\/\",\"logo\":{\"@type\":\"ImageObject\",\"inLanguage\":\"pt-BR\",\"@id\":\"https:\\\/\\\/www.ayadvogados.com.br\\\/#\\\/schema\\\/logo\\\/image\\\/\",\"url\":\"http:\\\/\\\/34.239.117.254\\\/wp-content\\\/uploads\\\/2021\\\/03\\\/logo-ay-g.png\",\"contentUrl\":\"http:\\\/\\\/34.239.117.254\\\/wp-content\\\/uploads\\\/2021\\\/03\\\/logo-ay-g.png\",\"width\":434,\"height\":106,\"caption\":\"Amaral, Yazbek Advogados\"},\"image\":{\"@id\":\"https:\\\/\\\/www.ayadvogados.com.br\\\/#\\\/schema\\\/logo\\\/image\\\/\"},\"sameAs\":[\"https:\\\/\\\/www.facebook.com\\\/AYadvogados\",\"https:\\\/\\\/www.instagram.com\\\/ayadvogados\\\/\"]},{\"@type\":\"Person\",\"@id\":\"https:\\\/\\\/www.ayadvogados.com.br\\\/#\\\/schema\\\/person\\\/4abfbf03ad3e577e691d333af064a912\",\"name\":\"AY Advogados\",\"image\":{\"@type\":\"ImageObject\",\"inLanguage\":\"pt-BR\",\"@id\":\"https:\\\/\\\/secure.gravatar.com\\\/avatar\\\/1473912b851241f5503026e6156e144dcd83ff7addb67f65e1ed9ca21ee1d9cf?s=96&d=mm&r=g\",\"url\":\"https:\\\/\\\/secure.gravatar.com\\\/avatar\\\/1473912b851241f5503026e6156e144dcd83ff7addb67f65e1ed9ca21ee1d9cf?s=96&d=mm&r=g\",\"contentUrl\":\"https:\\\/\\\/secure.gravatar.com\\\/avatar\\\/1473912b851241f5503026e6156e144dcd83ff7addb67f65e1ed9ca21ee1d9cf?s=96&d=mm&r=g\",\"caption\":\"AY Advogados\"},\"sameAs\":[\"https:\\\/\\\/ayadvogados.com.br\"],\"url\":\"https:\\\/\\\/www.ayadvogados.com.br\\\/?author=2\"}]}<\/script>\n<!-- \/ Yoast SEO plugin. -->","yoast_head_json":{"title":"Justi\u00e7a afasta creditamento de PIS e Cofins sobre insumos relacionados \u00e0 pandemia - Amaral, Yazbek Advogados","robots":{"index":"index","follow":"follow","max-snippet":"max-snippet:-1","max-image-preview":"max-image-preview:large","max-video-preview":"max-video-preview:-1"},"canonical":"https:\/\/www.ayadvogados.com.br\/?p=1334","og_locale":"pt_BR","og_type":"article","og_title":"Justi\u00e7a afasta creditamento de PIS e Cofins sobre insumos relacionados \u00e0 pandemia - Amaral, Yazbek Advogados","og_description":"A discuss\u00e3o sobre a possibilidade de aproveitamento de cr\u00e9ditos de PIS e Cofins sobre despesas decorrentes da pandemia da Covid-19 \u00e0s empresas, como m\u00e1scaras, \u00e1lcool em gel e itens para proporcionar o home office dos funcion\u00e1rios, come\u00e7ou a chegar no Judici\u00e1rio. E, at\u00e9 o momento, os resultados t\u00eam sido desfavor\u00e1veis aos contribuintes. Segundo a Procuradoria-Geral [&hellip;]","og_url":"https:\/\/www.ayadvogados.com.br\/?p=1334","og_site_name":"Amaral, Yazbek Advogados","article_publisher":"https:\/\/www.facebook.com\/AYadvogados","article_published_time":"2021-07-20T21:21:11+00:00","og_image":[{"width":906,"height":906,"url":"https:\/\/www.ayadvogados.com.br\/wp-content\/uploads\/2021\/07\/thumbnail.png","type":"image\/png"}],"author":"AY Advogados","twitter_card":"summary_large_image","twitter_misc":{"Escrito por":"AY Advogados","Est. tempo de leitura":"8 minutos"},"schema":{"@context":"https:\/\/schema.org","@graph":[{"@type":"Article","@id":"https:\/\/www.ayadvogados.com.br\/?p=1334#article","isPartOf":{"@id":"https:\/\/www.ayadvogados.com.br\/?p=1334"},"author":{"name":"AY Advogados","@id":"https:\/\/www.ayadvogados.com.br\/#\/schema\/person\/4abfbf03ad3e577e691d333af064a912"},"headline":"Justi\u00e7a afasta creditamento de PIS e Cofins sobre insumos relacionados \u00e0 pandemia","datePublished":"2021-07-20T21:21:11+00:00","mainEntityOfPage":{"@id":"https:\/\/www.ayadvogados.com.br\/?p=1334"},"wordCount":1707,"commentCount":0,"publisher":{"@id":"https:\/\/www.ayadvogados.com.br\/#organization"},"image":{"@id":"https:\/\/www.ayadvogados.com.br\/?p=1334#primaryimage"},"thumbnailUrl":"https:\/\/www.ayadvogados.com.br\/wp-content\/uploads\/2021\/07\/thumbnail.png","keywords":["carf","cofins","pis"],"articleSection":["Not\u00edcia do Dia"],"inLanguage":"pt-BR","potentialAction":[{"@type":"CommentAction","name":"Comment","target":["https:\/\/www.ayadvogados.com.br\/?p=1334#respond"]}]},{"@type":"WebPage","@id":"https:\/\/www.ayadvogados.com.br\/?p=1334","url":"https:\/\/www.ayadvogados.com.br\/?p=1334","name":"Justi\u00e7a afasta creditamento de PIS e Cofins sobre insumos relacionados \u00e0 pandemia - Amaral, Yazbek Advogados","isPartOf":{"@id":"https:\/\/www.ayadvogados.com.br\/#website"},"primaryImageOfPage":{"@id":"https:\/\/www.ayadvogados.com.br\/?p=1334#primaryimage"},"image":{"@id":"https:\/\/www.ayadvogados.com.br\/?p=1334#primaryimage"},"thumbnailUrl":"https:\/\/www.ayadvogados.com.br\/wp-content\/uploads\/2021\/07\/thumbnail.png","datePublished":"2021-07-20T21:21:11+00:00","breadcrumb":{"@id":"https:\/\/www.ayadvogados.com.br\/?p=1334#breadcrumb"},"inLanguage":"pt-BR","potentialAction":[{"@type":"ReadAction","target":["https:\/\/www.ayadvogados.com.br\/?p=1334"]}]},{"@type":"ImageObject","inLanguage":"pt-BR","@id":"https:\/\/www.ayadvogados.com.br\/?p=1334#primaryimage","url":"https:\/\/www.ayadvogados.com.br\/wp-content\/uploads\/2021\/07\/thumbnail.png","contentUrl":"https:\/\/www.ayadvogados.com.br\/wp-content\/uploads\/2021\/07\/thumbnail.png","width":906,"height":906},{"@type":"BreadcrumbList","@id":"https:\/\/www.ayadvogados.com.br\/?p=1334#breadcrumb","itemListElement":[{"@type":"ListItem","position":1,"name":"In\u00edcio","item":"https:\/\/www.ayadvogados.com.br\/"},{"@type":"ListItem","position":2,"name":"Justi\u00e7a afasta creditamento de PIS e Cofins sobre insumos relacionados \u00e0 pandemia"}]},{"@type":"WebSite","@id":"https:\/\/www.ayadvogados.com.br\/#website","url":"https:\/\/www.ayadvogados.com.br\/","name":"Amaral, Yazbek Advogados","description":"Curitiba \u2022 Bras\u00edlia \u2022 S\u00e3o Paulo","publisher":{"@id":"https:\/\/www.ayadvogados.com.br\/#organization"},"potentialAction":[{"@type":"SearchAction","target":{"@type":"EntryPoint","urlTemplate":"https:\/\/www.ayadvogados.com.br\/?s={search_term_string}"},"query-input":{"@type":"PropertyValueSpecification","valueRequired":true,"valueName":"search_term_string"}}],"inLanguage":"pt-BR"},{"@type":"Organization","@id":"https:\/\/www.ayadvogados.com.br\/#organization","name":"Amaral, Yazbek Advogados","url":"https:\/\/www.ayadvogados.com.br\/","logo":{"@type":"ImageObject","inLanguage":"pt-BR","@id":"https:\/\/www.ayadvogados.com.br\/#\/schema\/logo\/image\/","url":"http:\/\/34.239.117.254\/wp-content\/uploads\/2021\/03\/logo-ay-g.png","contentUrl":"http:\/\/34.239.117.254\/wp-content\/uploads\/2021\/03\/logo-ay-g.png","width":434,"height":106,"caption":"Amaral, Yazbek Advogados"},"image":{"@id":"https:\/\/www.ayadvogados.com.br\/#\/schema\/logo\/image\/"},"sameAs":["https:\/\/www.facebook.com\/AYadvogados","https:\/\/www.instagram.com\/ayadvogados\/"]},{"@type":"Person","@id":"https:\/\/www.ayadvogados.com.br\/#\/schema\/person\/4abfbf03ad3e577e691d333af064a912","name":"AY Advogados","image":{"@type":"ImageObject","inLanguage":"pt-BR","@id":"https:\/\/secure.gravatar.com\/avatar\/1473912b851241f5503026e6156e144dcd83ff7addb67f65e1ed9ca21ee1d9cf?s=96&d=mm&r=g","url":"https:\/\/secure.gravatar.com\/avatar\/1473912b851241f5503026e6156e144dcd83ff7addb67f65e1ed9ca21ee1d9cf?s=96&d=mm&r=g","contentUrl":"https:\/\/secure.gravatar.com\/avatar\/1473912b851241f5503026e6156e144dcd83ff7addb67f65e1ed9ca21ee1d9cf?s=96&d=mm&r=g","caption":"AY Advogados"},"sameAs":["https:\/\/ayadvogados.com.br"],"url":"https:\/\/www.ayadvogados.com.br\/?author=2"}]}},"rttpg_featured_image_url":{"full":["https:\/\/www.ayadvogados.com.br\/wp-content\/uploads\/2021\/07\/thumbnail.png",906,906,false],"landscape":["https:\/\/www.ayadvogados.com.br\/wp-content\/uploads\/2021\/07\/thumbnail.png",906,906,false],"portraits":["https:\/\/www.ayadvogados.com.br\/wp-content\/uploads\/2021\/07\/thumbnail.png",906,906,false],"thumbnail":["https:\/\/www.ayadvogados.com.br\/wp-content\/uploads\/2021\/07\/thumbnail-150x150.png",150,150,true],"medium":["https:\/\/www.ayadvogados.com.br\/wp-content\/uploads\/2021\/07\/thumbnail-300x300.png",300,300,true],"large":["https:\/\/www.ayadvogados.com.br\/wp-content\/uploads\/2021\/07\/thumbnail.png",906,906,false],"1536x1536":["https:\/\/www.ayadvogados.com.br\/wp-content\/uploads\/2021\/07\/thumbnail.png",906,906,false],"2048x2048":["https:\/\/www.ayadvogados.com.br\/wp-content\/uploads\/2021\/07\/thumbnail.png",906,906,false]},"rttpg_author":{"display_name":"AY Advogados","author_link":"https:\/\/www.ayadvogados.com.br\/?author=2"},"rttpg_comment":0,"rttpg_category":"<a href=\"https:\/\/www.ayadvogados.com.br\/?cat=1\" rel=\"category\">Not\u00edcia do Dia<\/a>","rttpg_excerpt":"A discuss\u00e3o sobre a possibilidade de aproveitamento de cr\u00e9ditos de PIS e Cofins sobre despesas decorrentes da pandemia da Covid-19 \u00e0s empresas, como m\u00e1scaras, \u00e1lcool em gel e itens para proporcionar o home office dos funcion\u00e1rios, come\u00e7ou a chegar no Judici\u00e1rio. E, at\u00e9 o momento, os resultados t\u00eam sido desfavor\u00e1veis aos contribuintes. Segundo a Procuradoria-Geral&hellip;","_links":{"self":[{"href":"https:\/\/www.ayadvogados.com.br\/index.php?rest_route=\/wp\/v2\/posts\/1334","targetHints":{"allow":["GET"]}}],"collection":[{"href":"https:\/\/www.ayadvogados.com.br\/index.php?rest_route=\/wp\/v2\/posts"}],"about":[{"href":"https:\/\/www.ayadvogados.com.br\/index.php?rest_route=\/wp\/v2\/types\/post"}],"author":[{"embeddable":true,"href":"https:\/\/www.ayadvogados.com.br\/index.php?rest_route=\/wp\/v2\/users\/2"}],"replies":[{"embeddable":true,"href":"https:\/\/www.ayadvogados.com.br\/index.php?rest_route=%2Fwp%2Fv2%2Fcomments&post=1334"}],"version-history":[{"count":1,"href":"https:\/\/www.ayadvogados.com.br\/index.php?rest_route=\/wp\/v2\/posts\/1334\/revisions"}],"predecessor-version":[{"id":1336,"href":"https:\/\/www.ayadvogados.com.br\/index.php?rest_route=\/wp\/v2\/posts\/1334\/revisions\/1336"}],"wp:featuredmedia":[{"embeddable":true,"href":"https:\/\/www.ayadvogados.com.br\/index.php?rest_route=\/wp\/v2\/media\/1335"}],"wp:attachment":[{"href":"https:\/\/www.ayadvogados.com.br\/index.php?rest_route=%2Fwp%2Fv2%2Fmedia&parent=1334"}],"wp:term":[{"taxonomy":"category","embeddable":true,"href":"https:\/\/www.ayadvogados.com.br\/index.php?rest_route=%2Fwp%2Fv2%2Fcategories&post=1334"},{"taxonomy":"post_tag","embeddable":true,"href":"https:\/\/www.ayadvogados.com.br\/index.php?rest_route=%2Fwp%2Fv2%2Ftags&post=1334"}],"curies":[{"name":"wp","href":"https:\/\/api.w.org\/{rel}","templated":true}]}}