{"id":1330,"date":"2021-07-19T18:54:51","date_gmt":"2021-07-19T21:54:51","guid":{"rendered":"http:\/\/34.239.117.254\/?p=1330"},"modified":"2021-07-19T18:59:11","modified_gmt":"2021-07-19T21:59:11","slug":"carf-analisara-sumulas-sobre-taxacao-de-lucro-e-cobranca-simultanea-de-multas","status":"publish","type":"post","link":"https:\/\/www.ayadvogados.com.br\/?p=1330","title":{"rendered":"Carf analisar\u00e1 s\u00famulas sobre taxa\u00e7\u00e3o de lucro e cobran\u00e7a simult\u00e2nea de multas"},"content":{"rendered":"\n<p>O Conselho Administrativo de Recursos Fiscais (Carf) vai analisar duas propostas de s\u00famulas pol\u00eamicas: uma trata da taxa\u00e7\u00e3o de lucro no Brasil mesmo com a exist\u00eancia de tratado internacional para impedir a dupla tributa\u00e7\u00e3o e a outra da cobran\u00e7a simult\u00e2nea das multas isoladas e de of\u00edcio. Os textos est\u00e3o entre os 45 que ser\u00e3o levados aos conselheiros em agosto.\u00a0<\/p>\n\n\n\n<p>Os entendimentos, se aprovados pelo Pleno, ser\u00e3o a \u00faltima palavra do Conselho. O ministro da Economia ainda poder\u00e1 torn\u00e1-los vinculantes para toda a administra\u00e7\u00e3o tribut\u00e1ria federal \u2014 ou seja, passar\u00e3o obrigatoriamente a ser seguidos pelos fiscais da Receita Federal.\u00a0<\/p>\n\n\n\n<p>A quest\u00e3o dos tratados est\u00e1 na proposta de s\u00famula n\u00ba 26. O texto afirma que os acordos e conven\u00e7\u00f5es internacionais celebrados pelo Brasil para evitar dupla tributa\u00e7\u00e3o da renda que seguem o modelo da Organiza\u00e7\u00e3o das Na\u00e7\u00f5es Unidas (ONU) ou da Organiza\u00e7\u00e3o para a Coopera\u00e7\u00e3o e Desenvolvimento Econ\u00f4mico (OCDE) n\u00e3o impedem a tributa\u00e7\u00e3o na controladora no Brasil dos lucros auferidos por interm\u00e9dio de suas controladas no exterior.&nbsp;<\/p>\n\n\n\n<p>A discuss\u00e3o \u00e9 importante para grandes empresas, como a Petrobras. A companhia tem v\u00e1rios processos sobre o tema nas esferas administrativa e judicial, com impacto financeiro total de aproximadamente R$ 13,5 bilh\u00f5es.\u00a0\u00a0<\/p>\n\n\n\n<p>Em janeiro de 2019, por exemplo, a Petrobras saiu derrotada em um dos processos administrativos sobre o tema (n\u00ba 16682.721067\/ 2014-01). Envolvia subsidi\u00e1ria na Holanda. A decis\u00e3o, da C\u00e2mara Superior, foi pelo voto de qualidade, o desempate pelo presidente da turma julgadora, representante do Fisco. Hoje, com a mudan\u00e7a realizada em 2020, o empate favorece o contribuinte.\u00a0<\/p>\n\n\n\n<p>O entendimento da C\u00e2mara Superior, a \u00faltima inst\u00e2ncia do\u00a0Carf, em muitos casos, \u00e9 o de que os acordos n\u00e3o impedem a tributa\u00e7\u00e3o, prevalecendo a Medida Provis\u00f3ria n\u00ba 2.158\/2001, que determina a disponibiliza\u00e7\u00e3o, no Brasil, de lucros de controladas e coligadas no exterior. Al\u00e9m da Petrobras, a Eagle, controlada pela Ambev, saiu derrotada.\u00a0<\/p>\n\n\n\n<p>No Judici\u00e1rio, h\u00e1 precedente do Superior Tribunal de Justi\u00e7a (STJ) favor\u00e1vel ao contribuinte. O processo, julgado em 2012, envolve a Vale (REsp\u00a01325709). Na ocasi\u00e3o, os ministros decidiram que um tratado internacional deve prevalecer sobre as normas nacionais.\u00a0<\/p>\n\n\n\n<p>A advogada e\u00a0ex-conselheira\u00a0Cristiane Costa, s\u00f3cia no escrit\u00f3rio\u00a0Thomazinho, Monteiro,\u00a0Bellangero\u00a0&amp; Jorge, lembra que esse assunto j\u00e1 apareceu entre as propostas analisadas em 2019, mas n\u00e3o foi aprovado. \u201cO texto segue a jurisprud\u00eancia dominante no\u00a0Carf. Mas o STJ tem outro entendimento\u201d, diz.\u00a0<\/p>\n\n\n\n<p>Cobran\u00e7a simult\u00e2nea de multa\u00a0<\/p>\n\n\n\n<p>No caso das multas de mora e de of\u00edcio, a pol\u00eamica est\u00e1 no fato de n\u00e3o haver uma jurisprud\u00eancia consolidada sobre o assunto, segundo advogados. \u201cEst\u00e1 [a jurisprud\u00eancia] dividida\u201d, afirma o advogado Leandro Cabral, s\u00f3cio do\u00a0Velloza\u00a0Advogados.\u00a0<\/p>\n\n\n\n<p>A proposta de s\u00famula n\u00ba 24 afirma que a multa isolada, na hip\u00f3tese de falta de pagamento das estimativas mensais, pode ser exigida, a partir do advento da MP n\u00ba 351, de 2007 (convertida na Lei n\u00ba 11.488, de 2007) concomitantemente com a multa de of\u00edcio incidente sobre a totalidade ou diferen\u00e7a de imposto ou contribui\u00e7\u00e3o nos casos de falta de pagamento ou recolhimento, de falta de declara\u00e7\u00e3o e nos de declara\u00e7\u00e3o inexata. O texto afasta a aplica\u00e7\u00e3o da S\u00famula n\u00ba 105, de 2007, que impedia a aplica\u00e7\u00e3o das duas penalidades. A multa de of\u00edcio \u00e9 de 75% e a isolada, de 50% \u2014 juntas, dobram os valores em discuss\u00e3o.\u00a0<\/p>\n\n\n\n<p>Para a Procuradoria-Geral da Fazenda Nacional (PGFN), a aprova\u00e7\u00e3o de enunciados de s\u00famulas representa uma oportunidade de sedimentar a jurisprud\u00eancia do&nbsp;Carf. Entre as que considera mais importantes est\u00e1 a de n\u00ba 22. Altera o enunciado da S\u00famula n\u00ba 11 para afirmar que \u201cn\u00e3o se aplica a prescri\u00e7\u00e3o intercorrente para cr\u00e9ditos tribut\u00e1rios no processo administrativo fiscal\u201d.&nbsp;<\/p>\n\n\n\n<p>De acordo com Caio&nbsp;Quintella, vice-presidente da 1\u00aa Se\u00e7\u00e3o do&nbsp;Carf, as s\u00famulas, por previs\u00e3o do regimento interno, n\u00e3o necessariamente exprimem o entendimento majorit\u00e1rio do \u00f3rg\u00e3o. S\u00e3o necess\u00e1rios cinco ac\u00f3rd\u00e3os favor\u00e1veis de duas turmas diferentes para a proposi\u00e7\u00e3o de s\u00famula. \u201cGeralmente, o debate da aprova\u00e7\u00e3o ou n\u00e3o em rela\u00e7\u00e3o \u00e0 posi\u00e7\u00e3o ser majorit\u00e1ria \u00e9 algo resolvido em vota\u00e7\u00e3o no pleno\u201d, afirma.&nbsp;&nbsp;<\/p>\n\n\n\n<p><strong>Fonte:&nbsp;<\/strong><a href=\"https:\/\/valor.globo.com\/noticia\/2021\/07\/18\/carf-analisara-sumulas-sobre-taxacao-de-lucro-e-cobranca-simultanea-de-multas.ghtml#:~:text=O%20Conselho%20Administrativo%20de%20Recursos,multas%20isoladas%20e%20de%20of%C3%ADcio.\" target=\"_blank\" rel=\"noreferrer noopener\"><strong>Valor<\/strong><\/a>&nbsp;<\/p>\n\n\n\n<p>Quer estar sempre atualizado sobre as novidades no setor tribut\u00e1rio?&nbsp;&nbsp;<\/p>\n\n\n\n<p>Siga a Amaral,&nbsp;Yazbek&nbsp;nas redes sociais:&nbsp;<\/p>\n\n\n\n<p>\ud83d\udc49Facebook:<a href=\"https:\/\/www.youtube.com\/redirect?event=video_description&amp;redir_token=QUFFLUhqbF9kQmhFdmNsbVNjRlRQTkhQSWhVWGdORWZ1QXxBQ3Jtc0tucW0ydjVzSGJpbFRyb1RZY3hKeFBGYzFob1VWYUtzUzF5OGJxZl9TelJUNGI4OG9odEtsTUlSUWRUeHdYR2ZuaFBRNTh4OEdMU1FoLXlOV1d5WVJhNGdZRlNkR2JtdUJCaVlEblphZjVMUjJ6b3B2cw&amp;q=https%3A%2F%2Fwww.facebook.com%2FAYadvogados\" target=\"_blank\" rel=\"noreferrer noopener\">&nbsp;https:\/\/www.facebook.com\/AYadvogados&nbsp;<\/a>&nbsp;<\/p>\n\n\n\n<p>\ud83d\udc49Instagram:<a href=\"https:\/\/www.youtube.com\/redirect?event=video_description&amp;redir_token=QUFFLUhqa3NISmpmWEd2R1k5VllqTWlGS283d052bTQxZ3xBQ3Jtc0tuV0VvTnlObjJKS0lBNmtILXpOaFMzcU1VSERNMXJWN1hnQWloOGIyVXp5ZzZPYVJqREpvcXJTcVd1RFJ5ZzRBMEVsLURab1U0R1ZWVHplYlN3b2FKcWdnVGVySjAwR2M0TTVnM2xrQkxHNlM5YXEwNA&amp;q=https%3A%2F%2Fwww.instagram.com%2Famaral.yazbek\" target=\"_blank\" rel=\"noreferrer noopener\">&nbsp;https:\/\/www.instagram.com\/ayadvogados<\/a>&nbsp;<\/p>\n\n\n\n<p>\ud83d\udc49Linkedin:&nbsp;<a href=\"http:\/\/www.linkedin.com\/company\/amaral-yazbek-advogados\/\" target=\"_blank\" rel=\"noreferrer noopener\">https:\/\/www.linkedin.com\/company\/amaral-yazbek-advogados\/<\/a>&nbsp;<\/p>\n\n\n\n<p>\ud83c\udf81 Queremos&nbsp;te oferecer um presente! Preparamos a 10\u00aa edi\u00e7\u00e3o da revista Governan\u00e7a Jur\u00eddica dando dicas de ordem tribut\u00e1ria para que os empres\u00e1rios, independentemente do porte do seu neg\u00f3cio, possam reduzir os seus custos no per\u00edodo dif\u00edcil em que estamos vivendo.&nbsp;&nbsp;<\/p>\n\n\n\n<p>\ud83d\udc49Baixe&nbsp;gratuitamente:&nbsp;<a href=\"http:\/\/ayadvogados.com.br\/revista\/\" target=\"_blank\" rel=\"noreferrer noopener\">http:\/\/ayadvogados.com.br\/revista\/<\/a>&nbsp;<\/p>\n\n\n\n<p>A Amaral,&nbsp;Yazbek, Advogados, OAB-PR 762, atua com excel\u00eancia no setor tribut\u00e1rio h\u00e1 35&nbsp;anos,auxiliando&nbsp;empresas a transformarem tributa\u00e7\u00e3o em lucro&nbsp;<\/p>\n","protected":false},"excerpt":{"rendered":"<p>O Conselho Administrativo de Recursos Fiscais (Carf) vai analisar duas propostas de s\u00famulas pol\u00eamicas: uma trata da taxa\u00e7\u00e3o de lucro no Brasil mesmo com a exist\u00eancia de tratado internacional para impedir a dupla tributa\u00e7\u00e3o e a outra da cobran\u00e7a simult\u00e2nea das multas isoladas e de of\u00edcio. Os textos est\u00e3o entre os 45 que ser\u00e3o levados [&hellip;]<\/p>\n","protected":false},"author":2,"featured_media":1331,"comment_status":"open","ping_status":"open","sticky":false,"template":"","format":"standard","meta":{"footnotes":""},"categories":[1],"tags":[59],"class_list":["post-1330","post","type-post","status-publish","format-standard","has-post-thumbnail","hentry","category-noticia-do-dia","tag-carf"],"blocksy_meta":{"styles_descriptor":{"styles":{"desktop":"","tablet":"","mobile":""},"google_fonts":[],"version":6}},"yoast_head":"<!-- This site is optimized with the Yoast SEO plugin v27.5 - https:\/\/yoast.com\/product\/yoast-seo-wordpress\/ -->\n<title>Carf analisar\u00e1 s\u00famulas sobre taxa\u00e7\u00e3o de lucro e cobran\u00e7a simult\u00e2nea de multas - Amaral, Yazbek Advogados<\/title>\n<meta name=\"robots\" content=\"index, follow, max-snippet:-1, max-image-preview:large, max-video-preview:-1\" \/>\n<link rel=\"canonical\" href=\"https:\/\/www.ayadvogados.com.br\/?p=1330\" \/>\n<meta property=\"og:locale\" content=\"pt_BR\" \/>\n<meta property=\"og:type\" content=\"article\" \/>\n<meta property=\"og:title\" content=\"Carf analisar\u00e1 s\u00famulas sobre taxa\u00e7\u00e3o de lucro e cobran\u00e7a simult\u00e2nea de multas - Amaral, Yazbek Advogados\" \/>\n<meta property=\"og:description\" content=\"O Conselho Administrativo de Recursos Fiscais (Carf) vai analisar duas propostas de s\u00famulas pol\u00eamicas: uma trata da taxa\u00e7\u00e3o de lucro no Brasil mesmo com a exist\u00eancia de tratado internacional para impedir a dupla tributa\u00e7\u00e3o e a outra da cobran\u00e7a simult\u00e2nea das multas isoladas e de of\u00edcio. Os textos est\u00e3o entre os 45 que ser\u00e3o levados [&hellip;]\" \/>\n<meta property=\"og:url\" content=\"https:\/\/www.ayadvogados.com.br\/?p=1330\" \/>\n<meta property=\"og:site_name\" content=\"Amaral, Yazbek Advogados\" \/>\n<meta property=\"article:publisher\" content=\"https:\/\/www.facebook.com\/AYadvogados\" \/>\n<meta property=\"article:published_time\" content=\"2021-07-19T21:54:51+00:00\" \/>\n<meta property=\"article:modified_time\" content=\"2021-07-19T21:59:11+00:00\" \/>\n<meta property=\"og:image\" content=\"https:\/\/www.ayadvogados.com.br\/wp-content\/uploads\/2021\/07\/Feed.png\" \/>\n\t<meta property=\"og:image:width\" content=\"1080\" \/>\n\t<meta property=\"og:image:height\" content=\"1080\" \/>\n\t<meta property=\"og:image:type\" content=\"image\/png\" \/>\n<meta name=\"author\" content=\"AY Advogados\" \/>\n<meta name=\"twitter:card\" content=\"summary_large_image\" \/>\n<meta name=\"twitter:label1\" content=\"Escrito por\" \/>\n\t<meta name=\"twitter:data1\" content=\"AY Advogados\" \/>\n\t<meta name=\"twitter:label2\" content=\"Est. tempo de leitura\" \/>\n\t<meta name=\"twitter:data2\" content=\"4 minutos\" \/>\n<script type=\"application\/ld+json\" class=\"yoast-schema-graph\">{\"@context\":\"https:\\\/\\\/schema.org\",\"@graph\":[{\"@type\":\"Article\",\"@id\":\"https:\\\/\\\/www.ayadvogados.com.br\\\/?p=1330#article\",\"isPartOf\":{\"@id\":\"https:\\\/\\\/www.ayadvogados.com.br\\\/?p=1330\"},\"author\":{\"name\":\"AY Advogados\",\"@id\":\"https:\\\/\\\/www.ayadvogados.com.br\\\/#\\\/schema\\\/person\\\/4abfbf03ad3e577e691d333af064a912\"},\"headline\":\"Carf analisar\u00e1 s\u00famulas sobre taxa\u00e7\u00e3o de lucro e cobran\u00e7a simult\u00e2nea de multas\",\"datePublished\":\"2021-07-19T21:54:51+00:00\",\"dateModified\":\"2021-07-19T21:59:11+00:00\",\"mainEntityOfPage\":{\"@id\":\"https:\\\/\\\/www.ayadvogados.com.br\\\/?p=1330\"},\"wordCount\":889,\"commentCount\":0,\"publisher\":{\"@id\":\"https:\\\/\\\/www.ayadvogados.com.br\\\/#organization\"},\"image\":{\"@id\":\"https:\\\/\\\/www.ayadvogados.com.br\\\/?p=1330#primaryimage\"},\"thumbnailUrl\":\"https:\\\/\\\/www.ayadvogados.com.br\\\/wp-content\\\/uploads\\\/2021\\\/07\\\/Feed.png\",\"keywords\":[\"carf\"],\"articleSection\":[\"Not\u00edcia do Dia\"],\"inLanguage\":\"pt-BR\",\"potentialAction\":[{\"@type\":\"CommentAction\",\"name\":\"Comment\",\"target\":[\"https:\\\/\\\/www.ayadvogados.com.br\\\/?p=1330#respond\"]}]},{\"@type\":\"WebPage\",\"@id\":\"https:\\\/\\\/www.ayadvogados.com.br\\\/?p=1330\",\"url\":\"https:\\\/\\\/www.ayadvogados.com.br\\\/?p=1330\",\"name\":\"Carf analisar\u00e1 s\u00famulas sobre taxa\u00e7\u00e3o de lucro e cobran\u00e7a simult\u00e2nea de multas - Amaral, Yazbek Advogados\",\"isPartOf\":{\"@id\":\"https:\\\/\\\/www.ayadvogados.com.br\\\/#website\"},\"primaryImageOfPage\":{\"@id\":\"https:\\\/\\\/www.ayadvogados.com.br\\\/?p=1330#primaryimage\"},\"image\":{\"@id\":\"https:\\\/\\\/www.ayadvogados.com.br\\\/?p=1330#primaryimage\"},\"thumbnailUrl\":\"https:\\\/\\\/www.ayadvogados.com.br\\\/wp-content\\\/uploads\\\/2021\\\/07\\\/Feed.png\",\"datePublished\":\"2021-07-19T21:54:51+00:00\",\"dateModified\":\"2021-07-19T21:59:11+00:00\",\"breadcrumb\":{\"@id\":\"https:\\\/\\\/www.ayadvogados.com.br\\\/?p=1330#breadcrumb\"},\"inLanguage\":\"pt-BR\",\"potentialAction\":[{\"@type\":\"ReadAction\",\"target\":[\"https:\\\/\\\/www.ayadvogados.com.br\\\/?p=1330\"]}]},{\"@type\":\"ImageObject\",\"inLanguage\":\"pt-BR\",\"@id\":\"https:\\\/\\\/www.ayadvogados.com.br\\\/?p=1330#primaryimage\",\"url\":\"https:\\\/\\\/www.ayadvogados.com.br\\\/wp-content\\\/uploads\\\/2021\\\/07\\\/Feed.png\",\"contentUrl\":\"https:\\\/\\\/www.ayadvogados.com.br\\\/wp-content\\\/uploads\\\/2021\\\/07\\\/Feed.png\",\"width\":1080,\"height\":1080},{\"@type\":\"BreadcrumbList\",\"@id\":\"https:\\\/\\\/www.ayadvogados.com.br\\\/?p=1330#breadcrumb\",\"itemListElement\":[{\"@type\":\"ListItem\",\"position\":1,\"name\":\"In\u00edcio\",\"item\":\"https:\\\/\\\/www.ayadvogados.com.br\\\/\"},{\"@type\":\"ListItem\",\"position\":2,\"name\":\"Carf analisar\u00e1 s\u00famulas sobre taxa\u00e7\u00e3o de lucro e cobran\u00e7a simult\u00e2nea de multas\"}]},{\"@type\":\"WebSite\",\"@id\":\"https:\\\/\\\/www.ayadvogados.com.br\\\/#website\",\"url\":\"https:\\\/\\\/www.ayadvogados.com.br\\\/\",\"name\":\"Amaral, Yazbek Advogados\",\"description\":\"Curitiba \u2022 Bras\u00edlia \u2022 S\u00e3o Paulo\",\"publisher\":{\"@id\":\"https:\\\/\\\/www.ayadvogados.com.br\\\/#organization\"},\"potentialAction\":[{\"@type\":\"SearchAction\",\"target\":{\"@type\":\"EntryPoint\",\"urlTemplate\":\"https:\\\/\\\/www.ayadvogados.com.br\\\/?s={search_term_string}\"},\"query-input\":{\"@type\":\"PropertyValueSpecification\",\"valueRequired\":true,\"valueName\":\"search_term_string\"}}],\"inLanguage\":\"pt-BR\"},{\"@type\":\"Organization\",\"@id\":\"https:\\\/\\\/www.ayadvogados.com.br\\\/#organization\",\"name\":\"Amaral, Yazbek Advogados\",\"url\":\"https:\\\/\\\/www.ayadvogados.com.br\\\/\",\"logo\":{\"@type\":\"ImageObject\",\"inLanguage\":\"pt-BR\",\"@id\":\"https:\\\/\\\/www.ayadvogados.com.br\\\/#\\\/schema\\\/logo\\\/image\\\/\",\"url\":\"http:\\\/\\\/34.239.117.254\\\/wp-content\\\/uploads\\\/2021\\\/03\\\/logo-ay-g.png\",\"contentUrl\":\"http:\\\/\\\/34.239.117.254\\\/wp-content\\\/uploads\\\/2021\\\/03\\\/logo-ay-g.png\",\"width\":434,\"height\":106,\"caption\":\"Amaral, Yazbek Advogados\"},\"image\":{\"@id\":\"https:\\\/\\\/www.ayadvogados.com.br\\\/#\\\/schema\\\/logo\\\/image\\\/\"},\"sameAs\":[\"https:\\\/\\\/www.facebook.com\\\/AYadvogados\",\"https:\\\/\\\/www.instagram.com\\\/ayadvogados\\\/\"]},{\"@type\":\"Person\",\"@id\":\"https:\\\/\\\/www.ayadvogados.com.br\\\/#\\\/schema\\\/person\\\/4abfbf03ad3e577e691d333af064a912\",\"name\":\"AY Advogados\",\"image\":{\"@type\":\"ImageObject\",\"inLanguage\":\"pt-BR\",\"@id\":\"https:\\\/\\\/secure.gravatar.com\\\/avatar\\\/1473912b851241f5503026e6156e144dcd83ff7addb67f65e1ed9ca21ee1d9cf?s=96&d=mm&r=g\",\"url\":\"https:\\\/\\\/secure.gravatar.com\\\/avatar\\\/1473912b851241f5503026e6156e144dcd83ff7addb67f65e1ed9ca21ee1d9cf?s=96&d=mm&r=g\",\"contentUrl\":\"https:\\\/\\\/secure.gravatar.com\\\/avatar\\\/1473912b851241f5503026e6156e144dcd83ff7addb67f65e1ed9ca21ee1d9cf?s=96&d=mm&r=g\",\"caption\":\"AY Advogados\"},\"sameAs\":[\"https:\\\/\\\/ayadvogados.com.br\"],\"url\":\"https:\\\/\\\/www.ayadvogados.com.br\\\/?author=2\"}]}<\/script>\n<!-- \/ Yoast SEO plugin. -->","yoast_head_json":{"title":"Carf analisar\u00e1 s\u00famulas sobre taxa\u00e7\u00e3o de lucro e cobran\u00e7a simult\u00e2nea de multas - Amaral, Yazbek Advogados","robots":{"index":"index","follow":"follow","max-snippet":"max-snippet:-1","max-image-preview":"max-image-preview:large","max-video-preview":"max-video-preview:-1"},"canonical":"https:\/\/www.ayadvogados.com.br\/?p=1330","og_locale":"pt_BR","og_type":"article","og_title":"Carf analisar\u00e1 s\u00famulas sobre taxa\u00e7\u00e3o de lucro e cobran\u00e7a simult\u00e2nea de multas - Amaral, Yazbek Advogados","og_description":"O Conselho Administrativo de Recursos Fiscais (Carf) vai analisar duas propostas de s\u00famulas pol\u00eamicas: uma trata da taxa\u00e7\u00e3o de lucro no Brasil mesmo com a exist\u00eancia de tratado internacional para impedir a dupla tributa\u00e7\u00e3o e a outra da cobran\u00e7a simult\u00e2nea das multas isoladas e de of\u00edcio. Os textos est\u00e3o entre os 45 que ser\u00e3o levados [&hellip;]","og_url":"https:\/\/www.ayadvogados.com.br\/?p=1330","og_site_name":"Amaral, Yazbek Advogados","article_publisher":"https:\/\/www.facebook.com\/AYadvogados","article_published_time":"2021-07-19T21:54:51+00:00","article_modified_time":"2021-07-19T21:59:11+00:00","og_image":[{"width":1080,"height":1080,"url":"https:\/\/www.ayadvogados.com.br\/wp-content\/uploads\/2021\/07\/Feed.png","type":"image\/png"}],"author":"AY Advogados","twitter_card":"summary_large_image","twitter_misc":{"Escrito por":"AY Advogados","Est. tempo de leitura":"4 minutos"},"schema":{"@context":"https:\/\/schema.org","@graph":[{"@type":"Article","@id":"https:\/\/www.ayadvogados.com.br\/?p=1330#article","isPartOf":{"@id":"https:\/\/www.ayadvogados.com.br\/?p=1330"},"author":{"name":"AY Advogados","@id":"https:\/\/www.ayadvogados.com.br\/#\/schema\/person\/4abfbf03ad3e577e691d333af064a912"},"headline":"Carf analisar\u00e1 s\u00famulas sobre taxa\u00e7\u00e3o de lucro e cobran\u00e7a simult\u00e2nea de multas","datePublished":"2021-07-19T21:54:51+00:00","dateModified":"2021-07-19T21:59:11+00:00","mainEntityOfPage":{"@id":"https:\/\/www.ayadvogados.com.br\/?p=1330"},"wordCount":889,"commentCount":0,"publisher":{"@id":"https:\/\/www.ayadvogados.com.br\/#organization"},"image":{"@id":"https:\/\/www.ayadvogados.com.br\/?p=1330#primaryimage"},"thumbnailUrl":"https:\/\/www.ayadvogados.com.br\/wp-content\/uploads\/2021\/07\/Feed.png","keywords":["carf"],"articleSection":["Not\u00edcia do Dia"],"inLanguage":"pt-BR","potentialAction":[{"@type":"CommentAction","name":"Comment","target":["https:\/\/www.ayadvogados.com.br\/?p=1330#respond"]}]},{"@type":"WebPage","@id":"https:\/\/www.ayadvogados.com.br\/?p=1330","url":"https:\/\/www.ayadvogados.com.br\/?p=1330","name":"Carf analisar\u00e1 s\u00famulas sobre taxa\u00e7\u00e3o de lucro e cobran\u00e7a simult\u00e2nea de multas - Amaral, Yazbek Advogados","isPartOf":{"@id":"https:\/\/www.ayadvogados.com.br\/#website"},"primaryImageOfPage":{"@id":"https:\/\/www.ayadvogados.com.br\/?p=1330#primaryimage"},"image":{"@id":"https:\/\/www.ayadvogados.com.br\/?p=1330#primaryimage"},"thumbnailUrl":"https:\/\/www.ayadvogados.com.br\/wp-content\/uploads\/2021\/07\/Feed.png","datePublished":"2021-07-19T21:54:51+00:00","dateModified":"2021-07-19T21:59:11+00:00","breadcrumb":{"@id":"https:\/\/www.ayadvogados.com.br\/?p=1330#breadcrumb"},"inLanguage":"pt-BR","potentialAction":[{"@type":"ReadAction","target":["https:\/\/www.ayadvogados.com.br\/?p=1330"]}]},{"@type":"ImageObject","inLanguage":"pt-BR","@id":"https:\/\/www.ayadvogados.com.br\/?p=1330#primaryimage","url":"https:\/\/www.ayadvogados.com.br\/wp-content\/uploads\/2021\/07\/Feed.png","contentUrl":"https:\/\/www.ayadvogados.com.br\/wp-content\/uploads\/2021\/07\/Feed.png","width":1080,"height":1080},{"@type":"BreadcrumbList","@id":"https:\/\/www.ayadvogados.com.br\/?p=1330#breadcrumb","itemListElement":[{"@type":"ListItem","position":1,"name":"In\u00edcio","item":"https:\/\/www.ayadvogados.com.br\/"},{"@type":"ListItem","position":2,"name":"Carf analisar\u00e1 s\u00famulas sobre taxa\u00e7\u00e3o de lucro e cobran\u00e7a simult\u00e2nea de multas"}]},{"@type":"WebSite","@id":"https:\/\/www.ayadvogados.com.br\/#website","url":"https:\/\/www.ayadvogados.com.br\/","name":"Amaral, Yazbek Advogados","description":"Curitiba \u2022 Bras\u00edlia \u2022 S\u00e3o Paulo","publisher":{"@id":"https:\/\/www.ayadvogados.com.br\/#organization"},"potentialAction":[{"@type":"SearchAction","target":{"@type":"EntryPoint","urlTemplate":"https:\/\/www.ayadvogados.com.br\/?s={search_term_string}"},"query-input":{"@type":"PropertyValueSpecification","valueRequired":true,"valueName":"search_term_string"}}],"inLanguage":"pt-BR"},{"@type":"Organization","@id":"https:\/\/www.ayadvogados.com.br\/#organization","name":"Amaral, Yazbek Advogados","url":"https:\/\/www.ayadvogados.com.br\/","logo":{"@type":"ImageObject","inLanguage":"pt-BR","@id":"https:\/\/www.ayadvogados.com.br\/#\/schema\/logo\/image\/","url":"http:\/\/34.239.117.254\/wp-content\/uploads\/2021\/03\/logo-ay-g.png","contentUrl":"http:\/\/34.239.117.254\/wp-content\/uploads\/2021\/03\/logo-ay-g.png","width":434,"height":106,"caption":"Amaral, Yazbek Advogados"},"image":{"@id":"https:\/\/www.ayadvogados.com.br\/#\/schema\/logo\/image\/"},"sameAs":["https:\/\/www.facebook.com\/AYadvogados","https:\/\/www.instagram.com\/ayadvogados\/"]},{"@type":"Person","@id":"https:\/\/www.ayadvogados.com.br\/#\/schema\/person\/4abfbf03ad3e577e691d333af064a912","name":"AY Advogados","image":{"@type":"ImageObject","inLanguage":"pt-BR","@id":"https:\/\/secure.gravatar.com\/avatar\/1473912b851241f5503026e6156e144dcd83ff7addb67f65e1ed9ca21ee1d9cf?s=96&d=mm&r=g","url":"https:\/\/secure.gravatar.com\/avatar\/1473912b851241f5503026e6156e144dcd83ff7addb67f65e1ed9ca21ee1d9cf?s=96&d=mm&r=g","contentUrl":"https:\/\/secure.gravatar.com\/avatar\/1473912b851241f5503026e6156e144dcd83ff7addb67f65e1ed9ca21ee1d9cf?s=96&d=mm&r=g","caption":"AY Advogados"},"sameAs":["https:\/\/ayadvogados.com.br"],"url":"https:\/\/www.ayadvogados.com.br\/?author=2"}]}},"rttpg_featured_image_url":{"full":["https:\/\/www.ayadvogados.com.br\/wp-content\/uploads\/2021\/07\/Feed.png",1080,1080,false],"landscape":["https:\/\/www.ayadvogados.com.br\/wp-content\/uploads\/2021\/07\/Feed.png",1080,1080,false],"portraits":["https:\/\/www.ayadvogados.com.br\/wp-content\/uploads\/2021\/07\/Feed.png",1080,1080,false],"thumbnail":["https:\/\/www.ayadvogados.com.br\/wp-content\/uploads\/2021\/07\/Feed-150x150.png",150,150,true],"medium":["https:\/\/www.ayadvogados.com.br\/wp-content\/uploads\/2021\/07\/Feed-300x300.png",300,300,true],"large":["https:\/\/www.ayadvogados.com.br\/wp-content\/uploads\/2021\/07\/Feed-1024x1024.png",1024,1024,true],"1536x1536":["https:\/\/www.ayadvogados.com.br\/wp-content\/uploads\/2021\/07\/Feed.png",1080,1080,false],"2048x2048":["https:\/\/www.ayadvogados.com.br\/wp-content\/uploads\/2021\/07\/Feed.png",1080,1080,false]},"rttpg_author":{"display_name":"AY Advogados","author_link":"https:\/\/www.ayadvogados.com.br\/?author=2"},"rttpg_comment":0,"rttpg_category":"<a href=\"https:\/\/www.ayadvogados.com.br\/?cat=1\" rel=\"category\">Not\u00edcia do Dia<\/a>","rttpg_excerpt":"O Conselho Administrativo de Recursos Fiscais (Carf) vai analisar duas propostas de s\u00famulas pol\u00eamicas: uma trata da taxa\u00e7\u00e3o de lucro no Brasil mesmo com a exist\u00eancia de tratado internacional para impedir a dupla tributa\u00e7\u00e3o e a outra da cobran\u00e7a simult\u00e2nea das multas isoladas e de of\u00edcio. Os textos est\u00e3o entre os 45 que ser\u00e3o levados&hellip;","_links":{"self":[{"href":"https:\/\/www.ayadvogados.com.br\/index.php?rest_route=\/wp\/v2\/posts\/1330","targetHints":{"allow":["GET"]}}],"collection":[{"href":"https:\/\/www.ayadvogados.com.br\/index.php?rest_route=\/wp\/v2\/posts"}],"about":[{"href":"https:\/\/www.ayadvogados.com.br\/index.php?rest_route=\/wp\/v2\/types\/post"}],"author":[{"embeddable":true,"href":"https:\/\/www.ayadvogados.com.br\/index.php?rest_route=\/wp\/v2\/users\/2"}],"replies":[{"embeddable":true,"href":"https:\/\/www.ayadvogados.com.br\/index.php?rest_route=%2Fwp%2Fv2%2Fcomments&post=1330"}],"version-history":[{"count":2,"href":"https:\/\/www.ayadvogados.com.br\/index.php?rest_route=\/wp\/v2\/posts\/1330\/revisions"}],"predecessor-version":[{"id":1333,"href":"https:\/\/www.ayadvogados.com.br\/index.php?rest_route=\/wp\/v2\/posts\/1330\/revisions\/1333"}],"wp:featuredmedia":[{"embeddable":true,"href":"https:\/\/www.ayadvogados.com.br\/index.php?rest_route=\/wp\/v2\/media\/1331"}],"wp:attachment":[{"href":"https:\/\/www.ayadvogados.com.br\/index.php?rest_route=%2Fwp%2Fv2%2Fmedia&parent=1330"}],"wp:term":[{"taxonomy":"category","embeddable":true,"href":"https:\/\/www.ayadvogados.com.br\/index.php?rest_route=%2Fwp%2Fv2%2Fcategories&post=1330"},{"taxonomy":"post_tag","embeddable":true,"href":"https:\/\/www.ayadvogados.com.br\/index.php?rest_route=%2Fwp%2Fv2%2Ftags&post=1330"}],"curies":[{"name":"wp","href":"https:\/\/api.w.org\/{rel}","templated":true}]}}