{"id":133,"date":"2021-02-05T09:28:00","date_gmt":"2021-02-05T12:28:00","guid":{"rendered":"http:\/\/34.239.117.254\/?p=133"},"modified":"2021-02-26T09:28:24","modified_gmt":"2021-02-26T12:28:24","slug":"tratamento-de-residuos-gera-credito-de-cofins","status":"publish","type":"post","link":"https:\/\/www.ayadvogados.com.br\/?p=133","title":{"rendered":"Tratamento de res\u00edduos gera cr\u00e9dito de Cofins"},"content":{"rendered":"\n<p>A Receita Federal admitiu, pela primeira vez, a possibilidade de tomada de cr\u00e9ditos de PIS e Cofins, pelas empresas no regime n\u00e3o cumulativo, sobre os gastos com tratamento de efluentes, res\u00edduos industriais e \u00e1guas residuais, considerados indispens\u00e1veis \u00e0 viabiliza\u00e7\u00e3o da atividade empresarial. O entendimento est\u00e1 na Solu\u00e7\u00e3o de Consulta n\u00ba 1, editada em janeiro pela Coordena\u00e7\u00e3o-Geral de Tributa\u00e7\u00e3o (Cosit), que vincula toda a fiscaliza\u00e7\u00e3o.<\/p>\n\n\n\n<p>A consulta foi apresentada por uma empresa do setor de curtimento e prepara\u00e7\u00e3o de couro. Por\u00e9m, segundo o advogado tributarista que assessora o contribuinte, Gilberto Luiz do Amaral, s\u00f3cio do Amaral, Yazbek Advogados, esse mesmo racioc\u00ednio vale para ind\u00fastrias e prestadores de servi\u00e7os que s\u00e3o obrigados por lei a fazer o tratamento de res\u00edduos. Entre eles, os setores aliment\u00edcio e farmac\u00eautico.<\/p>\n\n\n\n<p>De acordo com a Associa\u00e7\u00e3o Brasileira de Empresas de Tratamento de Res\u00edduos e Efluentes (Abetre), s\u00e3o gerados cerca de cinco mil metros c\u00fabicos por dia de efluentes industriais, dos quais 60% s\u00e3o despejados de modo irregular em rede de esgotos e corpos d\u2019\u00e1gua. Seria como produzir o equivalente a 500 caminh\u00f5es-tanque por dia, dos quais 300 iriam parar na natureza.<\/p>\n\n\n\n<p>No pedido, a ind\u00fastria de couros afirma que, em raz\u00e3o da atividade que exerce, s\u00e3o gerados efluentes (res\u00edduos) no processo de recurtimento, estiragem e secagem do couro, que v\u00e3o para o sistema de tratamento. E que esse processo \u00e9 indispens\u00e1vel para o funcionamento da produ\u00e7\u00e3o e acabamento do couro de forma sustent\u00e1vel e n\u00e3o danosa ao meio ambiente, em cumprimento \u00e0 legisla\u00e7\u00e3o ambiental.<\/p>\n\n\n\n<p>Sem a ado\u00e7\u00e3o de medidas de preserva\u00e7\u00e3o do meio ambiente, como o tratamento de efluentes, acrescenta a empresa, n\u00e3o pode obter licenciamento para o exerc\u00edcio de suas atividades, conforme prev\u00ea o artigo 2\u00ba, par\u00e1grafo 1\u00ba, e anexo 1 da Resolu\u00e7\u00e3o do Conselho Nacional do Meio Ambiente (Conama) n\u00ba 237, de 1997. Por fim, destaca, de acordo com a Lei n\u00ba 9.605, de 1998, a emiss\u00e3o indevida de efluentes \u00e9 tipificada como pr\u00e1tica criminosa, que acarreta inclusive a veda\u00e7\u00e3o do exerc\u00edcio da atividade por parte da empresa.<\/p>\n\n\n\n<p>Na an\u00e1lise do caso, a Receita Federal levou em considera\u00e7\u00e3o o julgamento do Superior Tribunal de Justi\u00e7a (STJ), em repetitivo (REsp 1221170), que definiu o conceito de insumos para cr\u00e9ditos de PIS e Cofins. Para os ministros, deve-se levar em considera\u00e7\u00e3o os crit\u00e9rios da essencialidade ou da relev\u00e2ncia do bem ou servi\u00e7o para a produ\u00e7\u00e3o de bens destinados \u00e0 venda ou para a presta\u00e7\u00e3o de servi\u00e7os pela pessoa jur\u00eddica.<\/p>\n\n\n\n<p>Ao verificar as regulamenta\u00e7\u00f5es do Conama, que obrigam o tratamento dos res\u00edduos e o teor da Lei n\u00ba 9.605, que tipifica como crime quem n\u00e3o o fizer, a Receita Federal entendeu que seria o caso de considerar a atividade como insumo para a gera\u00e7\u00e3o de cr\u00e9ditos de PIS e Cofins.<\/p>\n\n\n\n<p>Segundo o advogado Gilberto Luiz do Amaral, \u00e9 a primeira vez que \u00e9 elaborada uma solu\u00e7\u00e3o de consulta que estabelece essa l\u00f3gica com rela\u00e7\u00e3o ao tratamento de res\u00edduos. \u201cSem esse tratamento dos res\u00edduos obrigat\u00f3rio por lei, n\u00e3o h\u00e1 licen\u00e7a ambiental e, portanto, produto\u201d, diz. \u201cA Receita consagrou os crit\u00e9rios da necessidade, essencialidade e imprescindibilidade para reconhecer como insumo e gerar cr\u00e9ditos de PIS e Cofins.\u201d<\/p>\n\n\n\n<p>Douglas Rog\u00e9rio Campanini, s\u00f3cio-diretor da Athros Auditoria e Consultoria, afirma que a Receita Federal acabou se curvando \u00e0 decis\u00e3o do STJ de 2018 e que tem dado interpreta\u00e7\u00f5es menos restritivas sobre a possibilidade de cr\u00e9ditos de PIS e Cofins no regime n\u00e3o cumulativo. Para ele, esse mesmo racioc\u00ednio, aplicado ao setor de couros, pode tamb\u00e9m ser usado por empresas do setor aliment\u00edcio, por exemplo, que usam \u00e1gua na sua produ\u00e7\u00e3o e depois s\u00e3o obrigadas, por lei, a trat\u00e1-la antes de devolv\u00ea-la ao meio ambiente.<\/p>\n\n\n\n<p>\u201cEsse ponto de vista da Receita est\u00e1 totalmente adequado e coerente, uma vez que esse tipo de despesa \u00e9 totalmente necess\u00e1ria\u201d, diz. Ele lembra que as empresas que estiverem exatamente na mesma situa\u00e7\u00e3o podem pedir administrativamente os cr\u00e9ditos dos \u00faltimos cinco anos.<\/p>\n\n\n\n<p>Fonte: <a href=\"https:\/\/valor.globo.com\/legislacao\/noticia\/2021\/02\/05\/tratamento-de-residuos-gera-credito-de-cofins.ghtml\">Valor<\/a><\/p>\n\n\n\n<p>A Amaral, Yazbek, OAB\/PR 762, possui 35 anos de experi\u00eancia auxiliando empresas a transformar a tributa\u00e7\u00e3o em lucro. Entre em contato com um dos s\u00f3cios para agendamento de reuni\u00e3o em caso de d\u00favidas.<\/p>\n\n\n\n<p>Contato: 41 3595-8300 ou pelo nosso WhatsApp 41 99567-5696<\/p>\n\n\n\n<p>Av. C\u00e2ndido Hartmann, 50 \u2013 Bigorrilho | Curitiba-PR<\/p>\n\n\n\n<p>Assine nossa Newsletter e fique por dentro das novidades!<\/p>\n\n\n\n<p>Quer receber seu exemplar da revista Governan\u00e7a Jur\u00eddica? Clique <a href=\"http:\/\/ayadvogados.com.br\/revista\">aqui<\/a>&nbsp;e pe\u00e7a a sua.<\/p>\n\n\n\n<p>Nos acompanhe nas redes sociais: <a href=\"https:\/\/www.facebook.com\/amaral.yazbek\">Facebook<\/a>&nbsp;| <a href=\"https:\/\/www.instagram.com\/amaral.yazbek\/\">Instagram<\/a> | <a href=\"https:\/\/www.linkedin.com\/company\/3357082\/admin\/\">Linkedin<\/a><\/p>\n\n\n\n<p>J\u00e1 conhece o canal Direito da Intelig\u00eancia de Neg\u00f3cios? <a href=\"https:\/\/www.youtube.com\/channel\/UCu2Mpu32ht8DEN8OFRXYMyw\">Inscreva-se j\u00e1<\/a><\/p>\n","protected":false},"excerpt":{"rendered":"<p>A Receita Federal admitiu, pela primeira vez, a possibilidade de tomada de cr\u00e9ditos de PIS e Cofins, pelas empresas no regime n\u00e3o cumulativo, sobre os gastos com tratamento de efluentes, res\u00edduos industriais e \u00e1guas residuais, considerados indispens\u00e1veis \u00e0 viabiliza\u00e7\u00e3o da atividade empresarial. O entendimento est\u00e1 na Solu\u00e7\u00e3o de Consulta n\u00ba 1, editada em janeiro pela [&hellip;]<\/p>\n","protected":false},"author":3,"featured_media":0,"comment_status":"open","ping_status":"open","sticky":false,"template":"","format":"standard","meta":{"footnotes":""},"categories":[1],"tags":[],"class_list":["post-133","post","type-post","status-publish","format-standard","hentry","category-noticia-do-dia"],"blocksy_meta":{"styles_descriptor":{"styles":{"desktop":"","tablet":"","mobile":""},"google_fonts":[],"version":6}},"yoast_head":"<!-- This site is optimized with the Yoast SEO plugin v27.5 - https:\/\/yoast.com\/product\/yoast-seo-wordpress\/ -->\n<title>Tratamento de res\u00edduos gera cr\u00e9dito de Cofins - Amaral, Yazbek Advogados<\/title>\n<meta name=\"robots\" content=\"index, follow, max-snippet:-1, max-image-preview:large, max-video-preview:-1\" \/>\n<link rel=\"canonical\" href=\"https:\/\/www.34.239.117.254.sslip.io\/?p=133\" \/>\n<meta property=\"og:locale\" content=\"pt_BR\" \/>\n<meta property=\"og:type\" content=\"article\" \/>\n<meta property=\"og:title\" content=\"Tratamento de res\u00edduos gera cr\u00e9dito de Cofins - Amaral, Yazbek Advogados\" \/>\n<meta property=\"og:description\" content=\"A Receita Federal admitiu, pela primeira vez, a possibilidade de tomada de cr\u00e9ditos de PIS e Cofins, pelas empresas no regime n\u00e3o cumulativo, sobre os gastos com tratamento de efluentes, res\u00edduos industriais e \u00e1guas residuais, considerados indispens\u00e1veis \u00e0 viabiliza\u00e7\u00e3o da atividade empresarial. O entendimento est\u00e1 na Solu\u00e7\u00e3o de Consulta n\u00ba 1, editada em janeiro pela [&hellip;]\" \/>\n<meta property=\"og:url\" content=\"https:\/\/www.34.239.117.254.sslip.io\/?p=133\" \/>\n<meta property=\"og:site_name\" content=\"Amaral, Yazbek Advogados\" \/>\n<meta property=\"article:publisher\" content=\"https:\/\/www.facebook.com\/AYadvogados\" \/>\n<meta property=\"article:published_time\" content=\"2021-02-05T12:28:00+00:00\" \/>\n<meta property=\"article:modified_time\" content=\"2021-02-26T12:28:24+00:00\" \/>\n<meta name=\"author\" content=\"Infra\" \/>\n<meta name=\"twitter:card\" content=\"summary_large_image\" \/>\n<meta name=\"twitter:label1\" content=\"Escrito por\" \/>\n\t<meta name=\"twitter:data1\" content=\"Infra\" \/>\n\t<meta name=\"twitter:label2\" content=\"Est. tempo de leitura\" \/>\n\t<meta name=\"twitter:data2\" content=\"4 minutos\" \/>\n<script type=\"application\/ld+json\" class=\"yoast-schema-graph\">{\"@context\":\"https:\\\/\\\/schema.org\",\"@graph\":[{\"@type\":\"Article\",\"@id\":\"https:\\\/\\\/www.34.239.117.254.sslip.io\\\/?p=133#article\",\"isPartOf\":{\"@id\":\"https:\\\/\\\/www.34.239.117.254.sslip.io\\\/?p=133\"},\"author\":{\"name\":\"Infra\",\"@id\":\"https:\\\/\\\/www.34.239.117.254.sslip.io\\\/#\\\/schema\\\/person\\\/6b9165a58758b048b8ea5a4fbd4ec3c4\"},\"headline\":\"Tratamento de res\u00edduos gera cr\u00e9dito de Cofins\",\"datePublished\":\"2021-02-05T12:28:00+00:00\",\"dateModified\":\"2021-02-26T12:28:24+00:00\",\"mainEntityOfPage\":{\"@id\":\"https:\\\/\\\/www.34.239.117.254.sslip.io\\\/?p=133\"},\"wordCount\":820,\"commentCount\":0,\"publisher\":{\"@id\":\"https:\\\/\\\/www.34.239.117.254.sslip.io\\\/#organization\"},\"articleSection\":[\"Not\u00edcia do Dia\"],\"inLanguage\":\"pt-BR\",\"potentialAction\":[{\"@type\":\"CommentAction\",\"name\":\"Comment\",\"target\":[\"https:\\\/\\\/www.34.239.117.254.sslip.io\\\/?p=133#respond\"]}]},{\"@type\":\"WebPage\",\"@id\":\"https:\\\/\\\/www.34.239.117.254.sslip.io\\\/?p=133\",\"url\":\"https:\\\/\\\/www.34.239.117.254.sslip.io\\\/?p=133\",\"name\":\"Tratamento de res\u00edduos gera cr\u00e9dito de Cofins - Amaral, Yazbek Advogados\",\"isPartOf\":{\"@id\":\"https:\\\/\\\/www.34.239.117.254.sslip.io\\\/#website\"},\"datePublished\":\"2021-02-05T12:28:00+00:00\",\"dateModified\":\"2021-02-26T12:28:24+00:00\",\"breadcrumb\":{\"@id\":\"https:\\\/\\\/www.34.239.117.254.sslip.io\\\/?p=133#breadcrumb\"},\"inLanguage\":\"pt-BR\",\"potentialAction\":[{\"@type\":\"ReadAction\",\"target\":[\"https:\\\/\\\/www.34.239.117.254.sslip.io\\\/?p=133\"]}]},{\"@type\":\"BreadcrumbList\",\"@id\":\"https:\\\/\\\/www.34.239.117.254.sslip.io\\\/?p=133#breadcrumb\",\"itemListElement\":[{\"@type\":\"ListItem\",\"position\":1,\"name\":\"In\u00edcio\",\"item\":\"https:\\\/\\\/www.34.239.117.254.sslip.io\\\/\"},{\"@type\":\"ListItem\",\"position\":2,\"name\":\"Tratamento de res\u00edduos gera cr\u00e9dito de Cofins\"}]},{\"@type\":\"WebSite\",\"@id\":\"https:\\\/\\\/www.34.239.117.254.sslip.io\\\/#website\",\"url\":\"https:\\\/\\\/www.34.239.117.254.sslip.io\\\/\",\"name\":\"Amaral, Yazbek Advogados\",\"description\":\"Curitiba \u2022 Bras\u00edlia \u2022 S\u00e3o Paulo\",\"publisher\":{\"@id\":\"https:\\\/\\\/www.34.239.117.254.sslip.io\\\/#organization\"},\"potentialAction\":[{\"@type\":\"SearchAction\",\"target\":{\"@type\":\"EntryPoint\",\"urlTemplate\":\"https:\\\/\\\/www.34.239.117.254.sslip.io\\\/?s={search_term_string}\"},\"query-input\":{\"@type\":\"PropertyValueSpecification\",\"valueRequired\":true,\"valueName\":\"search_term_string\"}}],\"inLanguage\":\"pt-BR\"},{\"@type\":\"Organization\",\"@id\":\"https:\\\/\\\/www.34.239.117.254.sslip.io\\\/#organization\",\"name\":\"Amaral, Yazbek Advogados\",\"url\":\"https:\\\/\\\/www.34.239.117.254.sslip.io\\\/\",\"logo\":{\"@type\":\"ImageObject\",\"inLanguage\":\"pt-BR\",\"@id\":\"https:\\\/\\\/www.34.239.117.254.sslip.io\\\/#\\\/schema\\\/logo\\\/image\\\/\",\"url\":\"http:\\\/\\\/34.239.117.254\\\/wp-content\\\/uploads\\\/2021\\\/03\\\/logo-ay-g.png\",\"contentUrl\":\"http:\\\/\\\/34.239.117.254\\\/wp-content\\\/uploads\\\/2021\\\/03\\\/logo-ay-g.png\",\"width\":434,\"height\":106,\"caption\":\"Amaral, Yazbek Advogados\"},\"image\":{\"@id\":\"https:\\\/\\\/www.34.239.117.254.sslip.io\\\/#\\\/schema\\\/logo\\\/image\\\/\"},\"sameAs\":[\"https:\\\/\\\/www.facebook.com\\\/AYadvogados\",\"https:\\\/\\\/www.instagram.com\\\/ayadvogados\\\/\"]},{\"@type\":\"Person\",\"@id\":\"https:\\\/\\\/www.34.239.117.254.sslip.io\\\/#\\\/schema\\\/person\\\/6b9165a58758b048b8ea5a4fbd4ec3c4\",\"name\":\"Infra\",\"image\":{\"@type\":\"ImageObject\",\"inLanguage\":\"pt-BR\",\"@id\":\"https:\\\/\\\/secure.gravatar.com\\\/avatar\\\/60bf67293e186b9c834e31753dcc586dfcedb661d13b6b9ba29ac991ccafc035?s=96&d=mm&r=g\",\"url\":\"https:\\\/\\\/secure.gravatar.com\\\/avatar\\\/60bf67293e186b9c834e31753dcc586dfcedb661d13b6b9ba29ac991ccafc035?s=96&d=mm&r=g\",\"contentUrl\":\"https:\\\/\\\/secure.gravatar.com\\\/avatar\\\/60bf67293e186b9c834e31753dcc586dfcedb661d13b6b9ba29ac991ccafc035?s=96&d=mm&r=g\",\"caption\":\"Infra\"},\"url\":\"https:\\\/\\\/www.ayadvogados.com.br\\\/?author=3\"}]}<\/script>\n<!-- \/ Yoast SEO plugin. -->","yoast_head_json":{"title":"Tratamento de res\u00edduos gera cr\u00e9dito de Cofins - Amaral, Yazbek Advogados","robots":{"index":"index","follow":"follow","max-snippet":"max-snippet:-1","max-image-preview":"max-image-preview:large","max-video-preview":"max-video-preview:-1"},"canonical":"https:\/\/www.34.239.117.254.sslip.io\/?p=133","og_locale":"pt_BR","og_type":"article","og_title":"Tratamento de res\u00edduos gera cr\u00e9dito de Cofins - Amaral, Yazbek Advogados","og_description":"A Receita Federal admitiu, pela primeira vez, a possibilidade de tomada de cr\u00e9ditos de PIS e Cofins, pelas empresas no regime n\u00e3o cumulativo, sobre os gastos com tratamento de efluentes, res\u00edduos industriais e \u00e1guas residuais, considerados indispens\u00e1veis \u00e0 viabiliza\u00e7\u00e3o da atividade empresarial. O entendimento est\u00e1 na Solu\u00e7\u00e3o de Consulta n\u00ba 1, editada em janeiro pela [&hellip;]","og_url":"https:\/\/www.34.239.117.254.sslip.io\/?p=133","og_site_name":"Amaral, Yazbek Advogados","article_publisher":"https:\/\/www.facebook.com\/AYadvogados","article_published_time":"2021-02-05T12:28:00+00:00","article_modified_time":"2021-02-26T12:28:24+00:00","author":"Infra","twitter_card":"summary_large_image","twitter_misc":{"Escrito por":"Infra","Est. tempo de leitura":"4 minutos"},"schema":{"@context":"https:\/\/schema.org","@graph":[{"@type":"Article","@id":"https:\/\/www.34.239.117.254.sslip.io\/?p=133#article","isPartOf":{"@id":"https:\/\/www.34.239.117.254.sslip.io\/?p=133"},"author":{"name":"Infra","@id":"https:\/\/www.34.239.117.254.sslip.io\/#\/schema\/person\/6b9165a58758b048b8ea5a4fbd4ec3c4"},"headline":"Tratamento de res\u00edduos gera cr\u00e9dito de Cofins","datePublished":"2021-02-05T12:28:00+00:00","dateModified":"2021-02-26T12:28:24+00:00","mainEntityOfPage":{"@id":"https:\/\/www.34.239.117.254.sslip.io\/?p=133"},"wordCount":820,"commentCount":0,"publisher":{"@id":"https:\/\/www.34.239.117.254.sslip.io\/#organization"},"articleSection":["Not\u00edcia do Dia"],"inLanguage":"pt-BR","potentialAction":[{"@type":"CommentAction","name":"Comment","target":["https:\/\/www.34.239.117.254.sslip.io\/?p=133#respond"]}]},{"@type":"WebPage","@id":"https:\/\/www.34.239.117.254.sslip.io\/?p=133","url":"https:\/\/www.34.239.117.254.sslip.io\/?p=133","name":"Tratamento de res\u00edduos gera cr\u00e9dito de Cofins - Amaral, Yazbek Advogados","isPartOf":{"@id":"https:\/\/www.34.239.117.254.sslip.io\/#website"},"datePublished":"2021-02-05T12:28:00+00:00","dateModified":"2021-02-26T12:28:24+00:00","breadcrumb":{"@id":"https:\/\/www.34.239.117.254.sslip.io\/?p=133#breadcrumb"},"inLanguage":"pt-BR","potentialAction":[{"@type":"ReadAction","target":["https:\/\/www.34.239.117.254.sslip.io\/?p=133"]}]},{"@type":"BreadcrumbList","@id":"https:\/\/www.34.239.117.254.sslip.io\/?p=133#breadcrumb","itemListElement":[{"@type":"ListItem","position":1,"name":"In\u00edcio","item":"https:\/\/www.34.239.117.254.sslip.io\/"},{"@type":"ListItem","position":2,"name":"Tratamento de res\u00edduos gera cr\u00e9dito de Cofins"}]},{"@type":"WebSite","@id":"https:\/\/www.34.239.117.254.sslip.io\/#website","url":"https:\/\/www.34.239.117.254.sslip.io\/","name":"Amaral, Yazbek Advogados","description":"Curitiba \u2022 Bras\u00edlia \u2022 S\u00e3o Paulo","publisher":{"@id":"https:\/\/www.34.239.117.254.sslip.io\/#organization"},"potentialAction":[{"@type":"SearchAction","target":{"@type":"EntryPoint","urlTemplate":"https:\/\/www.34.239.117.254.sslip.io\/?s={search_term_string}"},"query-input":{"@type":"PropertyValueSpecification","valueRequired":true,"valueName":"search_term_string"}}],"inLanguage":"pt-BR"},{"@type":"Organization","@id":"https:\/\/www.34.239.117.254.sslip.io\/#organization","name":"Amaral, Yazbek Advogados","url":"https:\/\/www.34.239.117.254.sslip.io\/","logo":{"@type":"ImageObject","inLanguage":"pt-BR","@id":"https:\/\/www.34.239.117.254.sslip.io\/#\/schema\/logo\/image\/","url":"http:\/\/34.239.117.254\/wp-content\/uploads\/2021\/03\/logo-ay-g.png","contentUrl":"http:\/\/34.239.117.254\/wp-content\/uploads\/2021\/03\/logo-ay-g.png","width":434,"height":106,"caption":"Amaral, Yazbek Advogados"},"image":{"@id":"https:\/\/www.34.239.117.254.sslip.io\/#\/schema\/logo\/image\/"},"sameAs":["https:\/\/www.facebook.com\/AYadvogados","https:\/\/www.instagram.com\/ayadvogados\/"]},{"@type":"Person","@id":"https:\/\/www.34.239.117.254.sslip.io\/#\/schema\/person\/6b9165a58758b048b8ea5a4fbd4ec3c4","name":"Infra","image":{"@type":"ImageObject","inLanguage":"pt-BR","@id":"https:\/\/secure.gravatar.com\/avatar\/60bf67293e186b9c834e31753dcc586dfcedb661d13b6b9ba29ac991ccafc035?s=96&d=mm&r=g","url":"https:\/\/secure.gravatar.com\/avatar\/60bf67293e186b9c834e31753dcc586dfcedb661d13b6b9ba29ac991ccafc035?s=96&d=mm&r=g","contentUrl":"https:\/\/secure.gravatar.com\/avatar\/60bf67293e186b9c834e31753dcc586dfcedb661d13b6b9ba29ac991ccafc035?s=96&d=mm&r=g","caption":"Infra"},"url":"https:\/\/www.ayadvogados.com.br\/?author=3"}]}},"rttpg_featured_image_url":null,"rttpg_author":{"display_name":"Infra","author_link":"https:\/\/www.ayadvogados.com.br\/?author=3"},"rttpg_comment":0,"rttpg_category":"<a href=\"https:\/\/www.ayadvogados.com.br\/?cat=1\" rel=\"category\">Not\u00edcia do Dia<\/a>","rttpg_excerpt":"A Receita Federal admitiu, pela primeira vez, a possibilidade de tomada de cr\u00e9ditos de PIS e Cofins, pelas empresas no regime n\u00e3o cumulativo, sobre os gastos com tratamento de efluentes, res\u00edduos industriais e \u00e1guas residuais, considerados indispens\u00e1veis \u00e0 viabiliza\u00e7\u00e3o da atividade empresarial. O entendimento est\u00e1 na Solu\u00e7\u00e3o de Consulta n\u00ba 1, editada em janeiro pela&hellip;","_links":{"self":[{"href":"https:\/\/www.ayadvogados.com.br\/index.php?rest_route=\/wp\/v2\/posts\/133","targetHints":{"allow":["GET"]}}],"collection":[{"href":"https:\/\/www.ayadvogados.com.br\/index.php?rest_route=\/wp\/v2\/posts"}],"about":[{"href":"https:\/\/www.ayadvogados.com.br\/index.php?rest_route=\/wp\/v2\/types\/post"}],"author":[{"embeddable":true,"href":"https:\/\/www.ayadvogados.com.br\/index.php?rest_route=\/wp\/v2\/users\/3"}],"replies":[{"embeddable":true,"href":"https:\/\/www.ayadvogados.com.br\/index.php?rest_route=%2Fwp%2Fv2%2Fcomments&post=133"}],"version-history":[{"count":1,"href":"https:\/\/www.ayadvogados.com.br\/index.php?rest_route=\/wp\/v2\/posts\/133\/revisions"}],"predecessor-version":[{"id":134,"href":"https:\/\/www.ayadvogados.com.br\/index.php?rest_route=\/wp\/v2\/posts\/133\/revisions\/134"}],"wp:attachment":[{"href":"https:\/\/www.ayadvogados.com.br\/index.php?rest_route=%2Fwp%2Fv2%2Fmedia&parent=133"}],"wp:term":[{"taxonomy":"category","embeddable":true,"href":"https:\/\/www.ayadvogados.com.br\/index.php?rest_route=%2Fwp%2Fv2%2Fcategories&post=133"},{"taxonomy":"post_tag","embeddable":true,"href":"https:\/\/www.ayadvogados.com.br\/index.php?rest_route=%2Fwp%2Fv2%2Ftags&post=133"}],"curies":[{"name":"wp","href":"https:\/\/api.w.org\/{rel}","templated":true}]}}