{"id":1324,"date":"2021-07-16T12:19:55","date_gmt":"2021-07-16T15:19:55","guid":{"rendered":"http:\/\/34.239.117.254\/?p=1324"},"modified":"2021-07-16T12:19:55","modified_gmt":"2021-07-16T15:19:55","slug":"sabino-avalia-tornar-progressiva-tributacao-de-dividendos","status":"publish","type":"post","link":"https:\/\/www.ayadvogados.com.br\/?p=1324","title":{"rendered":"Sabino avalia tornar progressiva tributa\u00e7\u00e3o de dividendos"},"content":{"rendered":"\n<p>O deputado Celso Sabino (PSDB-PA) avalia a possibilidade de estabelecer alguma progressividade na taxa\u00e7\u00e3o dos dividendos, apurou o <strong>Valor<\/strong>. Ele ainda n\u00e3o havia tomado decis\u00e3o sobre seguir esse caminho e de que maneira faria isso &#8211; se jogando a tributa\u00e7\u00e3o para a tabela progressiva do IRPF ou estabelecendo faixas de taxa\u00e7\u00e3o por volume de dividendos-, mas considerava a ideia como forma de angariar apoio \u00e0 proposta.<\/p>\n\n\n\n<p>Um interlocutor lembra que essa alternativa faz sentido com o comando constitucional de progressividade do sistema tribut\u00e1rio. Pela proposta original do governo, mantida por Sabino em seu relat\u00f3rio preliminar, a taxa\u00e7\u00e3o dos dividendos ocorre com tributa\u00e7\u00e3o exclusiva na fonte de 20% sobre os valores repassados aos acionistas acima de R$ 20 mil mensais, que o relator abertamente j\u00e1 reconheceu que pode derrubar para R$ 2,5 mil.<\/p>\n\n\n\n<p>Na equipe econ\u00f4mica, h\u00e1 foco de resist\u00eancias \u00e0 ideia, com a avalia\u00e7\u00e3o de que isso ampliar\u00e1 a complexidade do sistema.<\/p>\n\n\n\n<p>O ex-secret\u00e1rio especial da Receita, Marcos Cintra, avaliou que o substitutivo apresentado por Celso Sabino melhora a proposta original, mas, para ele, mesmo com os ajustes, o desenho da tributa\u00e7\u00e3o dos dividendos na reforma do IR continua errado.<\/p>\n\n\n\n<p>Segundo Cintra, tecnicamente, o governo deveria propor que a taxa\u00e7\u00e3o sobre os lucros distribu\u00eddos ocorresse na tabela do Imposto de Renda da Pessoa F\u00edsica (que tem al\u00edquotas que variam de 0% a 27,5% e isen\u00e7\u00e3o proposta de R$ 2,5 mil) e n\u00e3o com tributa\u00e7\u00e3o exclusiva de 20% na sa\u00edda do recurso da empresa para o acionista.<\/p>\n\n\n\n<p>\u201cN\u00e3o vejo que haja avan\u00e7os do ponto de vista de equidade com tributa\u00e7\u00e3o dos dividendos, porque o desenho vai gerar muita distor\u00e7\u00e3o. Do ponto de vista da equidade e para garantir absoluta efici\u00eancia t\u00e9cnica, incid\u00eancia deveria ser na pessoa f\u00edsica, na tabela progressiva\u201d, salientou. \u201cTecnicamente o caminho adotado \u00e9 errado para garantir mais progressividade\u201d.<\/p>\n\n\n\n<p>Cintra diz que \u00e9 falaciosa a tese de que os \u201csuper-ricos\u201d n\u00e3o pagam impostos e que os dividendos corrigiriam isso. A vis\u00e3o dele \u00e9 que hoje, com a taxa\u00e7\u00e3o de 34% de IRPJ e CSLL sobre o resultado das empresas, isso j\u00e1 ocorre.<\/p>\n\n\n\n<p>\u201cEu disputo a justificativa de que os super-ricos n\u00e3o pagam impostos. O argumento de maior progressividade com a taxa\u00e7\u00e3o dos dividendos \u00e9 um pouco populista, f\u00e1cil, eleitoreiro. \u00c9 uma justificativa mais ideol\u00f3gica\u201d, afirmou<\/p>\n\n\n\n<p>\u201c\u00c9 um discurso populista, mentiroso. N\u00e3o \u00e9 leal dizer que recebem R$ 220 bilh\u00f5es em dividendos sem pagarem. Eles recebem depois de pagarem 34% de imposto\u201d, disse.<\/p>\n\n\n\n<p>Segundo ele, o fato de a al\u00edquota efetiva do IRPJ ser menor do que os 34% por conta dos abatimentos, n\u00e3o enfraquece sua vis\u00e3o. \u201cAl\u00edquota efetiva menor ocorre em todo o lugar do mundo. De fato, deveria fazer faxina nisso [abatimentos que reduzem a base de c\u00e1lculo do IRPF, mas \u00e9 outra quest\u00e3o\u201d.<\/p>\n\n\n\n<p>O economista, que foi auxiliar do ministro Paulo Guedes no primeiro ano do atual governo, tamb\u00e9m minimiza os riscos fiscais que come\u00e7am a aparecer na proposta. \u201cN\u00e3o vejo raz\u00e3o para ficar preocupado porque arrecada\u00e7\u00e3o est\u00e1 subindo. Duvido que tenha perda\u201d, disse.<\/p>\n\n\n\n<p>\u201c Isso precisa ser melhor estudado. Os n\u00fameros n\u00e3o s\u00e3o convincentes. O maior ganho vai ser tributa\u00e7\u00e3o de dividendos\u201d, disse, colocando d\u00favidas sobre a premissa de que as empresas far\u00e3o neste ano antecipa\u00e7\u00e3o de distribui\u00e7\u00e3o de lucros para fugir do novo imposto.<\/p>\n\n\n\n<p>A Amaral, Yazbek, OAB\/PR 762, possui 35 anos de experi\u00eancia auxiliando empresas a transformar a tributa\u00e7\u00e3o em lucro. Entre em contato com um dos s\u00f3cios para agendamento de reuni\u00e3o em caso de d\u00favidas.<\/p>\n\n\n\n<p>Fonte: <a href=\"https:\/\/valor.globo.com\/politica\/noticia\/2021\/07\/16\/sabino-avalia-tornar-progressiva-tributacao-de-dividendos.ghtml\" data-type=\"URL\" data-id=\"https:\/\/valor.globo.com\/politica\/noticia\/2021\/07\/16\/sabino-avalia-tornar-progressiva-tributacao-de-dividendos.ghtml\" target=\"_blank\" rel=\"noreferrer noopener\">Valor<\/a><\/p>\n\n\n\n<p>Contato: 41 3595-8300 ou pelo nosso WhatsApp 41 99567-5696<\/p>\n\n\n\n<p>Av. C\u00e2ndido Hartmann, 50 \u2013 Bigorrilho | Curitiba-PR<\/p>\n\n\n\n<p>Assine nossa Newsletter e fique por dentro das novidades!<\/p>\n\n\n\n<p>Quer receber seu exemplar da revista Governan\u00e7a Jur\u00eddica? Clique <a href=\"http:\/\/ayadvogados.com.br\/revista\">aqui<\/a>&nbsp;e pe\u00e7a a sua.<\/p>\n\n\n\n<p>Nos acompanhe nas redes sociais: <a href=\"https:\/\/www.facebook.com\/amaral.yazbek\">Facebook<\/a>&nbsp;| <a href=\"https:\/\/www.instagram.com\/amaral.yazbek\/\">Instagram<\/a> | <a href=\"https:\/\/www.linkedin.com\/company\/3357082\/admin\/\">Linkedin<\/a><\/p>\n\n\n\n<p>J\u00e1 conhece o canal Direito da Intelig\u00eancia de Neg\u00f3cios? <a href=\"https:\/\/www.youtube.com\/channel\/UCu2Mpu32ht8DEN8OFRXYMyw\">Inscreva-se j\u00e1<\/a><\/p>\n","protected":false},"excerpt":{"rendered":"<p>O deputado Celso Sabino (PSDB-PA) avalia a possibilidade de estabelecer alguma progressividade na taxa\u00e7\u00e3o dos dividendos, apurou o Valor. Ele ainda n\u00e3o havia tomado decis\u00e3o sobre seguir esse caminho e de que maneira faria isso &#8211; se jogando a tributa\u00e7\u00e3o para a tabela progressiva do IRPF ou estabelecendo faixas de taxa\u00e7\u00e3o por volume de dividendos-, [&hellip;]<\/p>\n","protected":false},"author":2,"featured_media":1325,"comment_status":"open","ping_status":"open","sticky":false,"template":"","format":"standard","meta":{"footnotes":""},"categories":[1],"tags":[],"class_list":["post-1324","post","type-post","status-publish","format-standard","has-post-thumbnail","hentry","category-noticia-do-dia"],"blocksy_meta":{"styles_descriptor":{"styles":{"desktop":"","tablet":"","mobile":""},"google_fonts":[],"version":6}},"yoast_head":"<!-- This site is optimized with the Yoast SEO plugin v27.5 - https:\/\/yoast.com\/product\/yoast-seo-wordpress\/ -->\n<title>Sabino avalia tornar progressiva tributa\u00e7\u00e3o de dividendos - Amaral, Yazbek Advogados<\/title>\n<meta name=\"robots\" content=\"index, follow, max-snippet:-1, max-image-preview:large, max-video-preview:-1\" \/>\n<link rel=\"canonical\" href=\"https:\/\/www.ayadvogados.com.br\/?p=1324\" \/>\n<meta property=\"og:locale\" content=\"pt_BR\" \/>\n<meta property=\"og:type\" content=\"article\" \/>\n<meta property=\"og:title\" content=\"Sabino avalia tornar progressiva tributa\u00e7\u00e3o de dividendos - Amaral, Yazbek Advogados\" \/>\n<meta property=\"og:description\" content=\"O deputado Celso Sabino (PSDB-PA) avalia a possibilidade de estabelecer alguma progressividade na taxa\u00e7\u00e3o dos dividendos, apurou o Valor. Ele ainda n\u00e3o havia tomado decis\u00e3o sobre seguir esse caminho e de que maneira faria isso &#8211; se jogando a tributa\u00e7\u00e3o para a tabela progressiva do IRPF ou estabelecendo faixas de taxa\u00e7\u00e3o por volume de dividendos-, [&hellip;]\" \/>\n<meta property=\"og:url\" content=\"https:\/\/www.ayadvogados.com.br\/?p=1324\" \/>\n<meta property=\"og:site_name\" content=\"Amaral, Yazbek Advogados\" \/>\n<meta property=\"article:publisher\" content=\"https:\/\/www.facebook.com\/AYadvogados\" \/>\n<meta property=\"article:published_time\" content=\"2021-07-16T15:19:55+00:00\" \/>\n<meta property=\"og:image\" content=\"https:\/\/www.ayadvogados.com.br\/wp-content\/uploads\/2021\/07\/Blog-9.png\" \/>\n\t<meta property=\"og:image:width\" content=\"1000\" \/>\n\t<meta property=\"og:image:height\" content=\"620\" \/>\n\t<meta property=\"og:image:type\" content=\"image\/png\" \/>\n<meta name=\"author\" content=\"AY Advogados\" \/>\n<meta name=\"twitter:card\" content=\"summary_large_image\" \/>\n<meta name=\"twitter:label1\" content=\"Escrito por\" \/>\n\t<meta name=\"twitter:data1\" content=\"AY Advogados\" \/>\n\t<meta name=\"twitter:label2\" content=\"Est. tempo de leitura\" \/>\n\t<meta name=\"twitter:data2\" content=\"3 minutos\" \/>\n<script type=\"application\/ld+json\" class=\"yoast-schema-graph\">{\"@context\":\"https:\\\/\\\/schema.org\",\"@graph\":[{\"@type\":\"Article\",\"@id\":\"https:\\\/\\\/www.ayadvogados.com.br\\\/?p=1324#article\",\"isPartOf\":{\"@id\":\"https:\\\/\\\/www.ayadvogados.com.br\\\/?p=1324\"},\"author\":{\"name\":\"AY Advogados\",\"@id\":\"https:\\\/\\\/www.ayadvogados.com.br\\\/#\\\/schema\\\/person\\\/4abfbf03ad3e577e691d333af064a912\"},\"headline\":\"Sabino avalia tornar progressiva tributa\u00e7\u00e3o de dividendos\",\"datePublished\":\"2021-07-16T15:19:55+00:00\",\"mainEntityOfPage\":{\"@id\":\"https:\\\/\\\/www.ayadvogados.com.br\\\/?p=1324\"},\"wordCount\":684,\"commentCount\":0,\"publisher\":{\"@id\":\"https:\\\/\\\/www.ayadvogados.com.br\\\/#organization\"},\"image\":{\"@id\":\"https:\\\/\\\/www.ayadvogados.com.br\\\/?p=1324#primaryimage\"},\"thumbnailUrl\":\"https:\\\/\\\/www.ayadvogados.com.br\\\/wp-content\\\/uploads\\\/2021\\\/07\\\/Blog-9.png\",\"articleSection\":[\"Not\u00edcia do Dia\"],\"inLanguage\":\"pt-BR\",\"potentialAction\":[{\"@type\":\"CommentAction\",\"name\":\"Comment\",\"target\":[\"https:\\\/\\\/www.ayadvogados.com.br\\\/?p=1324#respond\"]}]},{\"@type\":\"WebPage\",\"@id\":\"https:\\\/\\\/www.ayadvogados.com.br\\\/?p=1324\",\"url\":\"https:\\\/\\\/www.ayadvogados.com.br\\\/?p=1324\",\"name\":\"Sabino avalia tornar progressiva tributa\u00e7\u00e3o de dividendos - Amaral, Yazbek Advogados\",\"isPartOf\":{\"@id\":\"https:\\\/\\\/www.ayadvogados.com.br\\\/#website\"},\"primaryImageOfPage\":{\"@id\":\"https:\\\/\\\/www.ayadvogados.com.br\\\/?p=1324#primaryimage\"},\"image\":{\"@id\":\"https:\\\/\\\/www.ayadvogados.com.br\\\/?p=1324#primaryimage\"},\"thumbnailUrl\":\"https:\\\/\\\/www.ayadvogados.com.br\\\/wp-content\\\/uploads\\\/2021\\\/07\\\/Blog-9.png\",\"datePublished\":\"2021-07-16T15:19:55+00:00\",\"breadcrumb\":{\"@id\":\"https:\\\/\\\/www.ayadvogados.com.br\\\/?p=1324#breadcrumb\"},\"inLanguage\":\"pt-BR\",\"potentialAction\":[{\"@type\":\"ReadAction\",\"target\":[\"https:\\\/\\\/www.ayadvogados.com.br\\\/?p=1324\"]}]},{\"@type\":\"ImageObject\",\"inLanguage\":\"pt-BR\",\"@id\":\"https:\\\/\\\/www.ayadvogados.com.br\\\/?p=1324#primaryimage\",\"url\":\"https:\\\/\\\/www.ayadvogados.com.br\\\/wp-content\\\/uploads\\\/2021\\\/07\\\/Blog-9.png\",\"contentUrl\":\"https:\\\/\\\/www.ayadvogados.com.br\\\/wp-content\\\/uploads\\\/2021\\\/07\\\/Blog-9.png\",\"width\":1000,\"height\":620},{\"@type\":\"BreadcrumbList\",\"@id\":\"https:\\\/\\\/www.ayadvogados.com.br\\\/?p=1324#breadcrumb\",\"itemListElement\":[{\"@type\":\"ListItem\",\"position\":1,\"name\":\"In\u00edcio\",\"item\":\"https:\\\/\\\/www.ayadvogados.com.br\\\/\"},{\"@type\":\"ListItem\",\"position\":2,\"name\":\"Sabino avalia tornar progressiva tributa\u00e7\u00e3o de dividendos\"}]},{\"@type\":\"WebSite\",\"@id\":\"https:\\\/\\\/www.ayadvogados.com.br\\\/#website\",\"url\":\"https:\\\/\\\/www.ayadvogados.com.br\\\/\",\"name\":\"Amaral, Yazbek Advogados\",\"description\":\"Curitiba \u2022 Bras\u00edlia \u2022 S\u00e3o Paulo\",\"publisher\":{\"@id\":\"https:\\\/\\\/www.ayadvogados.com.br\\\/#organization\"},\"potentialAction\":[{\"@type\":\"SearchAction\",\"target\":{\"@type\":\"EntryPoint\",\"urlTemplate\":\"https:\\\/\\\/www.ayadvogados.com.br\\\/?s={search_term_string}\"},\"query-input\":{\"@type\":\"PropertyValueSpecification\",\"valueRequired\":true,\"valueName\":\"search_term_string\"}}],\"inLanguage\":\"pt-BR\"},{\"@type\":\"Organization\",\"@id\":\"https:\\\/\\\/www.ayadvogados.com.br\\\/#organization\",\"name\":\"Amaral, Yazbek Advogados\",\"url\":\"https:\\\/\\\/www.ayadvogados.com.br\\\/\",\"logo\":{\"@type\":\"ImageObject\",\"inLanguage\":\"pt-BR\",\"@id\":\"https:\\\/\\\/www.ayadvogados.com.br\\\/#\\\/schema\\\/logo\\\/image\\\/\",\"url\":\"http:\\\/\\\/34.239.117.254\\\/wp-content\\\/uploads\\\/2021\\\/03\\\/logo-ay-g.png\",\"contentUrl\":\"http:\\\/\\\/34.239.117.254\\\/wp-content\\\/uploads\\\/2021\\\/03\\\/logo-ay-g.png\",\"width\":434,\"height\":106,\"caption\":\"Amaral, Yazbek Advogados\"},\"image\":{\"@id\":\"https:\\\/\\\/www.ayadvogados.com.br\\\/#\\\/schema\\\/logo\\\/image\\\/\"},\"sameAs\":[\"https:\\\/\\\/www.facebook.com\\\/AYadvogados\",\"https:\\\/\\\/www.instagram.com\\\/ayadvogados\\\/\"]},{\"@type\":\"Person\",\"@id\":\"https:\\\/\\\/www.ayadvogados.com.br\\\/#\\\/schema\\\/person\\\/4abfbf03ad3e577e691d333af064a912\",\"name\":\"AY Advogados\",\"image\":{\"@type\":\"ImageObject\",\"inLanguage\":\"pt-BR\",\"@id\":\"https:\\\/\\\/secure.gravatar.com\\\/avatar\\\/1473912b851241f5503026e6156e144dcd83ff7addb67f65e1ed9ca21ee1d9cf?s=96&d=mm&r=g\",\"url\":\"https:\\\/\\\/secure.gravatar.com\\\/avatar\\\/1473912b851241f5503026e6156e144dcd83ff7addb67f65e1ed9ca21ee1d9cf?s=96&d=mm&r=g\",\"contentUrl\":\"https:\\\/\\\/secure.gravatar.com\\\/avatar\\\/1473912b851241f5503026e6156e144dcd83ff7addb67f65e1ed9ca21ee1d9cf?s=96&d=mm&r=g\",\"caption\":\"AY Advogados\"},\"sameAs\":[\"https:\\\/\\\/ayadvogados.com.br\"],\"url\":\"https:\\\/\\\/www.ayadvogados.com.br\\\/?author=2\"}]}<\/script>\n<!-- \/ Yoast SEO plugin. -->","yoast_head_json":{"title":"Sabino avalia tornar progressiva tributa\u00e7\u00e3o de dividendos - Amaral, Yazbek Advogados","robots":{"index":"index","follow":"follow","max-snippet":"max-snippet:-1","max-image-preview":"max-image-preview:large","max-video-preview":"max-video-preview:-1"},"canonical":"https:\/\/www.ayadvogados.com.br\/?p=1324","og_locale":"pt_BR","og_type":"article","og_title":"Sabino avalia tornar progressiva tributa\u00e7\u00e3o de dividendos - Amaral, Yazbek Advogados","og_description":"O deputado Celso Sabino (PSDB-PA) avalia a possibilidade de estabelecer alguma progressividade na taxa\u00e7\u00e3o dos dividendos, apurou o Valor. Ele ainda n\u00e3o havia tomado decis\u00e3o sobre seguir esse caminho e de que maneira faria isso &#8211; se jogando a tributa\u00e7\u00e3o para a tabela progressiva do IRPF ou estabelecendo faixas de taxa\u00e7\u00e3o por volume de dividendos-, [&hellip;]","og_url":"https:\/\/www.ayadvogados.com.br\/?p=1324","og_site_name":"Amaral, Yazbek Advogados","article_publisher":"https:\/\/www.facebook.com\/AYadvogados","article_published_time":"2021-07-16T15:19:55+00:00","og_image":[{"width":1000,"height":620,"url":"https:\/\/www.ayadvogados.com.br\/wp-content\/uploads\/2021\/07\/Blog-9.png","type":"image\/png"}],"author":"AY Advogados","twitter_card":"summary_large_image","twitter_misc":{"Escrito por":"AY Advogados","Est. tempo de leitura":"3 minutos"},"schema":{"@context":"https:\/\/schema.org","@graph":[{"@type":"Article","@id":"https:\/\/www.ayadvogados.com.br\/?p=1324#article","isPartOf":{"@id":"https:\/\/www.ayadvogados.com.br\/?p=1324"},"author":{"name":"AY Advogados","@id":"https:\/\/www.ayadvogados.com.br\/#\/schema\/person\/4abfbf03ad3e577e691d333af064a912"},"headline":"Sabino avalia tornar progressiva tributa\u00e7\u00e3o de dividendos","datePublished":"2021-07-16T15:19:55+00:00","mainEntityOfPage":{"@id":"https:\/\/www.ayadvogados.com.br\/?p=1324"},"wordCount":684,"commentCount":0,"publisher":{"@id":"https:\/\/www.ayadvogados.com.br\/#organization"},"image":{"@id":"https:\/\/www.ayadvogados.com.br\/?p=1324#primaryimage"},"thumbnailUrl":"https:\/\/www.ayadvogados.com.br\/wp-content\/uploads\/2021\/07\/Blog-9.png","articleSection":["Not\u00edcia do Dia"],"inLanguage":"pt-BR","potentialAction":[{"@type":"CommentAction","name":"Comment","target":["https:\/\/www.ayadvogados.com.br\/?p=1324#respond"]}]},{"@type":"WebPage","@id":"https:\/\/www.ayadvogados.com.br\/?p=1324","url":"https:\/\/www.ayadvogados.com.br\/?p=1324","name":"Sabino avalia tornar progressiva tributa\u00e7\u00e3o de dividendos - Amaral, Yazbek Advogados","isPartOf":{"@id":"https:\/\/www.ayadvogados.com.br\/#website"},"primaryImageOfPage":{"@id":"https:\/\/www.ayadvogados.com.br\/?p=1324#primaryimage"},"image":{"@id":"https:\/\/www.ayadvogados.com.br\/?p=1324#primaryimage"},"thumbnailUrl":"https:\/\/www.ayadvogados.com.br\/wp-content\/uploads\/2021\/07\/Blog-9.png","datePublished":"2021-07-16T15:19:55+00:00","breadcrumb":{"@id":"https:\/\/www.ayadvogados.com.br\/?p=1324#breadcrumb"},"inLanguage":"pt-BR","potentialAction":[{"@type":"ReadAction","target":["https:\/\/www.ayadvogados.com.br\/?p=1324"]}]},{"@type":"ImageObject","inLanguage":"pt-BR","@id":"https:\/\/www.ayadvogados.com.br\/?p=1324#primaryimage","url":"https:\/\/www.ayadvogados.com.br\/wp-content\/uploads\/2021\/07\/Blog-9.png","contentUrl":"https:\/\/www.ayadvogados.com.br\/wp-content\/uploads\/2021\/07\/Blog-9.png","width":1000,"height":620},{"@type":"BreadcrumbList","@id":"https:\/\/www.ayadvogados.com.br\/?p=1324#breadcrumb","itemListElement":[{"@type":"ListItem","position":1,"name":"In\u00edcio","item":"https:\/\/www.ayadvogados.com.br\/"},{"@type":"ListItem","position":2,"name":"Sabino avalia tornar progressiva tributa\u00e7\u00e3o de dividendos"}]},{"@type":"WebSite","@id":"https:\/\/www.ayadvogados.com.br\/#website","url":"https:\/\/www.ayadvogados.com.br\/","name":"Amaral, Yazbek Advogados","description":"Curitiba \u2022 Bras\u00edlia \u2022 S\u00e3o Paulo","publisher":{"@id":"https:\/\/www.ayadvogados.com.br\/#organization"},"potentialAction":[{"@type":"SearchAction","target":{"@type":"EntryPoint","urlTemplate":"https:\/\/www.ayadvogados.com.br\/?s={search_term_string}"},"query-input":{"@type":"PropertyValueSpecification","valueRequired":true,"valueName":"search_term_string"}}],"inLanguage":"pt-BR"},{"@type":"Organization","@id":"https:\/\/www.ayadvogados.com.br\/#organization","name":"Amaral, Yazbek Advogados","url":"https:\/\/www.ayadvogados.com.br\/","logo":{"@type":"ImageObject","inLanguage":"pt-BR","@id":"https:\/\/www.ayadvogados.com.br\/#\/schema\/logo\/image\/","url":"http:\/\/34.239.117.254\/wp-content\/uploads\/2021\/03\/logo-ay-g.png","contentUrl":"http:\/\/34.239.117.254\/wp-content\/uploads\/2021\/03\/logo-ay-g.png","width":434,"height":106,"caption":"Amaral, Yazbek Advogados"},"image":{"@id":"https:\/\/www.ayadvogados.com.br\/#\/schema\/logo\/image\/"},"sameAs":["https:\/\/www.facebook.com\/AYadvogados","https:\/\/www.instagram.com\/ayadvogados\/"]},{"@type":"Person","@id":"https:\/\/www.ayadvogados.com.br\/#\/schema\/person\/4abfbf03ad3e577e691d333af064a912","name":"AY Advogados","image":{"@type":"ImageObject","inLanguage":"pt-BR","@id":"https:\/\/secure.gravatar.com\/avatar\/1473912b851241f5503026e6156e144dcd83ff7addb67f65e1ed9ca21ee1d9cf?s=96&d=mm&r=g","url":"https:\/\/secure.gravatar.com\/avatar\/1473912b851241f5503026e6156e144dcd83ff7addb67f65e1ed9ca21ee1d9cf?s=96&d=mm&r=g","contentUrl":"https:\/\/secure.gravatar.com\/avatar\/1473912b851241f5503026e6156e144dcd83ff7addb67f65e1ed9ca21ee1d9cf?s=96&d=mm&r=g","caption":"AY Advogados"},"sameAs":["https:\/\/ayadvogados.com.br"],"url":"https:\/\/www.ayadvogados.com.br\/?author=2"}]}},"rttpg_featured_image_url":{"full":["https:\/\/www.ayadvogados.com.br\/wp-content\/uploads\/2021\/07\/Blog-9.png",1000,620,false],"landscape":["https:\/\/www.ayadvogados.com.br\/wp-content\/uploads\/2021\/07\/Blog-9.png",1000,620,false],"portraits":["https:\/\/www.ayadvogados.com.br\/wp-content\/uploads\/2021\/07\/Blog-9.png",1000,620,false],"thumbnail":["https:\/\/www.ayadvogados.com.br\/wp-content\/uploads\/2021\/07\/Blog-9-150x150.png",150,150,true],"medium":["https:\/\/www.ayadvogados.com.br\/wp-content\/uploads\/2021\/07\/Blog-9-300x186.png",300,186,true],"large":["https:\/\/www.ayadvogados.com.br\/wp-content\/uploads\/2021\/07\/Blog-9.png",1000,620,false],"1536x1536":["https:\/\/www.ayadvogados.com.br\/wp-content\/uploads\/2021\/07\/Blog-9.png",1000,620,false],"2048x2048":["https:\/\/www.ayadvogados.com.br\/wp-content\/uploads\/2021\/07\/Blog-9.png",1000,620,false]},"rttpg_author":{"display_name":"AY Advogados","author_link":"https:\/\/www.ayadvogados.com.br\/?author=2"},"rttpg_comment":0,"rttpg_category":"<a href=\"https:\/\/www.ayadvogados.com.br\/?cat=1\" rel=\"category\">Not\u00edcia do Dia<\/a>","rttpg_excerpt":"O deputado Celso Sabino (PSDB-PA) avalia a possibilidade de estabelecer alguma progressividade na taxa\u00e7\u00e3o dos dividendos, apurou o Valor. Ele ainda n\u00e3o havia tomado decis\u00e3o sobre seguir esse caminho e de que maneira faria isso &#8211; se jogando a tributa\u00e7\u00e3o para a tabela progressiva do IRPF ou estabelecendo faixas de taxa\u00e7\u00e3o por volume de dividendos-,&hellip;","_links":{"self":[{"href":"https:\/\/www.ayadvogados.com.br\/index.php?rest_route=\/wp\/v2\/posts\/1324","targetHints":{"allow":["GET"]}}],"collection":[{"href":"https:\/\/www.ayadvogados.com.br\/index.php?rest_route=\/wp\/v2\/posts"}],"about":[{"href":"https:\/\/www.ayadvogados.com.br\/index.php?rest_route=\/wp\/v2\/types\/post"}],"author":[{"embeddable":true,"href":"https:\/\/www.ayadvogados.com.br\/index.php?rest_route=\/wp\/v2\/users\/2"}],"replies":[{"embeddable":true,"href":"https:\/\/www.ayadvogados.com.br\/index.php?rest_route=%2Fwp%2Fv2%2Fcomments&post=1324"}],"version-history":[{"count":1,"href":"https:\/\/www.ayadvogados.com.br\/index.php?rest_route=\/wp\/v2\/posts\/1324\/revisions"}],"predecessor-version":[{"id":1326,"href":"https:\/\/www.ayadvogados.com.br\/index.php?rest_route=\/wp\/v2\/posts\/1324\/revisions\/1326"}],"wp:featuredmedia":[{"embeddable":true,"href":"https:\/\/www.ayadvogados.com.br\/index.php?rest_route=\/wp\/v2\/media\/1325"}],"wp:attachment":[{"href":"https:\/\/www.ayadvogados.com.br\/index.php?rest_route=%2Fwp%2Fv2%2Fmedia&parent=1324"}],"wp:term":[{"taxonomy":"category","embeddable":true,"href":"https:\/\/www.ayadvogados.com.br\/index.php?rest_route=%2Fwp%2Fv2%2Fcategories&post=1324"},{"taxonomy":"post_tag","embeddable":true,"href":"https:\/\/www.ayadvogados.com.br\/index.php?rest_route=%2Fwp%2Fv2%2Ftags&post=1324"}],"curies":[{"name":"wp","href":"https:\/\/api.w.org\/{rel}","templated":true}]}}