{"id":1320,"date":"2021-07-15T18:39:39","date_gmt":"2021-07-15T21:39:39","guid":{"rendered":"http:\/\/34.239.117.254\/?p=1320"},"modified":"2021-07-15T18:50:48","modified_gmt":"2021-07-15T21:50:48","slug":"tese-do-seculo-74-das-empresas-ainda-nao-resgataram-os-creditos-to-pis-e-cofins","status":"publish","type":"post","link":"https:\/\/www.ayadvogados.com.br\/?p=1320","title":{"rendered":"Tese Do S\u00e9culo: 74% das empresas ainda n\u00e3o resgataram os cr\u00e9ditos to PIS e COFINS"},"content":{"rendered":"\n<p>Ol\u00e1! Eu sou Let\u00edcia Amaral, vice-presidente do IBPT e s\u00f3cia da Amaral, Yazbek Advogados.<br>Seja Bem-vindo ao DIN Cast, o podcast tribut\u00e1rio que ajuda empresas e empres\u00e1rios a se tornarem l\u00edderes de mercado atrav\u00e9s da Intelig\u00eancia de Neg\u00f3cios!<br>Todos sabemos, ou dever\u00edamos saber que as repercuss\u00f5es da chamada \u201cTese do S\u00e9culo\u201d est\u00e3o gerando para empresas, bilh\u00f5es de reais em cr\u00e9ditos tribut\u00e1rios, e no epis\u00f3dio de hoje, que vem para celebrar o 20\u00b0 Epis\u00f3dio do DIN Cast, falaremos sobre como 74% das empresas ainda n\u00e3o resgataram os cr\u00e9ditos de PIS e COFINS.<br>Esse \u00e9 provavelmente o epis\u00f3dio mais importante dessa temporada pois vai falar sobre um tema que est\u00e1 em tr\u00e2mite na justi\u00e7a h\u00e1 d\u00e9cadas!<br>Ent\u00e3o, se voc\u00ea procura entender melhor a \u201cTese do S\u00e9culo\u201d e as oportunidades para recupera\u00e7\u00e3o de cr\u00e9ditos tribut\u00e1rios para sua empresa, escute esse podcast at\u00e9 o final!<br>Mat\u00e9ria Completa:<\/p>\n\n\n\n<figure class=\"wp-block-embed is-type-rich is-provider-spotify wp-block-embed-spotify wp-embed-aspect-21-9 wp-has-aspect-ratio\"><div class=\"wp-block-embed__wrapper\">\n<iframe title=\"Spotify Embed: Tese do S\u00e9culo: 74% das empresas ainda n\u00e3o resgataram os cr\u00e9ditos do PIS e COFINS - Dra. Let\u00edcia Amaral\" width=\"100%\" height=\"232\" allowtransparency=\"true\" frameborder=\"0\" allow=\"encrypted-media\" src=\"https:\/\/open.spotify.com\/embed\/episode\/33oZs0UMHXYN4gjoZmRLTw\"><\/iframe>\n<\/div><\/figure>\n\n\n\n<p><br>Quer estar sempre atualizado sobre as novidades no setor tribut\u00e1rio?<br>Siga a Amaral, Yazbek nas redes sociais:<\/p>\n\n\n\n<p>\ud83d\udc49Facebook: <a href=\"https:\/\/www.facebook.com\/AYadvogados\">https:\/\/www.facebook.com\/AYadvogados<\/a><br>\ud83d\udc49Instagram:<a href=\" https:\/\/www.instagram.com\/ayadvogados\"> https:\/\/www.instagram.com\/ayadvogados<\/a><br>\ud83d\udc49Linkedin: <a href=\"https:\/\/www.linkedin.com\/company\/amaral-yazbek-advogados\/\">https:\/\/www.linkedin.com\/company\/amaral-yazbek-advogados\/<\/a><\/p>\n\n\n\n<p>\ud83c\udf81 Queremos te oferecer um presente! Preparamos a 10\u00aa edi\u00e7\u00e3o da revista Governan\u00e7a Jur\u00eddica dando dicas de ordem tribut\u00e1ria para que os empres\u00e1rios, independentemente do porte do seu neg\u00f3cio, possam reduzir os seus custos no per\u00edodo dif\u00edcil em que estamos vivendo.<\/p>\n\n\n\n<p><br>\ud83d\udc49Baixe gratuitamente: http:\/\/ayadvogados.com.br\/revista\/<br><\/p>\n\n\n\n<p>A Amaral, Yazbek, Advogados, OAB-PR 762, atua com excel\u00eancia no setor tribut\u00e1rio h\u00e1 35 anos, auxiliando empresas a transformarem tributa\u00e7\u00e3o em lucro.<\/p>\n","protected":false},"excerpt":{"rendered":"<p>Ol\u00e1! Eu sou Let\u00edcia Amaral, vice-presidente do IBPT e s\u00f3cia da Amaral, Yazbek Advogados.Seja Bem-vindo ao DIN Cast, o podcast tribut\u00e1rio que ajuda empresas e empres\u00e1rios a se tornarem l\u00edderes de mercado atrav\u00e9s da Intelig\u00eancia de Neg\u00f3cios!Todos sabemos, ou dever\u00edamos saber que as repercuss\u00f5es da chamada \u201cTese do S\u00e9culo\u201d est\u00e3o gerando para empresas, bilh\u00f5es de [&hellip;]<\/p>\n","protected":false},"author":2,"featured_media":1321,"comment_status":"open","ping_status":"open","sticky":false,"template":"","format":"standard","meta":{"footnotes":""},"categories":[5],"tags":[58,10,57,56],"class_list":["post-1320","post","type-post","status-publish","format-standard","has-post-thumbnail","hentry","category-dincast","tag-creditos-tributarios","tag-dincast","tag-pis-e-cofins","tag-tese-do-seculo"],"blocksy_meta":{"styles_descriptor":{"styles":{"desktop":"","tablet":"","mobile":""},"google_fonts":[],"version":6}},"yoast_head":"<!-- This site is optimized with the Yoast SEO plugin v27.5 - https:\/\/yoast.com\/product\/yoast-seo-wordpress\/ -->\n<title>Tese Do S\u00e9culo: 74% das empresas ainda n\u00e3o resgataram os cr\u00e9ditos to PIS e COFINS - Amaral, Yazbek Advogados<\/title>\n<meta name=\"robots\" content=\"index, follow, max-snippet:-1, max-image-preview:large, max-video-preview:-1\" \/>\n<link rel=\"canonical\" href=\"https:\/\/www.ayadvogados.com.br\/?p=1320\" \/>\n<meta property=\"og:locale\" content=\"pt_BR\" \/>\n<meta property=\"og:type\" content=\"article\" \/>\n<meta property=\"og:title\" content=\"Tese Do S\u00e9culo: 74% das empresas ainda n\u00e3o resgataram os cr\u00e9ditos to PIS e COFINS - Amaral, Yazbek Advogados\" \/>\n<meta property=\"og:description\" content=\"Ol\u00e1! Eu sou Let\u00edcia Amaral, vice-presidente do IBPT e s\u00f3cia da Amaral, Yazbek Advogados.Seja Bem-vindo ao DIN Cast, o podcast tribut\u00e1rio que ajuda empresas e empres\u00e1rios a se tornarem l\u00edderes de mercado atrav\u00e9s da Intelig\u00eancia de Neg\u00f3cios!Todos sabemos, ou dever\u00edamos saber que as repercuss\u00f5es da chamada \u201cTese do S\u00e9culo\u201d est\u00e3o gerando para empresas, bilh\u00f5es de [&hellip;]\" \/>\n<meta property=\"og:url\" content=\"https:\/\/www.ayadvogados.com.br\/?p=1320\" \/>\n<meta property=\"og:site_name\" content=\"Amaral, Yazbek Advogados\" \/>\n<meta property=\"article:publisher\" content=\"https:\/\/www.facebook.com\/AYadvogados\" \/>\n<meta property=\"article:published_time\" content=\"2021-07-15T21:39:39+00:00\" \/>\n<meta property=\"article:modified_time\" content=\"2021-07-15T21:50:48+00:00\" \/>\n<meta property=\"og:image\" content=\"https:\/\/www.ayadvogados.com.br\/wp-content\/uploads\/2021\/07\/WhatsApp-Image-2021-07-15-at-18.38.08-2.jpeg\" \/>\n\t<meta property=\"og:image:width\" content=\"1080\" \/>\n\t<meta property=\"og:image:height\" content=\"1080\" \/>\n\t<meta property=\"og:image:type\" content=\"image\/jpeg\" \/>\n<meta name=\"author\" content=\"AY Advogados\" \/>\n<meta name=\"twitter:card\" content=\"summary_large_image\" \/>\n<meta name=\"twitter:label1\" content=\"Escrito por\" \/>\n\t<meta name=\"twitter:data1\" content=\"AY Advogados\" \/>\n\t<meta name=\"twitter:label2\" content=\"Est. tempo de leitura\" \/>\n\t<meta name=\"twitter:data2\" content=\"1 minuto\" \/>\n<script type=\"application\/ld+json\" class=\"yoast-schema-graph\">{\"@context\":\"https:\\\/\\\/schema.org\",\"@graph\":[{\"@type\":\"Article\",\"@id\":\"https:\\\/\\\/www.ayadvogados.com.br\\\/?p=1320#article\",\"isPartOf\":{\"@id\":\"https:\\\/\\\/www.ayadvogados.com.br\\\/?p=1320\"},\"author\":{\"name\":\"AY Advogados\",\"@id\":\"https:\\\/\\\/www.34.239.117.254.sslip.io\\\/#\\\/schema\\\/person\\\/4abfbf03ad3e577e691d333af064a912\"},\"headline\":\"Tese Do S\u00e9culo: 74% das empresas ainda n\u00e3o resgataram os cr\u00e9ditos to PIS e COFINS\",\"datePublished\":\"2021-07-15T21:39:39+00:00\",\"dateModified\":\"2021-07-15T21:50:48+00:00\",\"mainEntityOfPage\":{\"@id\":\"https:\\\/\\\/www.ayadvogados.com.br\\\/?p=1320\"},\"wordCount\":308,\"commentCount\":0,\"publisher\":{\"@id\":\"https:\\\/\\\/www.34.239.117.254.sslip.io\\\/#organization\"},\"image\":{\"@id\":\"https:\\\/\\\/www.ayadvogados.com.br\\\/?p=1320#primaryimage\"},\"thumbnailUrl\":\"https:\\\/\\\/www.ayadvogados.com.br\\\/wp-content\\\/uploads\\\/2021\\\/07\\\/WhatsApp-Image-2021-07-15-at-18.38.08-2.jpeg\",\"keywords\":[\"cr\u00e9ditos tribut\u00e1rios\",\"dincast\",\"pis e cofins\",\"tese do seculo\"],\"articleSection\":[\"DINCast\"],\"inLanguage\":\"pt-BR\",\"potentialAction\":[{\"@type\":\"CommentAction\",\"name\":\"Comment\",\"target\":[\"https:\\\/\\\/www.ayadvogados.com.br\\\/?p=1320#respond\"]}]},{\"@type\":\"WebPage\",\"@id\":\"https:\\\/\\\/www.ayadvogados.com.br\\\/?p=1320\",\"url\":\"https:\\\/\\\/www.ayadvogados.com.br\\\/?p=1320\",\"name\":\"Tese Do S\u00e9culo: 74% das empresas ainda n\u00e3o resgataram os cr\u00e9ditos to PIS e COFINS - Amaral, Yazbek Advogados\",\"isPartOf\":{\"@id\":\"https:\\\/\\\/www.34.239.117.254.sslip.io\\\/#website\"},\"primaryImageOfPage\":{\"@id\":\"https:\\\/\\\/www.ayadvogados.com.br\\\/?p=1320#primaryimage\"},\"image\":{\"@id\":\"https:\\\/\\\/www.ayadvogados.com.br\\\/?p=1320#primaryimage\"},\"thumbnailUrl\":\"https:\\\/\\\/www.ayadvogados.com.br\\\/wp-content\\\/uploads\\\/2021\\\/07\\\/WhatsApp-Image-2021-07-15-at-18.38.08-2.jpeg\",\"datePublished\":\"2021-07-15T21:39:39+00:00\",\"dateModified\":\"2021-07-15T21:50:48+00:00\",\"breadcrumb\":{\"@id\":\"https:\\\/\\\/www.ayadvogados.com.br\\\/?p=1320#breadcrumb\"},\"inLanguage\":\"pt-BR\",\"potentialAction\":[{\"@type\":\"ReadAction\",\"target\":[\"https:\\\/\\\/www.ayadvogados.com.br\\\/?p=1320\"]}]},{\"@type\":\"ImageObject\",\"inLanguage\":\"pt-BR\",\"@id\":\"https:\\\/\\\/www.ayadvogados.com.br\\\/?p=1320#primaryimage\",\"url\":\"https:\\\/\\\/www.ayadvogados.com.br\\\/wp-content\\\/uploads\\\/2021\\\/07\\\/WhatsApp-Image-2021-07-15-at-18.38.08-2.jpeg\",\"contentUrl\":\"https:\\\/\\\/www.ayadvogados.com.br\\\/wp-content\\\/uploads\\\/2021\\\/07\\\/WhatsApp-Image-2021-07-15-at-18.38.08-2.jpeg\",\"width\":1080,\"height\":1080},{\"@type\":\"BreadcrumbList\",\"@id\":\"https:\\\/\\\/www.ayadvogados.com.br\\\/?p=1320#breadcrumb\",\"itemListElement\":[{\"@type\":\"ListItem\",\"position\":1,\"name\":\"In\u00edcio\",\"item\":\"https:\\\/\\\/www.34.239.117.254.sslip.io\\\/\"},{\"@type\":\"ListItem\",\"position\":2,\"name\":\"Tese Do S\u00e9culo: 74% das empresas ainda n\u00e3o resgataram os cr\u00e9ditos to PIS e COFINS\"}]},{\"@type\":\"WebSite\",\"@id\":\"https:\\\/\\\/www.34.239.117.254.sslip.io\\\/#website\",\"url\":\"https:\\\/\\\/www.34.239.117.254.sslip.io\\\/\",\"name\":\"Amaral, Yazbek Advogados\",\"description\":\"Curitiba \u2022 Bras\u00edlia \u2022 S\u00e3o Paulo\",\"publisher\":{\"@id\":\"https:\\\/\\\/www.34.239.117.254.sslip.io\\\/#organization\"},\"potentialAction\":[{\"@type\":\"SearchAction\",\"target\":{\"@type\":\"EntryPoint\",\"urlTemplate\":\"https:\\\/\\\/www.34.239.117.254.sslip.io\\\/?s={search_term_string}\"},\"query-input\":{\"@type\":\"PropertyValueSpecification\",\"valueRequired\":true,\"valueName\":\"search_term_string\"}}],\"inLanguage\":\"pt-BR\"},{\"@type\":\"Organization\",\"@id\":\"https:\\\/\\\/www.34.239.117.254.sslip.io\\\/#organization\",\"name\":\"Amaral, Yazbek Advogados\",\"url\":\"https:\\\/\\\/www.34.239.117.254.sslip.io\\\/\",\"logo\":{\"@type\":\"ImageObject\",\"inLanguage\":\"pt-BR\",\"@id\":\"https:\\\/\\\/www.34.239.117.254.sslip.io\\\/#\\\/schema\\\/logo\\\/image\\\/\",\"url\":\"http:\\\/\\\/34.239.117.254\\\/wp-content\\\/uploads\\\/2021\\\/03\\\/logo-ay-g.png\",\"contentUrl\":\"http:\\\/\\\/34.239.117.254\\\/wp-content\\\/uploads\\\/2021\\\/03\\\/logo-ay-g.png\",\"width\":434,\"height\":106,\"caption\":\"Amaral, Yazbek Advogados\"},\"image\":{\"@id\":\"https:\\\/\\\/www.34.239.117.254.sslip.io\\\/#\\\/schema\\\/logo\\\/image\\\/\"},\"sameAs\":[\"https:\\\/\\\/www.facebook.com\\\/AYadvogados\",\"https:\\\/\\\/www.instagram.com\\\/ayadvogados\\\/\"]},{\"@type\":\"Person\",\"@id\":\"https:\\\/\\\/www.34.239.117.254.sslip.io\\\/#\\\/schema\\\/person\\\/4abfbf03ad3e577e691d333af064a912\",\"name\":\"AY Advogados\",\"image\":{\"@type\":\"ImageObject\",\"inLanguage\":\"pt-BR\",\"@id\":\"https:\\\/\\\/secure.gravatar.com\\\/avatar\\\/1473912b851241f5503026e6156e144dcd83ff7addb67f65e1ed9ca21ee1d9cf?s=96&d=mm&r=g\",\"url\":\"https:\\\/\\\/secure.gravatar.com\\\/avatar\\\/1473912b851241f5503026e6156e144dcd83ff7addb67f65e1ed9ca21ee1d9cf?s=96&d=mm&r=g\",\"contentUrl\":\"https:\\\/\\\/secure.gravatar.com\\\/avatar\\\/1473912b851241f5503026e6156e144dcd83ff7addb67f65e1ed9ca21ee1d9cf?s=96&d=mm&r=g\",\"caption\":\"AY Advogados\"},\"sameAs\":[\"https:\\\/\\\/ayadvogados.com.br\"],\"url\":\"https:\\\/\\\/www.ayadvogados.com.br\\\/?author=2\"}]}<\/script>\n<!-- \/ Yoast SEO plugin. -->","yoast_head_json":{"title":"Tese Do S\u00e9culo: 74% das empresas ainda n\u00e3o resgataram os cr\u00e9ditos to PIS e COFINS - Amaral, Yazbek Advogados","robots":{"index":"index","follow":"follow","max-snippet":"max-snippet:-1","max-image-preview":"max-image-preview:large","max-video-preview":"max-video-preview:-1"},"canonical":"https:\/\/www.ayadvogados.com.br\/?p=1320","og_locale":"pt_BR","og_type":"article","og_title":"Tese Do S\u00e9culo: 74% das empresas ainda n\u00e3o resgataram os cr\u00e9ditos to PIS e COFINS - Amaral, Yazbek Advogados","og_description":"Ol\u00e1! Eu sou Let\u00edcia Amaral, vice-presidente do IBPT e s\u00f3cia da Amaral, Yazbek Advogados.Seja Bem-vindo ao DIN Cast, o podcast tribut\u00e1rio que ajuda empresas e empres\u00e1rios a se tornarem l\u00edderes de mercado atrav\u00e9s da Intelig\u00eancia de Neg\u00f3cios!Todos sabemos, ou dever\u00edamos saber que as repercuss\u00f5es da chamada \u201cTese do S\u00e9culo\u201d est\u00e3o gerando para empresas, bilh\u00f5es de [&hellip;]","og_url":"https:\/\/www.ayadvogados.com.br\/?p=1320","og_site_name":"Amaral, Yazbek Advogados","article_publisher":"https:\/\/www.facebook.com\/AYadvogados","article_published_time":"2021-07-15T21:39:39+00:00","article_modified_time":"2021-07-15T21:50:48+00:00","og_image":[{"width":1080,"height":1080,"url":"https:\/\/www.ayadvogados.com.br\/wp-content\/uploads\/2021\/07\/WhatsApp-Image-2021-07-15-at-18.38.08-2.jpeg","type":"image\/jpeg"}],"author":"AY Advogados","twitter_card":"summary_large_image","twitter_misc":{"Escrito por":"AY Advogados","Est. tempo de leitura":"1 minuto"},"schema":{"@context":"https:\/\/schema.org","@graph":[{"@type":"Article","@id":"https:\/\/www.ayadvogados.com.br\/?p=1320#article","isPartOf":{"@id":"https:\/\/www.ayadvogados.com.br\/?p=1320"},"author":{"name":"AY Advogados","@id":"https:\/\/www.34.239.117.254.sslip.io\/#\/schema\/person\/4abfbf03ad3e577e691d333af064a912"},"headline":"Tese Do S\u00e9culo: 74% das empresas ainda n\u00e3o resgataram os cr\u00e9ditos to PIS e COFINS","datePublished":"2021-07-15T21:39:39+00:00","dateModified":"2021-07-15T21:50:48+00:00","mainEntityOfPage":{"@id":"https:\/\/www.ayadvogados.com.br\/?p=1320"},"wordCount":308,"commentCount":0,"publisher":{"@id":"https:\/\/www.34.239.117.254.sslip.io\/#organization"},"image":{"@id":"https:\/\/www.ayadvogados.com.br\/?p=1320#primaryimage"},"thumbnailUrl":"https:\/\/www.ayadvogados.com.br\/wp-content\/uploads\/2021\/07\/WhatsApp-Image-2021-07-15-at-18.38.08-2.jpeg","keywords":["cr\u00e9ditos tribut\u00e1rios","dincast","pis e cofins","tese do seculo"],"articleSection":["DINCast"],"inLanguage":"pt-BR","potentialAction":[{"@type":"CommentAction","name":"Comment","target":["https:\/\/www.ayadvogados.com.br\/?p=1320#respond"]}]},{"@type":"WebPage","@id":"https:\/\/www.ayadvogados.com.br\/?p=1320","url":"https:\/\/www.ayadvogados.com.br\/?p=1320","name":"Tese Do S\u00e9culo: 74% das empresas ainda n\u00e3o resgataram os cr\u00e9ditos to PIS e COFINS - Amaral, Yazbek Advogados","isPartOf":{"@id":"https:\/\/www.34.239.117.254.sslip.io\/#website"},"primaryImageOfPage":{"@id":"https:\/\/www.ayadvogados.com.br\/?p=1320#primaryimage"},"image":{"@id":"https:\/\/www.ayadvogados.com.br\/?p=1320#primaryimage"},"thumbnailUrl":"https:\/\/www.ayadvogados.com.br\/wp-content\/uploads\/2021\/07\/WhatsApp-Image-2021-07-15-at-18.38.08-2.jpeg","datePublished":"2021-07-15T21:39:39+00:00","dateModified":"2021-07-15T21:50:48+00:00","breadcrumb":{"@id":"https:\/\/www.ayadvogados.com.br\/?p=1320#breadcrumb"},"inLanguage":"pt-BR","potentialAction":[{"@type":"ReadAction","target":["https:\/\/www.ayadvogados.com.br\/?p=1320"]}]},{"@type":"ImageObject","inLanguage":"pt-BR","@id":"https:\/\/www.ayadvogados.com.br\/?p=1320#primaryimage","url":"https:\/\/www.ayadvogados.com.br\/wp-content\/uploads\/2021\/07\/WhatsApp-Image-2021-07-15-at-18.38.08-2.jpeg","contentUrl":"https:\/\/www.ayadvogados.com.br\/wp-content\/uploads\/2021\/07\/WhatsApp-Image-2021-07-15-at-18.38.08-2.jpeg","width":1080,"height":1080},{"@type":"BreadcrumbList","@id":"https:\/\/www.ayadvogados.com.br\/?p=1320#breadcrumb","itemListElement":[{"@type":"ListItem","position":1,"name":"In\u00edcio","item":"https:\/\/www.34.239.117.254.sslip.io\/"},{"@type":"ListItem","position":2,"name":"Tese Do S\u00e9culo: 74% das empresas ainda n\u00e3o resgataram os cr\u00e9ditos to PIS e COFINS"}]},{"@type":"WebSite","@id":"https:\/\/www.34.239.117.254.sslip.io\/#website","url":"https:\/\/www.34.239.117.254.sslip.io\/","name":"Amaral, Yazbek Advogados","description":"Curitiba \u2022 Bras\u00edlia \u2022 S\u00e3o Paulo","publisher":{"@id":"https:\/\/www.34.239.117.254.sslip.io\/#organization"},"potentialAction":[{"@type":"SearchAction","target":{"@type":"EntryPoint","urlTemplate":"https:\/\/www.34.239.117.254.sslip.io\/?s={search_term_string}"},"query-input":{"@type":"PropertyValueSpecification","valueRequired":true,"valueName":"search_term_string"}}],"inLanguage":"pt-BR"},{"@type":"Organization","@id":"https:\/\/www.34.239.117.254.sslip.io\/#organization","name":"Amaral, Yazbek Advogados","url":"https:\/\/www.34.239.117.254.sslip.io\/","logo":{"@type":"ImageObject","inLanguage":"pt-BR","@id":"https:\/\/www.34.239.117.254.sslip.io\/#\/schema\/logo\/image\/","url":"http:\/\/34.239.117.254\/wp-content\/uploads\/2021\/03\/logo-ay-g.png","contentUrl":"http:\/\/34.239.117.254\/wp-content\/uploads\/2021\/03\/logo-ay-g.png","width":434,"height":106,"caption":"Amaral, Yazbek Advogados"},"image":{"@id":"https:\/\/www.34.239.117.254.sslip.io\/#\/schema\/logo\/image\/"},"sameAs":["https:\/\/www.facebook.com\/AYadvogados","https:\/\/www.instagram.com\/ayadvogados\/"]},{"@type":"Person","@id":"https:\/\/www.34.239.117.254.sslip.io\/#\/schema\/person\/4abfbf03ad3e577e691d333af064a912","name":"AY Advogados","image":{"@type":"ImageObject","inLanguage":"pt-BR","@id":"https:\/\/secure.gravatar.com\/avatar\/1473912b851241f5503026e6156e144dcd83ff7addb67f65e1ed9ca21ee1d9cf?s=96&d=mm&r=g","url":"https:\/\/secure.gravatar.com\/avatar\/1473912b851241f5503026e6156e144dcd83ff7addb67f65e1ed9ca21ee1d9cf?s=96&d=mm&r=g","contentUrl":"https:\/\/secure.gravatar.com\/avatar\/1473912b851241f5503026e6156e144dcd83ff7addb67f65e1ed9ca21ee1d9cf?s=96&d=mm&r=g","caption":"AY Advogados"},"sameAs":["https:\/\/ayadvogados.com.br"],"url":"https:\/\/www.ayadvogados.com.br\/?author=2"}]}},"rttpg_featured_image_url":{"full":["https:\/\/www.ayadvogados.com.br\/wp-content\/uploads\/2021\/07\/WhatsApp-Image-2021-07-15-at-18.38.08-2.jpeg",1080,1080,false],"landscape":["https:\/\/www.ayadvogados.com.br\/wp-content\/uploads\/2021\/07\/WhatsApp-Image-2021-07-15-at-18.38.08-2.jpeg",1080,1080,false],"portraits":["https:\/\/www.ayadvogados.com.br\/wp-content\/uploads\/2021\/07\/WhatsApp-Image-2021-07-15-at-18.38.08-2.jpeg",1080,1080,false],"thumbnail":["https:\/\/www.ayadvogados.com.br\/wp-content\/uploads\/2021\/07\/WhatsApp-Image-2021-07-15-at-18.38.08-2-150x150.jpeg",150,150,true],"medium":["https:\/\/www.ayadvogados.com.br\/wp-content\/uploads\/2021\/07\/WhatsApp-Image-2021-07-15-at-18.38.08-2-300x300.jpeg",300,300,true],"large":["https:\/\/www.ayadvogados.com.br\/wp-content\/uploads\/2021\/07\/WhatsApp-Image-2021-07-15-at-18.38.08-2-1024x1024.jpeg",1024,1024,true],"1536x1536":["https:\/\/www.ayadvogados.com.br\/wp-content\/uploads\/2021\/07\/WhatsApp-Image-2021-07-15-at-18.38.08-2.jpeg",1080,1080,false],"2048x2048":["https:\/\/www.ayadvogados.com.br\/wp-content\/uploads\/2021\/07\/WhatsApp-Image-2021-07-15-at-18.38.08-2.jpeg",1080,1080,false]},"rttpg_author":{"display_name":"AY Advogados","author_link":"https:\/\/www.ayadvogados.com.br\/?author=2"},"rttpg_comment":0,"rttpg_category":"<a href=\"https:\/\/www.ayadvogados.com.br\/?cat=5\" rel=\"category\">DINCast<\/a>","rttpg_excerpt":"Ol\u00e1! Eu sou Let\u00edcia Amaral, vice-presidente do IBPT e s\u00f3cia da Amaral, Yazbek Advogados.Seja Bem-vindo ao DIN Cast, o podcast tribut\u00e1rio que ajuda empresas e empres\u00e1rios a se tornarem l\u00edderes de mercado atrav\u00e9s da Intelig\u00eancia de Neg\u00f3cios!Todos sabemos, ou dever\u00edamos saber que as repercuss\u00f5es da chamada \u201cTese do S\u00e9culo\u201d est\u00e3o gerando para empresas, bilh\u00f5es de&hellip;","_links":{"self":[{"href":"https:\/\/www.ayadvogados.com.br\/index.php?rest_route=\/wp\/v2\/posts\/1320","targetHints":{"allow":["GET"]}}],"collection":[{"href":"https:\/\/www.ayadvogados.com.br\/index.php?rest_route=\/wp\/v2\/posts"}],"about":[{"href":"https:\/\/www.ayadvogados.com.br\/index.php?rest_route=\/wp\/v2\/types\/post"}],"author":[{"embeddable":true,"href":"https:\/\/www.ayadvogados.com.br\/index.php?rest_route=\/wp\/v2\/users\/2"}],"replies":[{"embeddable":true,"href":"https:\/\/www.ayadvogados.com.br\/index.php?rest_route=%2Fwp%2Fv2%2Fcomments&post=1320"}],"version-history":[{"count":2,"href":"https:\/\/www.ayadvogados.com.br\/index.php?rest_route=\/wp\/v2\/posts\/1320\/revisions"}],"predecessor-version":[{"id":1323,"href":"https:\/\/www.ayadvogados.com.br\/index.php?rest_route=\/wp\/v2\/posts\/1320\/revisions\/1323"}],"wp:featuredmedia":[{"embeddable":true,"href":"https:\/\/www.ayadvogados.com.br\/index.php?rest_route=\/wp\/v2\/media\/1321"}],"wp:attachment":[{"href":"https:\/\/www.ayadvogados.com.br\/index.php?rest_route=%2Fwp%2Fv2%2Fmedia&parent=1320"}],"wp:term":[{"taxonomy":"category","embeddable":true,"href":"https:\/\/www.ayadvogados.com.br\/index.php?rest_route=%2Fwp%2Fv2%2Fcategories&post=1320"},{"taxonomy":"post_tag","embeddable":true,"href":"https:\/\/www.ayadvogados.com.br\/index.php?rest_route=%2Fwp%2Fv2%2Ftags&post=1320"}],"curies":[{"name":"wp","href":"https:\/\/api.w.org\/{rel}","templated":true}]}}