{"id":1316,"date":"2021-07-15T10:53:14","date_gmt":"2021-07-15T13:53:14","guid":{"rendered":"http:\/\/34.239.117.254\/?p=1316"},"modified":"2021-07-15T10:53:14","modified_gmt":"2021-07-15T13:53:14","slug":"isencao-na-taxacao-de-dividendos-pode-cair-para-r-25-mil","status":"publish","type":"post","link":"https:\/\/www.ayadvogados.com.br\/?p=1316","title":{"rendered":"Isen\u00e7\u00e3o na taxa\u00e7\u00e3o de dividendos pode cair para R$ 2,5 mil"},"content":{"rendered":"\n<p>O deputado Celso Sabino (PSDB-PA), relator da reforma do IR, confirmou ontem ao <strong>Valor<\/strong> que avalia ampliar a isen\u00e7\u00e3o na tributa\u00e7\u00e3o de dividendos para todas as empresas, mas reduzir seu valor a R$ 2,5 mil por m\u00eas (mesmo limite de isen\u00e7\u00e3o do IRPF), em vez dos R$ 20 mil atualmente proposto para as empresas de pequeno porte. A medida, segundo ele, aumentaria a perda de arrecada\u00e7\u00e3o em R$ 3 bilh\u00f5es ao ano, mas reduziria o risco de \u201cpejotiza\u00e7\u00e3o\u201d [pr\u00e1tica em que pessoas f\u00edsicas usam empresas para receber rendimento pagando menos imposto].<\/p>\n\n\n\n<p>A decis\u00e3o final, segundo Sabino, ainda n\u00e3o est\u00e1 tomada, mas ele demonstra simpatia pela ideia. O <strong>Valor<\/strong> apurou que, na \u00e1rea econ\u00f4mica, a ideia \u00e9 apoiada por parte da \u00e1rea t\u00e9cnica, principalmente entre os que temem que haja um processo massivo de cria\u00e7\u00e3o de empresas para driblar a taxa\u00e7\u00e3o de dividendos acima de R$ 20 mil.<\/p>\n\n\n\n<p>Mas outra parte dos t\u00e9cnicos do Minist\u00e9rio da Economia, embora n\u00e3o se oponha frontalmente \u00e0 ideia, tem d\u00favidas se a mudan\u00e7a seria eficaz para conter esse processo e teme o risco de perder apoio para a cobran\u00e7a de IR na distribui\u00e7\u00e3o de lucros. Uma fonte lembra que a defini\u00e7\u00e3o de uma faixa de isen\u00e7\u00e3o foi demanda do pr\u00f3prio presidente Jair Bolsonaro. Al\u00e9m disso, segundo esse interlocutor, se ficar claro que o desenho da reforma incentiva a \u201cpejotiza\u00e7\u00e3o\u201d, \u00e9 poss\u00edvel corrigir no futuro.<\/p>\n\n\n\n<p>Diante das cr\u00edticas em torno do risco fiscal que o desenho da reforma passou a representar, com um ren\u00fancia anual de R$ 30 bilh\u00f5es em receitas, Sabino minimiza a quest\u00e3o. Ele disse acreditar que a economia vai melhorar, com maior volume de investimentos por parte das empresas ap\u00f3s a reforma e que isso vai compensar a perda de arrecada\u00e7\u00e3o estimada originalmente. Ele tamb\u00e9m disse que os Estados, maiores prejudicados com a ren\u00fancia proposta, est\u00e3o tendo melhora fiscal gra\u00e7as ao suporte do governo federal e tamb\u00e9m ser\u00e3o beneficiados pelo maior dinamismo da economia.<\/p>\n\n\n\n<p>O parlamentar destacou que essa percep\u00e7\u00e3o fica evidenciada com o movimento de alta da bolsa de valores brasileira ap\u00f3s a apresenta\u00e7\u00e3o de seu relat\u00f3rio e os coment\u00e1rios positivos de setores empresariais, como os bancos e a constru\u00e7\u00e3o civil<\/p>\n\n\n\n<p>Com a chave do cofre e tendo que gerenciar um or\u00e7amento deficit\u00e1rio, o secret\u00e1rio especial de Fazenda, Bruno Funchal, foi mais cauteloso que o relator e que seu chefe, o ministro Paulo Guedes, dizendo que o texto ainda est\u00e1 sendo estudado pelo Minist\u00e9rio da Economia e \u00e9 um documento preliminar. \u201cA proposta de redu\u00e7\u00e3o de carga tribut\u00e1ria \u00e9 uma consequ\u00eancia do controle de gasto e da busca da reorganiza\u00e7\u00e3o fiscal\u201d, afirmou Funchal.<\/p>\n\n\n\n<p>Celso Sabino tamb\u00e9m mostrou convic\u00e7\u00e3o no caminho de reduzir alguns benef\u00edcios tribut\u00e1rios, como para a ind\u00fastria farmac\u00eautica, alegando que todo mundo ter\u00e1 uma carga tribut\u00e1ria menor com a forte redu\u00e7\u00e3o de IRPJ que ele est\u00e1 promovendo &#8211; 10 pontos porcentuais no primeiro ano e 12,5 pontos a partir do segundo. \u201cA redu\u00e7\u00e3o de IRPJ vai beneficiar 1,1 milh\u00e3o de empresas, inclusive as 20 mil que ser\u00e3o atingidas pela revers\u00e3o de benef\u00edcios\u201d, afirmou.<\/p>\n\n\n\n<p>O relator destacou ainda que seu texto mant\u00e9m a proposta original da Receita Federal para combater a distribui\u00e7\u00e3o disfar\u00e7ada de lucros para os acionistas, ampliando as possibilidades em que isso \u00e9 constatado e taxando em 30% essa opera\u00e7\u00e3o.<\/p>\n\n\n\n<p>De acordo com Sabino, a ideia de reduzir a faixa de isen\u00e7\u00e3o do IR sobre dividendos considera que o corte no IRPJ j\u00e1 vai reduzir muito a carga tribut\u00e1ria das empresas, incluindo aquelas de menor porte que est\u00e3o no regime de lucro presumido. Por isso, al\u00e9m de conter o processo de \u201cpejotiza\u00e7\u00e3o\u201d, esse movimento ajudaria a conter a queda de carga tribut\u00e1ria em um segmento que est\u00e1 em um regime j\u00e1 favorecido &#8211; no lucro presumido, o IRPJ incide sobre 32% do faturamento da empresa, independentemente de seu lucro efetivo.<\/p>\n\n\n\n<p>O deputado reiterou que pretende apresentar o relat\u00f3rio final na sexta-feira e disse que est\u00e1 avaliando todas sugest\u00f5es que chegam a ele. \u201cTudo ser\u00e1 analisado\u201d, disse.<\/p>\n\n\n\n<p>Apesar disso, o parlamentar tamb\u00e9m n\u00e3o demonstrou entusiasmo com ideias de se elevar a faixa de renda anual a partir da qual n\u00e3o ser\u00e1 mais permitido fazer declara\u00e7\u00e3o simplificada no ajuste anual do imposto de renda. Ele rebateu a tese de que isso vai implicar aumento de carga tribut\u00e1ria para a classe m\u00e9dia, afirmando que a corre\u00e7\u00e3o das faixas de tributa\u00e7\u00e3o atingem a todos e representam uma desonera\u00e7\u00e3o l\u00edquida de R$ 14,4 bilh\u00f5es a partir de 2023.<\/p>\n\n\n\n<p>Antecipando-se a algumas cr\u00edticas que come\u00e7am a surgir nos bastidores, o relator disse dispor de um parecer da Procuradoria-Geral da Fazenda Nacional (PGFN) garantindo que \u00e9 poss\u00edvel fazer uma desonera\u00e7\u00e3o tribut\u00e1ria sem compensa\u00e7\u00e3o, desde que seja indiscriminada, ou seja, para todos os setores indistintamente. \u201cO artigo 14 da LRF deixa claro que medida erga omnes [para todos] n\u00e3o exige compensa\u00e7\u00e3o\u201d, disse.<\/p>\n\n\n\n<p>A Amaral, Yazbek, OAB\/PR 762, possui 35 anos de experi\u00eancia auxiliando empresas a transformar a tributa\u00e7\u00e3o em lucro. Entre em contato com um dos s\u00f3cios para agendamento de reuni\u00e3o em caso de d\u00favidas.<\/p>\n\n\n\n<p>Fonte: <a href=\"https:\/\/valor.globo.com\/politica\/noticia\/2021\/07\/15\/isencao-na-taxacao-de-dividendos-pode-cair-para-r-25-mil.ghtml\" data-type=\"URL\" data-id=\"https:\/\/valor.globo.com\/politica\/noticia\/2021\/07\/15\/isencao-na-taxacao-de-dividendos-pode-cair-para-r-25-mil.ghtml\" target=\"_blank\" rel=\"noreferrer noopener\">Valor<\/a><\/p>\n\n\n\n<p>Contato: 41 3595-8300 ou pelo nosso WhatsApp 41 99567-5696<\/p>\n\n\n\n<p>Av. C\u00e2ndido Hartmann, 50 \u2013 Bigorrilho | Curitiba-PR<\/p>\n\n\n\n<p>Assine nossa Newsletter e fique por dentro das novidades!<\/p>\n\n\n\n<p>Quer receber seu exemplar da revista Governan\u00e7a Jur\u00eddica? Clique <a href=\"http:\/\/ayadvogados.com.br\/revista\">aqui<\/a>&nbsp;e pe\u00e7a a sua.<\/p>\n\n\n\n<p>Nos acompanhe nas redes sociais: <a href=\"https:\/\/www.facebook.com\/amaral.yazbek\">Facebook<\/a>&nbsp;| <a href=\"https:\/\/www.instagram.com\/amaral.yazbek\/\">Instagram<\/a> | <a href=\"https:\/\/www.linkedin.com\/company\/3357082\/admin\/\">Linkedin<\/a><\/p>\n\n\n\n<p>J\u00e1 conhece o canal Direito da Intelig\u00eancia de Neg\u00f3cios? <a href=\"https:\/\/www.youtube.com\/channel\/UCu2Mpu32ht8DEN8OFRXYMyw\">Inscreva-se j\u00e1<\/a><\/p>\n","protected":false},"excerpt":{"rendered":"<p>O deputado Celso Sabino (PSDB-PA), relator da reforma do IR, confirmou ontem ao Valor que avalia ampliar a isen\u00e7\u00e3o na tributa\u00e7\u00e3o de dividendos para todas as empresas, mas reduzir seu valor a R$ 2,5 mil por m\u00eas (mesmo limite de isen\u00e7\u00e3o do IRPF), em vez dos R$ 20 mil atualmente proposto para as empresas de [&hellip;]<\/p>\n","protected":false},"author":2,"featured_media":1317,"comment_status":"open","ping_status":"open","sticky":false,"template":"","format":"standard","meta":{"footnotes":""},"categories":[1],"tags":[],"class_list":["post-1316","post","type-post","status-publish","format-standard","has-post-thumbnail","hentry","category-noticia-do-dia"],"blocksy_meta":{"styles_descriptor":{"styles":{"desktop":"","tablet":"","mobile":""},"google_fonts":[],"version":6}},"yoast_head":"<!-- This site is optimized with the Yoast SEO plugin v27.5 - https:\/\/yoast.com\/product\/yoast-seo-wordpress\/ -->\n<title>Isen\u00e7\u00e3o na taxa\u00e7\u00e3o de dividendos pode cair para R$ 2,5 mil - Amaral, Yazbek Advogados<\/title>\n<meta name=\"robots\" content=\"index, follow, max-snippet:-1, max-image-preview:large, max-video-preview:-1\" \/>\n<link rel=\"canonical\" href=\"https:\/\/www.ayadvogados.com.br\/?p=1316\" \/>\n<meta property=\"og:locale\" content=\"pt_BR\" \/>\n<meta property=\"og:type\" content=\"article\" \/>\n<meta property=\"og:title\" content=\"Isen\u00e7\u00e3o na taxa\u00e7\u00e3o de dividendos pode cair para R$ 2,5 mil - Amaral, Yazbek Advogados\" \/>\n<meta property=\"og:description\" content=\"O deputado Celso Sabino (PSDB-PA), relator da reforma do IR, confirmou ontem ao Valor que avalia ampliar a isen\u00e7\u00e3o na tributa\u00e7\u00e3o de dividendos para todas as empresas, mas reduzir seu valor a R$ 2,5 mil por m\u00eas (mesmo limite de isen\u00e7\u00e3o do IRPF), em vez dos R$ 20 mil atualmente proposto para as empresas de [&hellip;]\" \/>\n<meta property=\"og:url\" content=\"https:\/\/www.ayadvogados.com.br\/?p=1316\" \/>\n<meta property=\"og:site_name\" content=\"Amaral, Yazbek Advogados\" \/>\n<meta property=\"article:publisher\" content=\"https:\/\/www.facebook.com\/AYadvogados\" \/>\n<meta property=\"article:published_time\" content=\"2021-07-15T13:53:14+00:00\" \/>\n<meta property=\"og:image\" content=\"https:\/\/www.ayadvogados.com.br\/wp-content\/uploads\/2021\/07\/Blog-8.png\" \/>\n\t<meta property=\"og:image:width\" content=\"1000\" \/>\n\t<meta property=\"og:image:height\" content=\"620\" \/>\n\t<meta property=\"og:image:type\" content=\"image\/png\" \/>\n<meta name=\"author\" content=\"AY Advogados\" \/>\n<meta name=\"twitter:card\" content=\"summary_large_image\" \/>\n<meta name=\"twitter:label1\" content=\"Escrito por\" \/>\n\t<meta name=\"twitter:data1\" content=\"AY Advogados\" \/>\n\t<meta name=\"twitter:label2\" content=\"Est. tempo de leitura\" \/>\n\t<meta name=\"twitter:data2\" content=\"5 minutos\" \/>\n<script type=\"application\/ld+json\" class=\"yoast-schema-graph\">{\"@context\":\"https:\\\/\\\/schema.org\",\"@graph\":[{\"@type\":\"Article\",\"@id\":\"https:\\\/\\\/www.ayadvogados.com.br\\\/?p=1316#article\",\"isPartOf\":{\"@id\":\"https:\\\/\\\/www.ayadvogados.com.br\\\/?p=1316\"},\"author\":{\"name\":\"AY Advogados\",\"@id\":\"https:\\\/\\\/www.ayadvogados.com.br\\\/#\\\/schema\\\/person\\\/4abfbf03ad3e577e691d333af064a912\"},\"headline\":\"Isen\u00e7\u00e3o na taxa\u00e7\u00e3o de dividendos pode cair para R$ 2,5 mil\",\"datePublished\":\"2021-07-15T13:53:14+00:00\",\"mainEntityOfPage\":{\"@id\":\"https:\\\/\\\/www.ayadvogados.com.br\\\/?p=1316\"},\"wordCount\":985,\"commentCount\":0,\"publisher\":{\"@id\":\"https:\\\/\\\/www.ayadvogados.com.br\\\/#organization\"},\"image\":{\"@id\":\"https:\\\/\\\/www.ayadvogados.com.br\\\/?p=1316#primaryimage\"},\"thumbnailUrl\":\"https:\\\/\\\/www.ayadvogados.com.br\\\/wp-content\\\/uploads\\\/2021\\\/07\\\/Blog-8.png\",\"articleSection\":[\"Not\u00edcia do Dia\"],\"inLanguage\":\"pt-BR\",\"potentialAction\":[{\"@type\":\"CommentAction\",\"name\":\"Comment\",\"target\":[\"https:\\\/\\\/www.ayadvogados.com.br\\\/?p=1316#respond\"]}]},{\"@type\":\"WebPage\",\"@id\":\"https:\\\/\\\/www.ayadvogados.com.br\\\/?p=1316\",\"url\":\"https:\\\/\\\/www.ayadvogados.com.br\\\/?p=1316\",\"name\":\"Isen\u00e7\u00e3o na taxa\u00e7\u00e3o de dividendos pode cair para R$ 2,5 mil - Amaral, Yazbek Advogados\",\"isPartOf\":{\"@id\":\"https:\\\/\\\/www.ayadvogados.com.br\\\/#website\"},\"primaryImageOfPage\":{\"@id\":\"https:\\\/\\\/www.ayadvogados.com.br\\\/?p=1316#primaryimage\"},\"image\":{\"@id\":\"https:\\\/\\\/www.ayadvogados.com.br\\\/?p=1316#primaryimage\"},\"thumbnailUrl\":\"https:\\\/\\\/www.ayadvogados.com.br\\\/wp-content\\\/uploads\\\/2021\\\/07\\\/Blog-8.png\",\"datePublished\":\"2021-07-15T13:53:14+00:00\",\"breadcrumb\":{\"@id\":\"https:\\\/\\\/www.ayadvogados.com.br\\\/?p=1316#breadcrumb\"},\"inLanguage\":\"pt-BR\",\"potentialAction\":[{\"@type\":\"ReadAction\",\"target\":[\"https:\\\/\\\/www.ayadvogados.com.br\\\/?p=1316\"]}]},{\"@type\":\"ImageObject\",\"inLanguage\":\"pt-BR\",\"@id\":\"https:\\\/\\\/www.ayadvogados.com.br\\\/?p=1316#primaryimage\",\"url\":\"https:\\\/\\\/www.ayadvogados.com.br\\\/wp-content\\\/uploads\\\/2021\\\/07\\\/Blog-8.png\",\"contentUrl\":\"https:\\\/\\\/www.ayadvogados.com.br\\\/wp-content\\\/uploads\\\/2021\\\/07\\\/Blog-8.png\",\"width\":1000,\"height\":620},{\"@type\":\"BreadcrumbList\",\"@id\":\"https:\\\/\\\/www.ayadvogados.com.br\\\/?p=1316#breadcrumb\",\"itemListElement\":[{\"@type\":\"ListItem\",\"position\":1,\"name\":\"In\u00edcio\",\"item\":\"https:\\\/\\\/www.ayadvogados.com.br\\\/\"},{\"@type\":\"ListItem\",\"position\":2,\"name\":\"Isen\u00e7\u00e3o na taxa\u00e7\u00e3o de dividendos pode cair para R$ 2,5 mil\"}]},{\"@type\":\"WebSite\",\"@id\":\"https:\\\/\\\/www.ayadvogados.com.br\\\/#website\",\"url\":\"https:\\\/\\\/www.ayadvogados.com.br\\\/\",\"name\":\"Amaral, Yazbek Advogados\",\"description\":\"Curitiba \u2022 Bras\u00edlia \u2022 S\u00e3o Paulo\",\"publisher\":{\"@id\":\"https:\\\/\\\/www.ayadvogados.com.br\\\/#organization\"},\"potentialAction\":[{\"@type\":\"SearchAction\",\"target\":{\"@type\":\"EntryPoint\",\"urlTemplate\":\"https:\\\/\\\/www.ayadvogados.com.br\\\/?s={search_term_string}\"},\"query-input\":{\"@type\":\"PropertyValueSpecification\",\"valueRequired\":true,\"valueName\":\"search_term_string\"}}],\"inLanguage\":\"pt-BR\"},{\"@type\":\"Organization\",\"@id\":\"https:\\\/\\\/www.ayadvogados.com.br\\\/#organization\",\"name\":\"Amaral, Yazbek Advogados\",\"url\":\"https:\\\/\\\/www.ayadvogados.com.br\\\/\",\"logo\":{\"@type\":\"ImageObject\",\"inLanguage\":\"pt-BR\",\"@id\":\"https:\\\/\\\/www.ayadvogados.com.br\\\/#\\\/schema\\\/logo\\\/image\\\/\",\"url\":\"http:\\\/\\\/34.239.117.254\\\/wp-content\\\/uploads\\\/2021\\\/03\\\/logo-ay-g.png\",\"contentUrl\":\"http:\\\/\\\/34.239.117.254\\\/wp-content\\\/uploads\\\/2021\\\/03\\\/logo-ay-g.png\",\"width\":434,\"height\":106,\"caption\":\"Amaral, Yazbek Advogados\"},\"image\":{\"@id\":\"https:\\\/\\\/www.ayadvogados.com.br\\\/#\\\/schema\\\/logo\\\/image\\\/\"},\"sameAs\":[\"https:\\\/\\\/www.facebook.com\\\/AYadvogados\",\"https:\\\/\\\/www.instagram.com\\\/ayadvogados\\\/\"]},{\"@type\":\"Person\",\"@id\":\"https:\\\/\\\/www.ayadvogados.com.br\\\/#\\\/schema\\\/person\\\/4abfbf03ad3e577e691d333af064a912\",\"name\":\"AY Advogados\",\"image\":{\"@type\":\"ImageObject\",\"inLanguage\":\"pt-BR\",\"@id\":\"https:\\\/\\\/secure.gravatar.com\\\/avatar\\\/1473912b851241f5503026e6156e144dcd83ff7addb67f65e1ed9ca21ee1d9cf?s=96&d=mm&r=g\",\"url\":\"https:\\\/\\\/secure.gravatar.com\\\/avatar\\\/1473912b851241f5503026e6156e144dcd83ff7addb67f65e1ed9ca21ee1d9cf?s=96&d=mm&r=g\",\"contentUrl\":\"https:\\\/\\\/secure.gravatar.com\\\/avatar\\\/1473912b851241f5503026e6156e144dcd83ff7addb67f65e1ed9ca21ee1d9cf?s=96&d=mm&r=g\",\"caption\":\"AY Advogados\"},\"sameAs\":[\"https:\\\/\\\/ayadvogados.com.br\"],\"url\":\"https:\\\/\\\/www.ayadvogados.com.br\\\/?author=2\"}]}<\/script>\n<!-- \/ Yoast SEO plugin. -->","yoast_head_json":{"title":"Isen\u00e7\u00e3o na taxa\u00e7\u00e3o de dividendos pode cair para R$ 2,5 mil - Amaral, Yazbek Advogados","robots":{"index":"index","follow":"follow","max-snippet":"max-snippet:-1","max-image-preview":"max-image-preview:large","max-video-preview":"max-video-preview:-1"},"canonical":"https:\/\/www.ayadvogados.com.br\/?p=1316","og_locale":"pt_BR","og_type":"article","og_title":"Isen\u00e7\u00e3o na taxa\u00e7\u00e3o de dividendos pode cair para R$ 2,5 mil - Amaral, Yazbek Advogados","og_description":"O deputado Celso Sabino (PSDB-PA), relator da reforma do IR, confirmou ontem ao Valor que avalia ampliar a isen\u00e7\u00e3o na tributa\u00e7\u00e3o de dividendos para todas as empresas, mas reduzir seu valor a R$ 2,5 mil por m\u00eas (mesmo limite de isen\u00e7\u00e3o do IRPF), em vez dos R$ 20 mil atualmente proposto para as empresas de [&hellip;]","og_url":"https:\/\/www.ayadvogados.com.br\/?p=1316","og_site_name":"Amaral, Yazbek Advogados","article_publisher":"https:\/\/www.facebook.com\/AYadvogados","article_published_time":"2021-07-15T13:53:14+00:00","og_image":[{"width":1000,"height":620,"url":"https:\/\/www.ayadvogados.com.br\/wp-content\/uploads\/2021\/07\/Blog-8.png","type":"image\/png"}],"author":"AY Advogados","twitter_card":"summary_large_image","twitter_misc":{"Escrito por":"AY Advogados","Est. tempo de leitura":"5 minutos"},"schema":{"@context":"https:\/\/schema.org","@graph":[{"@type":"Article","@id":"https:\/\/www.ayadvogados.com.br\/?p=1316#article","isPartOf":{"@id":"https:\/\/www.ayadvogados.com.br\/?p=1316"},"author":{"name":"AY Advogados","@id":"https:\/\/www.ayadvogados.com.br\/#\/schema\/person\/4abfbf03ad3e577e691d333af064a912"},"headline":"Isen\u00e7\u00e3o na taxa\u00e7\u00e3o de dividendos pode cair para R$ 2,5 mil","datePublished":"2021-07-15T13:53:14+00:00","mainEntityOfPage":{"@id":"https:\/\/www.ayadvogados.com.br\/?p=1316"},"wordCount":985,"commentCount":0,"publisher":{"@id":"https:\/\/www.ayadvogados.com.br\/#organization"},"image":{"@id":"https:\/\/www.ayadvogados.com.br\/?p=1316#primaryimage"},"thumbnailUrl":"https:\/\/www.ayadvogados.com.br\/wp-content\/uploads\/2021\/07\/Blog-8.png","articleSection":["Not\u00edcia do Dia"],"inLanguage":"pt-BR","potentialAction":[{"@type":"CommentAction","name":"Comment","target":["https:\/\/www.ayadvogados.com.br\/?p=1316#respond"]}]},{"@type":"WebPage","@id":"https:\/\/www.ayadvogados.com.br\/?p=1316","url":"https:\/\/www.ayadvogados.com.br\/?p=1316","name":"Isen\u00e7\u00e3o na taxa\u00e7\u00e3o de dividendos pode cair para R$ 2,5 mil - Amaral, Yazbek Advogados","isPartOf":{"@id":"https:\/\/www.ayadvogados.com.br\/#website"},"primaryImageOfPage":{"@id":"https:\/\/www.ayadvogados.com.br\/?p=1316#primaryimage"},"image":{"@id":"https:\/\/www.ayadvogados.com.br\/?p=1316#primaryimage"},"thumbnailUrl":"https:\/\/www.ayadvogados.com.br\/wp-content\/uploads\/2021\/07\/Blog-8.png","datePublished":"2021-07-15T13:53:14+00:00","breadcrumb":{"@id":"https:\/\/www.ayadvogados.com.br\/?p=1316#breadcrumb"},"inLanguage":"pt-BR","potentialAction":[{"@type":"ReadAction","target":["https:\/\/www.ayadvogados.com.br\/?p=1316"]}]},{"@type":"ImageObject","inLanguage":"pt-BR","@id":"https:\/\/www.ayadvogados.com.br\/?p=1316#primaryimage","url":"https:\/\/www.ayadvogados.com.br\/wp-content\/uploads\/2021\/07\/Blog-8.png","contentUrl":"https:\/\/www.ayadvogados.com.br\/wp-content\/uploads\/2021\/07\/Blog-8.png","width":1000,"height":620},{"@type":"BreadcrumbList","@id":"https:\/\/www.ayadvogados.com.br\/?p=1316#breadcrumb","itemListElement":[{"@type":"ListItem","position":1,"name":"In\u00edcio","item":"https:\/\/www.ayadvogados.com.br\/"},{"@type":"ListItem","position":2,"name":"Isen\u00e7\u00e3o na taxa\u00e7\u00e3o de dividendos pode cair para R$ 2,5 mil"}]},{"@type":"WebSite","@id":"https:\/\/www.ayadvogados.com.br\/#website","url":"https:\/\/www.ayadvogados.com.br\/","name":"Amaral, Yazbek Advogados","description":"Curitiba \u2022 Bras\u00edlia \u2022 S\u00e3o Paulo","publisher":{"@id":"https:\/\/www.ayadvogados.com.br\/#organization"},"potentialAction":[{"@type":"SearchAction","target":{"@type":"EntryPoint","urlTemplate":"https:\/\/www.ayadvogados.com.br\/?s={search_term_string}"},"query-input":{"@type":"PropertyValueSpecification","valueRequired":true,"valueName":"search_term_string"}}],"inLanguage":"pt-BR"},{"@type":"Organization","@id":"https:\/\/www.ayadvogados.com.br\/#organization","name":"Amaral, Yazbek Advogados","url":"https:\/\/www.ayadvogados.com.br\/","logo":{"@type":"ImageObject","inLanguage":"pt-BR","@id":"https:\/\/www.ayadvogados.com.br\/#\/schema\/logo\/image\/","url":"http:\/\/34.239.117.254\/wp-content\/uploads\/2021\/03\/logo-ay-g.png","contentUrl":"http:\/\/34.239.117.254\/wp-content\/uploads\/2021\/03\/logo-ay-g.png","width":434,"height":106,"caption":"Amaral, Yazbek Advogados"},"image":{"@id":"https:\/\/www.ayadvogados.com.br\/#\/schema\/logo\/image\/"},"sameAs":["https:\/\/www.facebook.com\/AYadvogados","https:\/\/www.instagram.com\/ayadvogados\/"]},{"@type":"Person","@id":"https:\/\/www.ayadvogados.com.br\/#\/schema\/person\/4abfbf03ad3e577e691d333af064a912","name":"AY Advogados","image":{"@type":"ImageObject","inLanguage":"pt-BR","@id":"https:\/\/secure.gravatar.com\/avatar\/1473912b851241f5503026e6156e144dcd83ff7addb67f65e1ed9ca21ee1d9cf?s=96&d=mm&r=g","url":"https:\/\/secure.gravatar.com\/avatar\/1473912b851241f5503026e6156e144dcd83ff7addb67f65e1ed9ca21ee1d9cf?s=96&d=mm&r=g","contentUrl":"https:\/\/secure.gravatar.com\/avatar\/1473912b851241f5503026e6156e144dcd83ff7addb67f65e1ed9ca21ee1d9cf?s=96&d=mm&r=g","caption":"AY Advogados"},"sameAs":["https:\/\/ayadvogados.com.br"],"url":"https:\/\/www.ayadvogados.com.br\/?author=2"}]}},"rttpg_featured_image_url":{"full":["https:\/\/www.ayadvogados.com.br\/wp-content\/uploads\/2021\/07\/Blog-8.png",1000,620,false],"landscape":["https:\/\/www.ayadvogados.com.br\/wp-content\/uploads\/2021\/07\/Blog-8.png",1000,620,false],"portraits":["https:\/\/www.ayadvogados.com.br\/wp-content\/uploads\/2021\/07\/Blog-8.png",1000,620,false],"thumbnail":["https:\/\/www.ayadvogados.com.br\/wp-content\/uploads\/2021\/07\/Blog-8-150x150.png",150,150,true],"medium":["https:\/\/www.ayadvogados.com.br\/wp-content\/uploads\/2021\/07\/Blog-8-300x186.png",300,186,true],"large":["https:\/\/www.ayadvogados.com.br\/wp-content\/uploads\/2021\/07\/Blog-8.png",1000,620,false],"1536x1536":["https:\/\/www.ayadvogados.com.br\/wp-content\/uploads\/2021\/07\/Blog-8.png",1000,620,false],"2048x2048":["https:\/\/www.ayadvogados.com.br\/wp-content\/uploads\/2021\/07\/Blog-8.png",1000,620,false]},"rttpg_author":{"display_name":"AY Advogados","author_link":"https:\/\/www.ayadvogados.com.br\/?author=2"},"rttpg_comment":0,"rttpg_category":"<a href=\"https:\/\/www.ayadvogados.com.br\/?cat=1\" rel=\"category\">Not\u00edcia do Dia<\/a>","rttpg_excerpt":"O deputado Celso Sabino (PSDB-PA), relator da reforma do IR, confirmou ontem ao Valor que avalia ampliar a isen\u00e7\u00e3o na tributa\u00e7\u00e3o de dividendos para todas as empresas, mas reduzir seu valor a R$ 2,5 mil por m\u00eas (mesmo limite de isen\u00e7\u00e3o do IRPF), em vez dos R$ 20 mil atualmente proposto para as empresas de&hellip;","_links":{"self":[{"href":"https:\/\/www.ayadvogados.com.br\/index.php?rest_route=\/wp\/v2\/posts\/1316","targetHints":{"allow":["GET"]}}],"collection":[{"href":"https:\/\/www.ayadvogados.com.br\/index.php?rest_route=\/wp\/v2\/posts"}],"about":[{"href":"https:\/\/www.ayadvogados.com.br\/index.php?rest_route=\/wp\/v2\/types\/post"}],"author":[{"embeddable":true,"href":"https:\/\/www.ayadvogados.com.br\/index.php?rest_route=\/wp\/v2\/users\/2"}],"replies":[{"embeddable":true,"href":"https:\/\/www.ayadvogados.com.br\/index.php?rest_route=%2Fwp%2Fv2%2Fcomments&post=1316"}],"version-history":[{"count":1,"href":"https:\/\/www.ayadvogados.com.br\/index.php?rest_route=\/wp\/v2\/posts\/1316\/revisions"}],"predecessor-version":[{"id":1318,"href":"https:\/\/www.ayadvogados.com.br\/index.php?rest_route=\/wp\/v2\/posts\/1316\/revisions\/1318"}],"wp:featuredmedia":[{"embeddable":true,"href":"https:\/\/www.ayadvogados.com.br\/index.php?rest_route=\/wp\/v2\/media\/1317"}],"wp:attachment":[{"href":"https:\/\/www.ayadvogados.com.br\/index.php?rest_route=%2Fwp%2Fv2%2Fmedia&parent=1316"}],"wp:term":[{"taxonomy":"category","embeddable":true,"href":"https:\/\/www.ayadvogados.com.br\/index.php?rest_route=%2Fwp%2Fv2%2Fcategories&post=1316"},{"taxonomy":"post_tag","embeddable":true,"href":"https:\/\/www.ayadvogados.com.br\/index.php?rest_route=%2Fwp%2Fv2%2Ftags&post=1316"}],"curies":[{"name":"wp","href":"https:\/\/api.w.org\/{rel}","templated":true}]}}