{"id":1310,"date":"2021-07-13T17:13:31","date_gmt":"2021-07-13T20:13:31","guid":{"rendered":"http:\/\/34.239.117.254\/?p=1310"},"modified":"2021-07-13T17:13:31","modified_gmt":"2021-07-13T20:13:31","slug":"sao-paulo-negocia-r-143-milhoes-com-contribuintes","status":"publish","type":"post","link":"https:\/\/www.ayadvogados.com.br\/?p=1310","title":{"rendered":"S\u00e3o Paulo negocia R$ 143 milh\u00f5es com contribuintes"},"content":{"rendered":"\n<p>O Estado de S\u00e3o Paulo j\u00e1 negociou com contribuintes, por meio da chamada transa\u00e7\u00e3o tribut\u00e1ria, o pagamento R$ 143,3 milh\u00f5es em d\u00e9bitos. Foram fechados 7.034 acordos, com descontos sobre os valores originais e prazos para a quita\u00e7\u00e3o das d\u00edvidas. Sem os abatimentos, o total devido ao governo estadual seria de R$ 161,2 milh\u00f5es.<\/p>\n\n\n\n<p>S\u00e3o Paulo regulamentou a transa\u00e7\u00e3o tribut\u00e1ria no ano passado, na esteira da Uni\u00e3o, que j\u00e1 negociou mais de R$ 100 bilh\u00f5es. Coincidentemente, \u00e9 o mesmo valor que o Estado espera receber, de um total de R$ 350 bilh\u00f5es inscritos d\u00edvida ativa, por meio dessa medida alternativa que possibilita a negocia\u00e7\u00e3o direta entre empresas e o Estado. Hoje h\u00e1 120 pedidos de transa\u00e7\u00e3o individuais em andamento.<\/p>\n\n\n\n<p>Uma \u00fanica empresa, do segmento de eletr\u00f4nicos e suprimentos de inform\u00e1tica, fechou acordo de quase R$ 100 milh\u00f5es com o Fisco estadual. Por meio da transa\u00e7\u00e3o, conseguiu parcelar todos os d\u00e9bitos de ICMS pagos por meio do regime de substitui\u00e7\u00e3o tribut\u00e1ria em at\u00e9 60 vezes, com desconto.<\/p>\n\n\n\n<p>\u201cSem a lei estadual da transa\u00e7\u00e3o, a PGE [Procuradoria Geral do Estado] estaria engessada para negociar determinadas condi\u00e7\u00f5es com o contribuinte, especialmente em rela\u00e7\u00e3o aos d\u00e9bitos de ICMS de substitui\u00e7\u00e3o tribut\u00e1ria\u201d, diz o advogado Arthur Castilho Gil, que representou a empresa na negocia\u00e7\u00e3o.<\/p>\n\n\n\n<p>A medida, acrescenta, evitou novos bloqueios de ativos pelo sistema Sisbajud e os s\u00f3cios ainda deixaram de correr o risco de condena\u00e7\u00e3o por crime de sonega\u00e7\u00e3o fiscal &#8211; o pagamento extinguiu uma a\u00e7\u00e3o penal j\u00e1 em andamento. \u201cEminentemente importadora da China, a empresa sofreu muito com alta do d\u00f3lar e a pandemia e n\u00e3o seria mais poss\u00edvel sofrer qualquer medida constritiva\u201d, afirma Gil.<\/p>\n\n\n\n<p>Ap\u00f3s sete meses de negocia\u00e7\u00e3o telepresencial, o acordo foi fechado. Teve a participa\u00e7\u00e3o do CFO da empresa e integrantes do Comit\u00ea Interinstitucional de Recupera\u00e7\u00e3o de Ativos (CIRA) &#8211; origin\u00e1rios da Procuradoria Geral do Estado, do Minist\u00e9rio P\u00fablico Estadual e Secretaria da Fazenda e Planejamento.<\/p>\n\n\n\n<p>Desde 2013 a companhia tentava usar mais de R$ 100 milh\u00f5es em precat\u00f3rios para quitar d\u00e9bitos correntes com o Estado, segundo Gil. Como o pedido administrativo foi indeferido, a discuss\u00e3o foi parar no Judici\u00e1rio. A PGE ajuizou ao menos cinco execu\u00e7\u00f5es fiscais contra a fabricante de eletr\u00f4nicos.<\/p>\n\n\n\n<p>No meio do caminho, a declara\u00e7\u00e3o de inconstitucionalidade dos juros de mora aplicados com base na Lei n\u00ba 13.918, de 2009, reduziu o valor a pagar. \u201cPor\u00e9m, o Superior Tribunal de Justi\u00e7a decidiu que o Estado pode recusar precat\u00f3rios, com base em alega\u00e7\u00e3o do princ\u00edpio da menor onerosidade\u201d, diz Gil (REsp 1598207).<\/p>\n\n\n\n<p>Al\u00e9m disso, afirma o advogado, embora em 2017 a Emenda Constitucional n\u00ba 99 tenha estabelecido prazo de 120 dias para os Estados regulamentarem o uso de precat\u00f3rios para o pagamento de d\u00e9bitos tribut\u00e1rios, o Estado de S\u00e3o Paulo ainda n\u00e3o instituiu norma nesse sentido.<\/p>\n\n\n\n<p>O governo regulamentou a transa\u00e7\u00e3o tribut\u00e1ria por meio da Lei n\u00ba 17.293, de 2020. Os descontos aplicados s\u00e3o definidos por \u201crating\u201d, que \u00e9 a classifica\u00e7\u00e3o do comportamento da empresa perante o Fisco.<\/p>\n\n\n\n<p>Esse rating vai de \u201cA\u201d a \u201cD\u201d. No \u201cA\u201d est\u00e3o d\u00edvidas com perspectiva m\u00e1xima de recuperabilidade. O contribuinte tem direito a desconto de 20% sobre juros e multa, com limite de at\u00e9 10% do valor da d\u00edvida atualizada. O \u201cD\u201d garante desconto de at\u00e9 40% sobre juros e multa, com limite de 30% da d\u00edvida.<\/p>\n\n\n\n<p>Em S\u00e3o Paulo, a transa\u00e7\u00e3o pode ser individual ou por ades\u00e3o aos termos de edital do governo. Se a situa\u00e7\u00e3o da empresa \u00e9 mais complexa, na modalidade individual, por exemplo, \u00e9 poss\u00edvel desistir de algumas discuss\u00f5es judiciais, mas de outras n\u00e3o. \u201cNo nosso caso, s\u00f3 n\u00e3o negociamos o que foi inscrito em d\u00edvida ativa at\u00e9 25 de mar\u00e7o de 2015, o que segundo a Emenda Constitucional n\u00ba 94 poder\u00e1 ser pago com precat\u00f3rios\u201d, diz Gil.<\/p>\n\n\n\n<p>Para Gil, a an\u00e1lise espec\u00edfica da proposta individual da devedora pela PGE e as altera\u00e7\u00f5es depois negociadas foi um fator decisivo para a concretiza\u00e7\u00e3o da transa\u00e7\u00e3o, \u201cum verdadeiro ganha-ganha entre Estado e devedores\u201d.<\/p>\n\n\n\n<p>Segundo a PGE antecipou ao <strong>Valor<\/strong>, ainda neste m\u00eas deve ser aberta nova oportunidade para negocia\u00e7\u00e3o com empresas em recupera\u00e7\u00e3o judicial e devedores com CNPJ baixado e grande quantidade de d\u00edvidas. At\u00e9 agora, j\u00e1 foram abertos editais para empresas em recupera\u00e7\u00e3o, devedores de IPVA e pequenas empresas prejudicadas pela pandemia, como bares, restaurantes e alguns varejistas com problema de caixa em 2020.<\/p>\n\n\n\n<p>Subprocurador-geral do Contencioso Tribut\u00e1rio Fiscal da PGE, Jo\u00e3o Pietropaolo afirma que ainda existe uma resist\u00eancia do contribuinte em buscar esse tipo de solu\u00e7\u00e3o. \u201cEstamos usando as procuradorias regionais para tentar divulgar a modalidade da transa\u00e7\u00e3o por meio de notifica\u00e7\u00e3o dos devedores\u201d, diz.<\/p>\n\n\n\n<p>A transa\u00e7\u00e3o, de acordo com ele, al\u00e9m de reduzir a d\u00edvida do Estado \u00e9 uma possibilidade de destravar um pouco o ambiente de cobran\u00e7a para que a PGE possa focar em d\u00edvidas ajuizadas paradas, \u201cque congestionam o Judici\u00e1rio e atrapalham o andamento das execu\u00e7\u00f5es menores\u201d.<\/p>\n\n\n\n<p>A Amaral, Yazbek, OAB\/PR 762, possui 35 anos de experi\u00eancia auxiliando empresas a transformar a tributa\u00e7\u00e3o em lucro. Entre em contato com um dos s\u00f3cios para agendamento de reuni\u00e3o em caso de d\u00favidas.<\/p>\n\n\n\n<p>Fonte: <a href=\"https:\/\/valor.globo.com\/legislacao\/noticia\/2021\/07\/13\/sao-paulo-negocia-r-143-milhoes-com-contribuintes.ghtml\" data-type=\"URL\" data-id=\"https:\/\/valor.globo.com\/legislacao\/noticia\/2021\/07\/13\/sao-paulo-negocia-r-143-milhoes-com-contribuintes.ghtml\" target=\"_blank\" rel=\"noreferrer noopener\">Valor<\/a><\/p>\n\n\n\n<p>Contato: 41 3595-8300 ou pelo nosso WhatsApp 41 99567-5696<\/p>\n\n\n\n<p>Av. C\u00e2ndido Hartmann, 50 \u2013 Bigorrilho | Curitiba-PR<\/p>\n\n\n\n<p>Assine nossa Newsletter e fique por dentro das novidades!<\/p>\n\n\n\n<p>Quer receber seu exemplar da revista Governan\u00e7a Jur\u00eddica? Clique <a href=\"http:\/\/ayadvogados.com.br\/revista\">aqui<\/a>&nbsp;e pe\u00e7a a sua.<\/p>\n\n\n\n<p>Nos acompanhe nas redes sociais: <a href=\"https:\/\/www.facebook.com\/amaral.yazbek\">Facebook<\/a>&nbsp;| <a href=\"https:\/\/www.instagram.com\/amaral.yazbek\/\">Instagram<\/a> | <a href=\"https:\/\/www.linkedin.com\/company\/3357082\/admin\/\">Linkedin<\/a><\/p>\n\n\n\n<p>J\u00e1 conhece o canal Direito da Intelig\u00eancia de Neg\u00f3cios? <a href=\"https:\/\/www.youtube.com\/channel\/UCu2Mpu32ht8DEN8OFRXYMyw\">Inscreva-se j\u00e1<\/a><\/p>\n","protected":false},"excerpt":{"rendered":"<p>O Estado de S\u00e3o Paulo j\u00e1 negociou com contribuintes, por meio da chamada transa\u00e7\u00e3o tribut\u00e1ria, o pagamento R$ 143,3 milh\u00f5es em d\u00e9bitos. Foram fechados 7.034 acordos, com descontos sobre os valores originais e prazos para a quita\u00e7\u00e3o das d\u00edvidas. Sem os abatimentos, o total devido ao governo estadual seria de R$ 161,2 milh\u00f5es. S\u00e3o Paulo [&hellip;]<\/p>\n","protected":false},"author":2,"featured_media":1311,"comment_status":"open","ping_status":"open","sticky":false,"template":"","format":"standard","meta":{"footnotes":""},"categories":[1],"tags":[],"class_list":["post-1310","post","type-post","status-publish","format-standard","has-post-thumbnail","hentry","category-noticia-do-dia"],"blocksy_meta":{"styles_descriptor":{"styles":{"desktop":"","tablet":"","mobile":""},"google_fonts":[],"version":6}},"yoast_head":"<!-- This site is optimized with the Yoast SEO plugin v27.5 - https:\/\/yoast.com\/product\/yoast-seo-wordpress\/ -->\n<title>S\u00e3o Paulo negocia R$ 143 milh\u00f5es com contribuintes - Amaral, Yazbek Advogados<\/title>\n<meta name=\"robots\" content=\"index, follow, max-snippet:-1, max-image-preview:large, max-video-preview:-1\" \/>\n<link rel=\"canonical\" href=\"https:\/\/www.ayadvogados.com.br\/?p=1310\" \/>\n<meta property=\"og:locale\" content=\"pt_BR\" \/>\n<meta property=\"og:type\" content=\"article\" \/>\n<meta property=\"og:title\" content=\"S\u00e3o Paulo negocia R$ 143 milh\u00f5es com contribuintes - Amaral, Yazbek Advogados\" \/>\n<meta property=\"og:description\" content=\"O Estado de S\u00e3o Paulo j\u00e1 negociou com contribuintes, por meio da chamada transa\u00e7\u00e3o tribut\u00e1ria, o pagamento R$ 143,3 milh\u00f5es em d\u00e9bitos. Foram fechados 7.034 acordos, com descontos sobre os valores originais e prazos para a quita\u00e7\u00e3o das d\u00edvidas. Sem os abatimentos, o total devido ao governo estadual seria de R$ 161,2 milh\u00f5es. S\u00e3o Paulo [&hellip;]\" \/>\n<meta property=\"og:url\" content=\"https:\/\/www.ayadvogados.com.br\/?p=1310\" \/>\n<meta property=\"og:site_name\" content=\"Amaral, Yazbek Advogados\" \/>\n<meta property=\"article:publisher\" content=\"https:\/\/www.facebook.com\/AYadvogados\" \/>\n<meta property=\"article:published_time\" content=\"2021-07-13T20:13:31+00:00\" \/>\n<meta property=\"og:image\" content=\"https:\/\/www.ayadvogados.com.br\/wp-content\/uploads\/2021\/07\/Blog-6.png\" \/>\n\t<meta property=\"og:image:width\" content=\"1000\" \/>\n\t<meta property=\"og:image:height\" content=\"620\" \/>\n\t<meta property=\"og:image:type\" content=\"image\/png\" \/>\n<meta name=\"author\" content=\"AY Advogados\" \/>\n<meta name=\"twitter:card\" content=\"summary_large_image\" \/>\n<meta name=\"twitter:label1\" content=\"Escrito por\" \/>\n\t<meta name=\"twitter:data1\" content=\"AY Advogados\" \/>\n\t<meta name=\"twitter:label2\" content=\"Est. tempo de leitura\" \/>\n\t<meta name=\"twitter:data2\" content=\"5 minutos\" \/>\n<script type=\"application\/ld+json\" class=\"yoast-schema-graph\">{\"@context\":\"https:\\\/\\\/schema.org\",\"@graph\":[{\"@type\":\"Article\",\"@id\":\"https:\\\/\\\/www.ayadvogados.com.br\\\/?p=1310#article\",\"isPartOf\":{\"@id\":\"https:\\\/\\\/www.ayadvogados.com.br\\\/?p=1310\"},\"author\":{\"name\":\"AY Advogados\",\"@id\":\"https:\\\/\\\/www.ayadvogados.com.br\\\/#\\\/schema\\\/person\\\/4abfbf03ad3e577e691d333af064a912\"},\"headline\":\"S\u00e3o Paulo negocia R$ 143 milh\u00f5es com contribuintes\",\"datePublished\":\"2021-07-13T20:13:31+00:00\",\"mainEntityOfPage\":{\"@id\":\"https:\\\/\\\/www.ayadvogados.com.br\\\/?p=1310\"},\"wordCount\":988,\"commentCount\":0,\"publisher\":{\"@id\":\"https:\\\/\\\/www.ayadvogados.com.br\\\/#organization\"},\"image\":{\"@id\":\"https:\\\/\\\/www.ayadvogados.com.br\\\/?p=1310#primaryimage\"},\"thumbnailUrl\":\"https:\\\/\\\/www.ayadvogados.com.br\\\/wp-content\\\/uploads\\\/2021\\\/07\\\/Blog-6.png\",\"articleSection\":[\"Not\u00edcia do Dia\"],\"inLanguage\":\"pt-BR\",\"potentialAction\":[{\"@type\":\"CommentAction\",\"name\":\"Comment\",\"target\":[\"https:\\\/\\\/www.ayadvogados.com.br\\\/?p=1310#respond\"]}]},{\"@type\":\"WebPage\",\"@id\":\"https:\\\/\\\/www.ayadvogados.com.br\\\/?p=1310\",\"url\":\"https:\\\/\\\/www.ayadvogados.com.br\\\/?p=1310\",\"name\":\"S\u00e3o Paulo negocia R$ 143 milh\u00f5es com contribuintes - Amaral, Yazbek Advogados\",\"isPartOf\":{\"@id\":\"https:\\\/\\\/www.ayadvogados.com.br\\\/#website\"},\"primaryImageOfPage\":{\"@id\":\"https:\\\/\\\/www.ayadvogados.com.br\\\/?p=1310#primaryimage\"},\"image\":{\"@id\":\"https:\\\/\\\/www.ayadvogados.com.br\\\/?p=1310#primaryimage\"},\"thumbnailUrl\":\"https:\\\/\\\/www.ayadvogados.com.br\\\/wp-content\\\/uploads\\\/2021\\\/07\\\/Blog-6.png\",\"datePublished\":\"2021-07-13T20:13:31+00:00\",\"breadcrumb\":{\"@id\":\"https:\\\/\\\/www.ayadvogados.com.br\\\/?p=1310#breadcrumb\"},\"inLanguage\":\"pt-BR\",\"potentialAction\":[{\"@type\":\"ReadAction\",\"target\":[\"https:\\\/\\\/www.ayadvogados.com.br\\\/?p=1310\"]}]},{\"@type\":\"ImageObject\",\"inLanguage\":\"pt-BR\",\"@id\":\"https:\\\/\\\/www.ayadvogados.com.br\\\/?p=1310#primaryimage\",\"url\":\"https:\\\/\\\/www.ayadvogados.com.br\\\/wp-content\\\/uploads\\\/2021\\\/07\\\/Blog-6.png\",\"contentUrl\":\"https:\\\/\\\/www.ayadvogados.com.br\\\/wp-content\\\/uploads\\\/2021\\\/07\\\/Blog-6.png\",\"width\":1000,\"height\":620},{\"@type\":\"BreadcrumbList\",\"@id\":\"https:\\\/\\\/www.ayadvogados.com.br\\\/?p=1310#breadcrumb\",\"itemListElement\":[{\"@type\":\"ListItem\",\"position\":1,\"name\":\"In\u00edcio\",\"item\":\"https:\\\/\\\/www.ayadvogados.com.br\\\/\"},{\"@type\":\"ListItem\",\"position\":2,\"name\":\"S\u00e3o Paulo negocia R$ 143 milh\u00f5es com contribuintes\"}]},{\"@type\":\"WebSite\",\"@id\":\"https:\\\/\\\/www.ayadvogados.com.br\\\/#website\",\"url\":\"https:\\\/\\\/www.ayadvogados.com.br\\\/\",\"name\":\"Amaral, Yazbek Advogados\",\"description\":\"Curitiba \u2022 Bras\u00edlia \u2022 S\u00e3o Paulo\",\"publisher\":{\"@id\":\"https:\\\/\\\/www.ayadvogados.com.br\\\/#organization\"},\"potentialAction\":[{\"@type\":\"SearchAction\",\"target\":{\"@type\":\"EntryPoint\",\"urlTemplate\":\"https:\\\/\\\/www.ayadvogados.com.br\\\/?s={search_term_string}\"},\"query-input\":{\"@type\":\"PropertyValueSpecification\",\"valueRequired\":true,\"valueName\":\"search_term_string\"}}],\"inLanguage\":\"pt-BR\"},{\"@type\":\"Organization\",\"@id\":\"https:\\\/\\\/www.ayadvogados.com.br\\\/#organization\",\"name\":\"Amaral, Yazbek Advogados\",\"url\":\"https:\\\/\\\/www.ayadvogados.com.br\\\/\",\"logo\":{\"@type\":\"ImageObject\",\"inLanguage\":\"pt-BR\",\"@id\":\"https:\\\/\\\/www.ayadvogados.com.br\\\/#\\\/schema\\\/logo\\\/image\\\/\",\"url\":\"http:\\\/\\\/34.239.117.254\\\/wp-content\\\/uploads\\\/2021\\\/03\\\/logo-ay-g.png\",\"contentUrl\":\"http:\\\/\\\/34.239.117.254\\\/wp-content\\\/uploads\\\/2021\\\/03\\\/logo-ay-g.png\",\"width\":434,\"height\":106,\"caption\":\"Amaral, Yazbek Advogados\"},\"image\":{\"@id\":\"https:\\\/\\\/www.ayadvogados.com.br\\\/#\\\/schema\\\/logo\\\/image\\\/\"},\"sameAs\":[\"https:\\\/\\\/www.facebook.com\\\/AYadvogados\",\"https:\\\/\\\/www.instagram.com\\\/ayadvogados\\\/\"]},{\"@type\":\"Person\",\"@id\":\"https:\\\/\\\/www.ayadvogados.com.br\\\/#\\\/schema\\\/person\\\/4abfbf03ad3e577e691d333af064a912\",\"name\":\"AY Advogados\",\"image\":{\"@type\":\"ImageObject\",\"inLanguage\":\"pt-BR\",\"@id\":\"https:\\\/\\\/secure.gravatar.com\\\/avatar\\\/1473912b851241f5503026e6156e144dcd83ff7addb67f65e1ed9ca21ee1d9cf?s=96&d=mm&r=g\",\"url\":\"https:\\\/\\\/secure.gravatar.com\\\/avatar\\\/1473912b851241f5503026e6156e144dcd83ff7addb67f65e1ed9ca21ee1d9cf?s=96&d=mm&r=g\",\"contentUrl\":\"https:\\\/\\\/secure.gravatar.com\\\/avatar\\\/1473912b851241f5503026e6156e144dcd83ff7addb67f65e1ed9ca21ee1d9cf?s=96&d=mm&r=g\",\"caption\":\"AY Advogados\"},\"sameAs\":[\"https:\\\/\\\/ayadvogados.com.br\"],\"url\":\"https:\\\/\\\/www.ayadvogados.com.br\\\/?author=2\"}]}<\/script>\n<!-- \/ Yoast SEO plugin. -->","yoast_head_json":{"title":"S\u00e3o Paulo negocia R$ 143 milh\u00f5es com contribuintes - Amaral, Yazbek Advogados","robots":{"index":"index","follow":"follow","max-snippet":"max-snippet:-1","max-image-preview":"max-image-preview:large","max-video-preview":"max-video-preview:-1"},"canonical":"https:\/\/www.ayadvogados.com.br\/?p=1310","og_locale":"pt_BR","og_type":"article","og_title":"S\u00e3o Paulo negocia R$ 143 milh\u00f5es com contribuintes - Amaral, Yazbek Advogados","og_description":"O Estado de S\u00e3o Paulo j\u00e1 negociou com contribuintes, por meio da chamada transa\u00e7\u00e3o tribut\u00e1ria, o pagamento R$ 143,3 milh\u00f5es em d\u00e9bitos. Foram fechados 7.034 acordos, com descontos sobre os valores originais e prazos para a quita\u00e7\u00e3o das d\u00edvidas. Sem os abatimentos, o total devido ao governo estadual seria de R$ 161,2 milh\u00f5es. S\u00e3o Paulo [&hellip;]","og_url":"https:\/\/www.ayadvogados.com.br\/?p=1310","og_site_name":"Amaral, Yazbek Advogados","article_publisher":"https:\/\/www.facebook.com\/AYadvogados","article_published_time":"2021-07-13T20:13:31+00:00","og_image":[{"width":1000,"height":620,"url":"https:\/\/www.ayadvogados.com.br\/wp-content\/uploads\/2021\/07\/Blog-6.png","type":"image\/png"}],"author":"AY Advogados","twitter_card":"summary_large_image","twitter_misc":{"Escrito por":"AY Advogados","Est. tempo de leitura":"5 minutos"},"schema":{"@context":"https:\/\/schema.org","@graph":[{"@type":"Article","@id":"https:\/\/www.ayadvogados.com.br\/?p=1310#article","isPartOf":{"@id":"https:\/\/www.ayadvogados.com.br\/?p=1310"},"author":{"name":"AY Advogados","@id":"https:\/\/www.ayadvogados.com.br\/#\/schema\/person\/4abfbf03ad3e577e691d333af064a912"},"headline":"S\u00e3o Paulo negocia R$ 143 milh\u00f5es com contribuintes","datePublished":"2021-07-13T20:13:31+00:00","mainEntityOfPage":{"@id":"https:\/\/www.ayadvogados.com.br\/?p=1310"},"wordCount":988,"commentCount":0,"publisher":{"@id":"https:\/\/www.ayadvogados.com.br\/#organization"},"image":{"@id":"https:\/\/www.ayadvogados.com.br\/?p=1310#primaryimage"},"thumbnailUrl":"https:\/\/www.ayadvogados.com.br\/wp-content\/uploads\/2021\/07\/Blog-6.png","articleSection":["Not\u00edcia do Dia"],"inLanguage":"pt-BR","potentialAction":[{"@type":"CommentAction","name":"Comment","target":["https:\/\/www.ayadvogados.com.br\/?p=1310#respond"]}]},{"@type":"WebPage","@id":"https:\/\/www.ayadvogados.com.br\/?p=1310","url":"https:\/\/www.ayadvogados.com.br\/?p=1310","name":"S\u00e3o Paulo negocia R$ 143 milh\u00f5es com contribuintes - Amaral, Yazbek Advogados","isPartOf":{"@id":"https:\/\/www.ayadvogados.com.br\/#website"},"primaryImageOfPage":{"@id":"https:\/\/www.ayadvogados.com.br\/?p=1310#primaryimage"},"image":{"@id":"https:\/\/www.ayadvogados.com.br\/?p=1310#primaryimage"},"thumbnailUrl":"https:\/\/www.ayadvogados.com.br\/wp-content\/uploads\/2021\/07\/Blog-6.png","datePublished":"2021-07-13T20:13:31+00:00","breadcrumb":{"@id":"https:\/\/www.ayadvogados.com.br\/?p=1310#breadcrumb"},"inLanguage":"pt-BR","potentialAction":[{"@type":"ReadAction","target":["https:\/\/www.ayadvogados.com.br\/?p=1310"]}]},{"@type":"ImageObject","inLanguage":"pt-BR","@id":"https:\/\/www.ayadvogados.com.br\/?p=1310#primaryimage","url":"https:\/\/www.ayadvogados.com.br\/wp-content\/uploads\/2021\/07\/Blog-6.png","contentUrl":"https:\/\/www.ayadvogados.com.br\/wp-content\/uploads\/2021\/07\/Blog-6.png","width":1000,"height":620},{"@type":"BreadcrumbList","@id":"https:\/\/www.ayadvogados.com.br\/?p=1310#breadcrumb","itemListElement":[{"@type":"ListItem","position":1,"name":"In\u00edcio","item":"https:\/\/www.ayadvogados.com.br\/"},{"@type":"ListItem","position":2,"name":"S\u00e3o Paulo negocia R$ 143 milh\u00f5es com contribuintes"}]},{"@type":"WebSite","@id":"https:\/\/www.ayadvogados.com.br\/#website","url":"https:\/\/www.ayadvogados.com.br\/","name":"Amaral, Yazbek Advogados","description":"Curitiba \u2022 Bras\u00edlia \u2022 S\u00e3o Paulo","publisher":{"@id":"https:\/\/www.ayadvogados.com.br\/#organization"},"potentialAction":[{"@type":"SearchAction","target":{"@type":"EntryPoint","urlTemplate":"https:\/\/www.ayadvogados.com.br\/?s={search_term_string}"},"query-input":{"@type":"PropertyValueSpecification","valueRequired":true,"valueName":"search_term_string"}}],"inLanguage":"pt-BR"},{"@type":"Organization","@id":"https:\/\/www.ayadvogados.com.br\/#organization","name":"Amaral, Yazbek Advogados","url":"https:\/\/www.ayadvogados.com.br\/","logo":{"@type":"ImageObject","inLanguage":"pt-BR","@id":"https:\/\/www.ayadvogados.com.br\/#\/schema\/logo\/image\/","url":"http:\/\/34.239.117.254\/wp-content\/uploads\/2021\/03\/logo-ay-g.png","contentUrl":"http:\/\/34.239.117.254\/wp-content\/uploads\/2021\/03\/logo-ay-g.png","width":434,"height":106,"caption":"Amaral, Yazbek Advogados"},"image":{"@id":"https:\/\/www.ayadvogados.com.br\/#\/schema\/logo\/image\/"},"sameAs":["https:\/\/www.facebook.com\/AYadvogados","https:\/\/www.instagram.com\/ayadvogados\/"]},{"@type":"Person","@id":"https:\/\/www.ayadvogados.com.br\/#\/schema\/person\/4abfbf03ad3e577e691d333af064a912","name":"AY Advogados","image":{"@type":"ImageObject","inLanguage":"pt-BR","@id":"https:\/\/secure.gravatar.com\/avatar\/1473912b851241f5503026e6156e144dcd83ff7addb67f65e1ed9ca21ee1d9cf?s=96&d=mm&r=g","url":"https:\/\/secure.gravatar.com\/avatar\/1473912b851241f5503026e6156e144dcd83ff7addb67f65e1ed9ca21ee1d9cf?s=96&d=mm&r=g","contentUrl":"https:\/\/secure.gravatar.com\/avatar\/1473912b851241f5503026e6156e144dcd83ff7addb67f65e1ed9ca21ee1d9cf?s=96&d=mm&r=g","caption":"AY Advogados"},"sameAs":["https:\/\/ayadvogados.com.br"],"url":"https:\/\/www.ayadvogados.com.br\/?author=2"}]}},"rttpg_featured_image_url":{"full":["https:\/\/www.ayadvogados.com.br\/wp-content\/uploads\/2021\/07\/Blog-6.png",1000,620,false],"landscape":["https:\/\/www.ayadvogados.com.br\/wp-content\/uploads\/2021\/07\/Blog-6.png",1000,620,false],"portraits":["https:\/\/www.ayadvogados.com.br\/wp-content\/uploads\/2021\/07\/Blog-6.png",1000,620,false],"thumbnail":["https:\/\/www.ayadvogados.com.br\/wp-content\/uploads\/2021\/07\/Blog-6-150x150.png",150,150,true],"medium":["https:\/\/www.ayadvogados.com.br\/wp-content\/uploads\/2021\/07\/Blog-6-300x186.png",300,186,true],"large":["https:\/\/www.ayadvogados.com.br\/wp-content\/uploads\/2021\/07\/Blog-6.png",1000,620,false],"1536x1536":["https:\/\/www.ayadvogados.com.br\/wp-content\/uploads\/2021\/07\/Blog-6.png",1000,620,false],"2048x2048":["https:\/\/www.ayadvogados.com.br\/wp-content\/uploads\/2021\/07\/Blog-6.png",1000,620,false]},"rttpg_author":{"display_name":"AY Advogados","author_link":"https:\/\/www.ayadvogados.com.br\/?author=2"},"rttpg_comment":0,"rttpg_category":"<a href=\"https:\/\/www.ayadvogados.com.br\/?cat=1\" rel=\"category\">Not\u00edcia do Dia<\/a>","rttpg_excerpt":"O Estado de S\u00e3o Paulo j\u00e1 negociou com contribuintes, por meio da chamada transa\u00e7\u00e3o tribut\u00e1ria, o pagamento R$ 143,3 milh\u00f5es em d\u00e9bitos. Foram fechados 7.034 acordos, com descontos sobre os valores originais e prazos para a quita\u00e7\u00e3o das d\u00edvidas. Sem os abatimentos, o total devido ao governo estadual seria de R$ 161,2 milh\u00f5es. S\u00e3o Paulo&hellip;","_links":{"self":[{"href":"https:\/\/www.ayadvogados.com.br\/index.php?rest_route=\/wp\/v2\/posts\/1310","targetHints":{"allow":["GET"]}}],"collection":[{"href":"https:\/\/www.ayadvogados.com.br\/index.php?rest_route=\/wp\/v2\/posts"}],"about":[{"href":"https:\/\/www.ayadvogados.com.br\/index.php?rest_route=\/wp\/v2\/types\/post"}],"author":[{"embeddable":true,"href":"https:\/\/www.ayadvogados.com.br\/index.php?rest_route=\/wp\/v2\/users\/2"}],"replies":[{"embeddable":true,"href":"https:\/\/www.ayadvogados.com.br\/index.php?rest_route=%2Fwp%2Fv2%2Fcomments&post=1310"}],"version-history":[{"count":1,"href":"https:\/\/www.ayadvogados.com.br\/index.php?rest_route=\/wp\/v2\/posts\/1310\/revisions"}],"predecessor-version":[{"id":1312,"href":"https:\/\/www.ayadvogados.com.br\/index.php?rest_route=\/wp\/v2\/posts\/1310\/revisions\/1312"}],"wp:featuredmedia":[{"embeddable":true,"href":"https:\/\/www.ayadvogados.com.br\/index.php?rest_route=\/wp\/v2\/media\/1311"}],"wp:attachment":[{"href":"https:\/\/www.ayadvogados.com.br\/index.php?rest_route=%2Fwp%2Fv2%2Fmedia&parent=1310"}],"wp:term":[{"taxonomy":"category","embeddable":true,"href":"https:\/\/www.ayadvogados.com.br\/index.php?rest_route=%2Fwp%2Fv2%2Fcategories&post=1310"},{"taxonomy":"post_tag","embeddable":true,"href":"https:\/\/www.ayadvogados.com.br\/index.php?rest_route=%2Fwp%2Fv2%2Ftags&post=1310"}],"curies":[{"name":"wp","href":"https:\/\/api.w.org\/{rel}","templated":true}]}}