{"id":1306,"date":"2021-07-12T18:34:10","date_gmt":"2021-07-12T21:34:10","guid":{"rendered":"http:\/\/34.239.117.254\/?p=1306"},"modified":"2021-07-12T18:34:10","modified_gmt":"2021-07-12T21:34:10","slug":"receita-agora-projeta-arrecadacao-menor-com-a-tributacao-de-dividendos","status":"publish","type":"post","link":"https:\/\/www.ayadvogados.com.br\/?p=1306","title":{"rendered":"Receita agora projeta arrecada\u00e7\u00e3o menor com a tributa\u00e7\u00e3o de dividendos"},"content":{"rendered":"\n<p>Entre as medidas mais pol\u00eamicas da<strong> reforma do Imposto de Renda<\/strong>, a<strong> tributa\u00e7\u00e3o sobre dividendos <\/strong>deve gerar um ganho de <strong>arrecada\u00e7\u00e3o <\/strong>de R$ 10,63 bilh\u00f5es no primeiro ano de vig\u00eancia da reforma. Essa receita sobe para R$ 32,20 bilh\u00f5es no segundo ano e para R$ 34,07 bilh\u00f5es no terceiro.<\/p>\n\n\n\n<ul class=\"wp-block-list\"><li><a href=\"https:\/\/valor.globo.com\/brasil\/noticia\/2021\/07\/12\/reforma-do-imposto-de-renda-receita-projeta-aumento-de-r-247-bilhoes-na-arrecadacao-em-2022.ghtml\"><strong>Receita projeta aumento de R$ 2,47 bilh\u00f5es na arrecada\u00e7\u00e3o em 2022<\/strong><\/a><\/li><li><a href=\"https:\/\/valor.globo.com\/brasil\/noticia\/2021\/07\/12\/receita-praticamente-dobra-projecao-de-ganhos-na-arrecadacao-com-fim-do-jcp.ghtml\"><strong>Receita praticamente dobra proje\u00e7\u00e3o de ganhos na arrecada\u00e7\u00e3o com fim do JCP<\/strong><\/a><\/li><li><a href=\"https:\/\/valor.globo.com\/brasil\/noticia\/2021\/07\/12\/receita-projeta-perda-de-r-135-bi-no-1o-ano-com-mudancas-na-tabela-do-irpf.ghtml\"><strong>Com mudan\u00e7as na tabela do IRPF, Receita projeta perda de R$ 13,5 bi no 1\u00ba ano<\/strong><\/a><\/li><li><a href=\"https:\/\/valor.globo.com\/brasil\/noticia\/2021\/07\/12\/receita-ve-aumento-de-r-1419-bi-na-arrecadacao-em-2022-com-reforma-do-ir-sobre-mercado-financeiro.ghtml\"><strong>Receita v\u00ea alta de R$ 14,19 bi na arrecada\u00e7\u00e3o em 2022 com impacto sobre mercado financeiro<\/strong><\/a><\/li><\/ul>\n\n\n\n<p>A Receita Federal apresentou nesta segunda-feira o detalhamento de suas proje\u00e7\u00f5es de impacto com as medidas apresentadas, mais de duas semanas depois de ter enviado ao Congresso sua proposta de reforma do Imposto de Renda.<\/p>\n\n\n\n<p>Os n\u00fameros divulgados nesta segunda s\u00e3o bem menores do que os originalmente divulgados pela <strong>Receita<\/strong>, na entrevista feita no dia do envio do projeto. Na ocasi\u00e3o, a informa\u00e7\u00e3o havia sido de R$ 18,5 bilh\u00f5es no primeiro ano, chegando a R$ 58,15 bilh\u00f5es no \u00faltimo.<\/p>\n\n\n\n<p>\u201cFoi adotado como premissa que a tributa\u00e7\u00e3o dos dividendos provocar\u00e1 altera\u00e7\u00e3o no comportamento dos contribuintes, no sentido de reduzir o volume atualmente distribu\u00eddo. \u00c9 necess\u00e1rio ressaltar que n\u00e3o h\u00e1 como prever qual ser\u00e1 a magnitude exata dessa altera\u00e7\u00e3o de comportamento, e por conseguinte n\u00e3o \u00e9 poss\u00edvel precisar qual ser\u00e1 o efeito sobre os ganhos de arrecada\u00e7\u00e3o previstos\u201d, diz a nota executiva da Receita.<\/p>\n\n\n\n<p>\u201cN\u00e3o obstante, \u00e9 certo que tal altera\u00e7\u00e3o se d\u00e1 no sentido de o contribuinte tentar reduzir ao m\u00e1ximo o aumento da sua carga tribut\u00e1ria, enquanto observa suas necessidades de distribui\u00e7\u00e3o. Para refletir essa mudan\u00e7a de comportamento, foram adotadas hip\u00f3teses de redu\u00e7\u00e3o de distribui\u00e7\u00e3o de dividendos de acordo com o tamanho da empresa pagadora. Empresas pequenas reduzir\u00e3o muito a distribui\u00e7\u00e3o, enquanto nas empresas grandes a redu\u00e7\u00e3o ser\u00e1 menor\u201d, completa o texto.<\/p>\n\n\n\n<p>Fonte: <a href=\"https:\/\/valor.globo.com\/legislacao\/noticia\/2021\/07\/08\/receita-federal-restringe-isencao-de-ir-sobre-ganhos-com-a-variacao-cambial.ghtml\" data-type=\"URL\" data-id=\"https:\/\/valor.globo.com\/legislacao\/noticia\/2021\/07\/08\/receita-federal-restringe-isencao-de-ir-sobre-ganhos-com-a-variacao-cambial.ghtml\" target=\"_blank\" rel=\"noreferrer noopener\">Valor<\/a><\/p>\n\n\n\n<p>Contato: 41 3595-8300 ou pelo nosso WhatsApp 41 99567-5696<\/p>\n\n\n\n<p>Av. C\u00e2ndido Hartmann, 50 \u2013 Bigorrilho | Curitiba-PR<\/p>\n\n\n\n<p>Assine nossa Newsletter e fique por dentro das novidades!<\/p>\n\n\n\n<p>Quer receber seu exemplar da revista Governan\u00e7a Jur\u00eddica? Clique <a href=\"http:\/\/ayadvogados.com.br\/revista\">aqui<\/a>&nbsp;e pe\u00e7a a sua.<\/p>\n\n\n\n<p>Nos acompanhe nas redes sociais: <a href=\"https:\/\/www.facebook.com\/amaral.yazbek\">Facebook<\/a>&nbsp;| <a href=\"https:\/\/www.instagram.com\/amaral.yazbek\/\">Instagram<\/a> | <a href=\"https:\/\/www.linkedin.com\/company\/3357082\/admin\/\">Linkedin<\/a><\/p>\n\n\n\n<p>J\u00e1 conhece o canal Direito da Intelig\u00eancia de Neg\u00f3cios? <a href=\"https:\/\/www.youtube.com\/channel\/UCu2Mpu32ht8DEN8OFRXYMyw\">Inscreva-se j\u00e1<\/a><\/p>\n","protected":false},"excerpt":{"rendered":"<p>Entre as medidas mais pol\u00eamicas da reforma do Imposto de Renda, a tributa\u00e7\u00e3o sobre dividendos deve gerar um ganho de arrecada\u00e7\u00e3o de R$ 10,63 bilh\u00f5es no primeiro ano de vig\u00eancia da reforma. Essa receita sobe para R$ 32,20 bilh\u00f5es no segundo ano e para R$ 34,07 bilh\u00f5es no terceiro. Receita projeta aumento de R$ 2,47 [&hellip;]<\/p>\n","protected":false},"author":2,"featured_media":1307,"comment_status":"open","ping_status":"open","sticky":false,"template":"","format":"standard","meta":{"footnotes":""},"categories":[1],"tags":[],"class_list":["post-1306","post","type-post","status-publish","format-standard","has-post-thumbnail","hentry","category-noticia-do-dia"],"blocksy_meta":{"styles_descriptor":{"styles":{"desktop":"","tablet":"","mobile":""},"google_fonts":[],"version":6}},"yoast_head":"<!-- This site is optimized with the Yoast SEO plugin v27.5 - https:\/\/yoast.com\/product\/yoast-seo-wordpress\/ -->\n<title>Receita agora projeta arrecada\u00e7\u00e3o menor com a tributa\u00e7\u00e3o de dividendos - Amaral, Yazbek Advogados<\/title>\n<meta name=\"robots\" content=\"index, follow, max-snippet:-1, max-image-preview:large, max-video-preview:-1\" \/>\n<link rel=\"canonical\" href=\"https:\/\/www.ayadvogados.com.br\/?p=1306\" \/>\n<meta property=\"og:locale\" content=\"pt_BR\" \/>\n<meta property=\"og:type\" content=\"article\" \/>\n<meta property=\"og:title\" content=\"Receita agora projeta arrecada\u00e7\u00e3o menor com a tributa\u00e7\u00e3o de dividendos - Amaral, Yazbek Advogados\" \/>\n<meta property=\"og:description\" content=\"Entre as medidas mais pol\u00eamicas da reforma do Imposto de Renda, a tributa\u00e7\u00e3o sobre dividendos deve gerar um ganho de arrecada\u00e7\u00e3o de R$ 10,63 bilh\u00f5es no primeiro ano de vig\u00eancia da reforma. Essa receita sobe para R$ 32,20 bilh\u00f5es no segundo ano e para R$ 34,07 bilh\u00f5es no terceiro. Receita projeta aumento de R$ 2,47 [&hellip;]\" \/>\n<meta property=\"og:url\" content=\"https:\/\/www.ayadvogados.com.br\/?p=1306\" \/>\n<meta property=\"og:site_name\" content=\"Amaral, Yazbek Advogados\" \/>\n<meta property=\"article:publisher\" content=\"https:\/\/www.facebook.com\/AYadvogados\" \/>\n<meta property=\"article:published_time\" content=\"2021-07-12T21:34:10+00:00\" \/>\n<meta property=\"og:image\" content=\"https:\/\/www.ayadvogados.com.br\/wp-content\/uploads\/2021\/07\/Blog-5.png\" \/>\n\t<meta property=\"og:image:width\" content=\"1000\" \/>\n\t<meta property=\"og:image:height\" content=\"620\" \/>\n\t<meta property=\"og:image:type\" content=\"image\/png\" \/>\n<meta name=\"author\" content=\"AY Advogados\" \/>\n<meta name=\"twitter:card\" content=\"summary_large_image\" \/>\n<meta name=\"twitter:label1\" content=\"Escrito por\" \/>\n\t<meta name=\"twitter:data1\" content=\"AY Advogados\" \/>\n\t<meta name=\"twitter:label2\" content=\"Est. tempo de leitura\" \/>\n\t<meta name=\"twitter:data2\" content=\"2 minutos\" \/>\n<script type=\"application\/ld+json\" class=\"yoast-schema-graph\">{\"@context\":\"https:\\\/\\\/schema.org\",\"@graph\":[{\"@type\":\"Article\",\"@id\":\"https:\\\/\\\/www.ayadvogados.com.br\\\/?p=1306#article\",\"isPartOf\":{\"@id\":\"https:\\\/\\\/www.ayadvogados.com.br\\\/?p=1306\"},\"author\":{\"name\":\"AY Advogados\",\"@id\":\"https:\\\/\\\/www.ayadvogados.com.br\\\/#\\\/schema\\\/person\\\/4abfbf03ad3e577e691d333af064a912\"},\"headline\":\"Receita agora projeta arrecada\u00e7\u00e3o menor com a tributa\u00e7\u00e3o de dividendos\",\"datePublished\":\"2021-07-12T21:34:10+00:00\",\"mainEntityOfPage\":{\"@id\":\"https:\\\/\\\/www.ayadvogados.com.br\\\/?p=1306\"},\"wordCount\":419,\"commentCount\":0,\"publisher\":{\"@id\":\"https:\\\/\\\/www.ayadvogados.com.br\\\/#organization\"},\"image\":{\"@id\":\"https:\\\/\\\/www.ayadvogados.com.br\\\/?p=1306#primaryimage\"},\"thumbnailUrl\":\"https:\\\/\\\/www.ayadvogados.com.br\\\/wp-content\\\/uploads\\\/2021\\\/07\\\/Blog-5.png\",\"articleSection\":[\"Not\u00edcia do Dia\"],\"inLanguage\":\"pt-BR\",\"potentialAction\":[{\"@type\":\"CommentAction\",\"name\":\"Comment\",\"target\":[\"https:\\\/\\\/www.ayadvogados.com.br\\\/?p=1306#respond\"]}]},{\"@type\":\"WebPage\",\"@id\":\"https:\\\/\\\/www.ayadvogados.com.br\\\/?p=1306\",\"url\":\"https:\\\/\\\/www.ayadvogados.com.br\\\/?p=1306\",\"name\":\"Receita agora projeta arrecada\u00e7\u00e3o menor com a tributa\u00e7\u00e3o de dividendos - Amaral, Yazbek Advogados\",\"isPartOf\":{\"@id\":\"https:\\\/\\\/www.ayadvogados.com.br\\\/#website\"},\"primaryImageOfPage\":{\"@id\":\"https:\\\/\\\/www.ayadvogados.com.br\\\/?p=1306#primaryimage\"},\"image\":{\"@id\":\"https:\\\/\\\/www.ayadvogados.com.br\\\/?p=1306#primaryimage\"},\"thumbnailUrl\":\"https:\\\/\\\/www.ayadvogados.com.br\\\/wp-content\\\/uploads\\\/2021\\\/07\\\/Blog-5.png\",\"datePublished\":\"2021-07-12T21:34:10+00:00\",\"breadcrumb\":{\"@id\":\"https:\\\/\\\/www.ayadvogados.com.br\\\/?p=1306#breadcrumb\"},\"inLanguage\":\"pt-BR\",\"potentialAction\":[{\"@type\":\"ReadAction\",\"target\":[\"https:\\\/\\\/www.ayadvogados.com.br\\\/?p=1306\"]}]},{\"@type\":\"ImageObject\",\"inLanguage\":\"pt-BR\",\"@id\":\"https:\\\/\\\/www.ayadvogados.com.br\\\/?p=1306#primaryimage\",\"url\":\"https:\\\/\\\/www.ayadvogados.com.br\\\/wp-content\\\/uploads\\\/2021\\\/07\\\/Blog-5.png\",\"contentUrl\":\"https:\\\/\\\/www.ayadvogados.com.br\\\/wp-content\\\/uploads\\\/2021\\\/07\\\/Blog-5.png\",\"width\":1000,\"height\":620},{\"@type\":\"BreadcrumbList\",\"@id\":\"https:\\\/\\\/www.ayadvogados.com.br\\\/?p=1306#breadcrumb\",\"itemListElement\":[{\"@type\":\"ListItem\",\"position\":1,\"name\":\"In\u00edcio\",\"item\":\"https:\\\/\\\/www.ayadvogados.com.br\\\/\"},{\"@type\":\"ListItem\",\"position\":2,\"name\":\"Receita agora projeta arrecada\u00e7\u00e3o menor com a tributa\u00e7\u00e3o de dividendos\"}]},{\"@type\":\"WebSite\",\"@id\":\"https:\\\/\\\/www.ayadvogados.com.br\\\/#website\",\"url\":\"https:\\\/\\\/www.ayadvogados.com.br\\\/\",\"name\":\"Amaral, Yazbek Advogados\",\"description\":\"Curitiba \u2022 Bras\u00edlia \u2022 S\u00e3o Paulo\",\"publisher\":{\"@id\":\"https:\\\/\\\/www.ayadvogados.com.br\\\/#organization\"},\"potentialAction\":[{\"@type\":\"SearchAction\",\"target\":{\"@type\":\"EntryPoint\",\"urlTemplate\":\"https:\\\/\\\/www.ayadvogados.com.br\\\/?s={search_term_string}\"},\"query-input\":{\"@type\":\"PropertyValueSpecification\",\"valueRequired\":true,\"valueName\":\"search_term_string\"}}],\"inLanguage\":\"pt-BR\"},{\"@type\":\"Organization\",\"@id\":\"https:\\\/\\\/www.ayadvogados.com.br\\\/#organization\",\"name\":\"Amaral, Yazbek Advogados\",\"url\":\"https:\\\/\\\/www.ayadvogados.com.br\\\/\",\"logo\":{\"@type\":\"ImageObject\",\"inLanguage\":\"pt-BR\",\"@id\":\"https:\\\/\\\/www.ayadvogados.com.br\\\/#\\\/schema\\\/logo\\\/image\\\/\",\"url\":\"http:\\\/\\\/34.239.117.254\\\/wp-content\\\/uploads\\\/2021\\\/03\\\/logo-ay-g.png\",\"contentUrl\":\"http:\\\/\\\/34.239.117.254\\\/wp-content\\\/uploads\\\/2021\\\/03\\\/logo-ay-g.png\",\"width\":434,\"height\":106,\"caption\":\"Amaral, Yazbek Advogados\"},\"image\":{\"@id\":\"https:\\\/\\\/www.ayadvogados.com.br\\\/#\\\/schema\\\/logo\\\/image\\\/\"},\"sameAs\":[\"https:\\\/\\\/www.facebook.com\\\/AYadvogados\",\"https:\\\/\\\/www.instagram.com\\\/ayadvogados\\\/\"]},{\"@type\":\"Person\",\"@id\":\"https:\\\/\\\/www.ayadvogados.com.br\\\/#\\\/schema\\\/person\\\/4abfbf03ad3e577e691d333af064a912\",\"name\":\"AY Advogados\",\"image\":{\"@type\":\"ImageObject\",\"inLanguage\":\"pt-BR\",\"@id\":\"https:\\\/\\\/secure.gravatar.com\\\/avatar\\\/1473912b851241f5503026e6156e144dcd83ff7addb67f65e1ed9ca21ee1d9cf?s=96&d=mm&r=g\",\"url\":\"https:\\\/\\\/secure.gravatar.com\\\/avatar\\\/1473912b851241f5503026e6156e144dcd83ff7addb67f65e1ed9ca21ee1d9cf?s=96&d=mm&r=g\",\"contentUrl\":\"https:\\\/\\\/secure.gravatar.com\\\/avatar\\\/1473912b851241f5503026e6156e144dcd83ff7addb67f65e1ed9ca21ee1d9cf?s=96&d=mm&r=g\",\"caption\":\"AY Advogados\"},\"sameAs\":[\"https:\\\/\\\/ayadvogados.com.br\"],\"url\":\"https:\\\/\\\/www.ayadvogados.com.br\\\/?author=2\"}]}<\/script>\n<!-- \/ Yoast SEO plugin. -->","yoast_head_json":{"title":"Receita agora projeta arrecada\u00e7\u00e3o menor com a tributa\u00e7\u00e3o de dividendos - Amaral, Yazbek Advogados","robots":{"index":"index","follow":"follow","max-snippet":"max-snippet:-1","max-image-preview":"max-image-preview:large","max-video-preview":"max-video-preview:-1"},"canonical":"https:\/\/www.ayadvogados.com.br\/?p=1306","og_locale":"pt_BR","og_type":"article","og_title":"Receita agora projeta arrecada\u00e7\u00e3o menor com a tributa\u00e7\u00e3o de dividendos - Amaral, Yazbek Advogados","og_description":"Entre as medidas mais pol\u00eamicas da reforma do Imposto de Renda, a tributa\u00e7\u00e3o sobre dividendos deve gerar um ganho de arrecada\u00e7\u00e3o de R$ 10,63 bilh\u00f5es no primeiro ano de vig\u00eancia da reforma. Essa receita sobe para R$ 32,20 bilh\u00f5es no segundo ano e para R$ 34,07 bilh\u00f5es no terceiro. Receita projeta aumento de R$ 2,47 [&hellip;]","og_url":"https:\/\/www.ayadvogados.com.br\/?p=1306","og_site_name":"Amaral, Yazbek Advogados","article_publisher":"https:\/\/www.facebook.com\/AYadvogados","article_published_time":"2021-07-12T21:34:10+00:00","og_image":[{"width":1000,"height":620,"url":"https:\/\/www.ayadvogados.com.br\/wp-content\/uploads\/2021\/07\/Blog-5.png","type":"image\/png"}],"author":"AY Advogados","twitter_card":"summary_large_image","twitter_misc":{"Escrito por":"AY Advogados","Est. tempo de leitura":"2 minutos"},"schema":{"@context":"https:\/\/schema.org","@graph":[{"@type":"Article","@id":"https:\/\/www.ayadvogados.com.br\/?p=1306#article","isPartOf":{"@id":"https:\/\/www.ayadvogados.com.br\/?p=1306"},"author":{"name":"AY Advogados","@id":"https:\/\/www.ayadvogados.com.br\/#\/schema\/person\/4abfbf03ad3e577e691d333af064a912"},"headline":"Receita agora projeta arrecada\u00e7\u00e3o menor com a tributa\u00e7\u00e3o de dividendos","datePublished":"2021-07-12T21:34:10+00:00","mainEntityOfPage":{"@id":"https:\/\/www.ayadvogados.com.br\/?p=1306"},"wordCount":419,"commentCount":0,"publisher":{"@id":"https:\/\/www.ayadvogados.com.br\/#organization"},"image":{"@id":"https:\/\/www.ayadvogados.com.br\/?p=1306#primaryimage"},"thumbnailUrl":"https:\/\/www.ayadvogados.com.br\/wp-content\/uploads\/2021\/07\/Blog-5.png","articleSection":["Not\u00edcia do Dia"],"inLanguage":"pt-BR","potentialAction":[{"@type":"CommentAction","name":"Comment","target":["https:\/\/www.ayadvogados.com.br\/?p=1306#respond"]}]},{"@type":"WebPage","@id":"https:\/\/www.ayadvogados.com.br\/?p=1306","url":"https:\/\/www.ayadvogados.com.br\/?p=1306","name":"Receita agora projeta arrecada\u00e7\u00e3o menor com a tributa\u00e7\u00e3o de dividendos - Amaral, Yazbek Advogados","isPartOf":{"@id":"https:\/\/www.ayadvogados.com.br\/#website"},"primaryImageOfPage":{"@id":"https:\/\/www.ayadvogados.com.br\/?p=1306#primaryimage"},"image":{"@id":"https:\/\/www.ayadvogados.com.br\/?p=1306#primaryimage"},"thumbnailUrl":"https:\/\/www.ayadvogados.com.br\/wp-content\/uploads\/2021\/07\/Blog-5.png","datePublished":"2021-07-12T21:34:10+00:00","breadcrumb":{"@id":"https:\/\/www.ayadvogados.com.br\/?p=1306#breadcrumb"},"inLanguage":"pt-BR","potentialAction":[{"@type":"ReadAction","target":["https:\/\/www.ayadvogados.com.br\/?p=1306"]}]},{"@type":"ImageObject","inLanguage":"pt-BR","@id":"https:\/\/www.ayadvogados.com.br\/?p=1306#primaryimage","url":"https:\/\/www.ayadvogados.com.br\/wp-content\/uploads\/2021\/07\/Blog-5.png","contentUrl":"https:\/\/www.ayadvogados.com.br\/wp-content\/uploads\/2021\/07\/Blog-5.png","width":1000,"height":620},{"@type":"BreadcrumbList","@id":"https:\/\/www.ayadvogados.com.br\/?p=1306#breadcrumb","itemListElement":[{"@type":"ListItem","position":1,"name":"In\u00edcio","item":"https:\/\/www.ayadvogados.com.br\/"},{"@type":"ListItem","position":2,"name":"Receita agora projeta arrecada\u00e7\u00e3o menor com a tributa\u00e7\u00e3o de dividendos"}]},{"@type":"WebSite","@id":"https:\/\/www.ayadvogados.com.br\/#website","url":"https:\/\/www.ayadvogados.com.br\/","name":"Amaral, Yazbek Advogados","description":"Curitiba \u2022 Bras\u00edlia \u2022 S\u00e3o Paulo","publisher":{"@id":"https:\/\/www.ayadvogados.com.br\/#organization"},"potentialAction":[{"@type":"SearchAction","target":{"@type":"EntryPoint","urlTemplate":"https:\/\/www.ayadvogados.com.br\/?s={search_term_string}"},"query-input":{"@type":"PropertyValueSpecification","valueRequired":true,"valueName":"search_term_string"}}],"inLanguage":"pt-BR"},{"@type":"Organization","@id":"https:\/\/www.ayadvogados.com.br\/#organization","name":"Amaral, Yazbek Advogados","url":"https:\/\/www.ayadvogados.com.br\/","logo":{"@type":"ImageObject","inLanguage":"pt-BR","@id":"https:\/\/www.ayadvogados.com.br\/#\/schema\/logo\/image\/","url":"http:\/\/34.239.117.254\/wp-content\/uploads\/2021\/03\/logo-ay-g.png","contentUrl":"http:\/\/34.239.117.254\/wp-content\/uploads\/2021\/03\/logo-ay-g.png","width":434,"height":106,"caption":"Amaral, Yazbek Advogados"},"image":{"@id":"https:\/\/www.ayadvogados.com.br\/#\/schema\/logo\/image\/"},"sameAs":["https:\/\/www.facebook.com\/AYadvogados","https:\/\/www.instagram.com\/ayadvogados\/"]},{"@type":"Person","@id":"https:\/\/www.ayadvogados.com.br\/#\/schema\/person\/4abfbf03ad3e577e691d333af064a912","name":"AY Advogados","image":{"@type":"ImageObject","inLanguage":"pt-BR","@id":"https:\/\/secure.gravatar.com\/avatar\/1473912b851241f5503026e6156e144dcd83ff7addb67f65e1ed9ca21ee1d9cf?s=96&d=mm&r=g","url":"https:\/\/secure.gravatar.com\/avatar\/1473912b851241f5503026e6156e144dcd83ff7addb67f65e1ed9ca21ee1d9cf?s=96&d=mm&r=g","contentUrl":"https:\/\/secure.gravatar.com\/avatar\/1473912b851241f5503026e6156e144dcd83ff7addb67f65e1ed9ca21ee1d9cf?s=96&d=mm&r=g","caption":"AY Advogados"},"sameAs":["https:\/\/ayadvogados.com.br"],"url":"https:\/\/www.ayadvogados.com.br\/?author=2"}]}},"rttpg_featured_image_url":{"full":["https:\/\/www.ayadvogados.com.br\/wp-content\/uploads\/2021\/07\/Blog-5.png",1000,620,false],"landscape":["https:\/\/www.ayadvogados.com.br\/wp-content\/uploads\/2021\/07\/Blog-5.png",1000,620,false],"portraits":["https:\/\/www.ayadvogados.com.br\/wp-content\/uploads\/2021\/07\/Blog-5.png",1000,620,false],"thumbnail":["https:\/\/www.ayadvogados.com.br\/wp-content\/uploads\/2021\/07\/Blog-5-150x150.png",150,150,true],"medium":["https:\/\/www.ayadvogados.com.br\/wp-content\/uploads\/2021\/07\/Blog-5-300x186.png",300,186,true],"large":["https:\/\/www.ayadvogados.com.br\/wp-content\/uploads\/2021\/07\/Blog-5.png",1000,620,false],"1536x1536":["https:\/\/www.ayadvogados.com.br\/wp-content\/uploads\/2021\/07\/Blog-5.png",1000,620,false],"2048x2048":["https:\/\/www.ayadvogados.com.br\/wp-content\/uploads\/2021\/07\/Blog-5.png",1000,620,false]},"rttpg_author":{"display_name":"AY Advogados","author_link":"https:\/\/www.ayadvogados.com.br\/?author=2"},"rttpg_comment":0,"rttpg_category":"<a href=\"https:\/\/www.ayadvogados.com.br\/?cat=1\" rel=\"category\">Not\u00edcia do Dia<\/a>","rttpg_excerpt":"Entre as medidas mais pol\u00eamicas da reforma do Imposto de Renda, a tributa\u00e7\u00e3o sobre dividendos deve gerar um ganho de arrecada\u00e7\u00e3o de R$ 10,63 bilh\u00f5es no primeiro ano de vig\u00eancia da reforma. Essa receita sobe para R$ 32,20 bilh\u00f5es no segundo ano e para R$ 34,07 bilh\u00f5es no terceiro. Receita projeta aumento de R$ 2,47&hellip;","_links":{"self":[{"href":"https:\/\/www.ayadvogados.com.br\/index.php?rest_route=\/wp\/v2\/posts\/1306","targetHints":{"allow":["GET"]}}],"collection":[{"href":"https:\/\/www.ayadvogados.com.br\/index.php?rest_route=\/wp\/v2\/posts"}],"about":[{"href":"https:\/\/www.ayadvogados.com.br\/index.php?rest_route=\/wp\/v2\/types\/post"}],"author":[{"embeddable":true,"href":"https:\/\/www.ayadvogados.com.br\/index.php?rest_route=\/wp\/v2\/users\/2"}],"replies":[{"embeddable":true,"href":"https:\/\/www.ayadvogados.com.br\/index.php?rest_route=%2Fwp%2Fv2%2Fcomments&post=1306"}],"version-history":[{"count":1,"href":"https:\/\/www.ayadvogados.com.br\/index.php?rest_route=\/wp\/v2\/posts\/1306\/revisions"}],"predecessor-version":[{"id":1308,"href":"https:\/\/www.ayadvogados.com.br\/index.php?rest_route=\/wp\/v2\/posts\/1306\/revisions\/1308"}],"wp:featuredmedia":[{"embeddable":true,"href":"https:\/\/www.ayadvogados.com.br\/index.php?rest_route=\/wp\/v2\/media\/1307"}],"wp:attachment":[{"href":"https:\/\/www.ayadvogados.com.br\/index.php?rest_route=%2Fwp%2Fv2%2Fmedia&parent=1306"}],"wp:term":[{"taxonomy":"category","embeddable":true,"href":"https:\/\/www.ayadvogados.com.br\/index.php?rest_route=%2Fwp%2Fv2%2Fcategories&post=1306"},{"taxonomy":"post_tag","embeddable":true,"href":"https:\/\/www.ayadvogados.com.br\/index.php?rest_route=%2Fwp%2Fv2%2Ftags&post=1306"}],"curies":[{"name":"wp","href":"https:\/\/api.w.org\/{rel}","templated":true}]}}