{"id":1290,"date":"2021-07-06T16:26:17","date_gmt":"2021-07-06T19:26:17","guid":{"rendered":"http:\/\/34.239.117.254\/?p=1290"},"modified":"2021-07-06T16:26:17","modified_gmt":"2021-07-06T19:26:17","slug":"reforma-do-ir-desestimula-adocao-de-holding-familiar","status":"publish","type":"post","link":"https:\/\/www.ayadvogados.com.br\/?p=1290","title":{"rendered":"Reforma do IR desestimula ado\u00e7\u00e3o de holding familiar"},"content":{"rendered":"\n<p>A proposta de reforma do Imposto de Renda torna menos vantajosa a ado\u00e7\u00e3o de holding familiar para planejamento patrimonial e sucess\u00f3rio. Prev\u00ea aumento de tributa\u00e7\u00e3o, com a cobran\u00e7a sobre dividendos, al\u00e9m de antecipa\u00e7\u00e3o do pagamento do imposto, que passar\u00e1 a incidir antes mesmo da distribui\u00e7\u00e3o do lucro.<\/p>\n\n\n\n<p>As holdings s\u00e3o adotadas hoje pelas vantagens fiscais que oferecem &#8211; por meio da tributa\u00e7\u00e3o de pessoa jur\u00eddica. S\u00e3o estruturas montadas para a gest\u00e3o, por exemplo, de im\u00f3veis, incluindo propriedades rurais, e de investimentos no exterior, que se tornaram mais comuns a partir de 2016 com o programa de repatria\u00e7\u00e3o &#8211; o Regime Especial de Regulariza\u00e7\u00e3o Cambial e Tribut\u00e1ria (Rerct).<\/p>\n\n\n\n<p>Pelo texto enviado ao Congresso Nacional, por\u00e9m, elas perdem parte dos atrativos. Uma das principais mudan\u00e7as recai sobre investimentos em para\u00edsos fiscais. Nesse caso, a mudan\u00e7a \u00e9 no momento da tributa\u00e7\u00e3o.<\/p>\n\n\n\n<p>O projeto estabelece que lucros decorrentes de participa\u00e7\u00e3o em controladas no exterior ser\u00e3o considerados disponibilizados para a pessoa f\u00edsica controladora residente no Brasil na data do balan\u00e7o que tiverem sido apurados e ficar\u00e3o sujeitos \u00e0 tributa\u00e7\u00e3o do Imposto de Renda quando a controlada estiver em para\u00edso fiscal &#8211; at\u00e9 o \u00faltimo dia \u00fatil do m\u00eas ap\u00f3s a disponibiliza\u00e7\u00e3o e dever\u00e1 compor a base de c\u00e1lculo na declara\u00e7\u00e3o de ajuste anual.<\/p>\n\n\n\n<p>De acordo com Luiz Felipe Ferraz, do escrit\u00f3rio Mattos Filho, j\u00e1 havia previs\u00e3o nesse sentido na Medida Provis\u00f3ria n\u00ba 627, de 2014, que acabou ficando de fora na convers\u00e3o em lei. \u201cH\u00e1 uma mudan\u00e7a muito grande no momento da tributa\u00e7\u00e3o\u201d, afirma ele, acrescentando que a quest\u00e3o deve gerar muita discuss\u00e3o no Congresso Nacional.<\/p>\n\n\n\n<p>Ferraz explica que a tributa\u00e7\u00e3o, pelo texto, ocorre no ano em que o lucro for apurado, mesmo que seja distribu\u00eddo muitos anos depois. \u201cEm alguns casos, voc\u00ea vai tributar antes de a pessoa receber\u201d, diz.<\/p>\n\n\n\n<p>A mudan\u00e7a, afirma Luciano Ogawa, s\u00f3cio do Ogawa, Lazzeroti e Baraldi Advogados, cria uma \u201ctributa\u00e7\u00e3o fict\u00edcia\u201d. Em regra, explica, as pessoas f\u00edsicas s\u00e3o tributadas pelo regime de caixa (no momento do efetivo pagamento) e o texto considera distribu\u00eddo lucro que apenas foi apurado. \u201c\u00c9 semelhante ao que Receita Federal tenta fazer para empresas com controladas e coligadas no exterior\u201d, diz.<\/p>\n\n\n\n<p>Ele lembra que, para as empresas no regime de compet\u00eancia, o Supremo Tribunal Federal (STF) j\u00e1 decidiu pela constitucionalidade da medida. O caso tratava de controladas localizadas em para\u00edsos fiscais. \u201cEssa tributa\u00e7\u00e3o est\u00e1 em linha com as diretrizes da OCDE [Organiza\u00e7\u00e3o para a Coopera\u00e7\u00e3o e Desenvolvimento Econ\u00f4mico]. \u00c9 uma tend\u00eancia mundial, n\u00e3o \u00e9 uma medida absurda.\u201d<\/p>\n\n\n\n<p>As empresas no exterior, diz Joanna Rezende, s\u00f3cia do Velloza Advogados Associados, n\u00e3o s\u00e3o estruturadas s\u00f3 com finalidade fiscal. S\u00e3o constitu\u00eddas, acrescenta, como ve\u00edculo de agrega\u00e7\u00e3o de investimentos internacionais com finalidade sucess\u00f3ria, de governan\u00e7a corporativa e familiar.<\/p>\n\n\n\n<p>As holdings imobili\u00e1rias, de acordo com Natalia Zimmermann, s\u00f3cia do mesmo escrit\u00f3rio, s\u00e3o adotadas por motivos semelhantes. \u201cImagina se tem um irm\u00e3o que n\u00e3o fala com outro e s\u00e3o donos dos mesmos im\u00f3veis. O gestor resolve qualquer problema\u201d, afirma.<\/p>\n\n\n\n<p>Para serem leg\u00edtimas, as holdings imobili\u00e1rias, que re\u00fanem os im\u00f3veis de uma pessoa f\u00edsica ou fam\u00edlia, precisam funcionar como uma empresa, ter um gestor. O valor dos alugu\u00e9is deve ser pago em conta \u00fanica. Hoje, a Receita Federal considera fraude casos em que h\u00e1 abertura de empresa e transfer\u00eancia de patrim\u00f4nio, mas n\u00e3o h\u00e1 gest\u00e3o.<\/p>\n\n\n\n<p>Na pessoa f\u00edsica, h\u00e1 dois momentos de cobran\u00e7a do Imposto de Renda. A receita proveniente de aluguel est\u00e1 sujeita \u00e0 tributa\u00e7\u00e3o de at\u00e9 27,5% (acima de R$ 4.900). Na venda, deve ser apurado ganho de capital tamb\u00e9m sujeito a al\u00edquotas progressivas de 15% (para valores at\u00e9 R$ 5 milh\u00f5es) a 22,5%.<\/p>\n\n\n\n<p>J\u00e1 no caso de holding optante pelo regime do lucro presumido, 32% da receita de aluguel \u00e9 tributada. Imposto de Renda, CSLL, PIS e Cofins somados correspondem a 14,5% do montante total.<\/p>\n\n\n\n<p>A al\u00edquota sobre venda vai depender da origem do im\u00f3vel. Se for um ativo imobilizado, a tributa\u00e7\u00e3o \u00e9 de 34% e pode incidir PIS e Cofins &#8211; no lucro real ou presumido. Se for de estoque (im\u00f3vel que n\u00e3o \u00e9 de uso nem aluguel), varia entre 6% e 8%.<\/p>\n\n\n\n<p>Pela proposta, os dividendos resultantes dessas opera\u00e7\u00f5es passam a ser tributados. E as holdings imobili\u00e1rias dever\u00e3o obrigatoriamente ficar no regime do lucro real &#8211; menos vantajoso.<\/p>\n\n\n\n<p>Para Natalia Zimmermann, o projeto poderia equiparar a tributa\u00e7\u00e3o da holding \u00e0 da pessoa f\u00edsica, para n\u00e3o desestimular a ado\u00e7\u00e3o dessas estruturas. \u201cAcho que eles est\u00e3o mirando numa situa\u00e7\u00e3o e acertando outra\u201d, afirma ela, sobre a desconfian\u00e7a da Receita Federal de que holdings s\u00e3o montadas hoje s\u00f3 para evitar a tributa\u00e7\u00e3o na pessoa f\u00edsica.<\/p>\n\n\n\n<p>Esse tipo de estrutura tamb\u00e9m \u00e9 utilizada no agroneg\u00f3cio, segundo Cristiano Carvalho, s\u00f3cio do CMT Advogados. Mas com a mudan\u00e7a, diz, ficar\u00e1 muito cara e vai valer mais a pena deixar a tributa\u00e7\u00e3o na pessoa f\u00edsica. \u201cO uso de holdings aumentou quando surgiu a isen\u00e7\u00e3o dos dividendos, nos anos 90\u201d, afirma ele, destacando que, apesar do incentivo tribut\u00e1rio, a grande fun\u00e7\u00e3o dessas estruturas \u00e9 ajudar na governan\u00e7a.<\/p>\n\n\n\n<p>Pedro Carvalho, do mesmo escrit\u00f3rio, explica que, como muitos neg\u00f3cios s\u00e3o familiares, \u00e9 mais f\u00e1cil estruturar uma holding e distribuir os dividendos. \u201cCom a proposta de reforma a tributa\u00e7\u00e3o vai de zero para 20%. Acaba com a vantagem\u201d, afirma.<\/p>\n\n\n\n<p>As altera\u00e7\u00f5es na tributa\u00e7\u00e3o de holdings, de acordo com Kleber Cabral, presidente do Sindifisco Nacional, que congrega os auditores fiscais, s\u00e3o algumas das medidas antielisivas positivas do texto. \u201cO planejamento tribut\u00e1rio envolvendo holdings de im\u00f3veis n\u00e3o \u00e9 ilegal, mas distorce o sistema. \u00c9 uma das disfuncionalidades do Imposto de Renda.\u201d<\/p>\n\n\n\n<p>Fonte: <a href=\"https:\/\/valor.globo.com\/legislacao\/noticia\/2021\/07\/06\/reforma-do-ir-desestimula-adocao-de-holding-familiar.ghtml\" data-type=\"URL\" data-id=\"https:\/\/valor.globo.com\/legislacao\/noticia\/2021\/07\/06\/reforma-do-ir-desestimula-adocao-de-holding-familiar.ghtml\" target=\"_blank\" rel=\"noreferrer noopener\">Valor<\/a><\/p>\n\n\n\n<p>A Amaral, Yazbek, OAB\/PR 762, possui 35 anos de experi\u00eancia auxiliando empresas a transformar a tributa\u00e7\u00e3o em lucro. Entre em contato com um dos s\u00f3cios para agendamento de reuni\u00e3o em caso de d\u00favidas.<\/p>\n\n\n\n<p>Contato: 41 3595-8300 ou pelo nosso WhatsApp 41 99567-5696<\/p>\n\n\n\n<p>Av. C\u00e2ndido Hartmann, 50 \u2013 Bigorrilho | Curitiba-PR<\/p>\n\n\n\n<p>Assine nossa Newsletter e fique por dentro das novidades!<\/p>\n\n\n\n<p>Quer receber seu exemplar da revista Governan\u00e7a Jur\u00eddica? Clique <a href=\"http:\/\/ayadvogados.com.br\/revista\">aqui<\/a>&nbsp;e pe\u00e7a a sua.<\/p>\n\n\n\n<p>Nos acompanhe nas redes sociais: <a href=\"https:\/\/www.facebook.com\/amaral.yazbek\">Facebook<\/a>&nbsp;| <a href=\"https:\/\/www.instagram.com\/amaral.yazbek\/\">Instagram<\/a> | <a href=\"https:\/\/www.linkedin.com\/company\/3357082\/admin\/\">Linkedin<\/a><\/p>\n\n\n\n<p>J\u00e1 conhece o canal Direito da Intelig\u00eancia de Neg\u00f3cios? <a href=\"https:\/\/www.youtube.com\/channel\/UCu2Mpu32ht8DEN8OFRXYMyw\">Inscreva-se j\u00e1<\/a><\/p>\n","protected":false},"excerpt":{"rendered":"<p>A proposta de reforma do Imposto de Renda torna menos vantajosa a ado\u00e7\u00e3o de holding familiar para planejamento patrimonial e sucess\u00f3rio. Prev\u00ea aumento de tributa\u00e7\u00e3o, com a cobran\u00e7a sobre dividendos, al\u00e9m de antecipa\u00e7\u00e3o do pagamento do imposto, que passar\u00e1 a incidir antes mesmo da distribui\u00e7\u00e3o do lucro. As holdings s\u00e3o adotadas hoje pelas vantagens fiscais [&hellip;]<\/p>\n","protected":false},"author":2,"featured_media":1291,"comment_status":"open","ping_status":"open","sticky":false,"template":"","format":"standard","meta":{"footnotes":""},"categories":[1],"tags":[],"class_list":["post-1290","post","type-post","status-publish","format-standard","has-post-thumbnail","hentry","category-noticia-do-dia"],"blocksy_meta":{"styles_descriptor":{"styles":{"desktop":"","tablet":"","mobile":""},"google_fonts":[],"version":6}},"yoast_head":"<!-- This site is optimized with the Yoast SEO plugin v27.5 - https:\/\/yoast.com\/product\/yoast-seo-wordpress\/ -->\n<title>Reforma do IR desestimula ado\u00e7\u00e3o de holding familiar - Amaral, Yazbek Advogados<\/title>\n<meta name=\"robots\" content=\"index, follow, max-snippet:-1, max-image-preview:large, max-video-preview:-1\" \/>\n<link rel=\"canonical\" href=\"https:\/\/www.ayadvogados.com.br\/?p=1290\" \/>\n<meta property=\"og:locale\" content=\"pt_BR\" \/>\n<meta property=\"og:type\" content=\"article\" \/>\n<meta property=\"og:title\" content=\"Reforma do IR desestimula ado\u00e7\u00e3o de holding familiar - Amaral, Yazbek Advogados\" \/>\n<meta property=\"og:description\" content=\"A proposta de reforma do Imposto de Renda torna menos vantajosa a ado\u00e7\u00e3o de holding familiar para planejamento patrimonial e sucess\u00f3rio. Prev\u00ea aumento de tributa\u00e7\u00e3o, com a cobran\u00e7a sobre dividendos, al\u00e9m de antecipa\u00e7\u00e3o do pagamento do imposto, que passar\u00e1 a incidir antes mesmo da distribui\u00e7\u00e3o do lucro. As holdings s\u00e3o adotadas hoje pelas vantagens fiscais [&hellip;]\" \/>\n<meta property=\"og:url\" content=\"https:\/\/www.ayadvogados.com.br\/?p=1290\" \/>\n<meta property=\"og:site_name\" content=\"Amaral, Yazbek Advogados\" \/>\n<meta property=\"article:publisher\" content=\"https:\/\/www.facebook.com\/AYadvogados\" \/>\n<meta property=\"article:published_time\" content=\"2021-07-06T19:26:17+00:00\" \/>\n<meta property=\"og:image\" content=\"https:\/\/www.ayadvogados.com.br\/wp-content\/uploads\/2021\/07\/Blog-2.png\" \/>\n\t<meta property=\"og:image:width\" content=\"1000\" \/>\n\t<meta property=\"og:image:height\" content=\"620\" \/>\n\t<meta property=\"og:image:type\" content=\"image\/png\" \/>\n<meta name=\"author\" content=\"AY Advogados\" \/>\n<meta name=\"twitter:card\" content=\"summary_large_image\" \/>\n<meta name=\"twitter:label1\" content=\"Escrito por\" \/>\n\t<meta name=\"twitter:data1\" content=\"AY Advogados\" \/>\n\t<meta name=\"twitter:label2\" content=\"Est. tempo de leitura\" \/>\n\t<meta name=\"twitter:data2\" content=\"6 minutos\" \/>\n<script type=\"application\/ld+json\" class=\"yoast-schema-graph\">{\"@context\":\"https:\\\/\\\/schema.org\",\"@graph\":[{\"@type\":\"Article\",\"@id\":\"https:\\\/\\\/www.ayadvogados.com.br\\\/?p=1290#article\",\"isPartOf\":{\"@id\":\"https:\\\/\\\/www.ayadvogados.com.br\\\/?p=1290\"},\"author\":{\"name\":\"AY Advogados\",\"@id\":\"https:\\\/\\\/www.ayadvogados.com.br\\\/#\\\/schema\\\/person\\\/4abfbf03ad3e577e691d333af064a912\"},\"headline\":\"Reforma do IR desestimula ado\u00e7\u00e3o de holding familiar\",\"datePublished\":\"2021-07-06T19:26:17+00:00\",\"mainEntityOfPage\":{\"@id\":\"https:\\\/\\\/www.ayadvogados.com.br\\\/?p=1290\"},\"wordCount\":1122,\"commentCount\":0,\"publisher\":{\"@id\":\"https:\\\/\\\/www.ayadvogados.com.br\\\/#organization\"},\"image\":{\"@id\":\"https:\\\/\\\/www.ayadvogados.com.br\\\/?p=1290#primaryimage\"},\"thumbnailUrl\":\"https:\\\/\\\/www.ayadvogados.com.br\\\/wp-content\\\/uploads\\\/2021\\\/07\\\/Blog-2.png\",\"articleSection\":[\"Not\u00edcia do Dia\"],\"inLanguage\":\"pt-BR\",\"potentialAction\":[{\"@type\":\"CommentAction\",\"name\":\"Comment\",\"target\":[\"https:\\\/\\\/www.ayadvogados.com.br\\\/?p=1290#respond\"]}]},{\"@type\":\"WebPage\",\"@id\":\"https:\\\/\\\/www.ayadvogados.com.br\\\/?p=1290\",\"url\":\"https:\\\/\\\/www.ayadvogados.com.br\\\/?p=1290\",\"name\":\"Reforma do IR desestimula ado\u00e7\u00e3o de holding familiar - Amaral, Yazbek Advogados\",\"isPartOf\":{\"@id\":\"https:\\\/\\\/www.ayadvogados.com.br\\\/#website\"},\"primaryImageOfPage\":{\"@id\":\"https:\\\/\\\/www.ayadvogados.com.br\\\/?p=1290#primaryimage\"},\"image\":{\"@id\":\"https:\\\/\\\/www.ayadvogados.com.br\\\/?p=1290#primaryimage\"},\"thumbnailUrl\":\"https:\\\/\\\/www.ayadvogados.com.br\\\/wp-content\\\/uploads\\\/2021\\\/07\\\/Blog-2.png\",\"datePublished\":\"2021-07-06T19:26:17+00:00\",\"breadcrumb\":{\"@id\":\"https:\\\/\\\/www.ayadvogados.com.br\\\/?p=1290#breadcrumb\"},\"inLanguage\":\"pt-BR\",\"potentialAction\":[{\"@type\":\"ReadAction\",\"target\":[\"https:\\\/\\\/www.ayadvogados.com.br\\\/?p=1290\"]}]},{\"@type\":\"ImageObject\",\"inLanguage\":\"pt-BR\",\"@id\":\"https:\\\/\\\/www.ayadvogados.com.br\\\/?p=1290#primaryimage\",\"url\":\"https:\\\/\\\/www.ayadvogados.com.br\\\/wp-content\\\/uploads\\\/2021\\\/07\\\/Blog-2.png\",\"contentUrl\":\"https:\\\/\\\/www.ayadvogados.com.br\\\/wp-content\\\/uploads\\\/2021\\\/07\\\/Blog-2.png\",\"width\":1000,\"height\":620},{\"@type\":\"BreadcrumbList\",\"@id\":\"https:\\\/\\\/www.ayadvogados.com.br\\\/?p=1290#breadcrumb\",\"itemListElement\":[{\"@type\":\"ListItem\",\"position\":1,\"name\":\"In\u00edcio\",\"item\":\"https:\\\/\\\/www.ayadvogados.com.br\\\/\"},{\"@type\":\"ListItem\",\"position\":2,\"name\":\"Reforma do IR desestimula ado\u00e7\u00e3o de holding familiar\"}]},{\"@type\":\"WebSite\",\"@id\":\"https:\\\/\\\/www.ayadvogados.com.br\\\/#website\",\"url\":\"https:\\\/\\\/www.ayadvogados.com.br\\\/\",\"name\":\"Amaral, Yazbek Advogados\",\"description\":\"Curitiba \u2022 Bras\u00edlia \u2022 S\u00e3o Paulo\",\"publisher\":{\"@id\":\"https:\\\/\\\/www.ayadvogados.com.br\\\/#organization\"},\"potentialAction\":[{\"@type\":\"SearchAction\",\"target\":{\"@type\":\"EntryPoint\",\"urlTemplate\":\"https:\\\/\\\/www.ayadvogados.com.br\\\/?s={search_term_string}\"},\"query-input\":{\"@type\":\"PropertyValueSpecification\",\"valueRequired\":true,\"valueName\":\"search_term_string\"}}],\"inLanguage\":\"pt-BR\"},{\"@type\":\"Organization\",\"@id\":\"https:\\\/\\\/www.ayadvogados.com.br\\\/#organization\",\"name\":\"Amaral, Yazbek Advogados\",\"url\":\"https:\\\/\\\/www.ayadvogados.com.br\\\/\",\"logo\":{\"@type\":\"ImageObject\",\"inLanguage\":\"pt-BR\",\"@id\":\"https:\\\/\\\/www.ayadvogados.com.br\\\/#\\\/schema\\\/logo\\\/image\\\/\",\"url\":\"http:\\\/\\\/34.239.117.254\\\/wp-content\\\/uploads\\\/2021\\\/03\\\/logo-ay-g.png\",\"contentUrl\":\"http:\\\/\\\/34.239.117.254\\\/wp-content\\\/uploads\\\/2021\\\/03\\\/logo-ay-g.png\",\"width\":434,\"height\":106,\"caption\":\"Amaral, Yazbek Advogados\"},\"image\":{\"@id\":\"https:\\\/\\\/www.ayadvogados.com.br\\\/#\\\/schema\\\/logo\\\/image\\\/\"},\"sameAs\":[\"https:\\\/\\\/www.facebook.com\\\/AYadvogados\",\"https:\\\/\\\/www.instagram.com\\\/ayadvogados\\\/\"]},{\"@type\":\"Person\",\"@id\":\"https:\\\/\\\/www.ayadvogados.com.br\\\/#\\\/schema\\\/person\\\/4abfbf03ad3e577e691d333af064a912\",\"name\":\"AY Advogados\",\"image\":{\"@type\":\"ImageObject\",\"inLanguage\":\"pt-BR\",\"@id\":\"https:\\\/\\\/secure.gravatar.com\\\/avatar\\\/1473912b851241f5503026e6156e144dcd83ff7addb67f65e1ed9ca21ee1d9cf?s=96&d=mm&r=g\",\"url\":\"https:\\\/\\\/secure.gravatar.com\\\/avatar\\\/1473912b851241f5503026e6156e144dcd83ff7addb67f65e1ed9ca21ee1d9cf?s=96&d=mm&r=g\",\"contentUrl\":\"https:\\\/\\\/secure.gravatar.com\\\/avatar\\\/1473912b851241f5503026e6156e144dcd83ff7addb67f65e1ed9ca21ee1d9cf?s=96&d=mm&r=g\",\"caption\":\"AY Advogados\"},\"sameAs\":[\"https:\\\/\\\/ayadvogados.com.br\"],\"url\":\"https:\\\/\\\/www.ayadvogados.com.br\\\/?author=2\"}]}<\/script>\n<!-- \/ Yoast SEO plugin. -->","yoast_head_json":{"title":"Reforma do IR desestimula ado\u00e7\u00e3o de holding familiar - Amaral, Yazbek Advogados","robots":{"index":"index","follow":"follow","max-snippet":"max-snippet:-1","max-image-preview":"max-image-preview:large","max-video-preview":"max-video-preview:-1"},"canonical":"https:\/\/www.ayadvogados.com.br\/?p=1290","og_locale":"pt_BR","og_type":"article","og_title":"Reforma do IR desestimula ado\u00e7\u00e3o de holding familiar - Amaral, Yazbek Advogados","og_description":"A proposta de reforma do Imposto de Renda torna menos vantajosa a ado\u00e7\u00e3o de holding familiar para planejamento patrimonial e sucess\u00f3rio. Prev\u00ea aumento de tributa\u00e7\u00e3o, com a cobran\u00e7a sobre dividendos, al\u00e9m de antecipa\u00e7\u00e3o do pagamento do imposto, que passar\u00e1 a incidir antes mesmo da distribui\u00e7\u00e3o do lucro. As holdings s\u00e3o adotadas hoje pelas vantagens fiscais [&hellip;]","og_url":"https:\/\/www.ayadvogados.com.br\/?p=1290","og_site_name":"Amaral, Yazbek Advogados","article_publisher":"https:\/\/www.facebook.com\/AYadvogados","article_published_time":"2021-07-06T19:26:17+00:00","og_image":[{"width":1000,"height":620,"url":"https:\/\/www.ayadvogados.com.br\/wp-content\/uploads\/2021\/07\/Blog-2.png","type":"image\/png"}],"author":"AY Advogados","twitter_card":"summary_large_image","twitter_misc":{"Escrito por":"AY Advogados","Est. tempo de leitura":"6 minutos"},"schema":{"@context":"https:\/\/schema.org","@graph":[{"@type":"Article","@id":"https:\/\/www.ayadvogados.com.br\/?p=1290#article","isPartOf":{"@id":"https:\/\/www.ayadvogados.com.br\/?p=1290"},"author":{"name":"AY Advogados","@id":"https:\/\/www.ayadvogados.com.br\/#\/schema\/person\/4abfbf03ad3e577e691d333af064a912"},"headline":"Reforma do IR desestimula ado\u00e7\u00e3o de holding familiar","datePublished":"2021-07-06T19:26:17+00:00","mainEntityOfPage":{"@id":"https:\/\/www.ayadvogados.com.br\/?p=1290"},"wordCount":1122,"commentCount":0,"publisher":{"@id":"https:\/\/www.ayadvogados.com.br\/#organization"},"image":{"@id":"https:\/\/www.ayadvogados.com.br\/?p=1290#primaryimage"},"thumbnailUrl":"https:\/\/www.ayadvogados.com.br\/wp-content\/uploads\/2021\/07\/Blog-2.png","articleSection":["Not\u00edcia do Dia"],"inLanguage":"pt-BR","potentialAction":[{"@type":"CommentAction","name":"Comment","target":["https:\/\/www.ayadvogados.com.br\/?p=1290#respond"]}]},{"@type":"WebPage","@id":"https:\/\/www.ayadvogados.com.br\/?p=1290","url":"https:\/\/www.ayadvogados.com.br\/?p=1290","name":"Reforma do IR desestimula ado\u00e7\u00e3o de holding familiar - Amaral, Yazbek Advogados","isPartOf":{"@id":"https:\/\/www.ayadvogados.com.br\/#website"},"primaryImageOfPage":{"@id":"https:\/\/www.ayadvogados.com.br\/?p=1290#primaryimage"},"image":{"@id":"https:\/\/www.ayadvogados.com.br\/?p=1290#primaryimage"},"thumbnailUrl":"https:\/\/www.ayadvogados.com.br\/wp-content\/uploads\/2021\/07\/Blog-2.png","datePublished":"2021-07-06T19:26:17+00:00","breadcrumb":{"@id":"https:\/\/www.ayadvogados.com.br\/?p=1290#breadcrumb"},"inLanguage":"pt-BR","potentialAction":[{"@type":"ReadAction","target":["https:\/\/www.ayadvogados.com.br\/?p=1290"]}]},{"@type":"ImageObject","inLanguage":"pt-BR","@id":"https:\/\/www.ayadvogados.com.br\/?p=1290#primaryimage","url":"https:\/\/www.ayadvogados.com.br\/wp-content\/uploads\/2021\/07\/Blog-2.png","contentUrl":"https:\/\/www.ayadvogados.com.br\/wp-content\/uploads\/2021\/07\/Blog-2.png","width":1000,"height":620},{"@type":"BreadcrumbList","@id":"https:\/\/www.ayadvogados.com.br\/?p=1290#breadcrumb","itemListElement":[{"@type":"ListItem","position":1,"name":"In\u00edcio","item":"https:\/\/www.ayadvogados.com.br\/"},{"@type":"ListItem","position":2,"name":"Reforma do IR desestimula ado\u00e7\u00e3o de holding familiar"}]},{"@type":"WebSite","@id":"https:\/\/www.ayadvogados.com.br\/#website","url":"https:\/\/www.ayadvogados.com.br\/","name":"Amaral, Yazbek Advogados","description":"Curitiba \u2022 Bras\u00edlia \u2022 S\u00e3o Paulo","publisher":{"@id":"https:\/\/www.ayadvogados.com.br\/#organization"},"potentialAction":[{"@type":"SearchAction","target":{"@type":"EntryPoint","urlTemplate":"https:\/\/www.ayadvogados.com.br\/?s={search_term_string}"},"query-input":{"@type":"PropertyValueSpecification","valueRequired":true,"valueName":"search_term_string"}}],"inLanguage":"pt-BR"},{"@type":"Organization","@id":"https:\/\/www.ayadvogados.com.br\/#organization","name":"Amaral, Yazbek Advogados","url":"https:\/\/www.ayadvogados.com.br\/","logo":{"@type":"ImageObject","inLanguage":"pt-BR","@id":"https:\/\/www.ayadvogados.com.br\/#\/schema\/logo\/image\/","url":"http:\/\/34.239.117.254\/wp-content\/uploads\/2021\/03\/logo-ay-g.png","contentUrl":"http:\/\/34.239.117.254\/wp-content\/uploads\/2021\/03\/logo-ay-g.png","width":434,"height":106,"caption":"Amaral, Yazbek Advogados"},"image":{"@id":"https:\/\/www.ayadvogados.com.br\/#\/schema\/logo\/image\/"},"sameAs":["https:\/\/www.facebook.com\/AYadvogados","https:\/\/www.instagram.com\/ayadvogados\/"]},{"@type":"Person","@id":"https:\/\/www.ayadvogados.com.br\/#\/schema\/person\/4abfbf03ad3e577e691d333af064a912","name":"AY Advogados","image":{"@type":"ImageObject","inLanguage":"pt-BR","@id":"https:\/\/secure.gravatar.com\/avatar\/1473912b851241f5503026e6156e144dcd83ff7addb67f65e1ed9ca21ee1d9cf?s=96&d=mm&r=g","url":"https:\/\/secure.gravatar.com\/avatar\/1473912b851241f5503026e6156e144dcd83ff7addb67f65e1ed9ca21ee1d9cf?s=96&d=mm&r=g","contentUrl":"https:\/\/secure.gravatar.com\/avatar\/1473912b851241f5503026e6156e144dcd83ff7addb67f65e1ed9ca21ee1d9cf?s=96&d=mm&r=g","caption":"AY Advogados"},"sameAs":["https:\/\/ayadvogados.com.br"],"url":"https:\/\/www.ayadvogados.com.br\/?author=2"}]}},"rttpg_featured_image_url":{"full":["https:\/\/www.ayadvogados.com.br\/wp-content\/uploads\/2021\/07\/Blog-2.png",1000,620,false],"landscape":["https:\/\/www.ayadvogados.com.br\/wp-content\/uploads\/2021\/07\/Blog-2.png",1000,620,false],"portraits":["https:\/\/www.ayadvogados.com.br\/wp-content\/uploads\/2021\/07\/Blog-2.png",1000,620,false],"thumbnail":["https:\/\/www.ayadvogados.com.br\/wp-content\/uploads\/2021\/07\/Blog-2-150x150.png",150,150,true],"medium":["https:\/\/www.ayadvogados.com.br\/wp-content\/uploads\/2021\/07\/Blog-2-300x186.png",300,186,true],"large":["https:\/\/www.ayadvogados.com.br\/wp-content\/uploads\/2021\/07\/Blog-2.png",1000,620,false],"1536x1536":["https:\/\/www.ayadvogados.com.br\/wp-content\/uploads\/2021\/07\/Blog-2.png",1000,620,false],"2048x2048":["https:\/\/www.ayadvogados.com.br\/wp-content\/uploads\/2021\/07\/Blog-2.png",1000,620,false]},"rttpg_author":{"display_name":"AY Advogados","author_link":"https:\/\/www.ayadvogados.com.br\/?author=2"},"rttpg_comment":0,"rttpg_category":"<a href=\"https:\/\/www.ayadvogados.com.br\/?cat=1\" rel=\"category\">Not\u00edcia do Dia<\/a>","rttpg_excerpt":"A proposta de reforma do Imposto de Renda torna menos vantajosa a ado\u00e7\u00e3o de holding familiar para planejamento patrimonial e sucess\u00f3rio. Prev\u00ea aumento de tributa\u00e7\u00e3o, com a cobran\u00e7a sobre dividendos, al\u00e9m de antecipa\u00e7\u00e3o do pagamento do imposto, que passar\u00e1 a incidir antes mesmo da distribui\u00e7\u00e3o do lucro. As holdings s\u00e3o adotadas hoje pelas vantagens fiscais&hellip;","_links":{"self":[{"href":"https:\/\/www.ayadvogados.com.br\/index.php?rest_route=\/wp\/v2\/posts\/1290","targetHints":{"allow":["GET"]}}],"collection":[{"href":"https:\/\/www.ayadvogados.com.br\/index.php?rest_route=\/wp\/v2\/posts"}],"about":[{"href":"https:\/\/www.ayadvogados.com.br\/index.php?rest_route=\/wp\/v2\/types\/post"}],"author":[{"embeddable":true,"href":"https:\/\/www.ayadvogados.com.br\/index.php?rest_route=\/wp\/v2\/users\/2"}],"replies":[{"embeddable":true,"href":"https:\/\/www.ayadvogados.com.br\/index.php?rest_route=%2Fwp%2Fv2%2Fcomments&post=1290"}],"version-history":[{"count":1,"href":"https:\/\/www.ayadvogados.com.br\/index.php?rest_route=\/wp\/v2\/posts\/1290\/revisions"}],"predecessor-version":[{"id":1292,"href":"https:\/\/www.ayadvogados.com.br\/index.php?rest_route=\/wp\/v2\/posts\/1290\/revisions\/1292"}],"wp:featuredmedia":[{"embeddable":true,"href":"https:\/\/www.ayadvogados.com.br\/index.php?rest_route=\/wp\/v2\/media\/1291"}],"wp:attachment":[{"href":"https:\/\/www.ayadvogados.com.br\/index.php?rest_route=%2Fwp%2Fv2%2Fmedia&parent=1290"}],"wp:term":[{"taxonomy":"category","embeddable":true,"href":"https:\/\/www.ayadvogados.com.br\/index.php?rest_route=%2Fwp%2Fv2%2Fcategories&post=1290"},{"taxonomy":"post_tag","embeddable":true,"href":"https:\/\/www.ayadvogados.com.br\/index.php?rest_route=%2Fwp%2Fv2%2Ftags&post=1290"}],"curies":[{"name":"wp","href":"https:\/\/api.w.org\/{rel}","templated":true}]}}