{"id":1287,"date":"2021-07-05T13:43:47","date_gmt":"2021-07-05T16:43:47","guid":{"rendered":"http:\/\/34.239.117.254\/?p=1287"},"modified":"2021-07-05T13:43:47","modified_gmt":"2021-07-05T16:43:47","slug":"exclusao-do-icms-gerou-r-358-bi-para-contribuintes","status":"publish","type":"post","link":"https:\/\/www.ayadvogados.com.br\/?p=1287","title":{"rendered":"Exclus\u00e3o do ICMS gerou R$ 358 bi para contribuintes"},"content":{"rendered":"\n<p>A chamada \u201ctese do s\u00e9culo\u201d pode ter gerado R$ 358 bilh\u00f5es em cr\u00e9ditos fiscais para as empresas, segundo aponta, em estudo in\u00e9dito, o Instituto Brasileiro de Planejamento e Tributa\u00e7\u00e3o (IBPT). A maior parte &#8211; R$ 264,6 bilh\u00f5es &#8211; ainda n\u00e3o foi usada. H\u00e1 estimativa de que R$ 56,05 bilh\u00f5es sejam utilizados para quitar tributos federais correntes neste ano e que outros R$ 69,66 bilh\u00f5es sejam empregados em compensa\u00e7\u00f5es em 2022.<\/p>\n\n\n\n<p>Seriam os dois anos de maior volume de aproveitamento dos cr\u00e9ditos. Nos anos de 2023 e 2024 diminuiria para R$ 47,85 bilh\u00f5es e R$ 44,09 bilh\u00f5es, respectivamente, e a partir de 2025, ent\u00e3o, haveria a compensa\u00e7\u00e3o do restante, R$ 47,09 bilh\u00f5es.<\/p>\n\n\n\n<p>Todo esse volume de dinheiro \u00e9 fruto da exclus\u00e3o do ICMS da base de c\u00e1lculo do PIS e da Cofins. A discuss\u00e3o se estendeu por mais de duas d\u00e9cadas no Judici\u00e1rio. Pela grandeza em valores e efeitos sobre o sistema tribut\u00e1rio brasileiro &#8211; dando origem a in\u00fameras \u201cteses filhotes\u201d &#8211; ganhou o nome, no mercado, de \u201ctese do s\u00e9culo\u201d.<\/p>\n\n\n\n<p>Fernando Steimbruch, pesquisador do IBPT e um dos respons\u00e1veis pelo estudo, diz que as proje\u00e7\u00f5es da quantia e uso dos cr\u00e9ditos decorrentes dessa tese foram feitas com base em dados oficiais da Receita Federal e nas a\u00e7\u00f5es judiciais sobre esse tema. At\u00e9 o m\u00eas de junho, afirma, havia 255.214 processos em tramita\u00e7\u00e3o em todo o pa\u00eds.<\/p>\n\n\n\n<p>Os ju\u00edzes est\u00e3o replicando a esses casos a decis\u00e3o do Supremo Tribunal Federal (STF) proferida em maio. Os ministros confirmaram o posicionamento emitido em mar\u00e7o de 2017, quando decidiram que o ICMS, por n\u00e3o se caracterizar como receita ou faturamento &#8211; a base de incid\u00eancia do PIS e da Cofins -, deveria ser exclu\u00eddo do c\u00e1lculo das contribui\u00e7\u00f5es.<\/p>\n\n\n\n<p>Essa decis\u00e3o de 2017 provocou uma redu\u00e7\u00e3o dos valores a pagar ao governo federal e gerou tamb\u00e9m um ac\u00famulo de cr\u00e9ditos fiscais decorrentes do que as empresas pagaram a mais no passado.<\/p>\n\n\n\n<p>Em maio, quando julgaram os embargos de declara\u00e7\u00e3o e conclu\u00edram o tema, no entanto, os ministros optaram por aplicar a chamada modula\u00e7\u00e3o de efeitos. Eles determinaram que do dia 15 de mar\u00e7o de 2017 &#8211; a data do julgamento de m\u00e9rito &#8211; para frente, todos os contribuintes poderiam retirar o ICMS do c\u00e1lculo das contribui\u00e7\u00f5es.<\/p>\n\n\n\n<p>Criaram situa\u00e7\u00f5es diferentes, por\u00e9m, para a recupera\u00e7\u00e3o dos valores pagos a mais ao governo antes de mar\u00e7o de 2017. Somente aqueles contribuintes que tinham a\u00e7\u00f5es em curso at\u00e9 a data do julgamento de m\u00e9rito ter\u00e3o direito ao reembolso referente ao per\u00edodo passado.<\/p>\n\n\n\n<p>A Uni\u00e3o, nesses casos, ter\u00e1 que aceitar as compensa\u00e7\u00f5es com base nos cinco anos anteriores ao ajuizamento da a\u00e7\u00e3o. Uma empresa que entrou com o processo em 2008, por exemplo, tem que receber de volta o que pagou de forma indevida desde 2003.<\/p>\n\n\n\n<p>Quem entrou com a\u00e7\u00e3o depois de mar\u00e7o de 2017, por\u00e9m, fica sujeito \u00e0 limita\u00e7\u00e3o estabelecida pelo STF. Uma empresa que ajuizou processo em 2018, por exemplo, poder\u00e1 recuperar o que pagou de forma indevida desde 2017 somente. Se n\u00e3o estivesse sujeita \u00e0 modula\u00e7\u00e3o de efeitos &#8211; a t\u00edtulo de compara\u00e7\u00e3o &#8211; o reembolso retroagiria at\u00e9 2013.<\/p>\n\n\n\n<p>O estudo do IBPT mostra que, sem essa sistem\u00e1tica da modula\u00e7\u00e3o de efeitos, os ganhos dos contribuintes alcan\u00e7ariam R$ 587 bilh\u00f5es. Ou seja, a decis\u00e3o dos ministros, no m\u00eas de maio, evitou a perda de R$ 230 bilh\u00f5es para a Uni\u00e3o &#8211; resultando, portanto, em R$ 358 bilh\u00f5es.<\/p>\n\n\n\n<p>O Minist\u00e9rio da Economia, durante as discuss\u00f5es no Judici\u00e1rio, falava em perdas de cerca de R$ 250 bilh\u00f5es. Mas reconhecia que esse n\u00famero poderia ser bem maior caso os ministros decidissem pela exclus\u00e3o do ICMS que consta na nota fiscal e n\u00e3o o efetivamente recolhido pelos contribuintes aos Estados &#8211; o que acabou acontecendo no STF.<\/p>\n\n\n\n<p>\u201cDe modo geral, ficou bom para os dois lados [com a decis\u00e3o do STF]. A modula\u00e7\u00e3o de efeitos atendeu mais o governo do que o contribuinte, mas foi muito interessante para os contribuintes o entendimento pela exclus\u00e3o do ICMS que consta na nota fiscal\u201d, avalia Gilberto Luiz do Amaral, presidente do conselho superior e \u201chead\u201d de estudos do IBPT.<\/p>\n\n\n\n<p>As grandes empresas do pa\u00eds respondem por uma fatia consider\u00e1vel dos cr\u00e9ditos gerados nessa disputa. Praticamente todas elas tinham a\u00e7\u00f5es judiciais antes de 2017 e v\u00e3o conseguir aproveitar o reembolso mais amplo. S\u00f3 a Petrobras tem mais de R$ 20 bilh\u00f5es de cr\u00e9ditos acumulados por causa da \u201ctese do s\u00e9culo\u201d.<\/p>\n\n\n\n<p>Tamb\u00e9m chegam a cifras bilion\u00e1rias &#8211; apesar de n\u00e3o t\u00e3o altas &#8211; outras tantas listadas entre as maiores do pa\u00eds. O Magazine Luiza, que entrou com a\u00e7\u00e3o judicial em 2002, por exemplo, afirma ter cerca de R$ 1,2 bilh\u00e3o a receber. As Lojas Riachuelo, que ingressaram em 2008, R$ 1,1 bilh\u00e3o, e a Klabin, que recorreu \u00e0 Justi\u00e7a em 2007, diz ter direito a R$ 1 bilh\u00e3o.<\/p>\n\n\n\n<p>O Minist\u00e9rio da Economia emitiu um parecer no dia 24 de maio com orienta\u00e7\u00f5es preliminares para que a Receita Federal desse in\u00edcio \u00e0 adequa\u00e7\u00e3o, normativa e procedimental, para cumprimento da decis\u00e3o do STF. A norma tamb\u00e9m autoriza os procuradores da Fazenda Nacional a deixarem de recorrer em a\u00e7\u00f5es sobre esse tema.<\/p>\n\n\n\n<p>\u201cO tr\u00e2nsito em julgado [encerramento da a\u00e7\u00e3o judicial] n\u00e3o \u00e9 mais um gargalo para as compensa\u00e7\u00f5es, mas existem outras preocupa\u00e7\u00f5es\u201d, diz o advogado Luca Salvoni, do escrit\u00f3rio Cascione. Uma delas, afirma, \u00e9 com o a documenta\u00e7\u00e3o necess\u00e1ria para utilizar o cr\u00e9dito. As empresas precisam levantar as notas ou as declara\u00e7\u00f5es de ICMS do per\u00edodo que entendem ter o direito ao reembolso.<\/p>\n\n\n\n<p>Para o advogado, o principal gargalo, no entanto, est\u00e1 na vaz\u00e3o desses cr\u00e9ditos. Em tese, podem ser usados para quitar qualquer tributo federal. Mas, na pr\u00e1tica, existem limita\u00e7\u00f5es. Uma delas consta na Lei n\u00ba 13.670, de 2018, que pro\u00edbe o uso de cr\u00e9dito fiscal para pagar as estimativas de Imposto de Renda e CSLL que s\u00e3o feitas m\u00eas a m\u00eas pelas empresas do lucro real &#8211; com faturamento acima de R$ 78 milh\u00f5es por ano.<\/p>\n\n\n\n<p>Outra trata da possibilidade de usar esses cr\u00e9ditos para quitar d\u00e9bitos previdenci\u00e1rios &#8211; a chamada compensa\u00e7\u00e3o cruzada. A Receita Federal s\u00f3 admite essa compensa\u00e7\u00e3o com cr\u00e9ditos de tributos federais apurados ap\u00f3s o uso do eSocial.<\/p>\n\n\n\n<p>\u201cO governo foi fechando portas \u00e0 compensa\u00e7\u00e3o ao longo dos anos para proteger o seu caixa\u201d, observa Salvoni. \u201cHoje, as empresas est\u00e3o usando os seus cr\u00e9ditos para pagar, basicamente, os pr\u00f3prios PIS e Cofins.\u201d<\/p>\n\n\n\n<p>Segundo estimativas apontadas no estudo do IBPT, as empresas teriam usado, at\u00e9 2020, R$ 93,4 bilh\u00f5es em cr\u00e9ditos gerados em decorr\u00eancia da \u201ctese do s\u00e9culo\u201d &#8211; o que representa 26,08% do total de R$ 358 bi. As compensa\u00e7\u00f5es come\u00e7aram a ser feitas j\u00e1 em 2017.<\/p>\n\n\n\n<p>Consta no estudo do IBPT que a participa\u00e7\u00e3o do PIS e da Cofins na arrecada\u00e7\u00e3o total de tributos federais se manteve, ao longo desses anos, em cerca de 21%. Entre 2017 e 2019, aumentou. Saltou de R$ 258 bilh\u00f5es em 2016 para R$ 340 bilh\u00f5es no ano de 2019.<\/p>\n\n\n\n<p>Em 2020, no entanto, caiu para R$ 299 bilh\u00f5es. No estudo h\u00e1 a observa\u00e7\u00e3o de que a queda poderia estar relacionada ao desaquecimento da economia, em decorr\u00eancia da pandemia.<\/p>\n\n\n\n<p>Em janeiro, por\u00e9m, durante a apresenta\u00e7\u00e3o dos dados de 2020, a c\u00fapula da Receita Federal citou as compensa\u00e7\u00f5es como sendo um fator importante para a derrubada da arrecada\u00e7\u00e3o. As empresas usaram R$ 63,6 bilh\u00f5es em cr\u00e9ditos oriundos de decis\u00f5es judiciais para quitar tributos ao longo do ano &#8211; montante que supera em 174% o que havia sido registrado em 2019.<\/p>\n\n\n\n<p>Esse \u00e9 um n\u00famero geral. N\u00e3o trata exclusivamente dos cr\u00e9ditos gerados pela \u201ctese do s\u00e9culo\u201d. Na ocasi\u00e3o, no entanto, o subsecret\u00e1rio de Arrecada\u00e7\u00e3o, Cadastro e Atendimento da Receita Federal, Frederico Faber, disse que havia uma forte interfer\u00eancia.<\/p>\n\n\n\n<p>O Minist\u00e9rio da Economia foi procurado pelo <strong>Valor<\/strong> e questionado sobre o impacto gerado pela \u201ctese do s\u00e9culo\u201d, mas afirmou que n\u00e3o iria se manifestar.<\/p>\n\n\n\n<p>Fonte: <a href=\"https:\/\/valor.globo.com\/legislacao\/noticia\/2021\/07\/05\/exclusao-do-icms-gerou-r-358-bi-para-contribuintes.ghtml\" data-type=\"URL\" data-id=\"https:\/\/valor.globo.com\/legislacao\/noticia\/2021\/07\/05\/exclusao-do-icms-gerou-r-358-bi-para-contribuintes.ghtml\" target=\"_blank\" rel=\"noreferrer noopener\">Valor<\/a><\/p>\n\n\n\n<p>A Amaral, Yazbek, OAB\/PR 762, possui 35 anos de experi\u00eancia auxiliando empresas a transformar a tributa\u00e7\u00e3o em lucro. Entre em contato com um dos s\u00f3cios para agendamento de reuni\u00e3o em caso de d\u00favidas.<\/p>\n\n\n\n<p>Contato: 41 3595-8300 ou pelo nosso WhatsApp 41 99567-5696<\/p>\n\n\n\n<p>Av. C\u00e2ndido Hartmann, 50 \u2013 Bigorrilho | Curitiba-PR<\/p>\n\n\n\n<p>Assine nossa Newsletter e fique por dentro das novidades!<\/p>\n\n\n\n<p>Quer receber seu exemplar da revista Governan\u00e7a Jur\u00eddica? Clique <a href=\"http:\/\/ayadvogados.com.br\/revista\">aqui<\/a>&nbsp;e pe\u00e7a a sua.<\/p>\n\n\n\n<p>Nos acompanhe nas redes sociais: <a href=\"https:\/\/www.facebook.com\/amaral.yazbek\">Facebook<\/a>&nbsp;| <a href=\"https:\/\/www.instagram.com\/amaral.yazbek\/\">Instagram<\/a> | <a href=\"https:\/\/www.linkedin.com\/company\/3357082\/admin\/\">Linkedin<\/a><\/p>\n\n\n\n<p>J\u00e1 conhece o canal Direito da Intelig\u00eancia de Neg\u00f3cios? <a href=\"https:\/\/www.youtube.com\/channel\/UCu2Mpu32ht8DEN8OFRXYMyw\">Inscreva-se j\u00e1<\/a><\/p>\n","protected":false},"excerpt":{"rendered":"<p>A chamada \u201ctese do s\u00e9culo\u201d pode ter gerado R$ 358 bilh\u00f5es em cr\u00e9ditos fiscais para as empresas, segundo aponta, em estudo in\u00e9dito, o Instituto Brasileiro de Planejamento e Tributa\u00e7\u00e3o (IBPT). A maior parte &#8211; R$ 264,6 bilh\u00f5es &#8211; ainda n\u00e3o foi usada. H\u00e1 estimativa de que R$ 56,05 bilh\u00f5es sejam utilizados para quitar tributos federais [&hellip;]<\/p>\n","protected":false},"author":2,"featured_media":1288,"comment_status":"open","ping_status":"open","sticky":false,"template":"","format":"standard","meta":{"footnotes":""},"categories":[1],"tags":[],"class_list":["post-1287","post","type-post","status-publish","format-standard","has-post-thumbnail","hentry","category-noticia-do-dia"],"blocksy_meta":{"styles_descriptor":{"styles":{"desktop":"","tablet":"","mobile":""},"google_fonts":[],"version":6}},"yoast_head":"<!-- This site is optimized with the Yoast SEO plugin v27.5 - https:\/\/yoast.com\/product\/yoast-seo-wordpress\/ -->\n<title>Exclus\u00e3o do ICMS gerou R$ 358 bi para contribuintes - Amaral, Yazbek Advogados<\/title>\n<meta name=\"robots\" content=\"index, follow, max-snippet:-1, max-image-preview:large, max-video-preview:-1\" \/>\n<link rel=\"canonical\" href=\"https:\/\/www.ayadvogados.com.br\/?p=1287\" \/>\n<meta property=\"og:locale\" content=\"pt_BR\" \/>\n<meta property=\"og:type\" content=\"article\" \/>\n<meta property=\"og:title\" content=\"Exclus\u00e3o do ICMS gerou R$ 358 bi para contribuintes - Amaral, Yazbek Advogados\" \/>\n<meta property=\"og:description\" content=\"A chamada \u201ctese do s\u00e9culo\u201d pode ter gerado R$ 358 bilh\u00f5es em cr\u00e9ditos fiscais para as empresas, segundo aponta, em estudo in\u00e9dito, o Instituto Brasileiro de Planejamento e Tributa\u00e7\u00e3o (IBPT). A maior parte &#8211; R$ 264,6 bilh\u00f5es &#8211; ainda n\u00e3o foi usada. H\u00e1 estimativa de que R$ 56,05 bilh\u00f5es sejam utilizados para quitar tributos federais [&hellip;]\" \/>\n<meta property=\"og:url\" content=\"https:\/\/www.ayadvogados.com.br\/?p=1287\" \/>\n<meta property=\"og:site_name\" content=\"Amaral, Yazbek Advogados\" \/>\n<meta property=\"article:publisher\" content=\"https:\/\/www.facebook.com\/AYadvogados\" \/>\n<meta property=\"article:published_time\" content=\"2021-07-05T16:43:47+00:00\" \/>\n<meta property=\"og:image\" content=\"https:\/\/www.ayadvogados.com.br\/wp-content\/uploads\/2021\/07\/Blog-1.png\" \/>\n\t<meta property=\"og:image:width\" content=\"1000\" \/>\n\t<meta property=\"og:image:height\" content=\"620\" \/>\n\t<meta property=\"og:image:type\" content=\"image\/png\" \/>\n<meta name=\"author\" content=\"AY Advogados\" \/>\n<meta name=\"twitter:card\" content=\"summary_large_image\" \/>\n<meta name=\"twitter:label1\" content=\"Escrito por\" \/>\n\t<meta name=\"twitter:data1\" content=\"AY Advogados\" \/>\n\t<meta name=\"twitter:label2\" content=\"Est. tempo de leitura\" \/>\n\t<meta name=\"twitter:data2\" content=\"8 minutos\" \/>\n<script type=\"application\/ld+json\" class=\"yoast-schema-graph\">{\"@context\":\"https:\\\/\\\/schema.org\",\"@graph\":[{\"@type\":\"Article\",\"@id\":\"https:\\\/\\\/www.ayadvogados.com.br\\\/?p=1287#article\",\"isPartOf\":{\"@id\":\"https:\\\/\\\/www.ayadvogados.com.br\\\/?p=1287\"},\"author\":{\"name\":\"AY Advogados\",\"@id\":\"https:\\\/\\\/www.ayadvogados.com.br\\\/#\\\/schema\\\/person\\\/4abfbf03ad3e577e691d333af064a912\"},\"headline\":\"Exclus\u00e3o do ICMS gerou R$ 358 bi para contribuintes\",\"datePublished\":\"2021-07-05T16:43:47+00:00\",\"mainEntityOfPage\":{\"@id\":\"https:\\\/\\\/www.ayadvogados.com.br\\\/?p=1287\"},\"wordCount\":1516,\"commentCount\":0,\"publisher\":{\"@id\":\"https:\\\/\\\/www.ayadvogados.com.br\\\/#organization\"},\"image\":{\"@id\":\"https:\\\/\\\/www.ayadvogados.com.br\\\/?p=1287#primaryimage\"},\"thumbnailUrl\":\"https:\\\/\\\/www.ayadvogados.com.br\\\/wp-content\\\/uploads\\\/2021\\\/07\\\/Blog-1.png\",\"articleSection\":[\"Not\u00edcia do Dia\"],\"inLanguage\":\"pt-BR\",\"potentialAction\":[{\"@type\":\"CommentAction\",\"name\":\"Comment\",\"target\":[\"https:\\\/\\\/www.ayadvogados.com.br\\\/?p=1287#respond\"]}]},{\"@type\":\"WebPage\",\"@id\":\"https:\\\/\\\/www.ayadvogados.com.br\\\/?p=1287\",\"url\":\"https:\\\/\\\/www.ayadvogados.com.br\\\/?p=1287\",\"name\":\"Exclus\u00e3o do ICMS gerou R$ 358 bi para contribuintes - Amaral, Yazbek Advogados\",\"isPartOf\":{\"@id\":\"https:\\\/\\\/www.ayadvogados.com.br\\\/#website\"},\"primaryImageOfPage\":{\"@id\":\"https:\\\/\\\/www.ayadvogados.com.br\\\/?p=1287#primaryimage\"},\"image\":{\"@id\":\"https:\\\/\\\/www.ayadvogados.com.br\\\/?p=1287#primaryimage\"},\"thumbnailUrl\":\"https:\\\/\\\/www.ayadvogados.com.br\\\/wp-content\\\/uploads\\\/2021\\\/07\\\/Blog-1.png\",\"datePublished\":\"2021-07-05T16:43:47+00:00\",\"breadcrumb\":{\"@id\":\"https:\\\/\\\/www.ayadvogados.com.br\\\/?p=1287#breadcrumb\"},\"inLanguage\":\"pt-BR\",\"potentialAction\":[{\"@type\":\"ReadAction\",\"target\":[\"https:\\\/\\\/www.ayadvogados.com.br\\\/?p=1287\"]}]},{\"@type\":\"ImageObject\",\"inLanguage\":\"pt-BR\",\"@id\":\"https:\\\/\\\/www.ayadvogados.com.br\\\/?p=1287#primaryimage\",\"url\":\"https:\\\/\\\/www.ayadvogados.com.br\\\/wp-content\\\/uploads\\\/2021\\\/07\\\/Blog-1.png\",\"contentUrl\":\"https:\\\/\\\/www.ayadvogados.com.br\\\/wp-content\\\/uploads\\\/2021\\\/07\\\/Blog-1.png\",\"width\":1000,\"height\":620},{\"@type\":\"BreadcrumbList\",\"@id\":\"https:\\\/\\\/www.ayadvogados.com.br\\\/?p=1287#breadcrumb\",\"itemListElement\":[{\"@type\":\"ListItem\",\"position\":1,\"name\":\"In\u00edcio\",\"item\":\"https:\\\/\\\/www.ayadvogados.com.br\\\/\"},{\"@type\":\"ListItem\",\"position\":2,\"name\":\"Exclus\u00e3o do ICMS gerou R$ 358 bi para contribuintes\"}]},{\"@type\":\"WebSite\",\"@id\":\"https:\\\/\\\/www.ayadvogados.com.br\\\/#website\",\"url\":\"https:\\\/\\\/www.ayadvogados.com.br\\\/\",\"name\":\"Amaral, Yazbek Advogados\",\"description\":\"Curitiba \u2022 Bras\u00edlia \u2022 S\u00e3o Paulo\",\"publisher\":{\"@id\":\"https:\\\/\\\/www.ayadvogados.com.br\\\/#organization\"},\"potentialAction\":[{\"@type\":\"SearchAction\",\"target\":{\"@type\":\"EntryPoint\",\"urlTemplate\":\"https:\\\/\\\/www.ayadvogados.com.br\\\/?s={search_term_string}\"},\"query-input\":{\"@type\":\"PropertyValueSpecification\",\"valueRequired\":true,\"valueName\":\"search_term_string\"}}],\"inLanguage\":\"pt-BR\"},{\"@type\":\"Organization\",\"@id\":\"https:\\\/\\\/www.ayadvogados.com.br\\\/#organization\",\"name\":\"Amaral, Yazbek Advogados\",\"url\":\"https:\\\/\\\/www.ayadvogados.com.br\\\/\",\"logo\":{\"@type\":\"ImageObject\",\"inLanguage\":\"pt-BR\",\"@id\":\"https:\\\/\\\/www.ayadvogados.com.br\\\/#\\\/schema\\\/logo\\\/image\\\/\",\"url\":\"http:\\\/\\\/34.239.117.254\\\/wp-content\\\/uploads\\\/2021\\\/03\\\/logo-ay-g.png\",\"contentUrl\":\"http:\\\/\\\/34.239.117.254\\\/wp-content\\\/uploads\\\/2021\\\/03\\\/logo-ay-g.png\",\"width\":434,\"height\":106,\"caption\":\"Amaral, Yazbek Advogados\"},\"image\":{\"@id\":\"https:\\\/\\\/www.ayadvogados.com.br\\\/#\\\/schema\\\/logo\\\/image\\\/\"},\"sameAs\":[\"https:\\\/\\\/www.facebook.com\\\/AYadvogados\",\"https:\\\/\\\/www.instagram.com\\\/ayadvogados\\\/\"]},{\"@type\":\"Person\",\"@id\":\"https:\\\/\\\/www.ayadvogados.com.br\\\/#\\\/schema\\\/person\\\/4abfbf03ad3e577e691d333af064a912\",\"name\":\"AY Advogados\",\"image\":{\"@type\":\"ImageObject\",\"inLanguage\":\"pt-BR\",\"@id\":\"https:\\\/\\\/secure.gravatar.com\\\/avatar\\\/1473912b851241f5503026e6156e144dcd83ff7addb67f65e1ed9ca21ee1d9cf?s=96&d=mm&r=g\",\"url\":\"https:\\\/\\\/secure.gravatar.com\\\/avatar\\\/1473912b851241f5503026e6156e144dcd83ff7addb67f65e1ed9ca21ee1d9cf?s=96&d=mm&r=g\",\"contentUrl\":\"https:\\\/\\\/secure.gravatar.com\\\/avatar\\\/1473912b851241f5503026e6156e144dcd83ff7addb67f65e1ed9ca21ee1d9cf?s=96&d=mm&r=g\",\"caption\":\"AY Advogados\"},\"sameAs\":[\"https:\\\/\\\/ayadvogados.com.br\"],\"url\":\"https:\\\/\\\/www.ayadvogados.com.br\\\/?author=2\"}]}<\/script>\n<!-- \/ Yoast SEO plugin. -->","yoast_head_json":{"title":"Exclus\u00e3o do ICMS gerou R$ 358 bi para contribuintes - Amaral, Yazbek Advogados","robots":{"index":"index","follow":"follow","max-snippet":"max-snippet:-1","max-image-preview":"max-image-preview:large","max-video-preview":"max-video-preview:-1"},"canonical":"https:\/\/www.ayadvogados.com.br\/?p=1287","og_locale":"pt_BR","og_type":"article","og_title":"Exclus\u00e3o do ICMS gerou R$ 358 bi para contribuintes - Amaral, Yazbek Advogados","og_description":"A chamada \u201ctese do s\u00e9culo\u201d pode ter gerado R$ 358 bilh\u00f5es em cr\u00e9ditos fiscais para as empresas, segundo aponta, em estudo in\u00e9dito, o Instituto Brasileiro de Planejamento e Tributa\u00e7\u00e3o (IBPT). A maior parte &#8211; R$ 264,6 bilh\u00f5es &#8211; ainda n\u00e3o foi usada. H\u00e1 estimativa de que R$ 56,05 bilh\u00f5es sejam utilizados para quitar tributos federais [&hellip;]","og_url":"https:\/\/www.ayadvogados.com.br\/?p=1287","og_site_name":"Amaral, Yazbek Advogados","article_publisher":"https:\/\/www.facebook.com\/AYadvogados","article_published_time":"2021-07-05T16:43:47+00:00","og_image":[{"width":1000,"height":620,"url":"https:\/\/www.ayadvogados.com.br\/wp-content\/uploads\/2021\/07\/Blog-1.png","type":"image\/png"}],"author":"AY Advogados","twitter_card":"summary_large_image","twitter_misc":{"Escrito por":"AY Advogados","Est. tempo de leitura":"8 minutos"},"schema":{"@context":"https:\/\/schema.org","@graph":[{"@type":"Article","@id":"https:\/\/www.ayadvogados.com.br\/?p=1287#article","isPartOf":{"@id":"https:\/\/www.ayadvogados.com.br\/?p=1287"},"author":{"name":"AY Advogados","@id":"https:\/\/www.ayadvogados.com.br\/#\/schema\/person\/4abfbf03ad3e577e691d333af064a912"},"headline":"Exclus\u00e3o do ICMS gerou R$ 358 bi para contribuintes","datePublished":"2021-07-05T16:43:47+00:00","mainEntityOfPage":{"@id":"https:\/\/www.ayadvogados.com.br\/?p=1287"},"wordCount":1516,"commentCount":0,"publisher":{"@id":"https:\/\/www.ayadvogados.com.br\/#organization"},"image":{"@id":"https:\/\/www.ayadvogados.com.br\/?p=1287#primaryimage"},"thumbnailUrl":"https:\/\/www.ayadvogados.com.br\/wp-content\/uploads\/2021\/07\/Blog-1.png","articleSection":["Not\u00edcia do Dia"],"inLanguage":"pt-BR","potentialAction":[{"@type":"CommentAction","name":"Comment","target":["https:\/\/www.ayadvogados.com.br\/?p=1287#respond"]}]},{"@type":"WebPage","@id":"https:\/\/www.ayadvogados.com.br\/?p=1287","url":"https:\/\/www.ayadvogados.com.br\/?p=1287","name":"Exclus\u00e3o do ICMS gerou R$ 358 bi para contribuintes - Amaral, Yazbek Advogados","isPartOf":{"@id":"https:\/\/www.ayadvogados.com.br\/#website"},"primaryImageOfPage":{"@id":"https:\/\/www.ayadvogados.com.br\/?p=1287#primaryimage"},"image":{"@id":"https:\/\/www.ayadvogados.com.br\/?p=1287#primaryimage"},"thumbnailUrl":"https:\/\/www.ayadvogados.com.br\/wp-content\/uploads\/2021\/07\/Blog-1.png","datePublished":"2021-07-05T16:43:47+00:00","breadcrumb":{"@id":"https:\/\/www.ayadvogados.com.br\/?p=1287#breadcrumb"},"inLanguage":"pt-BR","potentialAction":[{"@type":"ReadAction","target":["https:\/\/www.ayadvogados.com.br\/?p=1287"]}]},{"@type":"ImageObject","inLanguage":"pt-BR","@id":"https:\/\/www.ayadvogados.com.br\/?p=1287#primaryimage","url":"https:\/\/www.ayadvogados.com.br\/wp-content\/uploads\/2021\/07\/Blog-1.png","contentUrl":"https:\/\/www.ayadvogados.com.br\/wp-content\/uploads\/2021\/07\/Blog-1.png","width":1000,"height":620},{"@type":"BreadcrumbList","@id":"https:\/\/www.ayadvogados.com.br\/?p=1287#breadcrumb","itemListElement":[{"@type":"ListItem","position":1,"name":"In\u00edcio","item":"https:\/\/www.ayadvogados.com.br\/"},{"@type":"ListItem","position":2,"name":"Exclus\u00e3o do ICMS gerou R$ 358 bi para contribuintes"}]},{"@type":"WebSite","@id":"https:\/\/www.ayadvogados.com.br\/#website","url":"https:\/\/www.ayadvogados.com.br\/","name":"Amaral, Yazbek Advogados","description":"Curitiba \u2022 Bras\u00edlia \u2022 S\u00e3o Paulo","publisher":{"@id":"https:\/\/www.ayadvogados.com.br\/#organization"},"potentialAction":[{"@type":"SearchAction","target":{"@type":"EntryPoint","urlTemplate":"https:\/\/www.ayadvogados.com.br\/?s={search_term_string}"},"query-input":{"@type":"PropertyValueSpecification","valueRequired":true,"valueName":"search_term_string"}}],"inLanguage":"pt-BR"},{"@type":"Organization","@id":"https:\/\/www.ayadvogados.com.br\/#organization","name":"Amaral, Yazbek Advogados","url":"https:\/\/www.ayadvogados.com.br\/","logo":{"@type":"ImageObject","inLanguage":"pt-BR","@id":"https:\/\/www.ayadvogados.com.br\/#\/schema\/logo\/image\/","url":"http:\/\/34.239.117.254\/wp-content\/uploads\/2021\/03\/logo-ay-g.png","contentUrl":"http:\/\/34.239.117.254\/wp-content\/uploads\/2021\/03\/logo-ay-g.png","width":434,"height":106,"caption":"Amaral, Yazbek Advogados"},"image":{"@id":"https:\/\/www.ayadvogados.com.br\/#\/schema\/logo\/image\/"},"sameAs":["https:\/\/www.facebook.com\/AYadvogados","https:\/\/www.instagram.com\/ayadvogados\/"]},{"@type":"Person","@id":"https:\/\/www.ayadvogados.com.br\/#\/schema\/person\/4abfbf03ad3e577e691d333af064a912","name":"AY Advogados","image":{"@type":"ImageObject","inLanguage":"pt-BR","@id":"https:\/\/secure.gravatar.com\/avatar\/1473912b851241f5503026e6156e144dcd83ff7addb67f65e1ed9ca21ee1d9cf?s=96&d=mm&r=g","url":"https:\/\/secure.gravatar.com\/avatar\/1473912b851241f5503026e6156e144dcd83ff7addb67f65e1ed9ca21ee1d9cf?s=96&d=mm&r=g","contentUrl":"https:\/\/secure.gravatar.com\/avatar\/1473912b851241f5503026e6156e144dcd83ff7addb67f65e1ed9ca21ee1d9cf?s=96&d=mm&r=g","caption":"AY Advogados"},"sameAs":["https:\/\/ayadvogados.com.br"],"url":"https:\/\/www.ayadvogados.com.br\/?author=2"}]}},"rttpg_featured_image_url":{"full":["https:\/\/www.ayadvogados.com.br\/wp-content\/uploads\/2021\/07\/Blog-1.png",1000,620,false],"landscape":["https:\/\/www.ayadvogados.com.br\/wp-content\/uploads\/2021\/07\/Blog-1.png",1000,620,false],"portraits":["https:\/\/www.ayadvogados.com.br\/wp-content\/uploads\/2021\/07\/Blog-1.png",1000,620,false],"thumbnail":["https:\/\/www.ayadvogados.com.br\/wp-content\/uploads\/2021\/07\/Blog-1-150x150.png",150,150,true],"medium":["https:\/\/www.ayadvogados.com.br\/wp-content\/uploads\/2021\/07\/Blog-1-300x186.png",300,186,true],"large":["https:\/\/www.ayadvogados.com.br\/wp-content\/uploads\/2021\/07\/Blog-1.png",1000,620,false],"1536x1536":["https:\/\/www.ayadvogados.com.br\/wp-content\/uploads\/2021\/07\/Blog-1.png",1000,620,false],"2048x2048":["https:\/\/www.ayadvogados.com.br\/wp-content\/uploads\/2021\/07\/Blog-1.png",1000,620,false]},"rttpg_author":{"display_name":"AY Advogados","author_link":"https:\/\/www.ayadvogados.com.br\/?author=2"},"rttpg_comment":0,"rttpg_category":"<a href=\"https:\/\/www.ayadvogados.com.br\/?cat=1\" rel=\"category\">Not\u00edcia do Dia<\/a>","rttpg_excerpt":"A chamada \u201ctese do s\u00e9culo\u201d pode ter gerado R$ 358 bilh\u00f5es em cr\u00e9ditos fiscais para as empresas, segundo aponta, em estudo in\u00e9dito, o Instituto Brasileiro de Planejamento e Tributa\u00e7\u00e3o (IBPT). A maior parte &#8211; R$ 264,6 bilh\u00f5es &#8211; ainda n\u00e3o foi usada. H\u00e1 estimativa de que R$ 56,05 bilh\u00f5es sejam utilizados para quitar tributos federais&hellip;","_links":{"self":[{"href":"https:\/\/www.ayadvogados.com.br\/index.php?rest_route=\/wp\/v2\/posts\/1287","targetHints":{"allow":["GET"]}}],"collection":[{"href":"https:\/\/www.ayadvogados.com.br\/index.php?rest_route=\/wp\/v2\/posts"}],"about":[{"href":"https:\/\/www.ayadvogados.com.br\/index.php?rest_route=\/wp\/v2\/types\/post"}],"author":[{"embeddable":true,"href":"https:\/\/www.ayadvogados.com.br\/index.php?rest_route=\/wp\/v2\/users\/2"}],"replies":[{"embeddable":true,"href":"https:\/\/www.ayadvogados.com.br\/index.php?rest_route=%2Fwp%2Fv2%2Fcomments&post=1287"}],"version-history":[{"count":1,"href":"https:\/\/www.ayadvogados.com.br\/index.php?rest_route=\/wp\/v2\/posts\/1287\/revisions"}],"predecessor-version":[{"id":1289,"href":"https:\/\/www.ayadvogados.com.br\/index.php?rest_route=\/wp\/v2\/posts\/1287\/revisions\/1289"}],"wp:featuredmedia":[{"embeddable":true,"href":"https:\/\/www.ayadvogados.com.br\/index.php?rest_route=\/wp\/v2\/media\/1288"}],"wp:attachment":[{"href":"https:\/\/www.ayadvogados.com.br\/index.php?rest_route=%2Fwp%2Fv2%2Fmedia&parent=1287"}],"wp:term":[{"taxonomy":"category","embeddable":true,"href":"https:\/\/www.ayadvogados.com.br\/index.php?rest_route=%2Fwp%2Fv2%2Fcategories&post=1287"},{"taxonomy":"post_tag","embeddable":true,"href":"https:\/\/www.ayadvogados.com.br\/index.php?rest_route=%2Fwp%2Fv2%2Ftags&post=1287"}],"curies":[{"name":"wp","href":"https:\/\/api.w.org\/{rel}","templated":true}]}}