{"id":1281,"date":"2021-07-01T17:46:39","date_gmt":"2021-07-01T20:46:39","guid":{"rendered":"http:\/\/34.239.117.254\/?p=1281"},"modified":"2021-07-01T17:46:39","modified_gmt":"2021-07-01T20:46:39","slug":"projeto-eleva-carga-tributaria-de-empresas-e-classe-media","status":"publish","type":"post","link":"https:\/\/www.ayadvogados.com.br\/?p=1281","title":{"rendered":"Projeto eleva carga tribut\u00e1ria de empresas e classe m\u00e9dia"},"content":{"rendered":"\n<p>A reforma do Imposto de Renda, se aprovada pelo Congresso, pode aumentar a carga tribut\u00e1ria de empresas e tamb\u00e9m das pessoas f\u00edsicas. Especialistas ouvidos pelo Valor dizem que o governo pesou a m\u00e3o. O texto apresentado na semana passada amplia a faixa de isen\u00e7\u00e3o para a pessoa f\u00edsica \u2014 passaria de R$ 1,9 mil para R$ 2,5 mil \u2014, mas limita o uso da declara\u00e7\u00e3o simplificada, fazendo com que a classe m\u00e9dia pague mais impostos.<\/p>\n\n\n\n<p>Preocupa o setor produtivo, al\u00e9m disso, o retorno da tributa\u00e7\u00e3o sobre os lucros e dividendos, que est\u00e3o isentos desde 1995. Pela proposta de reforma, as empresas ter\u00e3o que reter 20% como imposto ao distribuir as quantias para os seus acionistas. Haveria isen\u00e7\u00e3o para a faixa de at\u00e9 R$ 20 mil por m\u00eas.<\/p>\n\n\n\n<p>A tributa\u00e7\u00e3o dos dividendos viria como contrapartida para a redu\u00e7\u00e3o do Imposto de Renda da Pessoa Jur\u00eddica (IRPJ). Seriam 5% a menos na al\u00edquota, com a redu\u00e7\u00e3o em dois anos: dos atuais 15% para 12,5% em 2022 e para 10% em 2023. O ministro da Economia, Paulo Guedes, por\u00e9m, disse nesta semana que a redu\u00e7\u00e3o poder\u00e1 vir de uma \u00fanica vez em 2022.<\/p>\n\n\n\n<p>N\u00e3o haveria mudan\u00e7as em rela\u00e7\u00e3o aos 10% de imposto sobre a parte do lucro real superior a R$ 20 mil por m\u00eas. Em regra, as empresas pagam 34% de Imposto de Renda e CSLL e, com a reforma, passariam a pagar 29%.<\/p>\n\n\n\n<p>Ocorre que, segundo os advogados, somando a redu\u00e7\u00e3o do IRPJ com a tributa\u00e7\u00e3o dos dividendos do s\u00f3cio, a conta ficaria bem mais alta do que se tem hoje. Segundo o Instituto Brasileiro de Planejamento e Tributa\u00e7\u00e3o (IBPT), haveria mais de 30% de aumento de carga tribut\u00e1ria para as empresas do lucro real. Os prestadores de servi\u00e7o que est\u00e3o no lucro presumido sofreriam mais: j\u00e1 em 2022 teriam que arcar com um aumento de impostos de 62,88%.<\/p>\n\n\n\n<p>Para o governo federal, por\u00e9m, a conta n\u00e3o pode ser feita dessa forma, juntando as duas coisas. Jos\u00e9 Tostes Neto, secret\u00e1rio da Receita Federal, tem afirmado que o imposto dos dividendos incide sobre os ganhos da pessoa f\u00edsica e, por esse motivo, n\u00e3o pode ser contabilizado como carga das empresas.<\/p>\n\n\n\n<p>\u201cH\u00e1, talvez de forma involunt\u00e1ria, uma confus\u00e3o feita entre a tributa\u00e7\u00e3o da pessoa jur\u00eddica versus a tributa\u00e7\u00e3o da pessoa f\u00edsica\u201d, disse em entrevista ao <strong>Valor<\/strong> na ter\u00e7a-feira, refor\u00e7ando que, para as empresas, haver\u00e1 redu\u00e7\u00e3o de impostos.<\/p>\n\n\n\n<p>Os advogados discordam. Ana Carolina Monguilod, s\u00f3cia do escrit\u00f3rio i2a Advogados, professora no Insper e pesquisadora da FGV-SP, diz que qualquer pa\u00eds do mundo, ao adotar a modelagem da tributa\u00e7\u00e3o da empresa e dos dividendos dos s\u00f3cios, faz isso de forma coordenada e combinada. \u201cPorque o que importa \u00e9 a tributa\u00e7\u00e3o global que se tem sobre a renda gerada pelo neg\u00f3cio. Essa combina\u00e7\u00e3o n\u00e3o pode ficar exagerada\u201d, afirma.<\/p>\n\n\n\n<p>A advogada Clarissa Machado, s\u00f3cia do Trench Rossi Watanabe, diz que a proposta de tributa\u00e7\u00e3o de dividendos era esperada, mas veio em um momento ruim e com impacto maior que o previsto pelo mercado. \u201cA maioria dos pa\u00edses t\u00eam essa tributa\u00e7\u00e3o que onera quem recebe e n\u00e3o a empresa\u201d, afirma. Formalmente, ela frisa, h\u00e1 diferen\u00e7a entre tributar o empres\u00e1rio e a empresa mas, na pr\u00e1tica, isso afeta a inten\u00e7\u00e3o de investir.<\/p>\n\n\n\n<p>\u201cDo jeito que est\u00e1 posto [na proposta do governo] acaba privilegiando o capital especulativo e n\u00e3o o capital produtivo. O investidor ter\u00e1 mais vantagem, do ponto de vista tribut\u00e1rio, se investir no mercado de capitais do que constituir uma empresa\u201d, complementa o advogado Erlan Valverde, do escrit\u00f3rio TozziniFreire.<\/p>\n\n\n\n<p>Foram distribu\u00eddos em 2019, segundo a Receita Federal, R$ 359 bilh\u00f5es em lucros e dividendos. Um estudo feito pelos economistas Manoel Pires e Fabio Goto, publicado nesta semana no Observat\u00f3rio de Pol\u00edtica Fiscal da FGV Ibre, cita esse dado e diz que a tributa\u00e7\u00e3o poderia resultar em uma arrecada\u00e7\u00e3o potencial de R$ 71 bilh\u00f5es.<\/p>\n\n\n\n<p>Pondera, no entanto, que a institui\u00e7\u00e3o de uma al\u00edquota de 20% deve alterar o comportamento do contribuinte. Por esse motivo, considerando redu\u00e7\u00e3o de 50% na distribui\u00e7\u00e3o de lucros e dividendos, a arrecada\u00e7\u00e3o ficaria estimada em R$ 30,5 bilh\u00f5es.<\/p>\n\n\n\n<p>Esse mesmo estudo tamb\u00e9m apresenta dados sobre as mudan\u00e7as previstas para a tabela do Imposto de Renda da Pessoa F\u00edsica (IRPF). Diz que a restri\u00e7\u00e3o ao uso da declara\u00e7\u00e3o simplificada vai aumentar a carga tribut\u00e1ria de 6,8 milh\u00f5es de contribuintes. O imposto devido, com essa restri\u00e7\u00e3o, seria ampliado em R$ 11,6 bilh\u00f5es.<\/p>\n\n\n\n<p>Hoje, qualquer contribuinte pode optar pela declara\u00e7\u00e3o simplificada. Essa modalidade prev\u00ea um desconto autom\u00e1tico de 20% \u2014 at\u00e9 R$ 16.754,34 \u2014 sem que haja a necessidade de comprovar gastos dedut\u00edveis. Pela proposta do governo, no entanto, somente contribuintes com renda anual de at\u00e9 R$ 40 mil (cerca de tr\u00eas sal\u00e1rios m\u00ednimos por m\u00eas) poderiam continuar nessa modalidade.<\/p>\n\n\n\n<p>\u201c\u00c9 como dar com uma m\u00e3o e tirar com a outra. Voc\u00ea aumenta a faixa de isen\u00e7\u00e3o, mas acaba com um instrumento relevante para muitas pessoas\u201d, afirma Fernando Colucci, s\u00f3cio do escrit\u00f3rio Machado Meyer.<\/p>\n\n\n\n<p>Fonte: <a href=\"https:\/\/valor.globo.com\/legislacao\/noticia\/2021\/07\/01\/projeto-eleva-carga-tributaria-de-empresas-e-classe-media.ghtml\" data-type=\"URL\" data-id=\"https:\/\/valor.globo.com\/legislacao\/noticia\/2021\/07\/01\/projeto-eleva-carga-tributaria-de-empresas-e-classe-media.ghtml\" target=\"_blank\" rel=\"noreferrer noopener\">Valor<\/a><\/p>\n\n\n\n<p>A Amaral, Yazbek, OAB\/PR 762, possui 35 anos de experi\u00eancia auxiliando empresas a transformar a tributa\u00e7\u00e3o em lucro. Entre em contato com um dos s\u00f3cios para agendamento de reuni\u00e3o em caso de d\u00favidas.<\/p>\n\n\n\n<p>Contato: 41 3595-8300 ou pelo nosso WhatsApp 41 99567-5696<\/p>\n\n\n\n<p>Av. C\u00e2ndido Hartmann, 50 \u2013 Bigorrilho | Curitiba-PR<\/p>\n\n\n\n<p>Assine nossa Newsletter e fique por dentro das novidades!<\/p>\n\n\n\n<p>Quer receber seu exemplar da revista Governan\u00e7a Jur\u00eddica? Clique <a href=\"http:\/\/ayadvogados.com.br\/revista\">aqui<\/a>&nbsp;e pe\u00e7a a sua.<\/p>\n\n\n\n<p>Nos acompanhe nas redes sociais: <a href=\"https:\/\/www.facebook.com\/amaral.yazbek\">Facebook<\/a>&nbsp;| <a href=\"https:\/\/www.instagram.com\/amaral.yazbek\/\">Instagram<\/a> | <a href=\"https:\/\/www.linkedin.com\/company\/3357082\/admin\/\">Linkedin<\/a><\/p>\n\n\n\n<p>J\u00e1 conhece o canal Direito da Intelig\u00eancia de Neg\u00f3cios? <a href=\"https:\/\/www.youtube.com\/channel\/UCu2Mpu32ht8DEN8OFRXYMyw\">Inscreva-se j\u00e1<\/a><\/p>\n","protected":false},"excerpt":{"rendered":"<p>A reforma do Imposto de Renda, se aprovada pelo Congresso, pode aumentar a carga tribut\u00e1ria de empresas e tamb\u00e9m das pessoas f\u00edsicas. Especialistas ouvidos pelo Valor dizem que o governo pesou a m\u00e3o. O texto apresentado na semana passada amplia a faixa de isen\u00e7\u00e3o para a pessoa f\u00edsica \u2014 passaria de R$ 1,9 mil para [&hellip;]<\/p>\n","protected":false},"author":2,"featured_media":1282,"comment_status":"open","ping_status":"open","sticky":false,"template":"","format":"standard","meta":{"footnotes":""},"categories":[1],"tags":[],"class_list":["post-1281","post","type-post","status-publish","format-standard","has-post-thumbnail","hentry","category-noticia-do-dia"],"blocksy_meta":{"styles_descriptor":{"styles":{"desktop":"","tablet":"","mobile":""},"google_fonts":[],"version":6}},"yoast_head":"<!-- This site is optimized with the Yoast SEO plugin v27.5 - https:\/\/yoast.com\/product\/yoast-seo-wordpress\/ -->\n<title>Projeto eleva carga tribut\u00e1ria de empresas e classe m\u00e9dia - Amaral, Yazbek Advogados<\/title>\n<meta name=\"robots\" content=\"index, follow, max-snippet:-1, max-image-preview:large, max-video-preview:-1\" \/>\n<link rel=\"canonical\" href=\"https:\/\/www.ayadvogados.com.br\/?p=1281\" \/>\n<meta property=\"og:locale\" content=\"pt_BR\" \/>\n<meta property=\"og:type\" content=\"article\" \/>\n<meta property=\"og:title\" content=\"Projeto eleva carga tribut\u00e1ria de empresas e classe m\u00e9dia - Amaral, Yazbek Advogados\" \/>\n<meta property=\"og:description\" content=\"A reforma do Imposto de Renda, se aprovada pelo Congresso, pode aumentar a carga tribut\u00e1ria de empresas e tamb\u00e9m das pessoas f\u00edsicas. Especialistas ouvidos pelo Valor dizem que o governo pesou a m\u00e3o. O texto apresentado na semana passada amplia a faixa de isen\u00e7\u00e3o para a pessoa f\u00edsica \u2014 passaria de R$ 1,9 mil para [&hellip;]\" \/>\n<meta property=\"og:url\" content=\"https:\/\/www.ayadvogados.com.br\/?p=1281\" \/>\n<meta property=\"og:site_name\" content=\"Amaral, Yazbek Advogados\" \/>\n<meta property=\"article:publisher\" content=\"https:\/\/www.facebook.com\/AYadvogados\" \/>\n<meta property=\"article:published_time\" content=\"2021-07-01T20:46:39+00:00\" \/>\n<meta property=\"og:image\" content=\"https:\/\/www.ayadvogados.com.br\/wp-content\/uploads\/2021\/07\/Blog.png\" \/>\n\t<meta property=\"og:image:width\" content=\"1000\" \/>\n\t<meta property=\"og:image:height\" content=\"620\" \/>\n\t<meta property=\"og:image:type\" content=\"image\/png\" \/>\n<meta name=\"author\" content=\"AY Advogados\" \/>\n<meta name=\"twitter:card\" content=\"summary_large_image\" \/>\n<meta name=\"twitter:label1\" content=\"Escrito por\" \/>\n\t<meta name=\"twitter:data1\" content=\"AY Advogados\" \/>\n\t<meta name=\"twitter:label2\" content=\"Est. tempo de leitura\" \/>\n\t<meta name=\"twitter:data2\" content=\"5 minutos\" \/>\n<script type=\"application\/ld+json\" class=\"yoast-schema-graph\">{\"@context\":\"https:\\\/\\\/schema.org\",\"@graph\":[{\"@type\":\"Article\",\"@id\":\"https:\\\/\\\/www.ayadvogados.com.br\\\/?p=1281#article\",\"isPartOf\":{\"@id\":\"https:\\\/\\\/www.ayadvogados.com.br\\\/?p=1281\"},\"author\":{\"name\":\"AY Advogados\",\"@id\":\"https:\\\/\\\/www.ayadvogados.com.br\\\/#\\\/schema\\\/person\\\/4abfbf03ad3e577e691d333af064a912\"},\"headline\":\"Projeto eleva carga tribut\u00e1ria de empresas e classe m\u00e9dia\",\"datePublished\":\"2021-07-01T20:46:39+00:00\",\"mainEntityOfPage\":{\"@id\":\"https:\\\/\\\/www.ayadvogados.com.br\\\/?p=1281\"},\"wordCount\":994,\"commentCount\":0,\"publisher\":{\"@id\":\"https:\\\/\\\/www.ayadvogados.com.br\\\/#organization\"},\"image\":{\"@id\":\"https:\\\/\\\/www.ayadvogados.com.br\\\/?p=1281#primaryimage\"},\"thumbnailUrl\":\"https:\\\/\\\/www.ayadvogados.com.br\\\/wp-content\\\/uploads\\\/2021\\\/07\\\/Blog.png\",\"articleSection\":[\"Not\u00edcia do Dia\"],\"inLanguage\":\"pt-BR\",\"potentialAction\":[{\"@type\":\"CommentAction\",\"name\":\"Comment\",\"target\":[\"https:\\\/\\\/www.ayadvogados.com.br\\\/?p=1281#respond\"]}]},{\"@type\":\"WebPage\",\"@id\":\"https:\\\/\\\/www.ayadvogados.com.br\\\/?p=1281\",\"url\":\"https:\\\/\\\/www.ayadvogados.com.br\\\/?p=1281\",\"name\":\"Projeto eleva carga tribut\u00e1ria de empresas e classe m\u00e9dia - Amaral, Yazbek Advogados\",\"isPartOf\":{\"@id\":\"https:\\\/\\\/www.ayadvogados.com.br\\\/#website\"},\"primaryImageOfPage\":{\"@id\":\"https:\\\/\\\/www.ayadvogados.com.br\\\/?p=1281#primaryimage\"},\"image\":{\"@id\":\"https:\\\/\\\/www.ayadvogados.com.br\\\/?p=1281#primaryimage\"},\"thumbnailUrl\":\"https:\\\/\\\/www.ayadvogados.com.br\\\/wp-content\\\/uploads\\\/2021\\\/07\\\/Blog.png\",\"datePublished\":\"2021-07-01T20:46:39+00:00\",\"breadcrumb\":{\"@id\":\"https:\\\/\\\/www.ayadvogados.com.br\\\/?p=1281#breadcrumb\"},\"inLanguage\":\"pt-BR\",\"potentialAction\":[{\"@type\":\"ReadAction\",\"target\":[\"https:\\\/\\\/www.ayadvogados.com.br\\\/?p=1281\"]}]},{\"@type\":\"ImageObject\",\"inLanguage\":\"pt-BR\",\"@id\":\"https:\\\/\\\/www.ayadvogados.com.br\\\/?p=1281#primaryimage\",\"url\":\"https:\\\/\\\/www.ayadvogados.com.br\\\/wp-content\\\/uploads\\\/2021\\\/07\\\/Blog.png\",\"contentUrl\":\"https:\\\/\\\/www.ayadvogados.com.br\\\/wp-content\\\/uploads\\\/2021\\\/07\\\/Blog.png\",\"width\":1000,\"height\":620},{\"@type\":\"BreadcrumbList\",\"@id\":\"https:\\\/\\\/www.ayadvogados.com.br\\\/?p=1281#breadcrumb\",\"itemListElement\":[{\"@type\":\"ListItem\",\"position\":1,\"name\":\"In\u00edcio\",\"item\":\"https:\\\/\\\/www.ayadvogados.com.br\\\/\"},{\"@type\":\"ListItem\",\"position\":2,\"name\":\"Projeto eleva carga tribut\u00e1ria de empresas e classe m\u00e9dia\"}]},{\"@type\":\"WebSite\",\"@id\":\"https:\\\/\\\/www.ayadvogados.com.br\\\/#website\",\"url\":\"https:\\\/\\\/www.ayadvogados.com.br\\\/\",\"name\":\"Amaral, Yazbek Advogados\",\"description\":\"Curitiba \u2022 Bras\u00edlia \u2022 S\u00e3o Paulo\",\"publisher\":{\"@id\":\"https:\\\/\\\/www.ayadvogados.com.br\\\/#organization\"},\"potentialAction\":[{\"@type\":\"SearchAction\",\"target\":{\"@type\":\"EntryPoint\",\"urlTemplate\":\"https:\\\/\\\/www.ayadvogados.com.br\\\/?s={search_term_string}\"},\"query-input\":{\"@type\":\"PropertyValueSpecification\",\"valueRequired\":true,\"valueName\":\"search_term_string\"}}],\"inLanguage\":\"pt-BR\"},{\"@type\":\"Organization\",\"@id\":\"https:\\\/\\\/www.ayadvogados.com.br\\\/#organization\",\"name\":\"Amaral, Yazbek Advogados\",\"url\":\"https:\\\/\\\/www.ayadvogados.com.br\\\/\",\"logo\":{\"@type\":\"ImageObject\",\"inLanguage\":\"pt-BR\",\"@id\":\"https:\\\/\\\/www.ayadvogados.com.br\\\/#\\\/schema\\\/logo\\\/image\\\/\",\"url\":\"http:\\\/\\\/34.239.117.254\\\/wp-content\\\/uploads\\\/2021\\\/03\\\/logo-ay-g.png\",\"contentUrl\":\"http:\\\/\\\/34.239.117.254\\\/wp-content\\\/uploads\\\/2021\\\/03\\\/logo-ay-g.png\",\"width\":434,\"height\":106,\"caption\":\"Amaral, Yazbek Advogados\"},\"image\":{\"@id\":\"https:\\\/\\\/www.ayadvogados.com.br\\\/#\\\/schema\\\/logo\\\/image\\\/\"},\"sameAs\":[\"https:\\\/\\\/www.facebook.com\\\/AYadvogados\",\"https:\\\/\\\/www.instagram.com\\\/ayadvogados\\\/\"]},{\"@type\":\"Person\",\"@id\":\"https:\\\/\\\/www.ayadvogados.com.br\\\/#\\\/schema\\\/person\\\/4abfbf03ad3e577e691d333af064a912\",\"name\":\"AY Advogados\",\"image\":{\"@type\":\"ImageObject\",\"inLanguage\":\"pt-BR\",\"@id\":\"https:\\\/\\\/secure.gravatar.com\\\/avatar\\\/1473912b851241f5503026e6156e144dcd83ff7addb67f65e1ed9ca21ee1d9cf?s=96&d=mm&r=g\",\"url\":\"https:\\\/\\\/secure.gravatar.com\\\/avatar\\\/1473912b851241f5503026e6156e144dcd83ff7addb67f65e1ed9ca21ee1d9cf?s=96&d=mm&r=g\",\"contentUrl\":\"https:\\\/\\\/secure.gravatar.com\\\/avatar\\\/1473912b851241f5503026e6156e144dcd83ff7addb67f65e1ed9ca21ee1d9cf?s=96&d=mm&r=g\",\"caption\":\"AY Advogados\"},\"sameAs\":[\"https:\\\/\\\/ayadvogados.com.br\"],\"url\":\"https:\\\/\\\/www.ayadvogados.com.br\\\/?author=2\"}]}<\/script>\n<!-- \/ Yoast SEO plugin. -->","yoast_head_json":{"title":"Projeto eleva carga tribut\u00e1ria de empresas e classe m\u00e9dia - Amaral, Yazbek Advogados","robots":{"index":"index","follow":"follow","max-snippet":"max-snippet:-1","max-image-preview":"max-image-preview:large","max-video-preview":"max-video-preview:-1"},"canonical":"https:\/\/www.ayadvogados.com.br\/?p=1281","og_locale":"pt_BR","og_type":"article","og_title":"Projeto eleva carga tribut\u00e1ria de empresas e classe m\u00e9dia - Amaral, Yazbek Advogados","og_description":"A reforma do Imposto de Renda, se aprovada pelo Congresso, pode aumentar a carga tribut\u00e1ria de empresas e tamb\u00e9m das pessoas f\u00edsicas. Especialistas ouvidos pelo Valor dizem que o governo pesou a m\u00e3o. O texto apresentado na semana passada amplia a faixa de isen\u00e7\u00e3o para a pessoa f\u00edsica \u2014 passaria de R$ 1,9 mil para [&hellip;]","og_url":"https:\/\/www.ayadvogados.com.br\/?p=1281","og_site_name":"Amaral, Yazbek Advogados","article_publisher":"https:\/\/www.facebook.com\/AYadvogados","article_published_time":"2021-07-01T20:46:39+00:00","og_image":[{"width":1000,"height":620,"url":"https:\/\/www.ayadvogados.com.br\/wp-content\/uploads\/2021\/07\/Blog.png","type":"image\/png"}],"author":"AY Advogados","twitter_card":"summary_large_image","twitter_misc":{"Escrito por":"AY Advogados","Est. tempo de leitura":"5 minutos"},"schema":{"@context":"https:\/\/schema.org","@graph":[{"@type":"Article","@id":"https:\/\/www.ayadvogados.com.br\/?p=1281#article","isPartOf":{"@id":"https:\/\/www.ayadvogados.com.br\/?p=1281"},"author":{"name":"AY Advogados","@id":"https:\/\/www.ayadvogados.com.br\/#\/schema\/person\/4abfbf03ad3e577e691d333af064a912"},"headline":"Projeto eleva carga tribut\u00e1ria de empresas e classe m\u00e9dia","datePublished":"2021-07-01T20:46:39+00:00","mainEntityOfPage":{"@id":"https:\/\/www.ayadvogados.com.br\/?p=1281"},"wordCount":994,"commentCount":0,"publisher":{"@id":"https:\/\/www.ayadvogados.com.br\/#organization"},"image":{"@id":"https:\/\/www.ayadvogados.com.br\/?p=1281#primaryimage"},"thumbnailUrl":"https:\/\/www.ayadvogados.com.br\/wp-content\/uploads\/2021\/07\/Blog.png","articleSection":["Not\u00edcia do Dia"],"inLanguage":"pt-BR","potentialAction":[{"@type":"CommentAction","name":"Comment","target":["https:\/\/www.ayadvogados.com.br\/?p=1281#respond"]}]},{"@type":"WebPage","@id":"https:\/\/www.ayadvogados.com.br\/?p=1281","url":"https:\/\/www.ayadvogados.com.br\/?p=1281","name":"Projeto eleva carga tribut\u00e1ria de empresas e classe m\u00e9dia - Amaral, Yazbek Advogados","isPartOf":{"@id":"https:\/\/www.ayadvogados.com.br\/#website"},"primaryImageOfPage":{"@id":"https:\/\/www.ayadvogados.com.br\/?p=1281#primaryimage"},"image":{"@id":"https:\/\/www.ayadvogados.com.br\/?p=1281#primaryimage"},"thumbnailUrl":"https:\/\/www.ayadvogados.com.br\/wp-content\/uploads\/2021\/07\/Blog.png","datePublished":"2021-07-01T20:46:39+00:00","breadcrumb":{"@id":"https:\/\/www.ayadvogados.com.br\/?p=1281#breadcrumb"},"inLanguage":"pt-BR","potentialAction":[{"@type":"ReadAction","target":["https:\/\/www.ayadvogados.com.br\/?p=1281"]}]},{"@type":"ImageObject","inLanguage":"pt-BR","@id":"https:\/\/www.ayadvogados.com.br\/?p=1281#primaryimage","url":"https:\/\/www.ayadvogados.com.br\/wp-content\/uploads\/2021\/07\/Blog.png","contentUrl":"https:\/\/www.ayadvogados.com.br\/wp-content\/uploads\/2021\/07\/Blog.png","width":1000,"height":620},{"@type":"BreadcrumbList","@id":"https:\/\/www.ayadvogados.com.br\/?p=1281#breadcrumb","itemListElement":[{"@type":"ListItem","position":1,"name":"In\u00edcio","item":"https:\/\/www.ayadvogados.com.br\/"},{"@type":"ListItem","position":2,"name":"Projeto eleva carga tribut\u00e1ria de empresas e classe m\u00e9dia"}]},{"@type":"WebSite","@id":"https:\/\/www.ayadvogados.com.br\/#website","url":"https:\/\/www.ayadvogados.com.br\/","name":"Amaral, Yazbek Advogados","description":"Curitiba \u2022 Bras\u00edlia \u2022 S\u00e3o Paulo","publisher":{"@id":"https:\/\/www.ayadvogados.com.br\/#organization"},"potentialAction":[{"@type":"SearchAction","target":{"@type":"EntryPoint","urlTemplate":"https:\/\/www.ayadvogados.com.br\/?s={search_term_string}"},"query-input":{"@type":"PropertyValueSpecification","valueRequired":true,"valueName":"search_term_string"}}],"inLanguage":"pt-BR"},{"@type":"Organization","@id":"https:\/\/www.ayadvogados.com.br\/#organization","name":"Amaral, Yazbek Advogados","url":"https:\/\/www.ayadvogados.com.br\/","logo":{"@type":"ImageObject","inLanguage":"pt-BR","@id":"https:\/\/www.ayadvogados.com.br\/#\/schema\/logo\/image\/","url":"http:\/\/34.239.117.254\/wp-content\/uploads\/2021\/03\/logo-ay-g.png","contentUrl":"http:\/\/34.239.117.254\/wp-content\/uploads\/2021\/03\/logo-ay-g.png","width":434,"height":106,"caption":"Amaral, Yazbek Advogados"},"image":{"@id":"https:\/\/www.ayadvogados.com.br\/#\/schema\/logo\/image\/"},"sameAs":["https:\/\/www.facebook.com\/AYadvogados","https:\/\/www.instagram.com\/ayadvogados\/"]},{"@type":"Person","@id":"https:\/\/www.ayadvogados.com.br\/#\/schema\/person\/4abfbf03ad3e577e691d333af064a912","name":"AY Advogados","image":{"@type":"ImageObject","inLanguage":"pt-BR","@id":"https:\/\/secure.gravatar.com\/avatar\/1473912b851241f5503026e6156e144dcd83ff7addb67f65e1ed9ca21ee1d9cf?s=96&d=mm&r=g","url":"https:\/\/secure.gravatar.com\/avatar\/1473912b851241f5503026e6156e144dcd83ff7addb67f65e1ed9ca21ee1d9cf?s=96&d=mm&r=g","contentUrl":"https:\/\/secure.gravatar.com\/avatar\/1473912b851241f5503026e6156e144dcd83ff7addb67f65e1ed9ca21ee1d9cf?s=96&d=mm&r=g","caption":"AY Advogados"},"sameAs":["https:\/\/ayadvogados.com.br"],"url":"https:\/\/www.ayadvogados.com.br\/?author=2"}]}},"rttpg_featured_image_url":{"full":["https:\/\/www.ayadvogados.com.br\/wp-content\/uploads\/2021\/07\/Blog.png",1000,620,false],"landscape":["https:\/\/www.ayadvogados.com.br\/wp-content\/uploads\/2021\/07\/Blog.png",1000,620,false],"portraits":["https:\/\/www.ayadvogados.com.br\/wp-content\/uploads\/2021\/07\/Blog.png",1000,620,false],"thumbnail":["https:\/\/www.ayadvogados.com.br\/wp-content\/uploads\/2021\/07\/Blog-150x150.png",150,150,true],"medium":["https:\/\/www.ayadvogados.com.br\/wp-content\/uploads\/2021\/07\/Blog-300x186.png",300,186,true],"large":["https:\/\/www.ayadvogados.com.br\/wp-content\/uploads\/2021\/07\/Blog.png",1000,620,false],"1536x1536":["https:\/\/www.ayadvogados.com.br\/wp-content\/uploads\/2021\/07\/Blog.png",1000,620,false],"2048x2048":["https:\/\/www.ayadvogados.com.br\/wp-content\/uploads\/2021\/07\/Blog.png",1000,620,false]},"rttpg_author":{"display_name":"AY Advogados","author_link":"https:\/\/www.ayadvogados.com.br\/?author=2"},"rttpg_comment":0,"rttpg_category":"<a href=\"https:\/\/www.ayadvogados.com.br\/?cat=1\" rel=\"category\">Not\u00edcia do Dia<\/a>","rttpg_excerpt":"A reforma do Imposto de Renda, se aprovada pelo Congresso, pode aumentar a carga tribut\u00e1ria de empresas e tamb\u00e9m das pessoas f\u00edsicas. Especialistas ouvidos pelo Valor dizem que o governo pesou a m\u00e3o. O texto apresentado na semana passada amplia a faixa de isen\u00e7\u00e3o para a pessoa f\u00edsica \u2014 passaria de R$ 1,9 mil para&hellip;","_links":{"self":[{"href":"https:\/\/www.ayadvogados.com.br\/index.php?rest_route=\/wp\/v2\/posts\/1281","targetHints":{"allow":["GET"]}}],"collection":[{"href":"https:\/\/www.ayadvogados.com.br\/index.php?rest_route=\/wp\/v2\/posts"}],"about":[{"href":"https:\/\/www.ayadvogados.com.br\/index.php?rest_route=\/wp\/v2\/types\/post"}],"author":[{"embeddable":true,"href":"https:\/\/www.ayadvogados.com.br\/index.php?rest_route=\/wp\/v2\/users\/2"}],"replies":[{"embeddable":true,"href":"https:\/\/www.ayadvogados.com.br\/index.php?rest_route=%2Fwp%2Fv2%2Fcomments&post=1281"}],"version-history":[{"count":1,"href":"https:\/\/www.ayadvogados.com.br\/index.php?rest_route=\/wp\/v2\/posts\/1281\/revisions"}],"predecessor-version":[{"id":1283,"href":"https:\/\/www.ayadvogados.com.br\/index.php?rest_route=\/wp\/v2\/posts\/1281\/revisions\/1283"}],"wp:featuredmedia":[{"embeddable":true,"href":"https:\/\/www.ayadvogados.com.br\/index.php?rest_route=\/wp\/v2\/media\/1282"}],"wp:attachment":[{"href":"https:\/\/www.ayadvogados.com.br\/index.php?rest_route=%2Fwp%2Fv2%2Fmedia&parent=1281"}],"wp:term":[{"taxonomy":"category","embeddable":true,"href":"https:\/\/www.ayadvogados.com.br\/index.php?rest_route=%2Fwp%2Fv2%2Fcategories&post=1281"},{"taxonomy":"post_tag","embeddable":true,"href":"https:\/\/www.ayadvogados.com.br\/index.php?rest_route=%2Fwp%2Fv2%2Ftags&post=1281"}],"curies":[{"name":"wp","href":"https:\/\/api.w.org\/{rel}","templated":true}]}}