{"id":1278,"date":"2021-06-30T18:45:41","date_gmt":"2021-06-30T21:45:41","guid":{"rendered":"http:\/\/34.239.117.254\/?p=1278"},"modified":"2021-06-30T18:45:41","modified_gmt":"2021-06-30T21:45:41","slug":"oportunidade-para-os-empresarios-quitarem-debitos-tributarios-utilizando-as-opcoes-de-transacao-tributaria-junto-a-pgfn","status":"publish","type":"post","link":"https:\/\/www.ayadvogados.com.br\/?p=1278","title":{"rendered":"Oportunidade para os empres\u00e1rios quitarem d\u00e9bitos tribut\u00e1rios utilizando as op\u00e7\u00f5es de transa\u00e7\u00e3o tribut\u00e1ria junto a PGFN"},"content":{"rendered":"\n<p>Seja bem-vindo ao 18\u00b0 Epos\u00f3dio do DIN Cast. O podcast que vai ajudar m\u00e9dias e grandes empresas a se tornarem l\u00edderes de mercado atrav\u00e9s da Intelig\u00eancia De Neg\u00f3cios.<\/p>\n\n\n\n<p>No epis\u00f3dio de hoje a Dra. Priscila Dias, advogada da Amaral, Yazbek, Advogados vai falar sobre um tema muito importante para empres\u00e1rios que possu\u00e9m d\u00e9bitos tribut\u00e1rios!<\/p>\n\n\n\n<p>Escute a mat\u00e9ria completa:<\/p>\n\n\n\n<figure class=\"wp-block-embed is-type-rich is-provider-spotify wp-block-embed-spotify wp-embed-aspect-21-9 wp-has-aspect-ratio\"><div class=\"wp-block-embed__wrapper\">\n<iframe title=\"Spotify Embed: Oportunidade para os empres\u00e1rios quitarem d\u00e9bitos tribut\u00e1rios utilizando com as op\u00e7\u00f5es de transa\u00e7\u00e3o tribut\u00e1ria junto a PGFN - Dra. Priscila Dias\" width=\"100%\" height=\"232\" allowtransparency=\"true\" frameborder=\"0\" allow=\"encrypted-media\" src=\"https:\/\/open.spotify.com\/embed\/episode\/29TdNdj91np2SyUh7H6Jx4\"><\/iframe>\n<\/div><\/figure>\n\n\n\n<p>Desde a publica\u00e7\u00e3o da lei da transa\u00e7\u00e3o fiscal (Lei 13.988\/2020), que \u00e9 utilizando como mecanismo que possibilita ao contribuinte que n\u00e3o cometeu fraudes e que se enquadre nas modalidades previstas na legisla\u00e7\u00e3o regularizar sua situa\u00e7\u00e3o fiscal perante a PGFN em condi\u00e7\u00f5es diferenciadas, a PGFN tem apresentado sa\u00eddas para que os contribuintes com d\u00e9bitos com a Uni\u00e3o regularizem sua situa\u00e7\u00e3o fiscal.<\/p>\n\n\n\n<p><br>Atualmente, o \u00f3rg\u00e3o disp\u00f5e de oito modalidades de transa\u00e7\u00e3o tribut\u00e1ria, que preveem descontos e parcelamentos no pagamento de tributos que entraram para a D\u00edvida Ativa.<br>Dentre as op\u00e7\u00f5es que ser\u00e3o apresentadas se destacam as transa\u00e7\u00f5es: em processos sobre PLR; de d\u00edvida ativa suspensa por decis\u00e3o judicial h\u00e1 mais de 10 anos; excepcionais; excepcionais para d\u00e9bitos rurais e fundi\u00e1rios; extraordin\u00e1rias; por proposta individual de contribuintes, por proposta individual do contribuinte em recupera\u00e7\u00e3o judicial; proposta individual da PGFN e d\u00edvida ativa de pequeno de valor.<br><\/p>\n\n\n\n<p>A lei discrimina que d\u00e9bitos de multas criminais n\u00e3o entram no acordo de transa\u00e7\u00e3o, assim como casos de fraude.<\/p>\n\n\n\n<p><br>Essas transa\u00e7\u00f5es est\u00e3o levando em considera\u00e7\u00e3o o faturamento das empresas nos \u00faltimos anos, a quantidade de empregados contratados e demitidos, bem como os direitos e obriga\u00e7\u00f5es correntes da empresa, dificultando o acesso de v\u00e1rios contribuintes a benef\u00edcios mais efetivos como a redu\u00e7\u00e3o de juros e penalidades.<\/p>\n\n\n\n<p><br>Para a Uni\u00e3o, o instrumento \u00e9 ben\u00e9fico porque \u201cpossibilita a antecipa\u00e7\u00e3o do recebimento de cr\u00e9ditos tribut\u00e1rios cujas discuss\u00f5es podem se arrastar at\u00e9 mesmo para o Poder Judici\u00e1rio\u201d.<br>Do lado dos contribuintes, ele entende que a medida garante \u201cgrandes descontos e viabiliza a ades\u00e3o ao instituto antes da inscri\u00e7\u00e3o do d\u00e9bito em d\u00edvida ativa e sua consequente majora\u00e7\u00e3o\u201d.<br>No entanto, a expectativa dos contribuintes se volta para a possibilidade de um novo Programa de Recupera\u00e7\u00e3o Fiscal (Refis). Uma das propostas que mais agrada \u00e9 a de autoria do deputado federal Ricardo Guidi (PSD-SC). No Projeto de Lei 2735\/2020, o parlamentar prop\u00f5e um novo programa de parcelamento em decorr\u00eancia da pandemia com descontos previstos em at\u00e9 90% das multas de mora e de of\u00edcio, dos juros de mora e do encargo legal.<\/p>\n\n\n\n<p><br><strong>Veja abaixo as modalidades abertas e os prazos para ades\u00e3o:<\/strong><br><\/p>\n\n\n\n<p><strong>Ades\u00e3o at\u00e9 30 de junho<\/strong><\/p>\n\n\n\n<p><br>Est\u00e1 aberta at\u00e9 o final deste m\u00eas a possibilidade de pagamento de d\u00e9bitos inscritos na d\u00edvida ativa da Uni\u00e3o que foram suspensos por decis\u00e3o judicial h\u00e1 mais de 10 anos. S\u00e3o consideradas decis\u00f5es em fase de execu\u00e7\u00e3o fiscal (ajuizadas ou n\u00e3o), de devedores de at\u00e9 R$ 15 milh\u00f5es.<br>Nesta modalidade, os contribuintes conseguem desconto, entrada facilitada e prazos ampliados para o pagamento, conforme a natureza do d\u00e9bito e o perfil do contribuinte. O prazo de ades\u00e3o \u00e9 at\u00e9 30 de junho.<\/p>\n\n\n\n<p><strong>Ades\u00e3o at\u00e9 31 de agosto<\/strong><\/p>\n\n\n\n<p><br>A transa\u00e7\u00e3o no contencioso focada em processos de PLR a empregados e diretores sem a incid\u00eancia das contribui\u00e7\u00f5es previdenci\u00e1rias termina em 31 de agosto. Os contribuintes podem parcelar d\u00e9bitos em at\u00e9 55 meses com at\u00e9 50% de desconto do valor principal, multa e juros. A expectativa da PGFN \u00e9 de que haja ades\u00e3o de 10% a 20% dos contribuintes nesta modalidade.<\/p>\n\n\n\n<p><br><strong>Ades\u00e3o at\u00e9 30 de setembro<\/strong><\/p>\n\n\n\n<p><br>A transa\u00e7\u00e3o excepcional \u00e9 destinada aos d\u00e9bitos que a PGFN entende como de dif\u00edcil recupera\u00e7\u00e3o ou irrecuper\u00e1veis, considerando os impactos econ\u00f4micos e financeiros da pandemia nos neg\u00f3cios. Para aderir a essa categoria \u00e9 previsto valor da d\u00edvida de at\u00e9 R$ 150 milh\u00f5es.<\/p>\n\n\n\n<p><br>A pessoa jur\u00eddica pode parcelar o d\u00e9bito em 72 meses, com descontos de 100% sobre os valores de multas, juros e encargos \u2014 neste caso, o valor da parcela n\u00e3o poder\u00e1 ser menor do que R$ 500. Para pessoas f\u00edsicas e optantes pelo Simples \u00e9 previsto o parcelamento em 133 meses, com possibilidade de redu\u00e7\u00e3o de at\u00e9 100% sobre os valores \u2014 aqui a parcela n\u00e3o pode ser inferior a R$ 100.<br><\/p>\n\n\n\n<p>Pessoas f\u00edsicas e jur\u00eddicas tamb\u00e9m podem aderir \u00e0 transa\u00e7\u00e3o extraordin\u00e1ria, que n\u00e3o fixa limite m\u00e1ximo da d\u00edvida, nem garante desconto. A modalidade permite que o contribuinte d\u00ea entrada referente a 1% do valor total das inscri\u00e7\u00f5es selecionadas, que poder\u00e1 ser parcelada em at\u00e9 tr\u00eas meses. Para a empresa, o pagamento do saldo restante pode ser dividido em at\u00e9 81 meses, mas o valor m\u00ednimo da presta\u00e7\u00e3o n\u00e3o pode ser menor do que R$ 500.<\/p>\n\n\n\n<p><br>Produtores rurais tamb\u00e9m podem aderir \u00e0 transa\u00e7\u00e3o excepcional para d\u00e9bitos rurais e fundi\u00e1rios nos casos de d\u00edvida ativa de opera\u00e7\u00f5es de cr\u00e9dito rural, do Fundo de Terras e da Reforma Agr\u00e1ria, entre outros. N\u00e3o h\u00e1 limite m\u00e1ximo de valor da d\u00edvida, por\u00e9m, a entrada m\u00ednima deve ser de 4% do valor total das inscri\u00e7\u00f5es selecionadas, parcelados em at\u00e9 12 meses.<br><\/p>\n\n\n\n<p>Al\u00e9m disso, o produtor poder\u00e1 ter desconto de 50% ou at\u00e9 70% sobre o valor devido, a depender do p\u00fablico-alvo. O parcelamento total vai depender da modalidade adotada, mas pode chegar a 133 meses. As parcelas podem ser pagas semestralmente, com valor m\u00ednimo de R$ 100 para pessoas f\u00edsicas, empres\u00e1rio individual, microempresas e outros. Para outras pessoas jur\u00eddicas, a parcela deve ser R$ 500.<\/p>\n\n\n\n<p><br>A transa\u00e7\u00e3o na d\u00edvida ativa de pequeno valor trata apenas d\u00e9bitos de natureza tribut\u00e1ria que foram inscritos em d\u00edvida ativa h\u00e1 mais de um ano e cujo valor seja igual ou menor a 60 sal\u00e1rios-m\u00ednimos. Nesta categoria \u00e9 permitida a entrada referente a 5% do valor total das inscri\u00e7\u00f5es selecionadas, sem descontos, e que poder\u00e1 ser dividida em at\u00e9 cinco meses. O pagamento do saldo restante pode ser parcelado em at\u00e9 55 meses.<\/p>\n\n\n\n<p><br><strong>Sem data limite<\/strong><br><\/p>\n\n\n\n<p>Os acordos de transa\u00e7\u00e3o individual podem ser propostos pelo devedor e tamb\u00e9m pela PGFN. Em comum, nessas modalidades n\u00e3o h\u00e1 limite de prazo para ades\u00e3o, n\u00e3o s\u00e3o previstos percentual m\u00ednimo de entrada e valor m\u00e1ximo da d\u00edvida, embora possa existir valor m\u00ednimo conforme a modalidade.<\/p>\n\n\n\n<p><br>Esse tipo de transa\u00e7\u00e3o individual est\u00e1 dispon\u00edvel para os contribuintes que tenham d\u00edvida total acima de R$ 15 milh\u00f5es com capacidade de pagamento insuficiente e cujas d\u00edvidas foram suspensas por decis\u00e3o judicial com valor superior a R$ 1 milh\u00e3o e devidamente garantidas por penhora, fian\u00e7a ou seguro. Tamb\u00e9m podem ser enquadrados o devedor falido em processo de liquida\u00e7\u00e3o ou recupera\u00e7\u00e3o e entes p\u00fablicos, independentemente do valor da d\u00edvida nos dois casos.<br>No caso de negocia\u00e7\u00e3o individual de contribuintes em recupera\u00e7\u00e3o judicial, o limite para redu\u00e7\u00e3o do valor total \u00e9 de at\u00e9 70%. O parcelamento pode ser de at\u00e9 145 meses para o empres\u00e1rio individual, as microempresas, as empresas de pequeno porte, as Santas Casas de Miseric\u00f3rdia, as institui\u00e7\u00f5es de ensino e as sociedades cooperativas e civis.<\/p>\n\n\n\n<p><br>H\u00e1 ainda a op\u00e7\u00e3o de dividir em presta\u00e7\u00f5es de at\u00e9 132 meses, quando o contribuinte que est\u00e1 em recupera\u00e7\u00e3o judicial desenvolve projetos sociais, e at\u00e9 120 meses para outros casos.<br>Essas foram as transa\u00e7\u00f5es tribut\u00e1rias dispon\u00edveis perante a PGFN, mas \u00e9 importante que o contribuinte fique atento a possibilidade de algum REFIS vantajoso para que se mantenha a regularidade fiscal dos seus neg\u00f3cios.<\/p>\n\n\n\n<p>Quer estar sempre atualizado sobre as novidades no setor tribut\u00e1rio?&nbsp;<\/p>\n\n\n\n<p>Siga a Amaral, Yazbek nas redes sociais:<\/p>\n\n\n\n<p>\ud83d\udc49Facebook:<a href=\"https:\/\/www.youtube.com\/redirect?event=video_description&amp;redir_token=QUFFLUhqbF9kQmhFdmNsbVNjRlRQTkhQSWhVWGdORWZ1QXxBQ3Jtc0tucW0ydjVzSGJpbFRyb1RZY3hKeFBGYzFob1VWYUtzUzF5OGJxZl9TelJUNGI4OG9odEtsTUlSUWRUeHdYR2ZuaFBRNTh4OEdMU1FoLXlOV1d5WVJhNGdZRlNkR2JtdUJCaVlEblphZjVMUjJ6b3B2cw&amp;q=https%3A%2F%2Fwww.facebook.com%2FAYadvogados\"> https:\/\/www.facebook.com\/AYadvogados\u200b<\/a><\/p>\n\n\n\n<p>\ud83d\udc49Instagram:<a href=\"https:\/\/www.youtube.com\/redirect?event=video_description&amp;redir_token=QUFFLUhqa3NISmpmWEd2R1k5VllqTWlGS283d052bTQxZ3xBQ3Jtc0tuV0VvTnlObjJKS0lBNmtILXpOaFMzcU1VSERNMXJWN1hnQWloOGIyVXp5ZzZPYVJqREpvcXJTcVd1RFJ5ZzRBMEVsLURab1U0R1ZWVHplYlN3b2FKcWdnVGVySjAwR2M0TTVnM2xrQkxHNlM5YXEwNA&amp;q=https%3A%2F%2Fwww.instagram.com%2Famaral.yazbek\"> https:\/\/www.instagram.com\/ayadvogados<\/a><\/p>\n\n\n\n<p>\ud83d\udc49Linkedin: <a href=\"http:\/\/www.linkedin.com\/company\/amaral-yazbek-advogados\/\">https:\/\/www.linkedin.com\/company\/amaral-yazbek-advogados\/<\/a><\/p>\n\n\n\n<p>\ud83c\udf81 Queremos te oferecer um presente! Preparamos a 10\u00aa edi\u00e7\u00e3o da revista Governan\u00e7a Jur\u00eddica dando dicas de ordem tribut\u00e1ria para que os empres\u00e1rios, independentemente do porte do seu neg\u00f3cio, possam reduzir os seus custos no per\u00edodo dif\u00edcil em que estamos vivendo.&nbsp;<\/p>\n\n\n\n<p>\ud83d\udc49Baixe gratuitamente: <a href=\"http:\/\/ayadvogados.com.br\/revista\/\">http:\/\/ayadvogados.com.br\/revista\/<\/a><\/p>\n\n\n\n<p>A Amaral, Yazbek, Advogados, OAB-PR 762, atua com excel\u00eancia no setor tribut\u00e1rio h\u00e1 35 anos,auxiliando empresas a transformarem tributa\u00e7\u00e3o em lucro.<\/p>\n\n\n\n<p><\/p>\n","protected":false},"excerpt":{"rendered":"<p>Seja bem-vindo ao 18\u00b0 Epos\u00f3dio do DIN Cast. O podcast que vai ajudar m\u00e9dias e grandes empresas a se tornarem l\u00edderes de mercado atrav\u00e9s da Intelig\u00eancia De Neg\u00f3cios. No epis\u00f3dio de hoje a Dra. Priscila Dias, advogada da Amaral, Yazbek, Advogados vai falar sobre um tema muito importante para empres\u00e1rios que possu\u00e9m d\u00e9bitos tribut\u00e1rios! Escute [&hellip;]<\/p>\n","protected":false},"author":2,"featured_media":1279,"comment_status":"open","ping_status":"open","sticky":false,"template":"","format":"standard","meta":{"footnotes":""},"categories":[5],"tags":[54,10,53],"class_list":["post-1278","post","type-post","status-publish","format-standard","has-post-thumbnail","hentry","category-dincast","tag-debitos-tributarios","tag-dincast","tag-pgfn"],"blocksy_meta":{"styles_descriptor":{"styles":{"desktop":"","tablet":"","mobile":""},"google_fonts":[],"version":6}},"yoast_head":"<!-- This site is optimized with the Yoast SEO plugin v27.5 - https:\/\/yoast.com\/product\/yoast-seo-wordpress\/ -->\n<title>Oportunidade para os empres\u00e1rios quitarem d\u00e9bitos tribut\u00e1rios utilizando as op\u00e7\u00f5es de transa\u00e7\u00e3o tribut\u00e1ria junto a PGFN - Amaral, Yazbek Advogados<\/title>\n<meta name=\"robots\" content=\"index, follow, max-snippet:-1, max-image-preview:large, max-video-preview:-1\" \/>\n<link rel=\"canonical\" href=\"https:\/\/www.ayadvogados.com.br\/?p=1278\" \/>\n<meta property=\"og:locale\" content=\"pt_BR\" \/>\n<meta property=\"og:type\" content=\"article\" \/>\n<meta property=\"og:title\" content=\"Oportunidade para os empres\u00e1rios quitarem d\u00e9bitos tribut\u00e1rios utilizando as op\u00e7\u00f5es de transa\u00e7\u00e3o tribut\u00e1ria junto a PGFN - Amaral, Yazbek Advogados\" \/>\n<meta property=\"og:description\" content=\"Seja bem-vindo ao 18\u00b0 Epos\u00f3dio do DIN Cast. O podcast que vai ajudar m\u00e9dias e grandes empresas a se tornarem l\u00edderes de mercado atrav\u00e9s da Intelig\u00eancia De Neg\u00f3cios. No epis\u00f3dio de hoje a Dra. Priscila Dias, advogada da Amaral, Yazbek, Advogados vai falar sobre um tema muito importante para empres\u00e1rios que possu\u00e9m d\u00e9bitos tribut\u00e1rios! Escute [&hellip;]\" \/>\n<meta property=\"og:url\" content=\"https:\/\/www.ayadvogados.com.br\/?p=1278\" \/>\n<meta property=\"og:site_name\" content=\"Amaral, Yazbek Advogados\" \/>\n<meta property=\"article:publisher\" content=\"https:\/\/www.facebook.com\/AYadvogados\" \/>\n<meta property=\"article:published_time\" content=\"2021-06-30T21:45:41+00:00\" \/>\n<meta property=\"og:image\" content=\"https:\/\/www.ayadvogados.com.br\/wp-content\/uploads\/2021\/06\/CAPA-Plataforma-18-ep.png\" \/>\n\t<meta property=\"og:image:width\" content=\"1080\" \/>\n\t<meta property=\"og:image:height\" content=\"1080\" \/>\n\t<meta property=\"og:image:type\" content=\"image\/png\" \/>\n<meta name=\"author\" content=\"AY Advogados\" \/>\n<meta name=\"twitter:card\" content=\"summary_large_image\" \/>\n<meta name=\"twitter:label1\" content=\"Escrito por\" \/>\n\t<meta name=\"twitter:data1\" content=\"AY Advogados\" \/>\n\t<meta name=\"twitter:label2\" content=\"Est. tempo de leitura\" \/>\n\t<meta name=\"twitter:data2\" content=\"7 minutos\" \/>\n<script type=\"application\/ld+json\" class=\"yoast-schema-graph\">{\"@context\":\"https:\\\/\\\/schema.org\",\"@graph\":[{\"@type\":\"Article\",\"@id\":\"https:\\\/\\\/www.ayadvogados.com.br\\\/?p=1278#article\",\"isPartOf\":{\"@id\":\"https:\\\/\\\/www.ayadvogados.com.br\\\/?p=1278\"},\"author\":{\"name\":\"AY Advogados\",\"@id\":\"https:\\\/\\\/www.34.239.117.254.sslip.io\\\/#\\\/schema\\\/person\\\/4abfbf03ad3e577e691d333af064a912\"},\"headline\":\"Oportunidade para os empres\u00e1rios quitarem d\u00e9bitos tribut\u00e1rios utilizando as op\u00e7\u00f5es de transa\u00e7\u00e3o tribut\u00e1ria junto a PGFN\",\"datePublished\":\"2021-06-30T21:45:41+00:00\",\"mainEntityOfPage\":{\"@id\":\"https:\\\/\\\/www.ayadvogados.com.br\\\/?p=1278\"},\"wordCount\":1453,\"commentCount\":0,\"publisher\":{\"@id\":\"https:\\\/\\\/www.34.239.117.254.sslip.io\\\/#organization\"},\"image\":{\"@id\":\"https:\\\/\\\/www.ayadvogados.com.br\\\/?p=1278#primaryimage\"},\"thumbnailUrl\":\"https:\\\/\\\/www.ayadvogados.com.br\\\/wp-content\\\/uploads\\\/2021\\\/06\\\/CAPA-Plataforma-18-ep.png\",\"keywords\":[\"d\u00e9bitos tribut\u00e1rios\",\"dincast\",\"PGFN\"],\"articleSection\":[\"DINCast\"],\"inLanguage\":\"pt-BR\",\"potentialAction\":[{\"@type\":\"CommentAction\",\"name\":\"Comment\",\"target\":[\"https:\\\/\\\/www.ayadvogados.com.br\\\/?p=1278#respond\"]}]},{\"@type\":\"WebPage\",\"@id\":\"https:\\\/\\\/www.ayadvogados.com.br\\\/?p=1278\",\"url\":\"https:\\\/\\\/www.ayadvogados.com.br\\\/?p=1278\",\"name\":\"Oportunidade para os empres\u00e1rios quitarem d\u00e9bitos tribut\u00e1rios utilizando as op\u00e7\u00f5es de transa\u00e7\u00e3o tribut\u00e1ria junto a PGFN - Amaral, Yazbek Advogados\",\"isPartOf\":{\"@id\":\"https:\\\/\\\/www.34.239.117.254.sslip.io\\\/#website\"},\"primaryImageOfPage\":{\"@id\":\"https:\\\/\\\/www.ayadvogados.com.br\\\/?p=1278#primaryimage\"},\"image\":{\"@id\":\"https:\\\/\\\/www.ayadvogados.com.br\\\/?p=1278#primaryimage\"},\"thumbnailUrl\":\"https:\\\/\\\/www.ayadvogados.com.br\\\/wp-content\\\/uploads\\\/2021\\\/06\\\/CAPA-Plataforma-18-ep.png\",\"datePublished\":\"2021-06-30T21:45:41+00:00\",\"breadcrumb\":{\"@id\":\"https:\\\/\\\/www.ayadvogados.com.br\\\/?p=1278#breadcrumb\"},\"inLanguage\":\"pt-BR\",\"potentialAction\":[{\"@type\":\"ReadAction\",\"target\":[\"https:\\\/\\\/www.ayadvogados.com.br\\\/?p=1278\"]}]},{\"@type\":\"ImageObject\",\"inLanguage\":\"pt-BR\",\"@id\":\"https:\\\/\\\/www.ayadvogados.com.br\\\/?p=1278#primaryimage\",\"url\":\"https:\\\/\\\/www.ayadvogados.com.br\\\/wp-content\\\/uploads\\\/2021\\\/06\\\/CAPA-Plataforma-18-ep.png\",\"contentUrl\":\"https:\\\/\\\/www.ayadvogados.com.br\\\/wp-content\\\/uploads\\\/2021\\\/06\\\/CAPA-Plataforma-18-ep.png\",\"width\":1080,\"height\":1080},{\"@type\":\"BreadcrumbList\",\"@id\":\"https:\\\/\\\/www.ayadvogados.com.br\\\/?p=1278#breadcrumb\",\"itemListElement\":[{\"@type\":\"ListItem\",\"position\":1,\"name\":\"In\u00edcio\",\"item\":\"https:\\\/\\\/www.34.239.117.254.sslip.io\\\/\"},{\"@type\":\"ListItem\",\"position\":2,\"name\":\"Oportunidade para os empres\u00e1rios quitarem d\u00e9bitos tribut\u00e1rios utilizando as op\u00e7\u00f5es de transa\u00e7\u00e3o tribut\u00e1ria junto a PGFN\"}]},{\"@type\":\"WebSite\",\"@id\":\"https:\\\/\\\/www.34.239.117.254.sslip.io\\\/#website\",\"url\":\"https:\\\/\\\/www.34.239.117.254.sslip.io\\\/\",\"name\":\"Amaral, Yazbek Advogados\",\"description\":\"Curitiba \u2022 Bras\u00edlia \u2022 S\u00e3o Paulo\",\"publisher\":{\"@id\":\"https:\\\/\\\/www.34.239.117.254.sslip.io\\\/#organization\"},\"potentialAction\":[{\"@type\":\"SearchAction\",\"target\":{\"@type\":\"EntryPoint\",\"urlTemplate\":\"https:\\\/\\\/www.34.239.117.254.sslip.io\\\/?s={search_term_string}\"},\"query-input\":{\"@type\":\"PropertyValueSpecification\",\"valueRequired\":true,\"valueName\":\"search_term_string\"}}],\"inLanguage\":\"pt-BR\"},{\"@type\":\"Organization\",\"@id\":\"https:\\\/\\\/www.34.239.117.254.sslip.io\\\/#organization\",\"name\":\"Amaral, Yazbek Advogados\",\"url\":\"https:\\\/\\\/www.34.239.117.254.sslip.io\\\/\",\"logo\":{\"@type\":\"ImageObject\",\"inLanguage\":\"pt-BR\",\"@id\":\"https:\\\/\\\/www.34.239.117.254.sslip.io\\\/#\\\/schema\\\/logo\\\/image\\\/\",\"url\":\"http:\\\/\\\/34.239.117.254\\\/wp-content\\\/uploads\\\/2021\\\/03\\\/logo-ay-g.png\",\"contentUrl\":\"http:\\\/\\\/34.239.117.254\\\/wp-content\\\/uploads\\\/2021\\\/03\\\/logo-ay-g.png\",\"width\":434,\"height\":106,\"caption\":\"Amaral, Yazbek Advogados\"},\"image\":{\"@id\":\"https:\\\/\\\/www.34.239.117.254.sslip.io\\\/#\\\/schema\\\/logo\\\/image\\\/\"},\"sameAs\":[\"https:\\\/\\\/www.facebook.com\\\/AYadvogados\",\"https:\\\/\\\/www.instagram.com\\\/ayadvogados\\\/\"]},{\"@type\":\"Person\",\"@id\":\"https:\\\/\\\/www.34.239.117.254.sslip.io\\\/#\\\/schema\\\/person\\\/4abfbf03ad3e577e691d333af064a912\",\"name\":\"AY Advogados\",\"image\":{\"@type\":\"ImageObject\",\"inLanguage\":\"pt-BR\",\"@id\":\"https:\\\/\\\/secure.gravatar.com\\\/avatar\\\/1473912b851241f5503026e6156e144dcd83ff7addb67f65e1ed9ca21ee1d9cf?s=96&d=mm&r=g\",\"url\":\"https:\\\/\\\/secure.gravatar.com\\\/avatar\\\/1473912b851241f5503026e6156e144dcd83ff7addb67f65e1ed9ca21ee1d9cf?s=96&d=mm&r=g\",\"contentUrl\":\"https:\\\/\\\/secure.gravatar.com\\\/avatar\\\/1473912b851241f5503026e6156e144dcd83ff7addb67f65e1ed9ca21ee1d9cf?s=96&d=mm&r=g\",\"caption\":\"AY Advogados\"},\"sameAs\":[\"https:\\\/\\\/ayadvogados.com.br\"],\"url\":\"https:\\\/\\\/www.ayadvogados.com.br\\\/?author=2\"}]}<\/script>\n<!-- \/ Yoast SEO plugin. -->","yoast_head_json":{"title":"Oportunidade para os empres\u00e1rios quitarem d\u00e9bitos tribut\u00e1rios utilizando as op\u00e7\u00f5es de transa\u00e7\u00e3o tribut\u00e1ria junto a PGFN - Amaral, Yazbek Advogados","robots":{"index":"index","follow":"follow","max-snippet":"max-snippet:-1","max-image-preview":"max-image-preview:large","max-video-preview":"max-video-preview:-1"},"canonical":"https:\/\/www.ayadvogados.com.br\/?p=1278","og_locale":"pt_BR","og_type":"article","og_title":"Oportunidade para os empres\u00e1rios quitarem d\u00e9bitos tribut\u00e1rios utilizando as op\u00e7\u00f5es de transa\u00e7\u00e3o tribut\u00e1ria junto a PGFN - Amaral, Yazbek Advogados","og_description":"Seja bem-vindo ao 18\u00b0 Epos\u00f3dio do DIN Cast. O podcast que vai ajudar m\u00e9dias e grandes empresas a se tornarem l\u00edderes de mercado atrav\u00e9s da Intelig\u00eancia De Neg\u00f3cios. No epis\u00f3dio de hoje a Dra. Priscila Dias, advogada da Amaral, Yazbek, Advogados vai falar sobre um tema muito importante para empres\u00e1rios que possu\u00e9m d\u00e9bitos tribut\u00e1rios! Escute [&hellip;]","og_url":"https:\/\/www.ayadvogados.com.br\/?p=1278","og_site_name":"Amaral, Yazbek Advogados","article_publisher":"https:\/\/www.facebook.com\/AYadvogados","article_published_time":"2021-06-30T21:45:41+00:00","og_image":[{"width":1080,"height":1080,"url":"https:\/\/www.ayadvogados.com.br\/wp-content\/uploads\/2021\/06\/CAPA-Plataforma-18-ep.png","type":"image\/png"}],"author":"AY Advogados","twitter_card":"summary_large_image","twitter_misc":{"Escrito por":"AY Advogados","Est. tempo de leitura":"7 minutos"},"schema":{"@context":"https:\/\/schema.org","@graph":[{"@type":"Article","@id":"https:\/\/www.ayadvogados.com.br\/?p=1278#article","isPartOf":{"@id":"https:\/\/www.ayadvogados.com.br\/?p=1278"},"author":{"name":"AY Advogados","@id":"https:\/\/www.34.239.117.254.sslip.io\/#\/schema\/person\/4abfbf03ad3e577e691d333af064a912"},"headline":"Oportunidade para os empres\u00e1rios quitarem d\u00e9bitos tribut\u00e1rios utilizando as op\u00e7\u00f5es de transa\u00e7\u00e3o tribut\u00e1ria junto a PGFN","datePublished":"2021-06-30T21:45:41+00:00","mainEntityOfPage":{"@id":"https:\/\/www.ayadvogados.com.br\/?p=1278"},"wordCount":1453,"commentCount":0,"publisher":{"@id":"https:\/\/www.34.239.117.254.sslip.io\/#organization"},"image":{"@id":"https:\/\/www.ayadvogados.com.br\/?p=1278#primaryimage"},"thumbnailUrl":"https:\/\/www.ayadvogados.com.br\/wp-content\/uploads\/2021\/06\/CAPA-Plataforma-18-ep.png","keywords":["d\u00e9bitos tribut\u00e1rios","dincast","PGFN"],"articleSection":["DINCast"],"inLanguage":"pt-BR","potentialAction":[{"@type":"CommentAction","name":"Comment","target":["https:\/\/www.ayadvogados.com.br\/?p=1278#respond"]}]},{"@type":"WebPage","@id":"https:\/\/www.ayadvogados.com.br\/?p=1278","url":"https:\/\/www.ayadvogados.com.br\/?p=1278","name":"Oportunidade para os empres\u00e1rios quitarem d\u00e9bitos tribut\u00e1rios utilizando as op\u00e7\u00f5es de transa\u00e7\u00e3o tribut\u00e1ria junto a PGFN - Amaral, Yazbek Advogados","isPartOf":{"@id":"https:\/\/www.34.239.117.254.sslip.io\/#website"},"primaryImageOfPage":{"@id":"https:\/\/www.ayadvogados.com.br\/?p=1278#primaryimage"},"image":{"@id":"https:\/\/www.ayadvogados.com.br\/?p=1278#primaryimage"},"thumbnailUrl":"https:\/\/www.ayadvogados.com.br\/wp-content\/uploads\/2021\/06\/CAPA-Plataforma-18-ep.png","datePublished":"2021-06-30T21:45:41+00:00","breadcrumb":{"@id":"https:\/\/www.ayadvogados.com.br\/?p=1278#breadcrumb"},"inLanguage":"pt-BR","potentialAction":[{"@type":"ReadAction","target":["https:\/\/www.ayadvogados.com.br\/?p=1278"]}]},{"@type":"ImageObject","inLanguage":"pt-BR","@id":"https:\/\/www.ayadvogados.com.br\/?p=1278#primaryimage","url":"https:\/\/www.ayadvogados.com.br\/wp-content\/uploads\/2021\/06\/CAPA-Plataforma-18-ep.png","contentUrl":"https:\/\/www.ayadvogados.com.br\/wp-content\/uploads\/2021\/06\/CAPA-Plataforma-18-ep.png","width":1080,"height":1080},{"@type":"BreadcrumbList","@id":"https:\/\/www.ayadvogados.com.br\/?p=1278#breadcrumb","itemListElement":[{"@type":"ListItem","position":1,"name":"In\u00edcio","item":"https:\/\/www.34.239.117.254.sslip.io\/"},{"@type":"ListItem","position":2,"name":"Oportunidade para os empres\u00e1rios quitarem d\u00e9bitos tribut\u00e1rios utilizando as op\u00e7\u00f5es de transa\u00e7\u00e3o tribut\u00e1ria junto a PGFN"}]},{"@type":"WebSite","@id":"https:\/\/www.34.239.117.254.sslip.io\/#website","url":"https:\/\/www.34.239.117.254.sslip.io\/","name":"Amaral, Yazbek Advogados","description":"Curitiba \u2022 Bras\u00edlia \u2022 S\u00e3o Paulo","publisher":{"@id":"https:\/\/www.34.239.117.254.sslip.io\/#organization"},"potentialAction":[{"@type":"SearchAction","target":{"@type":"EntryPoint","urlTemplate":"https:\/\/www.34.239.117.254.sslip.io\/?s={search_term_string}"},"query-input":{"@type":"PropertyValueSpecification","valueRequired":true,"valueName":"search_term_string"}}],"inLanguage":"pt-BR"},{"@type":"Organization","@id":"https:\/\/www.34.239.117.254.sslip.io\/#organization","name":"Amaral, Yazbek Advogados","url":"https:\/\/www.34.239.117.254.sslip.io\/","logo":{"@type":"ImageObject","inLanguage":"pt-BR","@id":"https:\/\/www.34.239.117.254.sslip.io\/#\/schema\/logo\/image\/","url":"http:\/\/34.239.117.254\/wp-content\/uploads\/2021\/03\/logo-ay-g.png","contentUrl":"http:\/\/34.239.117.254\/wp-content\/uploads\/2021\/03\/logo-ay-g.png","width":434,"height":106,"caption":"Amaral, Yazbek Advogados"},"image":{"@id":"https:\/\/www.34.239.117.254.sslip.io\/#\/schema\/logo\/image\/"},"sameAs":["https:\/\/www.facebook.com\/AYadvogados","https:\/\/www.instagram.com\/ayadvogados\/"]},{"@type":"Person","@id":"https:\/\/www.34.239.117.254.sslip.io\/#\/schema\/person\/4abfbf03ad3e577e691d333af064a912","name":"AY Advogados","image":{"@type":"ImageObject","inLanguage":"pt-BR","@id":"https:\/\/secure.gravatar.com\/avatar\/1473912b851241f5503026e6156e144dcd83ff7addb67f65e1ed9ca21ee1d9cf?s=96&d=mm&r=g","url":"https:\/\/secure.gravatar.com\/avatar\/1473912b851241f5503026e6156e144dcd83ff7addb67f65e1ed9ca21ee1d9cf?s=96&d=mm&r=g","contentUrl":"https:\/\/secure.gravatar.com\/avatar\/1473912b851241f5503026e6156e144dcd83ff7addb67f65e1ed9ca21ee1d9cf?s=96&d=mm&r=g","caption":"AY Advogados"},"sameAs":["https:\/\/ayadvogados.com.br"],"url":"https:\/\/www.ayadvogados.com.br\/?author=2"}]}},"rttpg_featured_image_url":{"full":["https:\/\/www.ayadvogados.com.br\/wp-content\/uploads\/2021\/06\/CAPA-Plataforma-18-ep.png",1080,1080,false],"landscape":["https:\/\/www.ayadvogados.com.br\/wp-content\/uploads\/2021\/06\/CAPA-Plataforma-18-ep.png",1080,1080,false],"portraits":["https:\/\/www.ayadvogados.com.br\/wp-content\/uploads\/2021\/06\/CAPA-Plataforma-18-ep.png",1080,1080,false],"thumbnail":["https:\/\/www.ayadvogados.com.br\/wp-content\/uploads\/2021\/06\/CAPA-Plataforma-18-ep-150x150.png",150,150,true],"medium":["https:\/\/www.ayadvogados.com.br\/wp-content\/uploads\/2021\/06\/CAPA-Plataforma-18-ep-300x300.png",300,300,true],"large":["https:\/\/www.ayadvogados.com.br\/wp-content\/uploads\/2021\/06\/CAPA-Plataforma-18-ep-1024x1024.png",1024,1024,true],"1536x1536":["https:\/\/www.ayadvogados.com.br\/wp-content\/uploads\/2021\/06\/CAPA-Plataforma-18-ep.png",1080,1080,false],"2048x2048":["https:\/\/www.ayadvogados.com.br\/wp-content\/uploads\/2021\/06\/CAPA-Plataforma-18-ep.png",1080,1080,false]},"rttpg_author":{"display_name":"AY Advogados","author_link":"https:\/\/www.ayadvogados.com.br\/?author=2"},"rttpg_comment":0,"rttpg_category":"<a href=\"https:\/\/www.ayadvogados.com.br\/?cat=5\" rel=\"category\">DINCast<\/a>","rttpg_excerpt":"Seja bem-vindo ao 18\u00b0 Epos\u00f3dio do DIN Cast. O podcast que vai ajudar m\u00e9dias e grandes empresas a se tornarem l\u00edderes de mercado atrav\u00e9s da Intelig\u00eancia De Neg\u00f3cios. No epis\u00f3dio de hoje a Dra. Priscila Dias, advogada da Amaral, Yazbek, Advogados vai falar sobre um tema muito importante para empres\u00e1rios que possu\u00e9m d\u00e9bitos tribut\u00e1rios! Escute&hellip;","_links":{"self":[{"href":"https:\/\/www.ayadvogados.com.br\/index.php?rest_route=\/wp\/v2\/posts\/1278","targetHints":{"allow":["GET"]}}],"collection":[{"href":"https:\/\/www.ayadvogados.com.br\/index.php?rest_route=\/wp\/v2\/posts"}],"about":[{"href":"https:\/\/www.ayadvogados.com.br\/index.php?rest_route=\/wp\/v2\/types\/post"}],"author":[{"embeddable":true,"href":"https:\/\/www.ayadvogados.com.br\/index.php?rest_route=\/wp\/v2\/users\/2"}],"replies":[{"embeddable":true,"href":"https:\/\/www.ayadvogados.com.br\/index.php?rest_route=%2Fwp%2Fv2%2Fcomments&post=1278"}],"version-history":[{"count":1,"href":"https:\/\/www.ayadvogados.com.br\/index.php?rest_route=\/wp\/v2\/posts\/1278\/revisions"}],"predecessor-version":[{"id":1280,"href":"https:\/\/www.ayadvogados.com.br\/index.php?rest_route=\/wp\/v2\/posts\/1278\/revisions\/1280"}],"wp:featuredmedia":[{"embeddable":true,"href":"https:\/\/www.ayadvogados.com.br\/index.php?rest_route=\/wp\/v2\/media\/1279"}],"wp:attachment":[{"href":"https:\/\/www.ayadvogados.com.br\/index.php?rest_route=%2Fwp%2Fv2%2Fmedia&parent=1278"}],"wp:term":[{"taxonomy":"category","embeddable":true,"href":"https:\/\/www.ayadvogados.com.br\/index.php?rest_route=%2Fwp%2Fv2%2Fcategories&post=1278"},{"taxonomy":"post_tag","embeddable":true,"href":"https:\/\/www.ayadvogados.com.br\/index.php?rest_route=%2Fwp%2Fv2%2Ftags&post=1278"}],"curies":[{"name":"wp","href":"https:\/\/api.w.org\/{rel}","templated":true}]}}