{"id":1270,"date":"2021-06-28T18:13:35","date_gmt":"2021-06-28T21:13:35","guid":{"rendered":"http:\/\/34.239.117.254\/?p=1270"},"modified":"2021-06-28T18:13:35","modified_gmt":"2021-06-28T21:13:35","slug":"justica-anula-cobranca-de-adicional-de-contribuicao-previdenciaria","status":"publish","type":"post","link":"https:\/\/www.ayadvogados.com.br\/?p=1270","title":{"rendered":"Justi\u00e7a anula cobran\u00e7a de adicional de contribui\u00e7\u00e3o previdenci\u00e1ria"},"content":{"rendered":"\n<p>Ind\u00fastrias passaram a recorrer \u00e0 Justi\u00e7a contra cobran\u00e7as milion\u00e1rias referentes ao adicional da contribui\u00e7\u00e3o aos Riscos Ambientais do Trabalho (RAT) &#8211; a nova denomina\u00e7\u00e3o para o Seguro de Acidente do Trabalho (SAT) -, pago quando h\u00e1 empregados com direito \u00e0 aposentadoria especial. Um dos primeiros precedentes favor\u00e1veis foi obtido pela ind\u00fastria de alimentos Parati, adquirida pela americana Kellogg Company.<\/p>\n\n\n\n<p>Os valores exigidos t\u00eam como base uma decis\u00e3o do Supremo Tribunal Federal (STF) de 2015. Os ministros entenderam, em repercuss\u00e3o geral, que se a empresa fornece equipamento de prote\u00e7\u00e3o individual (EPI) eficaz, o empregado n\u00e3o tem direito a se aposentar com menos tempo de servi\u00e7o &#8211; e, nesse caso, o contribuinte est\u00e1 livre do adicional. Abriram uma exce\u00e7\u00e3o, por\u00e9m, aos casos de funcion\u00e1rios expostos a ru\u00eddos (ARE 664335).<\/p>\n\n\n\n<p>Foi com base no julgamento, e nessa exce\u00e7\u00e3o, que a Receita Federal editou uma norma sobre o assunto e passou a cobrar, inclusive de forma retroativa, os contribuintes. Pelo Ato Declarat\u00f3rio Interpretativo n\u00ba 2, de 2019, mesmo que sejam adotadas medidas de prote\u00e7\u00e3o que neutralizem o grau de exposi\u00e7\u00e3o do trabalhador a n\u00edveis legais de toler\u00e2ncia, o adicional do RAT \u00e9 devido nos casos em que n\u00e3o puder ser afastada a concess\u00e3o de aposentadoria especial.<\/p>\n\n\n\n<p>Antes de recorrerem \u00e0 Justi\u00e7a, muitos contribuintes foram ao Conselho Administrativo de Recursos Fiscais (Carf). Por\u00e9m, sem sucesso. Eles alegam que est\u00e3o liberados, por lei, do pagamento quando adotam medidas de prote\u00e7\u00e3o aos funcion\u00e1rios e afirmam que os ministros, no julgamento, n\u00e3o trataram do adicional do RAT.<\/p>\n\n\n\n<p>Levantamento da Procuradoria-Geral da Fazenda Nacional (PGFN) mostra que 95 a\u00e7\u00f5es judiciais discutem a legalidade do adicional. N\u00e3o h\u00e1, por\u00e9m, o detalhamento de quantos foram julgados at\u00e9 agora, nem uma jurisprud\u00eancia definida ou quantos tratam especificamente de ru\u00eddo.<\/p>\n\n\n\n<p>O adicional \u00e9 pago conforme o tempo de aposentadoria a que o funcion\u00e1rio tem direito &#8211; 15, 20 ou 25 anos. Se o empregado precisar trabalhar s\u00f3 15 anos, o empregador ter\u00e1 de recolher o percentual m\u00e1ximo de 12%, o que pode totalizar 15% (1%, 2% ou 3% da al\u00edquota b\u00e1sica do RAT mais 12% do adicional) sobre a remunera\u00e7\u00e3o daquele funcion\u00e1rio. Se forem necess\u00e1rios 20 anos para o empregado requerer a aposentadoria, a al\u00edquota adicional ser\u00e1 de 9%. No caso de 25 anos, o acr\u00e9scimo ser\u00e1 de 6%.<\/p>\n\n\n\n<p>Na Justi\u00e7a, segundo advogados, um dos primeiros julgados favor\u00e1veis pertence \u00e0 Parati, que conseguiu afastar autua\u00e7\u00e3o fiscal que cobrava o adicional referente ao ano de 2016. A decis\u00e3o \u00e9 do juiz federal Marcelo Cardoso da Silva, em regime de mutir\u00e3o na 2\u00aa Vara Federal de Crici\u00fama (SC).<\/p>\n\n\n\n<p>No pedido, a ind\u00fastria alegou que a norma da Receita Federal foi aplicada de forma retroativa, o que n\u00e3o seria poss\u00edvel, tendo em vista os princ\u00edpios da legalidade e da seguran\u00e7a jur\u00eddica. Al\u00e9m disso, acrescentou que a Lei de Introdu\u00e7\u00e3o \u00e0s Normas do Direito Brasileiro (LINDB), a partir de altera\u00e7\u00e3o de 2018, veda que se declarem situa\u00e7\u00f5es inv\u00e1lidas com base em mudan\u00e7a posterior de orienta\u00e7\u00e3o geral.<\/p>\n\n\n\n<p>Os argumentos foram aceitos pelo juiz. Ele afirma, na decis\u00e3o, que a mudan\u00e7a de interpreta\u00e7\u00e3o da Receita veio s\u00f3 com o Ato Declarat\u00f3rio Interpretativo n\u00ba 02, em 2019, que n\u00e3o seria suficiente para modificar a isen\u00e7\u00e3o prevista em 2009, por meio da Instru\u00e7\u00e3o Normativa n\u00ba 971. Para ele, o entendimento do STF somente passou a ser descrito em 2017, em ato normativo do INSS, o Regulamento n\u00ba 600, que aprovou o novo Manual de Aposentadoria Especial.<\/p>\n\n\n\n<p>\u201cLogo, em raz\u00e3o da ofensa aos princ\u00edpios constitucionais da legalidade e da irretroatividade (artigo 150, incisos I e III, al\u00ednea &#8216;a&#8217; da Constitui\u00e7\u00e3o Federal), al\u00e9m da afronta ao artigo 23 da LINDB, deve ser desconstitu\u00eddo o cr\u00e9dito e extinta a execu\u00e7\u00e3o fiscal em apenso\u201d, diz o juiz (embargos \u00e0 execu\u00e7\u00e3o fiscal n\u00ba 5005082-93.2020.4.04.7204).<\/p>\n\n\n\n<p>De acordo com o advogado Frederico Pereira Rodrigues da Cunha, s\u00f3cio da Gaia Silva Gaede Advogados, que representa a Parati no caso, a tese definida pelo STF em 2015 n\u00e3o tratava do adicional do RAT. \u201cA tese foi sobre EPI dar direito \u00e0 aposentadoria especial\u201d, afirma. Mas a partir de 2020, acrescenta, a Receita fez um mutir\u00e3o de autua\u00e7\u00f5es e n\u00e3o limitou o entendimento para o futuro. \u201cAutuou de 2015 para frente.\u201d<\/p>\n\n\n\n<p>A quest\u00e3o constou do Plano Anual de Fiscaliza\u00e7\u00e3o de 2019, da Receita Federal. Pelo documento, havia ind\u00edcios de irregularidades em mais de 370 empresas e os valores estimados em arrecada\u00e7\u00e3o eram de R$ 946,5 milh\u00f5es. Mas o valor dos lan\u00e7amentos efetuados naquele ano correspondeu a R$ 347,4 milh\u00f5es e n\u00e3o foram realizadas novas opera\u00e7\u00f5es de fiscaliza\u00e7\u00e3o sobre o tema em 2020.<\/p>\n\n\n\n<p>\u201cFalta seguran\u00e7a jur\u00eddica para o setor produtivo com rela\u00e7\u00e3o a esse passivo inesperado do RAT\u201d, afirma Fernanda Barbosa, advogada da Confedera\u00e7\u00e3o Nacional da Ind\u00fastria (CNI). Para ela, existe um desalinhamento da decis\u00e3o do STF com a atua\u00e7\u00e3o da Receita a partir do Ato Declarat\u00f3rio n\u00ba 2.<\/p>\n\n\n\n<p>Ela acrescenta que um novo argumento nessa discuss\u00e3o poder\u00e1 surgir no Superior Tribunal de Justi\u00e7a (STJ). Os ministros v\u00e3o decidir em recurso repetitivo alguns crit\u00e9rios para verificar a efic\u00e1cia do EPI (REsp 1828606).<\/p>\n\n\n\n<p>Em nota, a Procuradoria-Geral da Fazenda Nacional informa que acredita na reforma da decis\u00e3o que beneficia a Parati com base em precedentes em sentido contr\u00e1rio na Justi\u00e7a Federal da 4\u00aa Regi\u00e3o. Os casos, por\u00e9m, tratam de exposi\u00e7\u00e3o a benzeno, subst\u00e2ncia considerada cancer\u00edgena (n\u00ba 5000153-08.2020.4.04. 7013 e n\u00ba 5000106-25.2020.4.04. 7113). As a\u00e7\u00f5es tamb\u00e9m discutem a validade do ato da Receita e sua aplica\u00e7\u00e3o a fatos ocorridos em 2016 e consideram que n\u00e3o h\u00e1 ilegalidade.<\/p>\n\n\n\n<p>Fonte: <a href=\"https:\/\/valor.globo.com\/legislacao\/noticia\/2021\/06\/28\/justica-anula-cobranca-de-adicional-de-contribuicao-previdenciaria.ghtml\" data-type=\"URL\" data-id=\"https:\/\/valor.globo.com\/legislacao\/noticia\/2021\/06\/28\/justica-anula-cobranca-de-adicional-de-contribuicao-previdenciaria.ghtml\" target=\"_blank\" rel=\"noreferrer noopener\">Valor<\/a><\/p>\n\n\n\n<p>A Amaral, Yazbek, OAB\/PR 762, possui 35 anos de experi\u00eancia auxiliando empresas a transformar a tributa\u00e7\u00e3o em lucro. Entre em contato com um dos s\u00f3cios para agendamento de reuni\u00e3o em caso de d\u00favidas.<\/p>\n\n\n\n<p>Contato: 41 3595-8300 ou pelo nosso WhatsApp 41 99567-5696<\/p>\n\n\n\n<p>Av. C\u00e2ndido Hartmann, 50 \u2013 Bigorrilho | Curitiba-PR<\/p>\n\n\n\n<p>Assine nossa Newsletter e fique por dentro das novidades!<\/p>\n\n\n\n<p>Quer receber seu exemplar da revista Governan\u00e7a Jur\u00eddica? Clique <a href=\"http:\/\/ayadvogados.com.br\/revista\">aqui<\/a>&nbsp;e pe\u00e7a a sua.<\/p>\n\n\n\n<p>Nos acompanhe nas redes sociais: <a href=\"https:\/\/www.facebook.com\/amaral.yazbek\">Facebook<\/a>&nbsp;| <a href=\"https:\/\/www.instagram.com\/amaral.yazbek\/\">Instagram<\/a> | <a href=\"https:\/\/www.linkedin.com\/company\/3357082\/admin\/\">Linkedin<\/a><\/p>\n\n\n\n<p>J\u00e1 conhece o canal Direito da Intelig\u00eancia de Neg\u00f3cios? <a href=\"https:\/\/www.youtube.com\/channel\/UCu2Mpu32ht8DEN8OFRXYMyw\">Inscreva-se j\u00e1<\/a><\/p>\n","protected":false},"excerpt":{"rendered":"<p>Ind\u00fastrias passaram a recorrer \u00e0 Justi\u00e7a contra cobran\u00e7as milion\u00e1rias referentes ao adicional da contribui\u00e7\u00e3o aos Riscos Ambientais do Trabalho (RAT) &#8211; a nova denomina\u00e7\u00e3o para o Seguro de Acidente do Trabalho (SAT) -, pago quando h\u00e1 empregados com direito \u00e0 aposentadoria especial. Um dos primeiros precedentes favor\u00e1veis foi obtido pela ind\u00fastria de alimentos Parati, adquirida [&hellip;]<\/p>\n","protected":false},"author":2,"featured_media":1271,"comment_status":"open","ping_status":"open","sticky":false,"template":"","format":"standard","meta":{"footnotes":""},"categories":[1],"tags":[],"class_list":["post-1270","post","type-post","status-publish","format-standard","has-post-thumbnail","hentry","category-noticia-do-dia"],"blocksy_meta":{"styles_descriptor":{"styles":{"desktop":"","tablet":"","mobile":""},"google_fonts":[],"version":6}},"yoast_head":"<!-- This site is optimized with the Yoast SEO plugin v27.5 - https:\/\/yoast.com\/product\/yoast-seo-wordpress\/ -->\n<title>Justi\u00e7a anula cobran\u00e7a de adicional de contribui\u00e7\u00e3o previdenci\u00e1ria - Amaral, Yazbek Advogados<\/title>\n<meta name=\"robots\" content=\"index, follow, max-snippet:-1, max-image-preview:large, max-video-preview:-1\" \/>\n<link rel=\"canonical\" href=\"https:\/\/www.ayadvogados.com.br\/?p=1270\" \/>\n<meta property=\"og:locale\" content=\"pt_BR\" \/>\n<meta property=\"og:type\" content=\"article\" \/>\n<meta property=\"og:title\" content=\"Justi\u00e7a anula cobran\u00e7a de adicional de contribui\u00e7\u00e3o previdenci\u00e1ria - Amaral, Yazbek Advogados\" \/>\n<meta property=\"og:description\" content=\"Ind\u00fastrias passaram a recorrer \u00e0 Justi\u00e7a contra cobran\u00e7as milion\u00e1rias referentes ao adicional da contribui\u00e7\u00e3o aos Riscos Ambientais do Trabalho (RAT) &#8211; a nova denomina\u00e7\u00e3o para o Seguro de Acidente do Trabalho (SAT) -, pago quando h\u00e1 empregados com direito \u00e0 aposentadoria especial. Um dos primeiros precedentes favor\u00e1veis foi obtido pela ind\u00fastria de alimentos Parati, adquirida [&hellip;]\" \/>\n<meta property=\"og:url\" content=\"https:\/\/www.ayadvogados.com.br\/?p=1270\" \/>\n<meta property=\"og:site_name\" content=\"Amaral, Yazbek Advogados\" \/>\n<meta property=\"article:publisher\" content=\"https:\/\/www.facebook.com\/AYadvogados\" \/>\n<meta property=\"article:published_time\" content=\"2021-06-28T21:13:35+00:00\" \/>\n<meta property=\"og:image\" content=\"https:\/\/www.ayadvogados.com.br\/wp-content\/uploads\/2021\/06\/Blog-2.png\" \/>\n\t<meta property=\"og:image:width\" content=\"1000\" \/>\n\t<meta property=\"og:image:height\" content=\"620\" \/>\n\t<meta property=\"og:image:type\" content=\"image\/png\" \/>\n<meta name=\"author\" content=\"AY Advogados\" \/>\n<meta name=\"twitter:card\" content=\"summary_large_image\" \/>\n<meta name=\"twitter:label1\" content=\"Escrito por\" \/>\n\t<meta name=\"twitter:data1\" content=\"AY Advogados\" \/>\n\t<meta name=\"twitter:label2\" content=\"Est. tempo de leitura\" \/>\n\t<meta name=\"twitter:data2\" content=\"5 minutos\" \/>\n<script type=\"application\/ld+json\" class=\"yoast-schema-graph\">{\"@context\":\"https:\\\/\\\/schema.org\",\"@graph\":[{\"@type\":\"Article\",\"@id\":\"https:\\\/\\\/www.ayadvogados.com.br\\\/?p=1270#article\",\"isPartOf\":{\"@id\":\"https:\\\/\\\/www.ayadvogados.com.br\\\/?p=1270\"},\"author\":{\"name\":\"AY Advogados\",\"@id\":\"https:\\\/\\\/www.ayadvogados.com.br\\\/#\\\/schema\\\/person\\\/4abfbf03ad3e577e691d333af064a912\"},\"headline\":\"Justi\u00e7a anula cobran\u00e7a de adicional de contribui\u00e7\u00e3o previdenci\u00e1ria\",\"datePublished\":\"2021-06-28T21:13:35+00:00\",\"mainEntityOfPage\":{\"@id\":\"https:\\\/\\\/www.ayadvogados.com.br\\\/?p=1270\"},\"wordCount\":1084,\"commentCount\":0,\"publisher\":{\"@id\":\"https:\\\/\\\/www.ayadvogados.com.br\\\/#organization\"},\"image\":{\"@id\":\"https:\\\/\\\/www.ayadvogados.com.br\\\/?p=1270#primaryimage\"},\"thumbnailUrl\":\"https:\\\/\\\/www.ayadvogados.com.br\\\/wp-content\\\/uploads\\\/2021\\\/06\\\/Blog-2.png\",\"articleSection\":[\"Not\u00edcia do Dia\"],\"inLanguage\":\"pt-BR\",\"potentialAction\":[{\"@type\":\"CommentAction\",\"name\":\"Comment\",\"target\":[\"https:\\\/\\\/www.ayadvogados.com.br\\\/?p=1270#respond\"]}]},{\"@type\":\"WebPage\",\"@id\":\"https:\\\/\\\/www.ayadvogados.com.br\\\/?p=1270\",\"url\":\"https:\\\/\\\/www.ayadvogados.com.br\\\/?p=1270\",\"name\":\"Justi\u00e7a anula cobran\u00e7a de adicional de contribui\u00e7\u00e3o previdenci\u00e1ria - Amaral, Yazbek Advogados\",\"isPartOf\":{\"@id\":\"https:\\\/\\\/www.ayadvogados.com.br\\\/#website\"},\"primaryImageOfPage\":{\"@id\":\"https:\\\/\\\/www.ayadvogados.com.br\\\/?p=1270#primaryimage\"},\"image\":{\"@id\":\"https:\\\/\\\/www.ayadvogados.com.br\\\/?p=1270#primaryimage\"},\"thumbnailUrl\":\"https:\\\/\\\/www.ayadvogados.com.br\\\/wp-content\\\/uploads\\\/2021\\\/06\\\/Blog-2.png\",\"datePublished\":\"2021-06-28T21:13:35+00:00\",\"breadcrumb\":{\"@id\":\"https:\\\/\\\/www.ayadvogados.com.br\\\/?p=1270#breadcrumb\"},\"inLanguage\":\"pt-BR\",\"potentialAction\":[{\"@type\":\"ReadAction\",\"target\":[\"https:\\\/\\\/www.ayadvogados.com.br\\\/?p=1270\"]}]},{\"@type\":\"ImageObject\",\"inLanguage\":\"pt-BR\",\"@id\":\"https:\\\/\\\/www.ayadvogados.com.br\\\/?p=1270#primaryimage\",\"url\":\"https:\\\/\\\/www.ayadvogados.com.br\\\/wp-content\\\/uploads\\\/2021\\\/06\\\/Blog-2.png\",\"contentUrl\":\"https:\\\/\\\/www.ayadvogados.com.br\\\/wp-content\\\/uploads\\\/2021\\\/06\\\/Blog-2.png\",\"width\":1000,\"height\":620},{\"@type\":\"BreadcrumbList\",\"@id\":\"https:\\\/\\\/www.ayadvogados.com.br\\\/?p=1270#breadcrumb\",\"itemListElement\":[{\"@type\":\"ListItem\",\"position\":1,\"name\":\"In\u00edcio\",\"item\":\"https:\\\/\\\/www.ayadvogados.com.br\\\/\"},{\"@type\":\"ListItem\",\"position\":2,\"name\":\"Justi\u00e7a anula cobran\u00e7a de adicional de contribui\u00e7\u00e3o previdenci\u00e1ria\"}]},{\"@type\":\"WebSite\",\"@id\":\"https:\\\/\\\/www.ayadvogados.com.br\\\/#website\",\"url\":\"https:\\\/\\\/www.ayadvogados.com.br\\\/\",\"name\":\"Amaral, Yazbek Advogados\",\"description\":\"Curitiba \u2022 Bras\u00edlia \u2022 S\u00e3o Paulo\",\"publisher\":{\"@id\":\"https:\\\/\\\/www.ayadvogados.com.br\\\/#organization\"},\"potentialAction\":[{\"@type\":\"SearchAction\",\"target\":{\"@type\":\"EntryPoint\",\"urlTemplate\":\"https:\\\/\\\/www.ayadvogados.com.br\\\/?s={search_term_string}\"},\"query-input\":{\"@type\":\"PropertyValueSpecification\",\"valueRequired\":true,\"valueName\":\"search_term_string\"}}],\"inLanguage\":\"pt-BR\"},{\"@type\":\"Organization\",\"@id\":\"https:\\\/\\\/www.ayadvogados.com.br\\\/#organization\",\"name\":\"Amaral, Yazbek Advogados\",\"url\":\"https:\\\/\\\/www.ayadvogados.com.br\\\/\",\"logo\":{\"@type\":\"ImageObject\",\"inLanguage\":\"pt-BR\",\"@id\":\"https:\\\/\\\/www.ayadvogados.com.br\\\/#\\\/schema\\\/logo\\\/image\\\/\",\"url\":\"http:\\\/\\\/34.239.117.254\\\/wp-content\\\/uploads\\\/2021\\\/03\\\/logo-ay-g.png\",\"contentUrl\":\"http:\\\/\\\/34.239.117.254\\\/wp-content\\\/uploads\\\/2021\\\/03\\\/logo-ay-g.png\",\"width\":434,\"height\":106,\"caption\":\"Amaral, Yazbek Advogados\"},\"image\":{\"@id\":\"https:\\\/\\\/www.ayadvogados.com.br\\\/#\\\/schema\\\/logo\\\/image\\\/\"},\"sameAs\":[\"https:\\\/\\\/www.facebook.com\\\/AYadvogados\",\"https:\\\/\\\/www.instagram.com\\\/ayadvogados\\\/\"]},{\"@type\":\"Person\",\"@id\":\"https:\\\/\\\/www.ayadvogados.com.br\\\/#\\\/schema\\\/person\\\/4abfbf03ad3e577e691d333af064a912\",\"name\":\"AY Advogados\",\"image\":{\"@type\":\"ImageObject\",\"inLanguage\":\"pt-BR\",\"@id\":\"https:\\\/\\\/secure.gravatar.com\\\/avatar\\\/1473912b851241f5503026e6156e144dcd83ff7addb67f65e1ed9ca21ee1d9cf?s=96&d=mm&r=g\",\"url\":\"https:\\\/\\\/secure.gravatar.com\\\/avatar\\\/1473912b851241f5503026e6156e144dcd83ff7addb67f65e1ed9ca21ee1d9cf?s=96&d=mm&r=g\",\"contentUrl\":\"https:\\\/\\\/secure.gravatar.com\\\/avatar\\\/1473912b851241f5503026e6156e144dcd83ff7addb67f65e1ed9ca21ee1d9cf?s=96&d=mm&r=g\",\"caption\":\"AY Advogados\"},\"sameAs\":[\"https:\\\/\\\/ayadvogados.com.br\"],\"url\":\"https:\\\/\\\/www.ayadvogados.com.br\\\/?author=2\"}]}<\/script>\n<!-- \/ Yoast SEO plugin. -->","yoast_head_json":{"title":"Justi\u00e7a anula cobran\u00e7a de adicional de contribui\u00e7\u00e3o previdenci\u00e1ria - Amaral, Yazbek Advogados","robots":{"index":"index","follow":"follow","max-snippet":"max-snippet:-1","max-image-preview":"max-image-preview:large","max-video-preview":"max-video-preview:-1"},"canonical":"https:\/\/www.ayadvogados.com.br\/?p=1270","og_locale":"pt_BR","og_type":"article","og_title":"Justi\u00e7a anula cobran\u00e7a de adicional de contribui\u00e7\u00e3o previdenci\u00e1ria - Amaral, Yazbek Advogados","og_description":"Ind\u00fastrias passaram a recorrer \u00e0 Justi\u00e7a contra cobran\u00e7as milion\u00e1rias referentes ao adicional da contribui\u00e7\u00e3o aos Riscos Ambientais do Trabalho (RAT) &#8211; a nova denomina\u00e7\u00e3o para o Seguro de Acidente do Trabalho (SAT) -, pago quando h\u00e1 empregados com direito \u00e0 aposentadoria especial. Um dos primeiros precedentes favor\u00e1veis foi obtido pela ind\u00fastria de alimentos Parati, adquirida [&hellip;]","og_url":"https:\/\/www.ayadvogados.com.br\/?p=1270","og_site_name":"Amaral, Yazbek Advogados","article_publisher":"https:\/\/www.facebook.com\/AYadvogados","article_published_time":"2021-06-28T21:13:35+00:00","og_image":[{"width":1000,"height":620,"url":"https:\/\/www.ayadvogados.com.br\/wp-content\/uploads\/2021\/06\/Blog-2.png","type":"image\/png"}],"author":"AY Advogados","twitter_card":"summary_large_image","twitter_misc":{"Escrito por":"AY Advogados","Est. tempo de leitura":"5 minutos"},"schema":{"@context":"https:\/\/schema.org","@graph":[{"@type":"Article","@id":"https:\/\/www.ayadvogados.com.br\/?p=1270#article","isPartOf":{"@id":"https:\/\/www.ayadvogados.com.br\/?p=1270"},"author":{"name":"AY Advogados","@id":"https:\/\/www.ayadvogados.com.br\/#\/schema\/person\/4abfbf03ad3e577e691d333af064a912"},"headline":"Justi\u00e7a anula cobran\u00e7a de adicional de contribui\u00e7\u00e3o previdenci\u00e1ria","datePublished":"2021-06-28T21:13:35+00:00","mainEntityOfPage":{"@id":"https:\/\/www.ayadvogados.com.br\/?p=1270"},"wordCount":1084,"commentCount":0,"publisher":{"@id":"https:\/\/www.ayadvogados.com.br\/#organization"},"image":{"@id":"https:\/\/www.ayadvogados.com.br\/?p=1270#primaryimage"},"thumbnailUrl":"https:\/\/www.ayadvogados.com.br\/wp-content\/uploads\/2021\/06\/Blog-2.png","articleSection":["Not\u00edcia do Dia"],"inLanguage":"pt-BR","potentialAction":[{"@type":"CommentAction","name":"Comment","target":["https:\/\/www.ayadvogados.com.br\/?p=1270#respond"]}]},{"@type":"WebPage","@id":"https:\/\/www.ayadvogados.com.br\/?p=1270","url":"https:\/\/www.ayadvogados.com.br\/?p=1270","name":"Justi\u00e7a anula cobran\u00e7a de adicional de contribui\u00e7\u00e3o previdenci\u00e1ria - Amaral, Yazbek Advogados","isPartOf":{"@id":"https:\/\/www.ayadvogados.com.br\/#website"},"primaryImageOfPage":{"@id":"https:\/\/www.ayadvogados.com.br\/?p=1270#primaryimage"},"image":{"@id":"https:\/\/www.ayadvogados.com.br\/?p=1270#primaryimage"},"thumbnailUrl":"https:\/\/www.ayadvogados.com.br\/wp-content\/uploads\/2021\/06\/Blog-2.png","datePublished":"2021-06-28T21:13:35+00:00","breadcrumb":{"@id":"https:\/\/www.ayadvogados.com.br\/?p=1270#breadcrumb"},"inLanguage":"pt-BR","potentialAction":[{"@type":"ReadAction","target":["https:\/\/www.ayadvogados.com.br\/?p=1270"]}]},{"@type":"ImageObject","inLanguage":"pt-BR","@id":"https:\/\/www.ayadvogados.com.br\/?p=1270#primaryimage","url":"https:\/\/www.ayadvogados.com.br\/wp-content\/uploads\/2021\/06\/Blog-2.png","contentUrl":"https:\/\/www.ayadvogados.com.br\/wp-content\/uploads\/2021\/06\/Blog-2.png","width":1000,"height":620},{"@type":"BreadcrumbList","@id":"https:\/\/www.ayadvogados.com.br\/?p=1270#breadcrumb","itemListElement":[{"@type":"ListItem","position":1,"name":"In\u00edcio","item":"https:\/\/www.ayadvogados.com.br\/"},{"@type":"ListItem","position":2,"name":"Justi\u00e7a anula cobran\u00e7a de adicional de contribui\u00e7\u00e3o previdenci\u00e1ria"}]},{"@type":"WebSite","@id":"https:\/\/www.ayadvogados.com.br\/#website","url":"https:\/\/www.ayadvogados.com.br\/","name":"Amaral, Yazbek Advogados","description":"Curitiba \u2022 Bras\u00edlia \u2022 S\u00e3o Paulo","publisher":{"@id":"https:\/\/www.ayadvogados.com.br\/#organization"},"potentialAction":[{"@type":"SearchAction","target":{"@type":"EntryPoint","urlTemplate":"https:\/\/www.ayadvogados.com.br\/?s={search_term_string}"},"query-input":{"@type":"PropertyValueSpecification","valueRequired":true,"valueName":"search_term_string"}}],"inLanguage":"pt-BR"},{"@type":"Organization","@id":"https:\/\/www.ayadvogados.com.br\/#organization","name":"Amaral, Yazbek Advogados","url":"https:\/\/www.ayadvogados.com.br\/","logo":{"@type":"ImageObject","inLanguage":"pt-BR","@id":"https:\/\/www.ayadvogados.com.br\/#\/schema\/logo\/image\/","url":"http:\/\/34.239.117.254\/wp-content\/uploads\/2021\/03\/logo-ay-g.png","contentUrl":"http:\/\/34.239.117.254\/wp-content\/uploads\/2021\/03\/logo-ay-g.png","width":434,"height":106,"caption":"Amaral, Yazbek Advogados"},"image":{"@id":"https:\/\/www.ayadvogados.com.br\/#\/schema\/logo\/image\/"},"sameAs":["https:\/\/www.facebook.com\/AYadvogados","https:\/\/www.instagram.com\/ayadvogados\/"]},{"@type":"Person","@id":"https:\/\/www.ayadvogados.com.br\/#\/schema\/person\/4abfbf03ad3e577e691d333af064a912","name":"AY Advogados","image":{"@type":"ImageObject","inLanguage":"pt-BR","@id":"https:\/\/secure.gravatar.com\/avatar\/1473912b851241f5503026e6156e144dcd83ff7addb67f65e1ed9ca21ee1d9cf?s=96&d=mm&r=g","url":"https:\/\/secure.gravatar.com\/avatar\/1473912b851241f5503026e6156e144dcd83ff7addb67f65e1ed9ca21ee1d9cf?s=96&d=mm&r=g","contentUrl":"https:\/\/secure.gravatar.com\/avatar\/1473912b851241f5503026e6156e144dcd83ff7addb67f65e1ed9ca21ee1d9cf?s=96&d=mm&r=g","caption":"AY Advogados"},"sameAs":["https:\/\/ayadvogados.com.br"],"url":"https:\/\/www.ayadvogados.com.br\/?author=2"}]}},"rttpg_featured_image_url":{"full":["https:\/\/www.ayadvogados.com.br\/wp-content\/uploads\/2021\/06\/Blog-2.png",1000,620,false],"landscape":["https:\/\/www.ayadvogados.com.br\/wp-content\/uploads\/2021\/06\/Blog-2.png",1000,620,false],"portraits":["https:\/\/www.ayadvogados.com.br\/wp-content\/uploads\/2021\/06\/Blog-2.png",1000,620,false],"thumbnail":["https:\/\/www.ayadvogados.com.br\/wp-content\/uploads\/2021\/06\/Blog-2-150x150.png",150,150,true],"medium":["https:\/\/www.ayadvogados.com.br\/wp-content\/uploads\/2021\/06\/Blog-2-300x186.png",300,186,true],"large":["https:\/\/www.ayadvogados.com.br\/wp-content\/uploads\/2021\/06\/Blog-2.png",1000,620,false],"1536x1536":["https:\/\/www.ayadvogados.com.br\/wp-content\/uploads\/2021\/06\/Blog-2.png",1000,620,false],"2048x2048":["https:\/\/www.ayadvogados.com.br\/wp-content\/uploads\/2021\/06\/Blog-2.png",1000,620,false]},"rttpg_author":{"display_name":"AY Advogados","author_link":"https:\/\/www.ayadvogados.com.br\/?author=2"},"rttpg_comment":0,"rttpg_category":"<a href=\"https:\/\/www.ayadvogados.com.br\/?cat=1\" rel=\"category\">Not\u00edcia do Dia<\/a>","rttpg_excerpt":"Ind\u00fastrias passaram a recorrer \u00e0 Justi\u00e7a contra cobran\u00e7as milion\u00e1rias referentes ao adicional da contribui\u00e7\u00e3o aos Riscos Ambientais do Trabalho (RAT) &#8211; a nova denomina\u00e7\u00e3o para o Seguro de Acidente do Trabalho (SAT) -, pago quando h\u00e1 empregados com direito \u00e0 aposentadoria especial. Um dos primeiros precedentes favor\u00e1veis foi obtido pela ind\u00fastria de alimentos Parati, adquirida&hellip;","_links":{"self":[{"href":"https:\/\/www.ayadvogados.com.br\/index.php?rest_route=\/wp\/v2\/posts\/1270","targetHints":{"allow":["GET"]}}],"collection":[{"href":"https:\/\/www.ayadvogados.com.br\/index.php?rest_route=\/wp\/v2\/posts"}],"about":[{"href":"https:\/\/www.ayadvogados.com.br\/index.php?rest_route=\/wp\/v2\/types\/post"}],"author":[{"embeddable":true,"href":"https:\/\/www.ayadvogados.com.br\/index.php?rest_route=\/wp\/v2\/users\/2"}],"replies":[{"embeddable":true,"href":"https:\/\/www.ayadvogados.com.br\/index.php?rest_route=%2Fwp%2Fv2%2Fcomments&post=1270"}],"version-history":[{"count":1,"href":"https:\/\/www.ayadvogados.com.br\/index.php?rest_route=\/wp\/v2\/posts\/1270\/revisions"}],"predecessor-version":[{"id":1272,"href":"https:\/\/www.ayadvogados.com.br\/index.php?rest_route=\/wp\/v2\/posts\/1270\/revisions\/1272"}],"wp:featuredmedia":[{"embeddable":true,"href":"https:\/\/www.ayadvogados.com.br\/index.php?rest_route=\/wp\/v2\/media\/1271"}],"wp:attachment":[{"href":"https:\/\/www.ayadvogados.com.br\/index.php?rest_route=%2Fwp%2Fv2%2Fmedia&parent=1270"}],"wp:term":[{"taxonomy":"category","embeddable":true,"href":"https:\/\/www.ayadvogados.com.br\/index.php?rest_route=%2Fwp%2Fv2%2Fcategories&post=1270"},{"taxonomy":"post_tag","embeddable":true,"href":"https:\/\/www.ayadvogados.com.br\/index.php?rest_route=%2Fwp%2Fv2%2Ftags&post=1270"}],"curies":[{"name":"wp","href":"https:\/\/api.w.org\/{rel}","templated":true}]}}