{"id":1261,"date":"2021-06-24T17:07:11","date_gmt":"2021-06-24T20:07:11","guid":{"rendered":"http:\/\/34.239.117.254\/?p=1261"},"modified":"2021-06-24T17:07:11","modified_gmt":"2021-06-24T20:07:11","slug":"stj-mantem-juros-sobre-multa-perdoada-em-refis","status":"publish","type":"post","link":"https:\/\/www.ayadvogados.com.br\/?p=1261","title":{"rendered":"STJ mant\u00e9m juros sobre multa perdoada em Refis"},"content":{"rendered":"\n<p>O Superior Tribunal de Justi\u00e7a (STJ) decidiu sobre a forma como devem ser calculados os descontos que foram oferecidos no Refis da Crise (Lei n\u00ba 11.941, de 2009). Os ministros entenderam que pode haver cobran\u00e7a de juros sobre a multa perdoada no parcelamento.<\/p>\n\n\n\n<p>Esse julgamento ocorreu ontem na 1\u00aa Se\u00e7\u00e3o. Entendimento diferente, impedindo a incid\u00eancia de juros, provocaria redu\u00e7\u00e3o do saldo devedor a ser pago pelo contribuinte. A Procuradoria-Geral da Fazenda Nacional (PGFN) estimava que, neste caso, a Uni\u00e3o teria que devolver 5% de tudo o que foi arrecadado com o parcelamento.<\/p>\n\n\n\n<p>Mais do que isso: poderia influenciar em outros parcelamentos. Edi\u00e7\u00f5es posteriores a de 2009 tem a mesma metodologia de c\u00e1lculo, tamb\u00e9m prevendo a cobran\u00e7a de juros sobre a multa perdoada. Levando em conta somente o Programa Especial de Regulariza\u00e7\u00e3o Tribut\u00e1ria (PERT), o \u00faltimo do tipo Refis, disponibilizado no ano de 2017, o impacto para a Uni\u00e3o seria de mais de R$ 3 bilh\u00f5es.<\/p>\n\n\n\n<p>O placar, no STJ, ficou em seis votos a tr\u00eas para manter a cobran\u00e7a de juros. O julgamento, apesar de n\u00e3o ter car\u00e1ter repetitivo, \u00e9 importante porque a 1\u00aa Se\u00e7\u00e3o uniformiza o entendimento que deve ser adotado pelas turmas que julgam as quest\u00f5es de direito p\u00fablico na Corte. Havia diverg\u00eancia em rela\u00e7\u00e3o a esse tema: a 1\u00aa tem decis\u00e3o contra a cobran\u00e7a dos juros e a 2\u00aa favor\u00e1vel.<\/p>\n\n\n\n<p>O caso julgado pela 1\u00aa Se\u00e7\u00e3o envolve a Bettanin Industrial, empresa do segmento de utens\u00edlios de limpeza dom\u00e9stica com sede no Rio Grande do Sul (EREsp 1404931). Segundo consta no processo, a companhia aderiu ao Refis da Crise e optou por pagar a sua d\u00edvida tribut\u00e1ria \u00e0 vista, o que deu direito \u00e0 redu\u00e7\u00e3o de 100% do valor da multa cobrada sobre os d\u00e9bitos.<\/p>\n\n\n\n<p>Para a empresa, \u00e9 como se a multa tivesse sido extinta e, por esse motivo, n\u00e3o poderia incidir juros desde a data do vencimento do tributo, que no caso em an\u00e1lise, era ano de 2005. J\u00e1 a Fazenda Nacional defendeu que o c\u00e1lculo tem de ser feito sobre o valor total, atualizado na data de ades\u00e3o ao programa, em 2009, ou seja, com os juros incidindo tamb\u00e9m sobre a parcela da multa.<\/p>\n\n\n\n<p>A PGFN afirma, no processo, que o desconto dos juros de mora, pela lei, eram de 45%, e que pelo c\u00e1lculo do contribuinte aumentariam para 68%.<\/p>\n\n\n\n<p>Esse julgamento teve in\u00edcio em agosto do ano passado, foi suspenso por pedido de vista e retomado em mar\u00e7o. Mas um novo pedido de vista, apresentado pelo ministro S\u00e9rgio Kukina, suspendeu novamente as discuss\u00f5es. Ele trouxe o voto ontem, quando esse caso teve, enfim, um desfecho.<\/p>\n\n\n\n<p>Prevaleceu o voto do relator, ministro Herman Benjamin, que deu raz\u00e3o \u00e0 raz\u00e3o \u00e0 PGFN. \u201cA redu\u00e7\u00e3o dos juros de mora em 45% deve ser aplicada ap\u00f3s a consolida\u00e7\u00e3o da d\u00edvida, sobre o montante devido originariamente\u201d, afirmou ao votar, acrescentando \u201cn\u00e3o existi amparo legal para que a exclus\u00e3o de 100% da multa de mora implique exclus\u00e3o dos juros\u201d.<\/p>\n\n\n\n<p>O entendimento do relator Herman Benjamin foi acompanhado pelos ministros Og Fernandes, Mauro Campbell, Assusete Magalh\u00e3es, S\u00e9rgio Kukina e Francisco Falc\u00e3o.<\/p>\n\n\n\n<p>Napole\u00e3o Nunes Maia Filho, que se aposentou no m\u00eas de dezembro, havia depositado voto quando o julgamento teve in\u00edcio, em agosto do ano passado. E, naquela ocasi\u00e3o, abriu diverg\u00eancia ao posicionamento do relator.<\/p>\n\n\n\n<p>Para ele, \u201co acess\u00f3rio acompanha o principal\u201d. \u201cSe a multa n\u00e3o existe mais, n\u00e3o poderia ser invocada para coisa alguma, mormente para a incid\u00eancia de juros de mora\u201d, disse, na ocasi\u00e3o.<\/p>\n\n\n\n<p>A ministra Regina Helena Costa e o ministro Gurgel de Faria acompanharam a diverg\u00eancia, posicionando-se, portanto, de forma favor\u00e1vel ao contribuinte. Para a ministra, os juros, se mantidos sobre as multas perdoadas, incidiriam sobre bases de c\u00e1lculo inexistentes. Seria, na sua vis\u00e3o, \u201cil\u00f3gico e desarrazoado\u201d.<\/p>\n\n\n\n<p>Regina Helena Costa chamou a aten\u00e7\u00e3o, ao votar, que essa mat\u00e9ria motivou diverg\u00eancias dentro da pr\u00f3pria administra\u00e7\u00e3o p\u00fablica. A Receita Federal, ela disse, entendia inicialmente que n\u00e3o poderia incidir juros sobre as multas perdoadas, enquanto que a PGFN posicionava-se de forma contr\u00e1ria.<\/p>\n\n\n\n<p>Essa quest\u00e3o foi pacificada por meio de uma portaria conjunta, prevalecendo o entendimento da Fazenda Nacional &#8211; desfavor\u00e1vel ao contribuinte. \u201c\u00c9 a administra\u00e7\u00e3o que interpreta a lei desse jeito\u201d, ela frisou, acrescentando que, na sua vis\u00e3o, frusta o objetivo da Lei do Refis, \u201cque \u00e9 o de incentivar o pagamento dos d\u00e9bitos em per\u00edodo mais ex\u00edguo\u201d.<\/p>\n\n\n\n<p>Fonte: <a href=\"https:\/\/valor.globo.com\/legislacao\/noticia\/2021\/06\/24\/stj-mantem-juros-sobre-multa-perdoada-em-refis.ghtml\" data-type=\"URL\" data-id=\"https:\/\/valor.globo.com\/legislacao\/noticia\/2021\/06\/24\/stj-mantem-juros-sobre-multa-perdoada-em-refis.ghtml\" target=\"_blank\" rel=\"noreferrer noopener\">Valor<\/a><\/p>\n\n\n\n<p>A Amaral, Yazbek, OAB\/PR 762, possui 35 anos de experi\u00eancia auxiliando empresas a transformar a tributa\u00e7\u00e3o em lucro. Entre em contato com um dos s\u00f3cios para agendamento de reuni\u00e3o em caso de d\u00favidas.<\/p>\n\n\n\n<p>Contato: 41 3595-8300 ou pelo nosso WhatsApp 41 99567-5696<\/p>\n\n\n\n<p>Av. C\u00e2ndido Hartmann, 50 \u2013 Bigorrilho | Curitiba-PR<\/p>\n\n\n\n<p>Assine nossa Newsletter e fique por dentro das novidades!<\/p>\n\n\n\n<p>Quer receber seu exemplar da revista Governan\u00e7a Jur\u00eddica? Clique <a href=\"http:\/\/ayadvogados.com.br\/revista\">aqui<\/a>&nbsp;e pe\u00e7a a sua.<\/p>\n\n\n\n<p>Nos acompanhe nas redes sociais: <a href=\"https:\/\/www.facebook.com\/amaral.yazbek\">Facebook<\/a>&nbsp;| <a href=\"https:\/\/www.instagram.com\/amaral.yazbek\/\">Instagram<\/a> | <a href=\"https:\/\/www.linkedin.com\/company\/3357082\/admin\/\">Linkedin<\/a><\/p>\n\n\n\n<p>J\u00e1 conhece o canal Direito da Intelig\u00eancia de Neg\u00f3cios? <a href=\"https:\/\/www.youtube.com\/channel\/UCu2Mpu32ht8DEN8OFRXYMyw\">Inscreva-se j\u00e1<\/a><\/p>\n","protected":false},"excerpt":{"rendered":"<p>O Superior Tribunal de Justi\u00e7a (STJ) decidiu sobre a forma como devem ser calculados os descontos que foram oferecidos no Refis da Crise (Lei n\u00ba 11.941, de 2009). Os ministros entenderam que pode haver cobran\u00e7a de juros sobre a multa perdoada no parcelamento. Esse julgamento ocorreu ontem na 1\u00aa Se\u00e7\u00e3o. Entendimento diferente, impedindo a incid\u00eancia [&hellip;]<\/p>\n","protected":false},"author":2,"featured_media":1262,"comment_status":"open","ping_status":"open","sticky":false,"template":"","format":"standard","meta":{"footnotes":""},"categories":[1],"tags":[],"class_list":["post-1261","post","type-post","status-publish","format-standard","has-post-thumbnail","hentry","category-noticia-do-dia"],"blocksy_meta":{"styles_descriptor":{"styles":{"desktop":"","tablet":"","mobile":""},"google_fonts":[],"version":6}},"yoast_head":"<!-- This site is optimized with the Yoast SEO plugin v27.5 - https:\/\/yoast.com\/product\/yoast-seo-wordpress\/ -->\n<title>STJ mant\u00e9m juros sobre multa perdoada em Refis - Amaral, Yazbek Advogados<\/title>\n<meta name=\"robots\" content=\"index, follow, max-snippet:-1, max-image-preview:large, max-video-preview:-1\" \/>\n<link rel=\"canonical\" href=\"https:\/\/www.34.239.117.254.sslip.io\/?p=1261\" \/>\n<meta property=\"og:locale\" content=\"pt_BR\" \/>\n<meta property=\"og:type\" content=\"article\" \/>\n<meta property=\"og:title\" content=\"STJ mant\u00e9m juros sobre multa perdoada em Refis - Amaral, Yazbek Advogados\" \/>\n<meta property=\"og:description\" content=\"O Superior Tribunal de Justi\u00e7a (STJ) decidiu sobre a forma como devem ser calculados os descontos que foram oferecidos no Refis da Crise (Lei n\u00ba 11.941, de 2009). Os ministros entenderam que pode haver cobran\u00e7a de juros sobre a multa perdoada no parcelamento. Esse julgamento ocorreu ontem na 1\u00aa Se\u00e7\u00e3o. Entendimento diferente, impedindo a incid\u00eancia [&hellip;]\" \/>\n<meta property=\"og:url\" content=\"https:\/\/www.34.239.117.254.sslip.io\/?p=1261\" \/>\n<meta property=\"og:site_name\" content=\"Amaral, Yazbek Advogados\" \/>\n<meta property=\"article:publisher\" content=\"https:\/\/www.facebook.com\/AYadvogados\" \/>\n<meta property=\"article:published_time\" content=\"2021-06-24T20:07:11+00:00\" \/>\n<meta property=\"og:image\" content=\"https:\/\/www.34.239.117.254.sslip.io\/wp-content\/uploads\/2021\/06\/Blog.png\" \/>\n\t<meta property=\"og:image:width\" content=\"1000\" \/>\n\t<meta property=\"og:image:height\" content=\"620\" \/>\n\t<meta property=\"og:image:type\" content=\"image\/png\" \/>\n<meta name=\"author\" content=\"AY Advogados\" \/>\n<meta name=\"twitter:card\" content=\"summary_large_image\" \/>\n<meta name=\"twitter:label1\" content=\"Escrito por\" \/>\n\t<meta name=\"twitter:data1\" content=\"AY Advogados\" \/>\n\t<meta name=\"twitter:label2\" content=\"Est. tempo de leitura\" \/>\n\t<meta name=\"twitter:data2\" content=\"4 minutos\" \/>\n<script type=\"application\/ld+json\" class=\"yoast-schema-graph\">{\"@context\":\"https:\\\/\\\/schema.org\",\"@graph\":[{\"@type\":\"Article\",\"@id\":\"https:\\\/\\\/www.34.239.117.254.sslip.io\\\/?p=1261#article\",\"isPartOf\":{\"@id\":\"https:\\\/\\\/www.34.239.117.254.sslip.io\\\/?p=1261\"},\"author\":{\"name\":\"AY Advogados\",\"@id\":\"https:\\\/\\\/www.34.239.117.254.sslip.io\\\/#\\\/schema\\\/person\\\/4abfbf03ad3e577e691d333af064a912\"},\"headline\":\"STJ mant\u00e9m juros sobre multa perdoada em Refis\",\"datePublished\":\"2021-06-24T20:07:11+00:00\",\"mainEntityOfPage\":{\"@id\":\"https:\\\/\\\/www.34.239.117.254.sslip.io\\\/?p=1261\"},\"wordCount\":885,\"commentCount\":0,\"publisher\":{\"@id\":\"https:\\\/\\\/www.34.239.117.254.sslip.io\\\/#organization\"},\"image\":{\"@id\":\"https:\\\/\\\/www.34.239.117.254.sslip.io\\\/?p=1261#primaryimage\"},\"thumbnailUrl\":\"https:\\\/\\\/www.ayadvogados.com.br\\\/wp-content\\\/uploads\\\/2021\\\/06\\\/Blog.png\",\"articleSection\":[\"Not\u00edcia do Dia\"],\"inLanguage\":\"pt-BR\",\"potentialAction\":[{\"@type\":\"CommentAction\",\"name\":\"Comment\",\"target\":[\"https:\\\/\\\/www.34.239.117.254.sslip.io\\\/?p=1261#respond\"]}]},{\"@type\":\"WebPage\",\"@id\":\"https:\\\/\\\/www.34.239.117.254.sslip.io\\\/?p=1261\",\"url\":\"https:\\\/\\\/www.34.239.117.254.sslip.io\\\/?p=1261\",\"name\":\"STJ mant\u00e9m juros sobre multa perdoada em Refis - Amaral, Yazbek Advogados\",\"isPartOf\":{\"@id\":\"https:\\\/\\\/www.34.239.117.254.sslip.io\\\/#website\"},\"primaryImageOfPage\":{\"@id\":\"https:\\\/\\\/www.34.239.117.254.sslip.io\\\/?p=1261#primaryimage\"},\"image\":{\"@id\":\"https:\\\/\\\/www.34.239.117.254.sslip.io\\\/?p=1261#primaryimage\"},\"thumbnailUrl\":\"https:\\\/\\\/www.ayadvogados.com.br\\\/wp-content\\\/uploads\\\/2021\\\/06\\\/Blog.png\",\"datePublished\":\"2021-06-24T20:07:11+00:00\",\"breadcrumb\":{\"@id\":\"https:\\\/\\\/www.34.239.117.254.sslip.io\\\/?p=1261#breadcrumb\"},\"inLanguage\":\"pt-BR\",\"potentialAction\":[{\"@type\":\"ReadAction\",\"target\":[\"https:\\\/\\\/www.34.239.117.254.sslip.io\\\/?p=1261\"]}]},{\"@type\":\"ImageObject\",\"inLanguage\":\"pt-BR\",\"@id\":\"https:\\\/\\\/www.34.239.117.254.sslip.io\\\/?p=1261#primaryimage\",\"url\":\"https:\\\/\\\/www.ayadvogados.com.br\\\/wp-content\\\/uploads\\\/2021\\\/06\\\/Blog.png\",\"contentUrl\":\"https:\\\/\\\/www.ayadvogados.com.br\\\/wp-content\\\/uploads\\\/2021\\\/06\\\/Blog.png\",\"width\":1000,\"height\":620},{\"@type\":\"BreadcrumbList\",\"@id\":\"https:\\\/\\\/www.34.239.117.254.sslip.io\\\/?p=1261#breadcrumb\",\"itemListElement\":[{\"@type\":\"ListItem\",\"position\":1,\"name\":\"In\u00edcio\",\"item\":\"https:\\\/\\\/www.34.239.117.254.sslip.io\\\/\"},{\"@type\":\"ListItem\",\"position\":2,\"name\":\"STJ mant\u00e9m juros sobre multa perdoada em Refis\"}]},{\"@type\":\"WebSite\",\"@id\":\"https:\\\/\\\/www.34.239.117.254.sslip.io\\\/#website\",\"url\":\"https:\\\/\\\/www.34.239.117.254.sslip.io\\\/\",\"name\":\"Amaral, Yazbek Advogados\",\"description\":\"Curitiba \u2022 Bras\u00edlia \u2022 S\u00e3o Paulo\",\"publisher\":{\"@id\":\"https:\\\/\\\/www.34.239.117.254.sslip.io\\\/#organization\"},\"potentialAction\":[{\"@type\":\"SearchAction\",\"target\":{\"@type\":\"EntryPoint\",\"urlTemplate\":\"https:\\\/\\\/www.34.239.117.254.sslip.io\\\/?s={search_term_string}\"},\"query-input\":{\"@type\":\"PropertyValueSpecification\",\"valueRequired\":true,\"valueName\":\"search_term_string\"}}],\"inLanguage\":\"pt-BR\"},{\"@type\":\"Organization\",\"@id\":\"https:\\\/\\\/www.34.239.117.254.sslip.io\\\/#organization\",\"name\":\"Amaral, Yazbek Advogados\",\"url\":\"https:\\\/\\\/www.34.239.117.254.sslip.io\\\/\",\"logo\":{\"@type\":\"ImageObject\",\"inLanguage\":\"pt-BR\",\"@id\":\"https:\\\/\\\/www.34.239.117.254.sslip.io\\\/#\\\/schema\\\/logo\\\/image\\\/\",\"url\":\"http:\\\/\\\/34.239.117.254\\\/wp-content\\\/uploads\\\/2021\\\/03\\\/logo-ay-g.png\",\"contentUrl\":\"http:\\\/\\\/34.239.117.254\\\/wp-content\\\/uploads\\\/2021\\\/03\\\/logo-ay-g.png\",\"width\":434,\"height\":106,\"caption\":\"Amaral, Yazbek Advogados\"},\"image\":{\"@id\":\"https:\\\/\\\/www.34.239.117.254.sslip.io\\\/#\\\/schema\\\/logo\\\/image\\\/\"},\"sameAs\":[\"https:\\\/\\\/www.facebook.com\\\/AYadvogados\",\"https:\\\/\\\/www.instagram.com\\\/ayadvogados\\\/\"]},{\"@type\":\"Person\",\"@id\":\"https:\\\/\\\/www.34.239.117.254.sslip.io\\\/#\\\/schema\\\/person\\\/4abfbf03ad3e577e691d333af064a912\",\"name\":\"AY Advogados\",\"image\":{\"@type\":\"ImageObject\",\"inLanguage\":\"pt-BR\",\"@id\":\"https:\\\/\\\/secure.gravatar.com\\\/avatar\\\/1473912b851241f5503026e6156e144dcd83ff7addb67f65e1ed9ca21ee1d9cf?s=96&d=mm&r=g\",\"url\":\"https:\\\/\\\/secure.gravatar.com\\\/avatar\\\/1473912b851241f5503026e6156e144dcd83ff7addb67f65e1ed9ca21ee1d9cf?s=96&d=mm&r=g\",\"contentUrl\":\"https:\\\/\\\/secure.gravatar.com\\\/avatar\\\/1473912b851241f5503026e6156e144dcd83ff7addb67f65e1ed9ca21ee1d9cf?s=96&d=mm&r=g\",\"caption\":\"AY Advogados\"},\"sameAs\":[\"https:\\\/\\\/ayadvogados.com.br\"],\"url\":\"https:\\\/\\\/www.ayadvogados.com.br\\\/?author=2\"}]}<\/script>\n<!-- \/ Yoast SEO plugin. -->","yoast_head_json":{"title":"STJ mant\u00e9m juros sobre multa perdoada em Refis - Amaral, Yazbek Advogados","robots":{"index":"index","follow":"follow","max-snippet":"max-snippet:-1","max-image-preview":"max-image-preview:large","max-video-preview":"max-video-preview:-1"},"canonical":"https:\/\/www.34.239.117.254.sslip.io\/?p=1261","og_locale":"pt_BR","og_type":"article","og_title":"STJ mant\u00e9m juros sobre multa perdoada em Refis - Amaral, Yazbek Advogados","og_description":"O Superior Tribunal de Justi\u00e7a (STJ) decidiu sobre a forma como devem ser calculados os descontos que foram oferecidos no Refis da Crise (Lei n\u00ba 11.941, de 2009). Os ministros entenderam que pode haver cobran\u00e7a de juros sobre a multa perdoada no parcelamento. Esse julgamento ocorreu ontem na 1\u00aa Se\u00e7\u00e3o. Entendimento diferente, impedindo a incid\u00eancia [&hellip;]","og_url":"https:\/\/www.34.239.117.254.sslip.io\/?p=1261","og_site_name":"Amaral, Yazbek Advogados","article_publisher":"https:\/\/www.facebook.com\/AYadvogados","article_published_time":"2021-06-24T20:07:11+00:00","og_image":[{"width":1000,"height":620,"url":"https:\/\/www.34.239.117.254.sslip.io\/wp-content\/uploads\/2021\/06\/Blog.png","type":"image\/png"}],"author":"AY Advogados","twitter_card":"summary_large_image","twitter_misc":{"Escrito por":"AY Advogados","Est. tempo de leitura":"4 minutos"},"schema":{"@context":"https:\/\/schema.org","@graph":[{"@type":"Article","@id":"https:\/\/www.34.239.117.254.sslip.io\/?p=1261#article","isPartOf":{"@id":"https:\/\/www.34.239.117.254.sslip.io\/?p=1261"},"author":{"name":"AY Advogados","@id":"https:\/\/www.34.239.117.254.sslip.io\/#\/schema\/person\/4abfbf03ad3e577e691d333af064a912"},"headline":"STJ mant\u00e9m juros sobre multa perdoada em Refis","datePublished":"2021-06-24T20:07:11+00:00","mainEntityOfPage":{"@id":"https:\/\/www.34.239.117.254.sslip.io\/?p=1261"},"wordCount":885,"commentCount":0,"publisher":{"@id":"https:\/\/www.34.239.117.254.sslip.io\/#organization"},"image":{"@id":"https:\/\/www.34.239.117.254.sslip.io\/?p=1261#primaryimage"},"thumbnailUrl":"https:\/\/www.ayadvogados.com.br\/wp-content\/uploads\/2021\/06\/Blog.png","articleSection":["Not\u00edcia do Dia"],"inLanguage":"pt-BR","potentialAction":[{"@type":"CommentAction","name":"Comment","target":["https:\/\/www.34.239.117.254.sslip.io\/?p=1261#respond"]}]},{"@type":"WebPage","@id":"https:\/\/www.34.239.117.254.sslip.io\/?p=1261","url":"https:\/\/www.34.239.117.254.sslip.io\/?p=1261","name":"STJ mant\u00e9m juros sobre multa perdoada em Refis - Amaral, Yazbek Advogados","isPartOf":{"@id":"https:\/\/www.34.239.117.254.sslip.io\/#website"},"primaryImageOfPage":{"@id":"https:\/\/www.34.239.117.254.sslip.io\/?p=1261#primaryimage"},"image":{"@id":"https:\/\/www.34.239.117.254.sslip.io\/?p=1261#primaryimage"},"thumbnailUrl":"https:\/\/www.ayadvogados.com.br\/wp-content\/uploads\/2021\/06\/Blog.png","datePublished":"2021-06-24T20:07:11+00:00","breadcrumb":{"@id":"https:\/\/www.34.239.117.254.sslip.io\/?p=1261#breadcrumb"},"inLanguage":"pt-BR","potentialAction":[{"@type":"ReadAction","target":["https:\/\/www.34.239.117.254.sslip.io\/?p=1261"]}]},{"@type":"ImageObject","inLanguage":"pt-BR","@id":"https:\/\/www.34.239.117.254.sslip.io\/?p=1261#primaryimage","url":"https:\/\/www.ayadvogados.com.br\/wp-content\/uploads\/2021\/06\/Blog.png","contentUrl":"https:\/\/www.ayadvogados.com.br\/wp-content\/uploads\/2021\/06\/Blog.png","width":1000,"height":620},{"@type":"BreadcrumbList","@id":"https:\/\/www.34.239.117.254.sslip.io\/?p=1261#breadcrumb","itemListElement":[{"@type":"ListItem","position":1,"name":"In\u00edcio","item":"https:\/\/www.34.239.117.254.sslip.io\/"},{"@type":"ListItem","position":2,"name":"STJ mant\u00e9m juros sobre multa perdoada em Refis"}]},{"@type":"WebSite","@id":"https:\/\/www.34.239.117.254.sslip.io\/#website","url":"https:\/\/www.34.239.117.254.sslip.io\/","name":"Amaral, Yazbek Advogados","description":"Curitiba \u2022 Bras\u00edlia \u2022 S\u00e3o Paulo","publisher":{"@id":"https:\/\/www.34.239.117.254.sslip.io\/#organization"},"potentialAction":[{"@type":"SearchAction","target":{"@type":"EntryPoint","urlTemplate":"https:\/\/www.34.239.117.254.sslip.io\/?s={search_term_string}"},"query-input":{"@type":"PropertyValueSpecification","valueRequired":true,"valueName":"search_term_string"}}],"inLanguage":"pt-BR"},{"@type":"Organization","@id":"https:\/\/www.34.239.117.254.sslip.io\/#organization","name":"Amaral, Yazbek Advogados","url":"https:\/\/www.34.239.117.254.sslip.io\/","logo":{"@type":"ImageObject","inLanguage":"pt-BR","@id":"https:\/\/www.34.239.117.254.sslip.io\/#\/schema\/logo\/image\/","url":"http:\/\/34.239.117.254\/wp-content\/uploads\/2021\/03\/logo-ay-g.png","contentUrl":"http:\/\/34.239.117.254\/wp-content\/uploads\/2021\/03\/logo-ay-g.png","width":434,"height":106,"caption":"Amaral, Yazbek Advogados"},"image":{"@id":"https:\/\/www.34.239.117.254.sslip.io\/#\/schema\/logo\/image\/"},"sameAs":["https:\/\/www.facebook.com\/AYadvogados","https:\/\/www.instagram.com\/ayadvogados\/"]},{"@type":"Person","@id":"https:\/\/www.34.239.117.254.sslip.io\/#\/schema\/person\/4abfbf03ad3e577e691d333af064a912","name":"AY Advogados","image":{"@type":"ImageObject","inLanguage":"pt-BR","@id":"https:\/\/secure.gravatar.com\/avatar\/1473912b851241f5503026e6156e144dcd83ff7addb67f65e1ed9ca21ee1d9cf?s=96&d=mm&r=g","url":"https:\/\/secure.gravatar.com\/avatar\/1473912b851241f5503026e6156e144dcd83ff7addb67f65e1ed9ca21ee1d9cf?s=96&d=mm&r=g","contentUrl":"https:\/\/secure.gravatar.com\/avatar\/1473912b851241f5503026e6156e144dcd83ff7addb67f65e1ed9ca21ee1d9cf?s=96&d=mm&r=g","caption":"AY Advogados"},"sameAs":["https:\/\/ayadvogados.com.br"],"url":"https:\/\/www.ayadvogados.com.br\/?author=2"}]}},"rttpg_featured_image_url":{"full":["https:\/\/www.ayadvogados.com.br\/wp-content\/uploads\/2021\/06\/Blog.png",1000,620,false],"landscape":["https:\/\/www.ayadvogados.com.br\/wp-content\/uploads\/2021\/06\/Blog.png",1000,620,false],"portraits":["https:\/\/www.ayadvogados.com.br\/wp-content\/uploads\/2021\/06\/Blog.png",1000,620,false],"thumbnail":["https:\/\/www.ayadvogados.com.br\/wp-content\/uploads\/2021\/06\/Blog-150x150.png",150,150,true],"medium":["https:\/\/www.ayadvogados.com.br\/wp-content\/uploads\/2021\/06\/Blog-300x186.png",300,186,true],"large":["https:\/\/www.ayadvogados.com.br\/wp-content\/uploads\/2021\/06\/Blog.png",1000,620,false],"1536x1536":["https:\/\/www.ayadvogados.com.br\/wp-content\/uploads\/2021\/06\/Blog.png",1000,620,false],"2048x2048":["https:\/\/www.ayadvogados.com.br\/wp-content\/uploads\/2021\/06\/Blog.png",1000,620,false]},"rttpg_author":{"display_name":"AY Advogados","author_link":"https:\/\/www.ayadvogados.com.br\/?author=2"},"rttpg_comment":0,"rttpg_category":"<a href=\"https:\/\/www.ayadvogados.com.br\/?cat=1\" rel=\"category\">Not\u00edcia do Dia<\/a>","rttpg_excerpt":"O Superior Tribunal de Justi\u00e7a (STJ) decidiu sobre a forma como devem ser calculados os descontos que foram oferecidos no Refis da Crise (Lei n\u00ba 11.941, de 2009). Os ministros entenderam que pode haver cobran\u00e7a de juros sobre a multa perdoada no parcelamento. Esse julgamento ocorreu ontem na 1\u00aa Se\u00e7\u00e3o. Entendimento diferente, impedindo a incid\u00eancia&hellip;","_links":{"self":[{"href":"https:\/\/www.ayadvogados.com.br\/index.php?rest_route=\/wp\/v2\/posts\/1261","targetHints":{"allow":["GET"]}}],"collection":[{"href":"https:\/\/www.ayadvogados.com.br\/index.php?rest_route=\/wp\/v2\/posts"}],"about":[{"href":"https:\/\/www.ayadvogados.com.br\/index.php?rest_route=\/wp\/v2\/types\/post"}],"author":[{"embeddable":true,"href":"https:\/\/www.ayadvogados.com.br\/index.php?rest_route=\/wp\/v2\/users\/2"}],"replies":[{"embeddable":true,"href":"https:\/\/www.ayadvogados.com.br\/index.php?rest_route=%2Fwp%2Fv2%2Fcomments&post=1261"}],"version-history":[{"count":1,"href":"https:\/\/www.ayadvogados.com.br\/index.php?rest_route=\/wp\/v2\/posts\/1261\/revisions"}],"predecessor-version":[{"id":1263,"href":"https:\/\/www.ayadvogados.com.br\/index.php?rest_route=\/wp\/v2\/posts\/1261\/revisions\/1263"}],"wp:featuredmedia":[{"embeddable":true,"href":"https:\/\/www.ayadvogados.com.br\/index.php?rest_route=\/wp\/v2\/media\/1262"}],"wp:attachment":[{"href":"https:\/\/www.ayadvogados.com.br\/index.php?rest_route=%2Fwp%2Fv2%2Fmedia&parent=1261"}],"wp:term":[{"taxonomy":"category","embeddable":true,"href":"https:\/\/www.ayadvogados.com.br\/index.php?rest_route=%2Fwp%2Fv2%2Fcategories&post=1261"},{"taxonomy":"post_tag","embeddable":true,"href":"https:\/\/www.ayadvogados.com.br\/index.php?rest_route=%2Fwp%2Fv2%2Ftags&post=1261"}],"curies":[{"name":"wp","href":"https:\/\/api.w.org\/{rel}","templated":true}]}}