{"id":1254,"date":"2021-06-23T18:16:45","date_gmt":"2021-06-23T21:16:45","guid":{"rendered":"http:\/\/34.239.117.254\/?p=1254"},"modified":"2021-06-23T18:16:45","modified_gmt":"2021-06-23T21:16:45","slug":"projeto-de-lei-preve-discussao-sobre-compensacao-em-embargos-a-execucao-fiscal","status":"publish","type":"post","link":"https:\/\/www.ayadvogados.com.br\/?p=1254","title":{"rendered":"Projeto de lei prev\u00ea discuss\u00e3o sobre compensa\u00e7\u00e3o em embargos a execu\u00e7\u00e3o fiscal"},"content":{"rendered":"\n<p>O deputado federal Jer\u00f4nimo Goergen (PP-RS) apresentou na sexta-feira (18\/6) o Projeto de Lei 2.243\/2021, que busca alterar a Lei de Execu\u00e7\u00f5es Fiscais (<a rel=\"noreferrer noopener\" href=\"http:\/\/www.planalto.gov.br\/ccivil_03\/leis\/l6830.htm\" target=\"_blank\">Lei 6.830\/1980<\/a>) para permitir que se discuta compensa\u00e7\u00e3o em embargos \u00e0 execu\u00e7\u00e3o fiscal.<\/p>\n\n\n\n<p>A proposta foi elaborada com base na sugest\u00e3o dada pela Comiss\u00e3o Especial de Assuntos Tribut\u00e1rios da seccional do Rio de Janeiro da OAB, em parceria com a Comiss\u00e3o Especial de Direito Tribut\u00e1rio da seccional ga\u00facha da Ordem.<\/p>\n\n\n\n<p>O PL visa retirar a express\u00e3o &#8220;nem compensa\u00e7\u00e3o&#8221;\u00a0do par\u00e1grafo 3\u00ba do artigo 16 da Lei de Execu\u00e7\u00f5es Fiscais. O dispositivo tem atualmente a seguinte reda\u00e7\u00e3o: &#8220;N\u00e3o ser\u00e1 admitida reconven\u00e7\u00e3o, nem compensa\u00e7\u00e3o, e as exce\u00e7\u00f5es, salvo as de suspei\u00e7\u00e3o, incompet\u00eancia e impedimentos, ser\u00e3o arguidas como mat\u00e9ria preliminar e ser\u00e3o processadas e julgadas com os embargos&#8221;.<\/p>\n\n\n\n<p>Na justificativa ao PL, Jer\u00f4nimo Goergen afirma que a proibi\u00e7\u00e3o de discutir compensa\u00e7\u00e3o em embargos \u00e0 execu\u00e7\u00e3o est\u00e1 ultrapassada.<\/p>\n\n\n\n<p>&#8220;\u00c9 sabido que a execu\u00e7\u00e3o fiscal \u00e9 um importante e efetivo instrumento de cobran\u00e7a da d\u00edvida ativa dos munic\u00edpios, estados, Distrito Federal e Uni\u00e3o. E, justamente por essa raz\u00e3o, deve ser um processo que observe todas as garantias fundamentais dos jurisdicionados que possuem seu patrim\u00f4nio afetado para adimplemento de d\u00edvidas fiscais \u2014 e de outras naturezas \u2014 ali executadas\u201d.<\/p>\n\n\n\n<p>O parlamentar tamb\u00e9m destaca que a crise econ\u00f4mica impulsionada pela epidemia de Covid-19 aumenta a import\u00e2ncia da medida. Afinal, permite que empresas se defendam mais amplamente em execu\u00e7\u00f5es fiscais em um cen\u00e1rio de eleva\u00e7\u00e3o do endividamento.<\/p>\n\n\n\n<p><strong>Proposta da OAB<\/strong><br>Na sugest\u00e3o enviada a Jer\u00f4nimo Goergen, as comiss\u00f5es da OAB sustentam que &#8220;impedir que os contribuintes possam trazer essa mat\u00e9ria para an\u00e1lise em sede de embargos consiste em medida que limita o direito de defesa dos contribuintes nas execu\u00e7\u00f5es fiscais, o que n\u00e3o est\u00e1 de acordo com o direito fundamental&nbsp;\u00e0 tutela jurisdicional adequada e efetiva, prevista na Constitui\u00e7\u00e3o, assim como n\u00e3o observa o devido processo legal&#8221;.<\/p>\n\n\n\n<p>O presidente da Comiss\u00e3o Especial de Assuntos Tribut\u00e1rios da OAB-RJ, <strong>Maur\u00edcio Faro<\/strong>, aponta que a altera\u00e7\u00e3o proposta &#8220;evita interpreta\u00e7\u00f5es restritivas e permite que os contribuintes possam exercer o seu direito de defesa em execu\u00e7\u00f5es fiscais de forma efetiva e ampla&#8221;.<\/p>\n\n\n\n<p>Segundo o presidente da Comiss\u00e3o Especial de Direito Tribut\u00e1rio da OAB-RS, <strong>Rafael Wagner<\/strong>, o PL busca corrigir uma &#8220;grave distor\u00e7\u00e3o do Sistema Tribut\u00e1rio Nacional&#8221;. Na vis\u00e3o dele, a supress\u00e3o da express\u00e3o &#8220;nem compensa\u00e7\u00e3o&#8221;&nbsp;do par\u00e1grafo terceiro do artigo 16 da Lei de Execu\u00e7\u00f5es Fiscais permitir\u00e1 que o contribuinte exer\u00e7a em sua plenitude a ampla defesa dos embargos da execu\u00e7\u00e3o fiscal.<\/p>\n\n\n\n<p>Com a supress\u00e3o do termo, diz Faro, os contribuintes n\u00e3o correr\u00e3o o risco de interpreta\u00e7\u00f5es restritivas sobre as limita\u00e7\u00f5es dos argumentos apresentados nas defesas em execu\u00e7\u00f5es fiscais de casos em que o cr\u00e9dito fazend\u00e1rio que est\u00e1 sendo executado j\u00e1 foi objeto de compensa\u00e7\u00e3o.<\/p>\n\n\n\n<p>&#8220;Nessa ocasi\u00e3o, \u00e9 justo que o contribuinte possa trazer como mat\u00e9ria de defesa a compensa\u00e7\u00e3o&#8221;, diz o PL 2.243\/2021. Isso porque o artigo 156, inciso II, do C\u00f3digo Tribut\u00e1rio Nacional, estabelece que a compensa\u00e7\u00e3o extingue o cr\u00e9dito tribut\u00e1rio exigido pela Fazenda.<\/p>\n\n\n\n<p>Os presidentes das comiss\u00f5es da OAB comemoram o avan\u00e7o da pauta, que foi trabalhada em conjunto. &#8220;O PL \u00e9 consequ\u00eancia direta do trabalho da Ordem em prol dos advogados que militam na \u00e1rea tribut\u00e1ria e, consequentemente, de todos os contribuintes, al\u00e9m da cidadania brasileira&#8221;, ressalta Wagner. <em>Com informa\u00e7\u00f5es da Assessoria de Imprensa da OAB-RJ.<\/em><\/p>\n\n\n\n<p>Fonte: <a href=\"https:\/\/www.conjur.com.br\/2021-jun-21\/pl-permite-discuta-compensacao-embargos-execucao-fiscal\" data-type=\"URL\" data-id=\"https:\/\/www.conjur.com.br\/2021-jun-21\/pl-permite-discuta-compensacao-embargos-execucao-fiscal\" target=\"_blank\" rel=\"noreferrer noopener\">Conjur<\/a><\/p>\n\n\n\n<p>A Amaral, Yazbek, OAB\/PR 762, possui 35 anos de experi\u00eancia auxiliando empresas a transformar a tributa\u00e7\u00e3o em lucro. Entre em contato com um dos s\u00f3cios para agendamento de reuni\u00e3o em caso de d\u00favidas.<\/p>\n\n\n\n<p>Contato: 41 3595-8300 ou pelo nosso WhatsApp 41 99567-5696<\/p>\n\n\n\n<p>Av. C\u00e2ndido Hartmann, 50 \u2013 Bigorrilho | Curitiba-PR<\/p>\n\n\n\n<p>Assine nossa Newsletter e fique por dentro das novidades!<\/p>\n\n\n\n<p>Quer receber seu exemplar da revista Governan\u00e7a Jur\u00eddica? Clique <a href=\"http:\/\/ayadvogados.com.br\/revista\">aqui<\/a>&nbsp;e pe\u00e7a a sua.<\/p>\n\n\n\n<p>Nos acompanhe nas redes sociais: <a href=\"https:\/\/www.facebook.com\/amaral.yazbek\">Facebook<\/a>&nbsp;| <a href=\"https:\/\/www.instagram.com\/amaral.yazbek\/\">Instagram<\/a> | <a href=\"https:\/\/www.linkedin.com\/company\/3357082\/admin\/\">Linkedin<\/a><\/p>\n\n\n\n<p>J\u00e1 conhece o canal Direito da Intelig\u00eancia de Neg\u00f3cios? <a href=\"https:\/\/www.youtube.com\/channel\/UCu2Mpu32ht8DEN8OFRXYMyw\">Inscreva-se j\u00e1<\/a><\/p>\n","protected":false},"excerpt":{"rendered":"<p>O deputado federal Jer\u00f4nimo Goergen (PP-RS) apresentou na sexta-feira (18\/6) o Projeto de Lei 2.243\/2021, que busca alterar a Lei de Execu\u00e7\u00f5es Fiscais (Lei 6.830\/1980) para permitir que se discuta compensa\u00e7\u00e3o em embargos \u00e0 execu\u00e7\u00e3o fiscal. A proposta foi elaborada com base na sugest\u00e3o dada pela Comiss\u00e3o Especial de Assuntos Tribut\u00e1rios da seccional do Rio [&hellip;]<\/p>\n","protected":false},"author":2,"featured_media":1257,"comment_status":"open","ping_status":"open","sticky":false,"template":"","format":"standard","meta":{"footnotes":""},"categories":[1],"tags":[],"class_list":["post-1254","post","type-post","status-publish","format-standard","has-post-thumbnail","hentry","category-noticia-do-dia"],"blocksy_meta":{"styles_descriptor":{"styles":{"desktop":"","tablet":"","mobile":""},"google_fonts":[],"version":6}},"yoast_head":"<!-- This site is optimized with the Yoast SEO plugin v27.5 - https:\/\/yoast.com\/product\/yoast-seo-wordpress\/ -->\n<title>Projeto de lei prev\u00ea discuss\u00e3o sobre compensa\u00e7\u00e3o em embargos a execu\u00e7\u00e3o fiscal - Amaral, Yazbek Advogados<\/title>\n<meta name=\"robots\" content=\"index, follow, max-snippet:-1, max-image-preview:large, max-video-preview:-1\" \/>\n<link rel=\"canonical\" href=\"https:\/\/www.34.239.117.254.sslip.io\/?p=1254\" \/>\n<meta property=\"og:locale\" content=\"pt_BR\" \/>\n<meta property=\"og:type\" content=\"article\" \/>\n<meta property=\"og:title\" content=\"Projeto de lei prev\u00ea discuss\u00e3o sobre compensa\u00e7\u00e3o em embargos a execu\u00e7\u00e3o fiscal - Amaral, Yazbek Advogados\" \/>\n<meta property=\"og:description\" content=\"O deputado federal Jer\u00f4nimo Goergen (PP-RS) apresentou na sexta-feira (18\/6) o Projeto de Lei 2.243\/2021, que busca alterar a Lei de Execu\u00e7\u00f5es Fiscais (Lei 6.830\/1980) para permitir que se discuta compensa\u00e7\u00e3o em embargos \u00e0 execu\u00e7\u00e3o fiscal. A proposta foi elaborada com base na sugest\u00e3o dada pela Comiss\u00e3o Especial de Assuntos Tribut\u00e1rios da seccional do Rio [&hellip;]\" \/>\n<meta property=\"og:url\" content=\"https:\/\/www.34.239.117.254.sslip.io\/?p=1254\" \/>\n<meta property=\"og:site_name\" content=\"Amaral, Yazbek Advogados\" \/>\n<meta property=\"article:publisher\" content=\"https:\/\/www.facebook.com\/AYadvogados\" \/>\n<meta property=\"article:published_time\" content=\"2021-06-23T21:16:45+00:00\" \/>\n<meta property=\"og:image\" content=\"https:\/\/www.34.239.117.254.sslip.io\/wp-content\/uploads\/2021\/06\/23-06-Blog.png\" \/>\n\t<meta property=\"og:image:width\" content=\"1000\" \/>\n\t<meta property=\"og:image:height\" content=\"620\" \/>\n\t<meta property=\"og:image:type\" content=\"image\/png\" \/>\n<meta name=\"author\" content=\"AY Advogados\" \/>\n<meta name=\"twitter:card\" content=\"summary_large_image\" \/>\n<meta name=\"twitter:label1\" content=\"Escrito por\" \/>\n\t<meta name=\"twitter:data1\" content=\"AY Advogados\" \/>\n\t<meta name=\"twitter:label2\" content=\"Est. tempo de leitura\" \/>\n\t<meta name=\"twitter:data2\" content=\"4 minutos\" \/>\n<script type=\"application\/ld+json\" class=\"yoast-schema-graph\">{\"@context\":\"https:\\\/\\\/schema.org\",\"@graph\":[{\"@type\":\"Article\",\"@id\":\"https:\\\/\\\/www.34.239.117.254.sslip.io\\\/?p=1254#article\",\"isPartOf\":{\"@id\":\"https:\\\/\\\/www.34.239.117.254.sslip.io\\\/?p=1254\"},\"author\":{\"name\":\"AY Advogados\",\"@id\":\"https:\\\/\\\/www.34.239.117.254.sslip.io\\\/#\\\/schema\\\/person\\\/4abfbf03ad3e577e691d333af064a912\"},\"headline\":\"Projeto de lei prev\u00ea discuss\u00e3o sobre compensa\u00e7\u00e3o em embargos a execu\u00e7\u00e3o fiscal\",\"datePublished\":\"2021-06-23T21:16:45+00:00\",\"mainEntityOfPage\":{\"@id\":\"https:\\\/\\\/www.34.239.117.254.sslip.io\\\/?p=1254\"},\"wordCount\":743,\"commentCount\":0,\"publisher\":{\"@id\":\"https:\\\/\\\/www.34.239.117.254.sslip.io\\\/#organization\"},\"image\":{\"@id\":\"https:\\\/\\\/www.34.239.117.254.sslip.io\\\/?p=1254#primaryimage\"},\"thumbnailUrl\":\"https:\\\/\\\/www.ayadvogados.com.br\\\/wp-content\\\/uploads\\\/2021\\\/06\\\/23-06-Blog.png\",\"articleSection\":[\"Not\u00edcia do Dia\"],\"inLanguage\":\"pt-BR\",\"potentialAction\":[{\"@type\":\"CommentAction\",\"name\":\"Comment\",\"target\":[\"https:\\\/\\\/www.34.239.117.254.sslip.io\\\/?p=1254#respond\"]}]},{\"@type\":\"WebPage\",\"@id\":\"https:\\\/\\\/www.34.239.117.254.sslip.io\\\/?p=1254\",\"url\":\"https:\\\/\\\/www.34.239.117.254.sslip.io\\\/?p=1254\",\"name\":\"Projeto de lei prev\u00ea discuss\u00e3o sobre compensa\u00e7\u00e3o em embargos a execu\u00e7\u00e3o fiscal - Amaral, Yazbek Advogados\",\"isPartOf\":{\"@id\":\"https:\\\/\\\/www.34.239.117.254.sslip.io\\\/#website\"},\"primaryImageOfPage\":{\"@id\":\"https:\\\/\\\/www.34.239.117.254.sslip.io\\\/?p=1254#primaryimage\"},\"image\":{\"@id\":\"https:\\\/\\\/www.34.239.117.254.sslip.io\\\/?p=1254#primaryimage\"},\"thumbnailUrl\":\"https:\\\/\\\/www.ayadvogados.com.br\\\/wp-content\\\/uploads\\\/2021\\\/06\\\/23-06-Blog.png\",\"datePublished\":\"2021-06-23T21:16:45+00:00\",\"breadcrumb\":{\"@id\":\"https:\\\/\\\/www.34.239.117.254.sslip.io\\\/?p=1254#breadcrumb\"},\"inLanguage\":\"pt-BR\",\"potentialAction\":[{\"@type\":\"ReadAction\",\"target\":[\"https:\\\/\\\/www.34.239.117.254.sslip.io\\\/?p=1254\"]}]},{\"@type\":\"ImageObject\",\"inLanguage\":\"pt-BR\",\"@id\":\"https:\\\/\\\/www.34.239.117.254.sslip.io\\\/?p=1254#primaryimage\",\"url\":\"https:\\\/\\\/www.ayadvogados.com.br\\\/wp-content\\\/uploads\\\/2021\\\/06\\\/23-06-Blog.png\",\"contentUrl\":\"https:\\\/\\\/www.ayadvogados.com.br\\\/wp-content\\\/uploads\\\/2021\\\/06\\\/23-06-Blog.png\",\"width\":1000,\"height\":620},{\"@type\":\"BreadcrumbList\",\"@id\":\"https:\\\/\\\/www.34.239.117.254.sslip.io\\\/?p=1254#breadcrumb\",\"itemListElement\":[{\"@type\":\"ListItem\",\"position\":1,\"name\":\"In\u00edcio\",\"item\":\"https:\\\/\\\/www.34.239.117.254.sslip.io\\\/\"},{\"@type\":\"ListItem\",\"position\":2,\"name\":\"Projeto de lei prev\u00ea discuss\u00e3o sobre compensa\u00e7\u00e3o em embargos a execu\u00e7\u00e3o fiscal\"}]},{\"@type\":\"WebSite\",\"@id\":\"https:\\\/\\\/www.34.239.117.254.sslip.io\\\/#website\",\"url\":\"https:\\\/\\\/www.34.239.117.254.sslip.io\\\/\",\"name\":\"Amaral, Yazbek Advogados\",\"description\":\"Curitiba \u2022 Bras\u00edlia \u2022 S\u00e3o Paulo\",\"publisher\":{\"@id\":\"https:\\\/\\\/www.34.239.117.254.sslip.io\\\/#organization\"},\"potentialAction\":[{\"@type\":\"SearchAction\",\"target\":{\"@type\":\"EntryPoint\",\"urlTemplate\":\"https:\\\/\\\/www.34.239.117.254.sslip.io\\\/?s={search_term_string}\"},\"query-input\":{\"@type\":\"PropertyValueSpecification\",\"valueRequired\":true,\"valueName\":\"search_term_string\"}}],\"inLanguage\":\"pt-BR\"},{\"@type\":\"Organization\",\"@id\":\"https:\\\/\\\/www.34.239.117.254.sslip.io\\\/#organization\",\"name\":\"Amaral, Yazbek Advogados\",\"url\":\"https:\\\/\\\/www.34.239.117.254.sslip.io\\\/\",\"logo\":{\"@type\":\"ImageObject\",\"inLanguage\":\"pt-BR\",\"@id\":\"https:\\\/\\\/www.34.239.117.254.sslip.io\\\/#\\\/schema\\\/logo\\\/image\\\/\",\"url\":\"http:\\\/\\\/34.239.117.254\\\/wp-content\\\/uploads\\\/2021\\\/03\\\/logo-ay-g.png\",\"contentUrl\":\"http:\\\/\\\/34.239.117.254\\\/wp-content\\\/uploads\\\/2021\\\/03\\\/logo-ay-g.png\",\"width\":434,\"height\":106,\"caption\":\"Amaral, Yazbek Advogados\"},\"image\":{\"@id\":\"https:\\\/\\\/www.34.239.117.254.sslip.io\\\/#\\\/schema\\\/logo\\\/image\\\/\"},\"sameAs\":[\"https:\\\/\\\/www.facebook.com\\\/AYadvogados\",\"https:\\\/\\\/www.instagram.com\\\/ayadvogados\\\/\"]},{\"@type\":\"Person\",\"@id\":\"https:\\\/\\\/www.34.239.117.254.sslip.io\\\/#\\\/schema\\\/person\\\/4abfbf03ad3e577e691d333af064a912\",\"name\":\"AY Advogados\",\"image\":{\"@type\":\"ImageObject\",\"inLanguage\":\"pt-BR\",\"@id\":\"https:\\\/\\\/secure.gravatar.com\\\/avatar\\\/1473912b851241f5503026e6156e144dcd83ff7addb67f65e1ed9ca21ee1d9cf?s=96&d=mm&r=g\",\"url\":\"https:\\\/\\\/secure.gravatar.com\\\/avatar\\\/1473912b851241f5503026e6156e144dcd83ff7addb67f65e1ed9ca21ee1d9cf?s=96&d=mm&r=g\",\"contentUrl\":\"https:\\\/\\\/secure.gravatar.com\\\/avatar\\\/1473912b851241f5503026e6156e144dcd83ff7addb67f65e1ed9ca21ee1d9cf?s=96&d=mm&r=g\",\"caption\":\"AY Advogados\"},\"sameAs\":[\"https:\\\/\\\/ayadvogados.com.br\"],\"url\":\"https:\\\/\\\/www.ayadvogados.com.br\\\/?author=2\"}]}<\/script>\n<!-- \/ Yoast SEO plugin. -->","yoast_head_json":{"title":"Projeto de lei prev\u00ea discuss\u00e3o sobre compensa\u00e7\u00e3o em embargos a execu\u00e7\u00e3o fiscal - Amaral, Yazbek Advogados","robots":{"index":"index","follow":"follow","max-snippet":"max-snippet:-1","max-image-preview":"max-image-preview:large","max-video-preview":"max-video-preview:-1"},"canonical":"https:\/\/www.34.239.117.254.sslip.io\/?p=1254","og_locale":"pt_BR","og_type":"article","og_title":"Projeto de lei prev\u00ea discuss\u00e3o sobre compensa\u00e7\u00e3o em embargos a execu\u00e7\u00e3o fiscal - Amaral, Yazbek Advogados","og_description":"O deputado federal Jer\u00f4nimo Goergen (PP-RS) apresentou na sexta-feira (18\/6) o Projeto de Lei 2.243\/2021, que busca alterar a Lei de Execu\u00e7\u00f5es Fiscais (Lei 6.830\/1980) para permitir que se discuta compensa\u00e7\u00e3o em embargos \u00e0 execu\u00e7\u00e3o fiscal. A proposta foi elaborada com base na sugest\u00e3o dada pela Comiss\u00e3o Especial de Assuntos Tribut\u00e1rios da seccional do Rio [&hellip;]","og_url":"https:\/\/www.34.239.117.254.sslip.io\/?p=1254","og_site_name":"Amaral, Yazbek Advogados","article_publisher":"https:\/\/www.facebook.com\/AYadvogados","article_published_time":"2021-06-23T21:16:45+00:00","og_image":[{"width":1000,"height":620,"url":"https:\/\/www.34.239.117.254.sslip.io\/wp-content\/uploads\/2021\/06\/23-06-Blog.png","type":"image\/png"}],"author":"AY Advogados","twitter_card":"summary_large_image","twitter_misc":{"Escrito por":"AY Advogados","Est. tempo de leitura":"4 minutos"},"schema":{"@context":"https:\/\/schema.org","@graph":[{"@type":"Article","@id":"https:\/\/www.34.239.117.254.sslip.io\/?p=1254#article","isPartOf":{"@id":"https:\/\/www.34.239.117.254.sslip.io\/?p=1254"},"author":{"name":"AY Advogados","@id":"https:\/\/www.34.239.117.254.sslip.io\/#\/schema\/person\/4abfbf03ad3e577e691d333af064a912"},"headline":"Projeto de lei prev\u00ea discuss\u00e3o sobre compensa\u00e7\u00e3o em embargos a execu\u00e7\u00e3o fiscal","datePublished":"2021-06-23T21:16:45+00:00","mainEntityOfPage":{"@id":"https:\/\/www.34.239.117.254.sslip.io\/?p=1254"},"wordCount":743,"commentCount":0,"publisher":{"@id":"https:\/\/www.34.239.117.254.sslip.io\/#organization"},"image":{"@id":"https:\/\/www.34.239.117.254.sslip.io\/?p=1254#primaryimage"},"thumbnailUrl":"https:\/\/www.ayadvogados.com.br\/wp-content\/uploads\/2021\/06\/23-06-Blog.png","articleSection":["Not\u00edcia do Dia"],"inLanguage":"pt-BR","potentialAction":[{"@type":"CommentAction","name":"Comment","target":["https:\/\/www.34.239.117.254.sslip.io\/?p=1254#respond"]}]},{"@type":"WebPage","@id":"https:\/\/www.34.239.117.254.sslip.io\/?p=1254","url":"https:\/\/www.34.239.117.254.sslip.io\/?p=1254","name":"Projeto de lei prev\u00ea discuss\u00e3o sobre compensa\u00e7\u00e3o em embargos a execu\u00e7\u00e3o fiscal - Amaral, Yazbek Advogados","isPartOf":{"@id":"https:\/\/www.34.239.117.254.sslip.io\/#website"},"primaryImageOfPage":{"@id":"https:\/\/www.34.239.117.254.sslip.io\/?p=1254#primaryimage"},"image":{"@id":"https:\/\/www.34.239.117.254.sslip.io\/?p=1254#primaryimage"},"thumbnailUrl":"https:\/\/www.ayadvogados.com.br\/wp-content\/uploads\/2021\/06\/23-06-Blog.png","datePublished":"2021-06-23T21:16:45+00:00","breadcrumb":{"@id":"https:\/\/www.34.239.117.254.sslip.io\/?p=1254#breadcrumb"},"inLanguage":"pt-BR","potentialAction":[{"@type":"ReadAction","target":["https:\/\/www.34.239.117.254.sslip.io\/?p=1254"]}]},{"@type":"ImageObject","inLanguage":"pt-BR","@id":"https:\/\/www.34.239.117.254.sslip.io\/?p=1254#primaryimage","url":"https:\/\/www.ayadvogados.com.br\/wp-content\/uploads\/2021\/06\/23-06-Blog.png","contentUrl":"https:\/\/www.ayadvogados.com.br\/wp-content\/uploads\/2021\/06\/23-06-Blog.png","width":1000,"height":620},{"@type":"BreadcrumbList","@id":"https:\/\/www.34.239.117.254.sslip.io\/?p=1254#breadcrumb","itemListElement":[{"@type":"ListItem","position":1,"name":"In\u00edcio","item":"https:\/\/www.34.239.117.254.sslip.io\/"},{"@type":"ListItem","position":2,"name":"Projeto de lei prev\u00ea discuss\u00e3o sobre compensa\u00e7\u00e3o em embargos a execu\u00e7\u00e3o fiscal"}]},{"@type":"WebSite","@id":"https:\/\/www.34.239.117.254.sslip.io\/#website","url":"https:\/\/www.34.239.117.254.sslip.io\/","name":"Amaral, Yazbek Advogados","description":"Curitiba \u2022 Bras\u00edlia \u2022 S\u00e3o Paulo","publisher":{"@id":"https:\/\/www.34.239.117.254.sslip.io\/#organization"},"potentialAction":[{"@type":"SearchAction","target":{"@type":"EntryPoint","urlTemplate":"https:\/\/www.34.239.117.254.sslip.io\/?s={search_term_string}"},"query-input":{"@type":"PropertyValueSpecification","valueRequired":true,"valueName":"search_term_string"}}],"inLanguage":"pt-BR"},{"@type":"Organization","@id":"https:\/\/www.34.239.117.254.sslip.io\/#organization","name":"Amaral, Yazbek Advogados","url":"https:\/\/www.34.239.117.254.sslip.io\/","logo":{"@type":"ImageObject","inLanguage":"pt-BR","@id":"https:\/\/www.34.239.117.254.sslip.io\/#\/schema\/logo\/image\/","url":"http:\/\/34.239.117.254\/wp-content\/uploads\/2021\/03\/logo-ay-g.png","contentUrl":"http:\/\/34.239.117.254\/wp-content\/uploads\/2021\/03\/logo-ay-g.png","width":434,"height":106,"caption":"Amaral, Yazbek Advogados"},"image":{"@id":"https:\/\/www.34.239.117.254.sslip.io\/#\/schema\/logo\/image\/"},"sameAs":["https:\/\/www.facebook.com\/AYadvogados","https:\/\/www.instagram.com\/ayadvogados\/"]},{"@type":"Person","@id":"https:\/\/www.34.239.117.254.sslip.io\/#\/schema\/person\/4abfbf03ad3e577e691d333af064a912","name":"AY Advogados","image":{"@type":"ImageObject","inLanguage":"pt-BR","@id":"https:\/\/secure.gravatar.com\/avatar\/1473912b851241f5503026e6156e144dcd83ff7addb67f65e1ed9ca21ee1d9cf?s=96&d=mm&r=g","url":"https:\/\/secure.gravatar.com\/avatar\/1473912b851241f5503026e6156e144dcd83ff7addb67f65e1ed9ca21ee1d9cf?s=96&d=mm&r=g","contentUrl":"https:\/\/secure.gravatar.com\/avatar\/1473912b851241f5503026e6156e144dcd83ff7addb67f65e1ed9ca21ee1d9cf?s=96&d=mm&r=g","caption":"AY Advogados"},"sameAs":["https:\/\/ayadvogados.com.br"],"url":"https:\/\/www.ayadvogados.com.br\/?author=2"}]}},"rttpg_featured_image_url":{"full":["https:\/\/www.ayadvogados.com.br\/wp-content\/uploads\/2021\/06\/23-06-Blog.png",1000,620,false],"landscape":["https:\/\/www.ayadvogados.com.br\/wp-content\/uploads\/2021\/06\/23-06-Blog.png",1000,620,false],"portraits":["https:\/\/www.ayadvogados.com.br\/wp-content\/uploads\/2021\/06\/23-06-Blog.png",1000,620,false],"thumbnail":["https:\/\/www.ayadvogados.com.br\/wp-content\/uploads\/2021\/06\/23-06-Blog-150x150.png",150,150,true],"medium":["https:\/\/www.ayadvogados.com.br\/wp-content\/uploads\/2021\/06\/23-06-Blog-300x186.png",300,186,true],"large":["https:\/\/www.ayadvogados.com.br\/wp-content\/uploads\/2021\/06\/23-06-Blog.png",1000,620,false],"1536x1536":["https:\/\/www.ayadvogados.com.br\/wp-content\/uploads\/2021\/06\/23-06-Blog.png",1000,620,false],"2048x2048":["https:\/\/www.ayadvogados.com.br\/wp-content\/uploads\/2021\/06\/23-06-Blog.png",1000,620,false]},"rttpg_author":{"display_name":"AY Advogados","author_link":"https:\/\/www.ayadvogados.com.br\/?author=2"},"rttpg_comment":0,"rttpg_category":"<a href=\"https:\/\/www.ayadvogados.com.br\/?cat=1\" rel=\"category\">Not\u00edcia do Dia<\/a>","rttpg_excerpt":"O deputado federal Jer\u00f4nimo Goergen (PP-RS) apresentou na sexta-feira (18\/6) o Projeto de Lei 2.243\/2021, que busca alterar a Lei de Execu\u00e7\u00f5es Fiscais (Lei 6.830\/1980) para permitir que se discuta compensa\u00e7\u00e3o em embargos \u00e0 execu\u00e7\u00e3o fiscal. A proposta foi elaborada com base na sugest\u00e3o dada pela Comiss\u00e3o Especial de Assuntos Tribut\u00e1rios da seccional do Rio&hellip;","_links":{"self":[{"href":"https:\/\/www.ayadvogados.com.br\/index.php?rest_route=\/wp\/v2\/posts\/1254","targetHints":{"allow":["GET"]}}],"collection":[{"href":"https:\/\/www.ayadvogados.com.br\/index.php?rest_route=\/wp\/v2\/posts"}],"about":[{"href":"https:\/\/www.ayadvogados.com.br\/index.php?rest_route=\/wp\/v2\/types\/post"}],"author":[{"embeddable":true,"href":"https:\/\/www.ayadvogados.com.br\/index.php?rest_route=\/wp\/v2\/users\/2"}],"replies":[{"embeddable":true,"href":"https:\/\/www.ayadvogados.com.br\/index.php?rest_route=%2Fwp%2Fv2%2Fcomments&post=1254"}],"version-history":[{"count":1,"href":"https:\/\/www.ayadvogados.com.br\/index.php?rest_route=\/wp\/v2\/posts\/1254\/revisions"}],"predecessor-version":[{"id":1259,"href":"https:\/\/www.ayadvogados.com.br\/index.php?rest_route=\/wp\/v2\/posts\/1254\/revisions\/1259"}],"wp:featuredmedia":[{"embeddable":true,"href":"https:\/\/www.ayadvogados.com.br\/index.php?rest_route=\/wp\/v2\/media\/1257"}],"wp:attachment":[{"href":"https:\/\/www.ayadvogados.com.br\/index.php?rest_route=%2Fwp%2Fv2%2Fmedia&parent=1254"}],"wp:term":[{"taxonomy":"category","embeddable":true,"href":"https:\/\/www.ayadvogados.com.br\/index.php?rest_route=%2Fwp%2Fv2%2Fcategories&post=1254"},{"taxonomy":"post_tag","embeddable":true,"href":"https:\/\/www.ayadvogados.com.br\/index.php?rest_route=%2Fwp%2Fv2%2Ftags&post=1254"}],"curies":[{"name":"wp","href":"https:\/\/api.w.org\/{rel}","templated":true}]}}