{"id":1250,"date":"2021-06-22T17:01:05","date_gmt":"2021-06-22T20:01:05","guid":{"rendered":"http:\/\/34.239.117.254\/?p=1250"},"modified":"2021-06-22T17:01:05","modified_gmt":"2021-06-22T20:01:05","slug":"supremo-analisara-taxacao-de-remessas-ao-exterior","status":"publish","type":"post","link":"https:\/\/www.ayadvogados.com.br\/?p=1250","title":{"rendered":"Supremo analisar\u00e1 taxa\u00e7\u00e3o de remessas ao exterior"},"content":{"rendered":"\n<p>O presidente do Supremo Tribunal Federal (STF), ministro Luiz Fux, tirou da pauta uma quest\u00e3o com impacto bilion\u00e1rio para os cofres da Uni\u00e3o: a taxa\u00e7\u00e3o de remessas de pagamentos ao exterior. A discuss\u00e3o &#8211; que afeta empresas de diversos setores &#8211; estava marcada para o dia 30. N\u00e3o h\u00e1 nova data definida para a an\u00e1lise do caso.<\/p>\n\n\n\n<p>Os ministros v\u00e3o definir se a Uni\u00e3o pode exigir a Contribui\u00e7\u00e3o de Interven\u00e7\u00e3o no Dom\u00ednio Econ\u00f4mico (Cide) sobre remunera\u00e7\u00f5es por v\u00e1rios tipos de contrato, como royalties, licen\u00e7as de uso, transfer\u00eancia de tecnologia e servi\u00e7os t\u00e9cnicos e administrativos. Trata-se de uma quest\u00e3o-chave para o financiamento de pesquisa e inova\u00e7\u00e3o no Brasil.<\/p>\n\n\n\n<p>O impacto da discuss\u00e3o \u00e9 de R$ 17,9 bilh\u00f5es, segundo a Fazenda Nacional. S\u00f3 a Petrobras recolheu R$ 786 milh\u00f5es em Cide, entre janeiro 2013 e mar\u00e7o de 2018. O montante \u00e9 referente a 2.100 contratos no valor global de U$ 605 milh\u00f5es, segundo informa\u00e7\u00f5es do processo. O governo taxa em 10% os valores remetidos para fora do pa\u00eds.<\/p>\n\n\n\n<p>Sobre as remessas ao exterior as empresas tamb\u00e9m pagam 15% de Imposto de Renda Retido na Fonte. Se forem para remunera\u00e7\u00e3o de servi\u00e7os, recolhem ainda o ISS. A Uni\u00e3o e os contribuintes aguardam h\u00e1 seis anos pelo julgamento do STF.<\/p>\n\n\n\n<p>A cobran\u00e7a foi institu\u00edda h\u00e1 21 anos, por iniciativa do governo Fernando Henrique. Est\u00e1 prevista na Lei n\u00ba 10.168, de 2000. Com o diagn\u00f3stico, \u00e0 \u00e9poca, de baixo investimento pelo Brasil em tecnologia e inova\u00e7\u00e3o, o objetivo era financiar projetos cooperativos entre universidades e empresas para o desenvolvimento cient\u00edfico e tecnol\u00f3gico.<\/p>\n\n\n\n<p>Um dos argumentos dos contribuintes para derrubar a exig\u00eancia, por\u00e9m, \u00e9 que os recursos arrecadados n\u00e3o t\u00eam sido destinados para a finalidade original. Metade da arrecada\u00e7\u00e3o com a Cide deve ir para o Fundo CT-Verde Amarelo, que financia projetos firmados entre universidades e setor produtivo.<\/p>\n\n\n\n<p>\u201cAssim como ocorreu com a CPMF, passado o tempo o governo acabou incorporando os recursos sem muito dever de contrapresta\u00e7\u00e3o \u00e0 sociedade, e os recursos n\u00e3o est\u00e3o sendo enviados ao seu destino\u201d, diz o advogado Jo\u00e3o Jordan, s\u00f3cio do Jordan Cury Advogados.<\/p>\n\n\n\n<p>O governo federal, inclusive, tem sido cobrado pelo contingenciamento de recursos na \u00e1rea. Foram bloqueados, neste ano, 91% do or\u00e7amento do Fundo Nacional de Desenvolvimento Cient\u00edfico e Tecnol\u00f3gico (FNDCT), criado em 1969, e tamb\u00e9m abastecido pela arrecada\u00e7\u00e3o com a Cide.<\/p>\n\n\n\n<p>Em abril, mais de 70 entidades cient\u00edficas pediram ao ministro da Economia, Paulo Guedes, a libera\u00e7\u00e3o de R$ 5,1 bilh\u00f5es do fundo. \u201cEles s\u00e3o fundamentais para a CT&amp;I [ci\u00eancia tecnologia e inova\u00e7\u00e3o], em particular neste momento de pandemia, e para a recupera\u00e7\u00e3o econ\u00f4mica do pa\u00eds\u201d, afirmaram em carta aberta.<\/p>\n\n\n\n<p>\u00c9 por meio de um recurso da Scania que o STF vai analisar se a Uni\u00e3o pode cobrar a Cide (RE 928943). A fabricante de \u00f4nibus, caminh\u00f5es e motores entrou na Justi\u00e7a em 2002 para deixar de recolher a Cide-Tecnologia sobre pagamentos efetuados para a matriz, na Su\u00e9cia. Perdeu na Justi\u00e7a Federal de S\u00e3o Paulo e recorreu ao Supremo com o argumento de que a exig\u00eancia da contribui\u00e7\u00e3o \u00e9 inconstitucional.<\/p>\n\n\n\n<p>O STF tem decis\u00f5es que autorizam a cobran\u00e7a. Mas o que as empresas defendem \u00e9 que a Cide &#8211; se for declarada constitucional &#8211; recaia apenas sobre contratos em que h\u00e1 efetivo fornecimento de tecnologia, com a transfer\u00eancia do conhecimento tecnol\u00f3gico. Atualmente, a Receita Federal tributa tamb\u00e9m remessas para pagamentos relativos a diversos tipos de contrato, como de advocacia e assist\u00eancia administrativa para registro de patente no exterior, al\u00e9m de contrata\u00e7\u00e3o de mec\u00e2nico para reparo de aeronave.<\/p>\n\n\n\n<p>\u201cAdmitir a exig\u00eancia da Cide sobre qualquer remessa implica desvio de finalidade da contribui\u00e7\u00e3o, que foi institu\u00edda para fomentar a tecnologia nacional\u201d, diz Daniel Szelbracikowski, da Advocacia Dias de Souza, banca que representa a Scania. \u201cQuando imp\u00f5e essa tributa\u00e7\u00e3o o Estado desestimula a aquisi\u00e7\u00e3o de tecnologia estrangeira.\u201d<\/p>\n\n\n\n<p>Empresas de tecnologia da informa\u00e7\u00e3o e comunica\u00e7\u00e3o, como Microsoft, Uber e Amazon, refor\u00e7am o coro da restri\u00e7\u00e3o da Cide para contratos com transfer\u00eancia de tecnologia, mas especificamente no caso de software. \u00c9 dever do Instituto Nacional de Propriedade Industrial (INPI) registrar esses contratos.<\/p>\n\n\n\n<p>\u201cA Cide foi criada para desenvolver tecnologia no Brasil. Quem deve pagar \u00e9 quem efetivamente importa tecnologia. N\u00e3o \u00e9 o que acontece com licen\u00e7as de uso e distribui\u00e7\u00e3o de software e presta\u00e7\u00e3o de servi\u00e7o administrativo, por exemplo\u201d, afirma T\u00e9rcio Chiavassa, s\u00f3cio do Pinheiro Neto Advogados, que representa, no STF, a Associa\u00e7\u00e3o Brasileira das Empresas de Tecnologia da Informa\u00e7\u00e3o e Comunica\u00e7\u00e3o (Brasscom), com 60 associados.<\/p>\n\n\n\n<p>Fonte: <a href=\"https:\/\/valor.globo.com\/legislacao\/noticia\/2021\/06\/22\/supremo-analisara-taxacao-de-remessas-ao-exterior.ghtml\" data-type=\"URL\" data-id=\"https:\/\/valor.globo.com\/legislacao\/noticia\/2021\/06\/22\/supremo-analisara-taxacao-de-remessas-ao-exterior.ghtml\" target=\"_blank\" rel=\"noreferrer noopener\">Valor<\/a><\/p>\n\n\n\n<p>A Amaral, Yazbek, OAB\/PR 762, possui 35 anos de experi\u00eancia auxiliando empresas a transformar a tributa\u00e7\u00e3o em lucro. Entre em contato com um dos s\u00f3cios para agendamento de reuni\u00e3o em caso de d\u00favidas.<\/p>\n\n\n\n<p>Contato: 41 3595-8300 ou pelo nosso WhatsApp 41 99567-5696<\/p>\n\n\n\n<p>Av. C\u00e2ndido Hartmann, 50 \u2013 Bigorrilho | Curitiba-PR<\/p>\n\n\n\n<p>Assine nossa Newsletter e fique por dentro das novidades!<\/p>\n\n\n\n<p>Quer receber seu exemplar da revista Governan\u00e7a Jur\u00eddica? Clique <a href=\"http:\/\/ayadvogados.com.br\/revista\">aqui<\/a>&nbsp;e pe\u00e7a a sua.<\/p>\n\n\n\n<p>Nos acompanhe nas redes sociais: <a href=\"https:\/\/www.facebook.com\/amaral.yazbek\">Facebook<\/a>&nbsp;| <a href=\"https:\/\/www.instagram.com\/amaral.yazbek\/\">Instagram<\/a> | <a href=\"https:\/\/www.linkedin.com\/company\/3357082\/admin\/\">Linkedin<\/a><\/p>\n\n\n\n<p>J\u00e1 conhece o canal Direito da Intelig\u00eancia de Neg\u00f3cios? <a href=\"https:\/\/www.youtube.com\/channel\/UCu2Mpu32ht8DEN8OFRXYMyw\">Inscreva-se j\u00e1<\/a><\/p>\n","protected":false},"excerpt":{"rendered":"<p>O presidente do Supremo Tribunal Federal (STF), ministro Luiz Fux, tirou da pauta uma quest\u00e3o com impacto bilion\u00e1rio para os cofres da Uni\u00e3o: a taxa\u00e7\u00e3o de remessas de pagamentos ao exterior. A discuss\u00e3o &#8211; que afeta empresas de diversos setores &#8211; estava marcada para o dia 30. N\u00e3o h\u00e1 nova data definida para a an\u00e1lise [&hellip;]<\/p>\n","protected":false},"author":2,"featured_media":1251,"comment_status":"open","ping_status":"open","sticky":false,"template":"","format":"standard","meta":{"footnotes":""},"categories":[1],"tags":[],"class_list":["post-1250","post","type-post","status-publish","format-standard","has-post-thumbnail","hentry","category-noticia-do-dia"],"blocksy_meta":{"styles_descriptor":{"styles":{"desktop":"","tablet":"","mobile":""},"google_fonts":[],"version":6}},"yoast_head":"<!-- This site is optimized with the Yoast SEO plugin v27.5 - https:\/\/yoast.com\/product\/yoast-seo-wordpress\/ -->\n<title>Supremo analisar\u00e1 taxa\u00e7\u00e3o de remessas ao exterior - Amaral, Yazbek Advogados<\/title>\n<meta name=\"robots\" content=\"index, follow, max-snippet:-1, max-image-preview:large, max-video-preview:-1\" \/>\n<link rel=\"canonical\" href=\"https:\/\/www.ayadvogados.com.br\/?p=1250\" \/>\n<meta property=\"og:locale\" content=\"pt_BR\" \/>\n<meta property=\"og:type\" content=\"article\" \/>\n<meta property=\"og:title\" content=\"Supremo analisar\u00e1 taxa\u00e7\u00e3o de remessas ao exterior - Amaral, Yazbek Advogados\" \/>\n<meta property=\"og:description\" content=\"O presidente do Supremo Tribunal Federal (STF), ministro Luiz Fux, tirou da pauta uma quest\u00e3o com impacto bilion\u00e1rio para os cofres da Uni\u00e3o: a taxa\u00e7\u00e3o de remessas de pagamentos ao exterior. A discuss\u00e3o &#8211; que afeta empresas de diversos setores &#8211; estava marcada para o dia 30. N\u00e3o h\u00e1 nova data definida para a an\u00e1lise [&hellip;]\" \/>\n<meta property=\"og:url\" content=\"https:\/\/www.ayadvogados.com.br\/?p=1250\" \/>\n<meta property=\"og:site_name\" content=\"Amaral, Yazbek Advogados\" \/>\n<meta property=\"article:publisher\" content=\"https:\/\/www.facebook.com\/AYadvogados\" \/>\n<meta property=\"article:published_time\" content=\"2021-06-22T20:01:05+00:00\" \/>\n<meta property=\"og:image\" content=\"https:\/\/www.ayadvogados.com.br\/wp-content\/uploads\/2021\/06\/22-06-Blog.png\" \/>\n\t<meta property=\"og:image:width\" content=\"1000\" \/>\n\t<meta property=\"og:image:height\" content=\"620\" \/>\n\t<meta property=\"og:image:type\" content=\"image\/png\" \/>\n<meta name=\"author\" content=\"AY Advogados\" \/>\n<meta name=\"twitter:card\" content=\"summary_large_image\" \/>\n<meta name=\"twitter:label1\" content=\"Escrito por\" \/>\n\t<meta name=\"twitter:data1\" content=\"AY Advogados\" \/>\n\t<meta name=\"twitter:label2\" content=\"Est. tempo de leitura\" \/>\n\t<meta name=\"twitter:data2\" content=\"5 minutos\" \/>\n<script type=\"application\/ld+json\" class=\"yoast-schema-graph\">{\"@context\":\"https:\\\/\\\/schema.org\",\"@graph\":[{\"@type\":\"Article\",\"@id\":\"https:\\\/\\\/www.ayadvogados.com.br\\\/?p=1250#article\",\"isPartOf\":{\"@id\":\"https:\\\/\\\/www.ayadvogados.com.br\\\/?p=1250\"},\"author\":{\"name\":\"AY Advogados\",\"@id\":\"https:\\\/\\\/www.34.239.117.254.sslip.io\\\/#\\\/schema\\\/person\\\/4abfbf03ad3e577e691d333af064a912\"},\"headline\":\"Supremo analisar\u00e1 taxa\u00e7\u00e3o de remessas ao exterior\",\"datePublished\":\"2021-06-22T20:01:05+00:00\",\"mainEntityOfPage\":{\"@id\":\"https:\\\/\\\/www.ayadvogados.com.br\\\/?p=1250\"},\"wordCount\":915,\"commentCount\":0,\"publisher\":{\"@id\":\"https:\\\/\\\/www.34.239.117.254.sslip.io\\\/#organization\"},\"image\":{\"@id\":\"https:\\\/\\\/www.ayadvogados.com.br\\\/?p=1250#primaryimage\"},\"thumbnailUrl\":\"https:\\\/\\\/www.ayadvogados.com.br\\\/wp-content\\\/uploads\\\/2021\\\/06\\\/22-06-Blog.png\",\"articleSection\":[\"Not\u00edcia do Dia\"],\"inLanguage\":\"pt-BR\",\"potentialAction\":[{\"@type\":\"CommentAction\",\"name\":\"Comment\",\"target\":[\"https:\\\/\\\/www.ayadvogados.com.br\\\/?p=1250#respond\"]}]},{\"@type\":\"WebPage\",\"@id\":\"https:\\\/\\\/www.ayadvogados.com.br\\\/?p=1250\",\"url\":\"https:\\\/\\\/www.ayadvogados.com.br\\\/?p=1250\",\"name\":\"Supremo analisar\u00e1 taxa\u00e7\u00e3o de remessas ao exterior - Amaral, Yazbek Advogados\",\"isPartOf\":{\"@id\":\"https:\\\/\\\/www.34.239.117.254.sslip.io\\\/#website\"},\"primaryImageOfPage\":{\"@id\":\"https:\\\/\\\/www.ayadvogados.com.br\\\/?p=1250#primaryimage\"},\"image\":{\"@id\":\"https:\\\/\\\/www.ayadvogados.com.br\\\/?p=1250#primaryimage\"},\"thumbnailUrl\":\"https:\\\/\\\/www.ayadvogados.com.br\\\/wp-content\\\/uploads\\\/2021\\\/06\\\/22-06-Blog.png\",\"datePublished\":\"2021-06-22T20:01:05+00:00\",\"breadcrumb\":{\"@id\":\"https:\\\/\\\/www.ayadvogados.com.br\\\/?p=1250#breadcrumb\"},\"inLanguage\":\"pt-BR\",\"potentialAction\":[{\"@type\":\"ReadAction\",\"target\":[\"https:\\\/\\\/www.ayadvogados.com.br\\\/?p=1250\"]}]},{\"@type\":\"ImageObject\",\"inLanguage\":\"pt-BR\",\"@id\":\"https:\\\/\\\/www.ayadvogados.com.br\\\/?p=1250#primaryimage\",\"url\":\"https:\\\/\\\/www.ayadvogados.com.br\\\/wp-content\\\/uploads\\\/2021\\\/06\\\/22-06-Blog.png\",\"contentUrl\":\"https:\\\/\\\/www.ayadvogados.com.br\\\/wp-content\\\/uploads\\\/2021\\\/06\\\/22-06-Blog.png\",\"width\":1000,\"height\":620},{\"@type\":\"BreadcrumbList\",\"@id\":\"https:\\\/\\\/www.ayadvogados.com.br\\\/?p=1250#breadcrumb\",\"itemListElement\":[{\"@type\":\"ListItem\",\"position\":1,\"name\":\"In\u00edcio\",\"item\":\"https:\\\/\\\/www.34.239.117.254.sslip.io\\\/\"},{\"@type\":\"ListItem\",\"position\":2,\"name\":\"Supremo analisar\u00e1 taxa\u00e7\u00e3o de remessas ao exterior\"}]},{\"@type\":\"WebSite\",\"@id\":\"https:\\\/\\\/www.34.239.117.254.sslip.io\\\/#website\",\"url\":\"https:\\\/\\\/www.34.239.117.254.sslip.io\\\/\",\"name\":\"Amaral, Yazbek Advogados\",\"description\":\"Curitiba \u2022 Bras\u00edlia \u2022 S\u00e3o Paulo\",\"publisher\":{\"@id\":\"https:\\\/\\\/www.34.239.117.254.sslip.io\\\/#organization\"},\"potentialAction\":[{\"@type\":\"SearchAction\",\"target\":{\"@type\":\"EntryPoint\",\"urlTemplate\":\"https:\\\/\\\/www.34.239.117.254.sslip.io\\\/?s={search_term_string}\"},\"query-input\":{\"@type\":\"PropertyValueSpecification\",\"valueRequired\":true,\"valueName\":\"search_term_string\"}}],\"inLanguage\":\"pt-BR\"},{\"@type\":\"Organization\",\"@id\":\"https:\\\/\\\/www.34.239.117.254.sslip.io\\\/#organization\",\"name\":\"Amaral, Yazbek Advogados\",\"url\":\"https:\\\/\\\/www.34.239.117.254.sslip.io\\\/\",\"logo\":{\"@type\":\"ImageObject\",\"inLanguage\":\"pt-BR\",\"@id\":\"https:\\\/\\\/www.34.239.117.254.sslip.io\\\/#\\\/schema\\\/logo\\\/image\\\/\",\"url\":\"http:\\\/\\\/34.239.117.254\\\/wp-content\\\/uploads\\\/2021\\\/03\\\/logo-ay-g.png\",\"contentUrl\":\"http:\\\/\\\/34.239.117.254\\\/wp-content\\\/uploads\\\/2021\\\/03\\\/logo-ay-g.png\",\"width\":434,\"height\":106,\"caption\":\"Amaral, Yazbek Advogados\"},\"image\":{\"@id\":\"https:\\\/\\\/www.34.239.117.254.sslip.io\\\/#\\\/schema\\\/logo\\\/image\\\/\"},\"sameAs\":[\"https:\\\/\\\/www.facebook.com\\\/AYadvogados\",\"https:\\\/\\\/www.instagram.com\\\/ayadvogados\\\/\"]},{\"@type\":\"Person\",\"@id\":\"https:\\\/\\\/www.34.239.117.254.sslip.io\\\/#\\\/schema\\\/person\\\/4abfbf03ad3e577e691d333af064a912\",\"name\":\"AY Advogados\",\"image\":{\"@type\":\"ImageObject\",\"inLanguage\":\"pt-BR\",\"@id\":\"https:\\\/\\\/secure.gravatar.com\\\/avatar\\\/1473912b851241f5503026e6156e144dcd83ff7addb67f65e1ed9ca21ee1d9cf?s=96&d=mm&r=g\",\"url\":\"https:\\\/\\\/secure.gravatar.com\\\/avatar\\\/1473912b851241f5503026e6156e144dcd83ff7addb67f65e1ed9ca21ee1d9cf?s=96&d=mm&r=g\",\"contentUrl\":\"https:\\\/\\\/secure.gravatar.com\\\/avatar\\\/1473912b851241f5503026e6156e144dcd83ff7addb67f65e1ed9ca21ee1d9cf?s=96&d=mm&r=g\",\"caption\":\"AY Advogados\"},\"sameAs\":[\"https:\\\/\\\/ayadvogados.com.br\"],\"url\":\"https:\\\/\\\/www.ayadvogados.com.br\\\/?author=2\"}]}<\/script>\n<!-- \/ Yoast SEO plugin. -->","yoast_head_json":{"title":"Supremo analisar\u00e1 taxa\u00e7\u00e3o de remessas ao exterior - Amaral, Yazbek Advogados","robots":{"index":"index","follow":"follow","max-snippet":"max-snippet:-1","max-image-preview":"max-image-preview:large","max-video-preview":"max-video-preview:-1"},"canonical":"https:\/\/www.ayadvogados.com.br\/?p=1250","og_locale":"pt_BR","og_type":"article","og_title":"Supremo analisar\u00e1 taxa\u00e7\u00e3o de remessas ao exterior - Amaral, Yazbek Advogados","og_description":"O presidente do Supremo Tribunal Federal (STF), ministro Luiz Fux, tirou da pauta uma quest\u00e3o com impacto bilion\u00e1rio para os cofres da Uni\u00e3o: a taxa\u00e7\u00e3o de remessas de pagamentos ao exterior. A discuss\u00e3o &#8211; que afeta empresas de diversos setores &#8211; estava marcada para o dia 30. N\u00e3o h\u00e1 nova data definida para a an\u00e1lise [&hellip;]","og_url":"https:\/\/www.ayadvogados.com.br\/?p=1250","og_site_name":"Amaral, Yazbek Advogados","article_publisher":"https:\/\/www.facebook.com\/AYadvogados","article_published_time":"2021-06-22T20:01:05+00:00","og_image":[{"width":1000,"height":620,"url":"https:\/\/www.ayadvogados.com.br\/wp-content\/uploads\/2021\/06\/22-06-Blog.png","type":"image\/png"}],"author":"AY Advogados","twitter_card":"summary_large_image","twitter_misc":{"Escrito por":"AY Advogados","Est. tempo de leitura":"5 minutos"},"schema":{"@context":"https:\/\/schema.org","@graph":[{"@type":"Article","@id":"https:\/\/www.ayadvogados.com.br\/?p=1250#article","isPartOf":{"@id":"https:\/\/www.ayadvogados.com.br\/?p=1250"},"author":{"name":"AY Advogados","@id":"https:\/\/www.34.239.117.254.sslip.io\/#\/schema\/person\/4abfbf03ad3e577e691d333af064a912"},"headline":"Supremo analisar\u00e1 taxa\u00e7\u00e3o de remessas ao exterior","datePublished":"2021-06-22T20:01:05+00:00","mainEntityOfPage":{"@id":"https:\/\/www.ayadvogados.com.br\/?p=1250"},"wordCount":915,"commentCount":0,"publisher":{"@id":"https:\/\/www.34.239.117.254.sslip.io\/#organization"},"image":{"@id":"https:\/\/www.ayadvogados.com.br\/?p=1250#primaryimage"},"thumbnailUrl":"https:\/\/www.ayadvogados.com.br\/wp-content\/uploads\/2021\/06\/22-06-Blog.png","articleSection":["Not\u00edcia do Dia"],"inLanguage":"pt-BR","potentialAction":[{"@type":"CommentAction","name":"Comment","target":["https:\/\/www.ayadvogados.com.br\/?p=1250#respond"]}]},{"@type":"WebPage","@id":"https:\/\/www.ayadvogados.com.br\/?p=1250","url":"https:\/\/www.ayadvogados.com.br\/?p=1250","name":"Supremo analisar\u00e1 taxa\u00e7\u00e3o de remessas ao exterior - Amaral, Yazbek Advogados","isPartOf":{"@id":"https:\/\/www.34.239.117.254.sslip.io\/#website"},"primaryImageOfPage":{"@id":"https:\/\/www.ayadvogados.com.br\/?p=1250#primaryimage"},"image":{"@id":"https:\/\/www.ayadvogados.com.br\/?p=1250#primaryimage"},"thumbnailUrl":"https:\/\/www.ayadvogados.com.br\/wp-content\/uploads\/2021\/06\/22-06-Blog.png","datePublished":"2021-06-22T20:01:05+00:00","breadcrumb":{"@id":"https:\/\/www.ayadvogados.com.br\/?p=1250#breadcrumb"},"inLanguage":"pt-BR","potentialAction":[{"@type":"ReadAction","target":["https:\/\/www.ayadvogados.com.br\/?p=1250"]}]},{"@type":"ImageObject","inLanguage":"pt-BR","@id":"https:\/\/www.ayadvogados.com.br\/?p=1250#primaryimage","url":"https:\/\/www.ayadvogados.com.br\/wp-content\/uploads\/2021\/06\/22-06-Blog.png","contentUrl":"https:\/\/www.ayadvogados.com.br\/wp-content\/uploads\/2021\/06\/22-06-Blog.png","width":1000,"height":620},{"@type":"BreadcrumbList","@id":"https:\/\/www.ayadvogados.com.br\/?p=1250#breadcrumb","itemListElement":[{"@type":"ListItem","position":1,"name":"In\u00edcio","item":"https:\/\/www.34.239.117.254.sslip.io\/"},{"@type":"ListItem","position":2,"name":"Supremo analisar\u00e1 taxa\u00e7\u00e3o de remessas ao exterior"}]},{"@type":"WebSite","@id":"https:\/\/www.34.239.117.254.sslip.io\/#website","url":"https:\/\/www.34.239.117.254.sslip.io\/","name":"Amaral, Yazbek Advogados","description":"Curitiba \u2022 Bras\u00edlia \u2022 S\u00e3o Paulo","publisher":{"@id":"https:\/\/www.34.239.117.254.sslip.io\/#organization"},"potentialAction":[{"@type":"SearchAction","target":{"@type":"EntryPoint","urlTemplate":"https:\/\/www.34.239.117.254.sslip.io\/?s={search_term_string}"},"query-input":{"@type":"PropertyValueSpecification","valueRequired":true,"valueName":"search_term_string"}}],"inLanguage":"pt-BR"},{"@type":"Organization","@id":"https:\/\/www.34.239.117.254.sslip.io\/#organization","name":"Amaral, Yazbek Advogados","url":"https:\/\/www.34.239.117.254.sslip.io\/","logo":{"@type":"ImageObject","inLanguage":"pt-BR","@id":"https:\/\/www.34.239.117.254.sslip.io\/#\/schema\/logo\/image\/","url":"http:\/\/34.239.117.254\/wp-content\/uploads\/2021\/03\/logo-ay-g.png","contentUrl":"http:\/\/34.239.117.254\/wp-content\/uploads\/2021\/03\/logo-ay-g.png","width":434,"height":106,"caption":"Amaral, Yazbek Advogados"},"image":{"@id":"https:\/\/www.34.239.117.254.sslip.io\/#\/schema\/logo\/image\/"},"sameAs":["https:\/\/www.facebook.com\/AYadvogados","https:\/\/www.instagram.com\/ayadvogados\/"]},{"@type":"Person","@id":"https:\/\/www.34.239.117.254.sslip.io\/#\/schema\/person\/4abfbf03ad3e577e691d333af064a912","name":"AY Advogados","image":{"@type":"ImageObject","inLanguage":"pt-BR","@id":"https:\/\/secure.gravatar.com\/avatar\/1473912b851241f5503026e6156e144dcd83ff7addb67f65e1ed9ca21ee1d9cf?s=96&d=mm&r=g","url":"https:\/\/secure.gravatar.com\/avatar\/1473912b851241f5503026e6156e144dcd83ff7addb67f65e1ed9ca21ee1d9cf?s=96&d=mm&r=g","contentUrl":"https:\/\/secure.gravatar.com\/avatar\/1473912b851241f5503026e6156e144dcd83ff7addb67f65e1ed9ca21ee1d9cf?s=96&d=mm&r=g","caption":"AY Advogados"},"sameAs":["https:\/\/ayadvogados.com.br"],"url":"https:\/\/www.ayadvogados.com.br\/?author=2"}]}},"rttpg_featured_image_url":{"full":["https:\/\/www.ayadvogados.com.br\/wp-content\/uploads\/2021\/06\/22-06-Blog.png",1000,620,false],"landscape":["https:\/\/www.ayadvogados.com.br\/wp-content\/uploads\/2021\/06\/22-06-Blog.png",1000,620,false],"portraits":["https:\/\/www.ayadvogados.com.br\/wp-content\/uploads\/2021\/06\/22-06-Blog.png",1000,620,false],"thumbnail":["https:\/\/www.ayadvogados.com.br\/wp-content\/uploads\/2021\/06\/22-06-Blog-150x150.png",150,150,true],"medium":["https:\/\/www.ayadvogados.com.br\/wp-content\/uploads\/2021\/06\/22-06-Blog-300x186.png",300,186,true],"large":["https:\/\/www.ayadvogados.com.br\/wp-content\/uploads\/2021\/06\/22-06-Blog.png",1000,620,false],"1536x1536":["https:\/\/www.ayadvogados.com.br\/wp-content\/uploads\/2021\/06\/22-06-Blog.png",1000,620,false],"2048x2048":["https:\/\/www.ayadvogados.com.br\/wp-content\/uploads\/2021\/06\/22-06-Blog.png",1000,620,false]},"rttpg_author":{"display_name":"AY Advogados","author_link":"https:\/\/www.ayadvogados.com.br\/?author=2"},"rttpg_comment":0,"rttpg_category":"<a href=\"https:\/\/www.ayadvogados.com.br\/?cat=1\" rel=\"category\">Not\u00edcia do Dia<\/a>","rttpg_excerpt":"O presidente do Supremo Tribunal Federal (STF), ministro Luiz Fux, tirou da pauta uma quest\u00e3o com impacto bilion\u00e1rio para os cofres da Uni\u00e3o: a taxa\u00e7\u00e3o de remessas de pagamentos ao exterior. A discuss\u00e3o &#8211; que afeta empresas de diversos setores &#8211; estava marcada para o dia 30. N\u00e3o h\u00e1 nova data definida para a an\u00e1lise&hellip;","_links":{"self":[{"href":"https:\/\/www.ayadvogados.com.br\/index.php?rest_route=\/wp\/v2\/posts\/1250","targetHints":{"allow":["GET"]}}],"collection":[{"href":"https:\/\/www.ayadvogados.com.br\/index.php?rest_route=\/wp\/v2\/posts"}],"about":[{"href":"https:\/\/www.ayadvogados.com.br\/index.php?rest_route=\/wp\/v2\/types\/post"}],"author":[{"embeddable":true,"href":"https:\/\/www.ayadvogados.com.br\/index.php?rest_route=\/wp\/v2\/users\/2"}],"replies":[{"embeddable":true,"href":"https:\/\/www.ayadvogados.com.br\/index.php?rest_route=%2Fwp%2Fv2%2Fcomments&post=1250"}],"version-history":[{"count":1,"href":"https:\/\/www.ayadvogados.com.br\/index.php?rest_route=\/wp\/v2\/posts\/1250\/revisions"}],"predecessor-version":[{"id":1252,"href":"https:\/\/www.ayadvogados.com.br\/index.php?rest_route=\/wp\/v2\/posts\/1250\/revisions\/1252"}],"wp:featuredmedia":[{"embeddable":true,"href":"https:\/\/www.ayadvogados.com.br\/index.php?rest_route=\/wp\/v2\/media\/1251"}],"wp:attachment":[{"href":"https:\/\/www.ayadvogados.com.br\/index.php?rest_route=%2Fwp%2Fv2%2Fmedia&parent=1250"}],"wp:term":[{"taxonomy":"category","embeddable":true,"href":"https:\/\/www.ayadvogados.com.br\/index.php?rest_route=%2Fwp%2Fv2%2Fcategories&post=1250"},{"taxonomy":"post_tag","embeddable":true,"href":"https:\/\/www.ayadvogados.com.br\/index.php?rest_route=%2Fwp%2Fv2%2Ftags&post=1250"}],"curies":[{"name":"wp","href":"https:\/\/api.w.org\/{rel}","templated":true}]}}