{"id":1247,"date":"2021-06-21T18:02:37","date_gmt":"2021-06-21T21:02:37","guid":{"rendered":"http:\/\/34.239.117.254\/?p=1247"},"modified":"2021-06-21T18:02:37","modified_gmt":"2021-06-21T21:02:37","slug":"stf-mantem-iss-e-icms-no-calculo-de-contribuicao-previdenciaria","status":"publish","type":"post","link":"https:\/\/www.ayadvogados.com.br\/?p=1247","title":{"rendered":"STF mant\u00e9m ISS e ICMS no c\u00e1lculo de contribui\u00e7\u00e3o previdenci\u00e1ria"},"content":{"rendered":"\n<p>Os ministros do Supremo Tribunal Federal (STF) decidiram manter o ISS na base de c\u00e1lculo da Contribui\u00e7\u00e3o Previdenci\u00e1ria sobre a Receita Bruta (CPRB). A maioria entendeu que esse regime se enquadra como benef\u00edcio fiscal, assim, mexer no c\u00e1lculo &#8211; provocando redu\u00e7\u00e3o de tributo &#8211; o ampliaria demais.<\/p>\n\n\n\n<p>A CPRB foi institu\u00edda em 2011 para estimular a gera\u00e7\u00e3o de empregos formais. Setores favorecidos com a medida poderiam substituir a contribui\u00e7\u00e3o ao INSS, de 20% sobre a folha de sal\u00e1rios, por uma contribui\u00e7\u00e3o calculada sobre o receita bruta da empresa, que varia entre 1% e 4,5%.<\/p>\n\n\n\n<p>O julgamento sobre a base de c\u00e1lculo desse regime ocorreu no Plen\u00e1rio Virtual e foi conclu\u00eddo \u00e0 meia-noite de sexta-feira. O placar fechou em oito votos a tr\u00eas contra o pedido do contribuinte.<\/p>\n\n\n\n<p>Trata-se de uma das chamadas \u201cteses filhotes\u201d da exclus\u00e3o do ICMS do c\u00e1lculo do PIS e da Cofins &#8211; a chamada \u201ctese do s\u00e9culo\u201d. Os contribuintes, a partir desta decis\u00e3o, passaram a defender que o mesmo entendimento deveria ser aplicado em discuss\u00f5es semelhantes envolvendo outros tributos. Vem da\u00ed a denomina\u00e7\u00e3o \u201cfilhote\u201d.<\/p>\n\n\n\n<p>Essa \u00e9 a segunda tese filhote que os ministros rejeitam. A primeira, em fevereiro, discutia o ICMS no c\u00e1lculo da CPRB. Entendimento contr\u00e1rio poderia ter gerado um impacto de R$ 9 bilh\u00f5es \u00e0 Uni\u00e3o. Os ministros encerraram, tamb\u00e9m na sexta-feira, o julgamento dos embargos de declara\u00e7\u00e3o desse caso. Eles rejeitaram o recurso do contribuinte, mantendo a decis\u00e3o proferida em fevereiro (RE 1187264).<\/p>\n\n\n\n<p>A argumenta\u00e7\u00e3o dos ministros que entenderam por manter os impostos no c\u00e1lculo para a contribui\u00e7\u00e3o previdenci\u00e1ria foi a mesma em ambos os casos. Para advogados, no entanto, n\u00e3o significa, com esses dois resultados, que o STF esteja colocando uma \u201cp\u00e1 de cal\u201d nas \u201cteses filhotes\u201d.<\/p>\n\n\n\n<p>\u201cOs pr\u00f3prios ministros fizeram uma diferencia\u00e7\u00e3o desses casos envolvendo a CPRB, que trataram como benef\u00edcio fiscal, para a tese de exclus\u00e3o do ICMS do c\u00e1lculo do PIS e da Cofins. Isso leva a crer que n\u00e3o impacta outras discuss\u00f5es semelhantes\u201d, diz Carlos Vidigal, do escrit\u00f3rio Vinhas e Redenschi.<\/p>\n\n\n\n<p>H\u00e1 pelo menos outras duas \u201cteses filhotes\u201d, pendentes de julgamento na Corte, que, na vis\u00e3o do advogado, podem ter desfecho diferente aos casos envolvendo a CPRB.<\/p>\n\n\n\n<p>Um deles trata sobre o ISS na base de c\u00e1lculo do PIS e da Cofins. Foi colocado em pauta em agosto do ano passado. O relator, ministro Celso de Mello &#8211; que se aposentou em outubro &#8211; votou pela exclus\u00e3o e as discuss\u00f5es foram suspensas, em seguida, por um pedido de vista do ministro Dias Toffoli (RE 592616).<\/p>\n\n\n\n<p>O outro caso discute se o PIS e a Cofins podem ser exclu\u00eddos das suas pr\u00f3prias bases de c\u00e1lculo. Teve repercuss\u00e3o geral reconhecida pelos ministros em outubro de 2019 e, desde l\u00e1, est\u00e1 pendente de julgamento (RE 1233096).<\/p>\n\n\n\n<p>Quando decidiram sobre a chamada \u201ctese do s\u00e9culo\u201d &#8211; que acabou dando origem \u00e0s filhotes &#8211; os ministros afirmaram que o imposto n\u00e3o se caracteriza como receita ou faturamento da empresa, que \u00e9 a base de incid\u00eancia do PIS e da Cofins, e, por esse motivo, deveria ser exclu\u00eddo do c\u00e1lculo.<\/p>\n\n\n\n<p>Havia expectativa, entre os advogados, de que esse mesmo entendimento fosse aplicado \u00e0 CPRB porque &#8211; assim como o PIS e a Cofins &#8211; tamb\u00e9m se aplica sobre a receita da empresa. \u201cEm ambas as discuss\u00f5es n\u00e3o se questiona o benef\u00edcio e sim a constitucionalidade da base de c\u00e1lculo\u201d, diz Valdirene Lopes Franhani, do Lopes Franhani Advogados.<\/p>\n\n\n\n<p>No julgamento sobre o ISS na base da CPRB, conclu\u00eddo sexta-feira, o relator, ministro Marco Aur\u00e9lio, deu raz\u00e3o aos contribuintes. \u201cO simples ingresso e registro cont\u00e1bil de import\u00e2ncia n\u00e3o a transforma em receita\u201d, afirmou ao votar.<\/p>\n\n\n\n<p>O entendimento do relator foi acompanhado pelas ministras C\u00e1rmen L\u00facia e Rosa Weber. Os tr\u00eas ficaram vencidos.<\/p>\n\n\n\n<p>Prevaleceu o voto divergente, proferido pelo ministro Alexandre de Moraes, que diferenciou as duas teses. Ele caracterizou a CPRB como benef\u00edcio fiscal. \u201cN\u00e3o poderia a empresa aderir ao novo regime de contribui\u00e7\u00e3o por livre vontade e, ao mesmo tempo, querer se beneficiar de regras que n\u00e3o lhe sejam aplic\u00e1veis\u201d, afirmou Moraes no seu voto.<\/p>\n\n\n\n<p>Os ministros Edson Fachin, Gilmar Mendes, Dias Toffoli, Nunes Marques, Roberto Barroso, Ricardo Lewandowski e Luiz Fux acompanharam a diverg\u00eancia, sacramentando a decis\u00e3o da Corte sobre o tema (RE 1285845).<\/p>\n\n\n\n<p>Fonte: <a href=\"https:\/\/valor.globo.com\/legislacao\/noticia\/2021\/06\/21\/stf-mantem-iss-e-icms-no-calculo-de-contribuicao-previdenciaria.ghtml\" data-type=\"URL\" data-id=\"https:\/\/valor.globo.com\/legislacao\/noticia\/2021\/06\/21\/stf-mantem-iss-e-icms-no-calculo-de-contribuicao-previdenciaria.ghtml\" target=\"_blank\" rel=\"noreferrer noopener\">Valor<\/a><\/p>\n\n\n\n<p>A Amaral, Yazbek, OAB\/PR 762, possui 35 anos de experi\u00eancia auxiliando empresas a transformar a tributa\u00e7\u00e3o em lucro. Entre em contato com um dos s\u00f3cios para agendamento de reuni\u00e3o em caso de d\u00favidas.<\/p>\n\n\n\n<p>Contato: 41 3595-8300 ou pelo nosso WhatsApp 41 99567-5696<\/p>\n\n\n\n<p>Av. C\u00e2ndido Hartmann, 50 \u2013 Bigorrilho | Curitiba-PR<\/p>\n\n\n\n<p>Assine nossa Newsletter e fique por dentro das novidades!<\/p>\n\n\n\n<p>Quer receber seu exemplar da revista Governan\u00e7a Jur\u00eddica? Clique <a href=\"http:\/\/ayadvogados.com.br\/revista\">aqui<\/a>&nbsp;e pe\u00e7a a sua.<\/p>\n\n\n\n<p>Nos acompanhe nas redes sociais: <a href=\"https:\/\/www.facebook.com\/amaral.yazbek\">Facebook<\/a>&nbsp;| <a href=\"https:\/\/www.instagram.com\/amaral.yazbek\/\">Instagram<\/a> | <a href=\"https:\/\/www.linkedin.com\/company\/3357082\/admin\/\">Linkedin<\/a><\/p>\n\n\n\n<p>J\u00e1 conhece o canal Direito da Intelig\u00eancia de Neg\u00f3cios? <a href=\"https:\/\/www.youtube.com\/channel\/UCu2Mpu32ht8DEN8OFRXYMyw\">Inscreva-se j\u00e1<\/a><\/p>\n","protected":false},"excerpt":{"rendered":"<p>Os ministros do Supremo Tribunal Federal (STF) decidiram manter o ISS na base de c\u00e1lculo da Contribui\u00e7\u00e3o Previdenci\u00e1ria sobre a Receita Bruta (CPRB). A maioria entendeu que esse regime se enquadra como benef\u00edcio fiscal, assim, mexer no c\u00e1lculo &#8211; provocando redu\u00e7\u00e3o de tributo &#8211; o ampliaria demais. A CPRB foi institu\u00edda em 2011 para estimular [&hellip;]<\/p>\n","protected":false},"author":2,"featured_media":1248,"comment_status":"open","ping_status":"open","sticky":false,"template":"","format":"standard","meta":{"footnotes":""},"categories":[1],"tags":[],"class_list":["post-1247","post","type-post","status-publish","format-standard","has-post-thumbnail","hentry","category-noticia-do-dia"],"blocksy_meta":{"styles_descriptor":{"styles":{"desktop":"","tablet":"","mobile":""},"google_fonts":[],"version":6}},"yoast_head":"<!-- This site is optimized with the Yoast SEO plugin v27.5 - https:\/\/yoast.com\/product\/yoast-seo-wordpress\/ -->\n<title>STF mant\u00e9m ISS e ICMS no c\u00e1lculo de contribui\u00e7\u00e3o previdenci\u00e1ria - Amaral, Yazbek Advogados<\/title>\n<meta name=\"robots\" content=\"index, follow, max-snippet:-1, max-image-preview:large, max-video-preview:-1\" \/>\n<link rel=\"canonical\" href=\"https:\/\/www.ayadvogados.com.br\/?p=1247\" \/>\n<meta property=\"og:locale\" content=\"pt_BR\" \/>\n<meta property=\"og:type\" content=\"article\" \/>\n<meta property=\"og:title\" content=\"STF mant\u00e9m ISS e ICMS no c\u00e1lculo de contribui\u00e7\u00e3o previdenci\u00e1ria - Amaral, Yazbek Advogados\" \/>\n<meta property=\"og:description\" content=\"Os ministros do Supremo Tribunal Federal (STF) decidiram manter o ISS na base de c\u00e1lculo da Contribui\u00e7\u00e3o Previdenci\u00e1ria sobre a Receita Bruta (CPRB). A maioria entendeu que esse regime se enquadra como benef\u00edcio fiscal, assim, mexer no c\u00e1lculo &#8211; provocando redu\u00e7\u00e3o de tributo &#8211; o ampliaria demais. A CPRB foi institu\u00edda em 2011 para estimular [&hellip;]\" \/>\n<meta property=\"og:url\" content=\"https:\/\/www.ayadvogados.com.br\/?p=1247\" \/>\n<meta property=\"og:site_name\" content=\"Amaral, Yazbek Advogados\" \/>\n<meta property=\"article:publisher\" content=\"https:\/\/www.facebook.com\/AYadvogados\" \/>\n<meta property=\"article:published_time\" content=\"2021-06-21T21:02:37+00:00\" \/>\n<meta property=\"og:image\" content=\"https:\/\/www.ayadvogados.com.br\/wp-content\/uploads\/2021\/06\/21-06-Blog-1.png\" \/>\n\t<meta property=\"og:image:width\" content=\"1000\" \/>\n\t<meta property=\"og:image:height\" content=\"620\" \/>\n\t<meta property=\"og:image:type\" content=\"image\/png\" \/>\n<meta name=\"author\" content=\"AY Advogados\" \/>\n<meta name=\"twitter:card\" content=\"summary_large_image\" \/>\n<meta name=\"twitter:label1\" content=\"Escrito por\" \/>\n\t<meta name=\"twitter:data1\" content=\"AY Advogados\" \/>\n\t<meta name=\"twitter:label2\" content=\"Est. tempo de leitura\" \/>\n\t<meta name=\"twitter:data2\" content=\"4 minutos\" \/>\n<script type=\"application\/ld+json\" class=\"yoast-schema-graph\">{\"@context\":\"https:\\\/\\\/schema.org\",\"@graph\":[{\"@type\":\"Article\",\"@id\":\"https:\\\/\\\/www.ayadvogados.com.br\\\/?p=1247#article\",\"isPartOf\":{\"@id\":\"https:\\\/\\\/www.ayadvogados.com.br\\\/?p=1247\"},\"author\":{\"name\":\"AY Advogados\",\"@id\":\"https:\\\/\\\/www.34.239.117.254.sslip.io\\\/#\\\/schema\\\/person\\\/4abfbf03ad3e577e691d333af064a912\"},\"headline\":\"STF mant\u00e9m ISS e ICMS no c\u00e1lculo de contribui\u00e7\u00e3o previdenci\u00e1ria\",\"datePublished\":\"2021-06-21T21:02:37+00:00\",\"mainEntityOfPage\":{\"@id\":\"https:\\\/\\\/www.ayadvogados.com.br\\\/?p=1247\"},\"wordCount\":875,\"commentCount\":0,\"publisher\":{\"@id\":\"https:\\\/\\\/www.34.239.117.254.sslip.io\\\/#organization\"},\"image\":{\"@id\":\"https:\\\/\\\/www.ayadvogados.com.br\\\/?p=1247#primaryimage\"},\"thumbnailUrl\":\"https:\\\/\\\/www.ayadvogados.com.br\\\/wp-content\\\/uploads\\\/2021\\\/06\\\/21-06-Blog-1.png\",\"articleSection\":[\"Not\u00edcia do Dia\"],\"inLanguage\":\"pt-BR\",\"potentialAction\":[{\"@type\":\"CommentAction\",\"name\":\"Comment\",\"target\":[\"https:\\\/\\\/www.ayadvogados.com.br\\\/?p=1247#respond\"]}]},{\"@type\":\"WebPage\",\"@id\":\"https:\\\/\\\/www.ayadvogados.com.br\\\/?p=1247\",\"url\":\"https:\\\/\\\/www.ayadvogados.com.br\\\/?p=1247\",\"name\":\"STF mant\u00e9m ISS e ICMS no c\u00e1lculo de contribui\u00e7\u00e3o previdenci\u00e1ria - Amaral, Yazbek Advogados\",\"isPartOf\":{\"@id\":\"https:\\\/\\\/www.34.239.117.254.sslip.io\\\/#website\"},\"primaryImageOfPage\":{\"@id\":\"https:\\\/\\\/www.ayadvogados.com.br\\\/?p=1247#primaryimage\"},\"image\":{\"@id\":\"https:\\\/\\\/www.ayadvogados.com.br\\\/?p=1247#primaryimage\"},\"thumbnailUrl\":\"https:\\\/\\\/www.ayadvogados.com.br\\\/wp-content\\\/uploads\\\/2021\\\/06\\\/21-06-Blog-1.png\",\"datePublished\":\"2021-06-21T21:02:37+00:00\",\"breadcrumb\":{\"@id\":\"https:\\\/\\\/www.ayadvogados.com.br\\\/?p=1247#breadcrumb\"},\"inLanguage\":\"pt-BR\",\"potentialAction\":[{\"@type\":\"ReadAction\",\"target\":[\"https:\\\/\\\/www.ayadvogados.com.br\\\/?p=1247\"]}]},{\"@type\":\"ImageObject\",\"inLanguage\":\"pt-BR\",\"@id\":\"https:\\\/\\\/www.ayadvogados.com.br\\\/?p=1247#primaryimage\",\"url\":\"https:\\\/\\\/www.ayadvogados.com.br\\\/wp-content\\\/uploads\\\/2021\\\/06\\\/21-06-Blog-1.png\",\"contentUrl\":\"https:\\\/\\\/www.ayadvogados.com.br\\\/wp-content\\\/uploads\\\/2021\\\/06\\\/21-06-Blog-1.png\",\"width\":1000,\"height\":620},{\"@type\":\"BreadcrumbList\",\"@id\":\"https:\\\/\\\/www.ayadvogados.com.br\\\/?p=1247#breadcrumb\",\"itemListElement\":[{\"@type\":\"ListItem\",\"position\":1,\"name\":\"In\u00edcio\",\"item\":\"https:\\\/\\\/www.34.239.117.254.sslip.io\\\/\"},{\"@type\":\"ListItem\",\"position\":2,\"name\":\"STF mant\u00e9m ISS e ICMS no c\u00e1lculo de contribui\u00e7\u00e3o previdenci\u00e1ria\"}]},{\"@type\":\"WebSite\",\"@id\":\"https:\\\/\\\/www.34.239.117.254.sslip.io\\\/#website\",\"url\":\"https:\\\/\\\/www.34.239.117.254.sslip.io\\\/\",\"name\":\"Amaral, Yazbek Advogados\",\"description\":\"Curitiba \u2022 Bras\u00edlia \u2022 S\u00e3o Paulo\",\"publisher\":{\"@id\":\"https:\\\/\\\/www.34.239.117.254.sslip.io\\\/#organization\"},\"potentialAction\":[{\"@type\":\"SearchAction\",\"target\":{\"@type\":\"EntryPoint\",\"urlTemplate\":\"https:\\\/\\\/www.34.239.117.254.sslip.io\\\/?s={search_term_string}\"},\"query-input\":{\"@type\":\"PropertyValueSpecification\",\"valueRequired\":true,\"valueName\":\"search_term_string\"}}],\"inLanguage\":\"pt-BR\"},{\"@type\":\"Organization\",\"@id\":\"https:\\\/\\\/www.34.239.117.254.sslip.io\\\/#organization\",\"name\":\"Amaral, Yazbek Advogados\",\"url\":\"https:\\\/\\\/www.34.239.117.254.sslip.io\\\/\",\"logo\":{\"@type\":\"ImageObject\",\"inLanguage\":\"pt-BR\",\"@id\":\"https:\\\/\\\/www.34.239.117.254.sslip.io\\\/#\\\/schema\\\/logo\\\/image\\\/\",\"url\":\"http:\\\/\\\/34.239.117.254\\\/wp-content\\\/uploads\\\/2021\\\/03\\\/logo-ay-g.png\",\"contentUrl\":\"http:\\\/\\\/34.239.117.254\\\/wp-content\\\/uploads\\\/2021\\\/03\\\/logo-ay-g.png\",\"width\":434,\"height\":106,\"caption\":\"Amaral, Yazbek Advogados\"},\"image\":{\"@id\":\"https:\\\/\\\/www.34.239.117.254.sslip.io\\\/#\\\/schema\\\/logo\\\/image\\\/\"},\"sameAs\":[\"https:\\\/\\\/www.facebook.com\\\/AYadvogados\",\"https:\\\/\\\/www.instagram.com\\\/ayadvogados\\\/\"]},{\"@type\":\"Person\",\"@id\":\"https:\\\/\\\/www.34.239.117.254.sslip.io\\\/#\\\/schema\\\/person\\\/4abfbf03ad3e577e691d333af064a912\",\"name\":\"AY Advogados\",\"image\":{\"@type\":\"ImageObject\",\"inLanguage\":\"pt-BR\",\"@id\":\"https:\\\/\\\/secure.gravatar.com\\\/avatar\\\/1473912b851241f5503026e6156e144dcd83ff7addb67f65e1ed9ca21ee1d9cf?s=96&d=mm&r=g\",\"url\":\"https:\\\/\\\/secure.gravatar.com\\\/avatar\\\/1473912b851241f5503026e6156e144dcd83ff7addb67f65e1ed9ca21ee1d9cf?s=96&d=mm&r=g\",\"contentUrl\":\"https:\\\/\\\/secure.gravatar.com\\\/avatar\\\/1473912b851241f5503026e6156e144dcd83ff7addb67f65e1ed9ca21ee1d9cf?s=96&d=mm&r=g\",\"caption\":\"AY Advogados\"},\"sameAs\":[\"https:\\\/\\\/ayadvogados.com.br\"],\"url\":\"https:\\\/\\\/www.ayadvogados.com.br\\\/?author=2\"}]}<\/script>\n<!-- \/ Yoast SEO plugin. -->","yoast_head_json":{"title":"STF mant\u00e9m ISS e ICMS no c\u00e1lculo de contribui\u00e7\u00e3o previdenci\u00e1ria - Amaral, Yazbek Advogados","robots":{"index":"index","follow":"follow","max-snippet":"max-snippet:-1","max-image-preview":"max-image-preview:large","max-video-preview":"max-video-preview:-1"},"canonical":"https:\/\/www.ayadvogados.com.br\/?p=1247","og_locale":"pt_BR","og_type":"article","og_title":"STF mant\u00e9m ISS e ICMS no c\u00e1lculo de contribui\u00e7\u00e3o previdenci\u00e1ria - Amaral, Yazbek Advogados","og_description":"Os ministros do Supremo Tribunal Federal (STF) decidiram manter o ISS na base de c\u00e1lculo da Contribui\u00e7\u00e3o Previdenci\u00e1ria sobre a Receita Bruta (CPRB). A maioria entendeu que esse regime se enquadra como benef\u00edcio fiscal, assim, mexer no c\u00e1lculo &#8211; provocando redu\u00e7\u00e3o de tributo &#8211; o ampliaria demais. A CPRB foi institu\u00edda em 2011 para estimular [&hellip;]","og_url":"https:\/\/www.ayadvogados.com.br\/?p=1247","og_site_name":"Amaral, Yazbek Advogados","article_publisher":"https:\/\/www.facebook.com\/AYadvogados","article_published_time":"2021-06-21T21:02:37+00:00","og_image":[{"width":1000,"height":620,"url":"https:\/\/www.ayadvogados.com.br\/wp-content\/uploads\/2021\/06\/21-06-Blog-1.png","type":"image\/png"}],"author":"AY Advogados","twitter_card":"summary_large_image","twitter_misc":{"Escrito por":"AY Advogados","Est. tempo de leitura":"4 minutos"},"schema":{"@context":"https:\/\/schema.org","@graph":[{"@type":"Article","@id":"https:\/\/www.ayadvogados.com.br\/?p=1247#article","isPartOf":{"@id":"https:\/\/www.ayadvogados.com.br\/?p=1247"},"author":{"name":"AY Advogados","@id":"https:\/\/www.34.239.117.254.sslip.io\/#\/schema\/person\/4abfbf03ad3e577e691d333af064a912"},"headline":"STF mant\u00e9m ISS e ICMS no c\u00e1lculo de contribui\u00e7\u00e3o previdenci\u00e1ria","datePublished":"2021-06-21T21:02:37+00:00","mainEntityOfPage":{"@id":"https:\/\/www.ayadvogados.com.br\/?p=1247"},"wordCount":875,"commentCount":0,"publisher":{"@id":"https:\/\/www.34.239.117.254.sslip.io\/#organization"},"image":{"@id":"https:\/\/www.ayadvogados.com.br\/?p=1247#primaryimage"},"thumbnailUrl":"https:\/\/www.ayadvogados.com.br\/wp-content\/uploads\/2021\/06\/21-06-Blog-1.png","articleSection":["Not\u00edcia do Dia"],"inLanguage":"pt-BR","potentialAction":[{"@type":"CommentAction","name":"Comment","target":["https:\/\/www.ayadvogados.com.br\/?p=1247#respond"]}]},{"@type":"WebPage","@id":"https:\/\/www.ayadvogados.com.br\/?p=1247","url":"https:\/\/www.ayadvogados.com.br\/?p=1247","name":"STF mant\u00e9m ISS e ICMS no c\u00e1lculo de contribui\u00e7\u00e3o previdenci\u00e1ria - Amaral, Yazbek Advogados","isPartOf":{"@id":"https:\/\/www.34.239.117.254.sslip.io\/#website"},"primaryImageOfPage":{"@id":"https:\/\/www.ayadvogados.com.br\/?p=1247#primaryimage"},"image":{"@id":"https:\/\/www.ayadvogados.com.br\/?p=1247#primaryimage"},"thumbnailUrl":"https:\/\/www.ayadvogados.com.br\/wp-content\/uploads\/2021\/06\/21-06-Blog-1.png","datePublished":"2021-06-21T21:02:37+00:00","breadcrumb":{"@id":"https:\/\/www.ayadvogados.com.br\/?p=1247#breadcrumb"},"inLanguage":"pt-BR","potentialAction":[{"@type":"ReadAction","target":["https:\/\/www.ayadvogados.com.br\/?p=1247"]}]},{"@type":"ImageObject","inLanguage":"pt-BR","@id":"https:\/\/www.ayadvogados.com.br\/?p=1247#primaryimage","url":"https:\/\/www.ayadvogados.com.br\/wp-content\/uploads\/2021\/06\/21-06-Blog-1.png","contentUrl":"https:\/\/www.ayadvogados.com.br\/wp-content\/uploads\/2021\/06\/21-06-Blog-1.png","width":1000,"height":620},{"@type":"BreadcrumbList","@id":"https:\/\/www.ayadvogados.com.br\/?p=1247#breadcrumb","itemListElement":[{"@type":"ListItem","position":1,"name":"In\u00edcio","item":"https:\/\/www.34.239.117.254.sslip.io\/"},{"@type":"ListItem","position":2,"name":"STF mant\u00e9m ISS e ICMS no c\u00e1lculo de contribui\u00e7\u00e3o previdenci\u00e1ria"}]},{"@type":"WebSite","@id":"https:\/\/www.34.239.117.254.sslip.io\/#website","url":"https:\/\/www.34.239.117.254.sslip.io\/","name":"Amaral, Yazbek Advogados","description":"Curitiba \u2022 Bras\u00edlia \u2022 S\u00e3o Paulo","publisher":{"@id":"https:\/\/www.34.239.117.254.sslip.io\/#organization"},"potentialAction":[{"@type":"SearchAction","target":{"@type":"EntryPoint","urlTemplate":"https:\/\/www.34.239.117.254.sslip.io\/?s={search_term_string}"},"query-input":{"@type":"PropertyValueSpecification","valueRequired":true,"valueName":"search_term_string"}}],"inLanguage":"pt-BR"},{"@type":"Organization","@id":"https:\/\/www.34.239.117.254.sslip.io\/#organization","name":"Amaral, Yazbek Advogados","url":"https:\/\/www.34.239.117.254.sslip.io\/","logo":{"@type":"ImageObject","inLanguage":"pt-BR","@id":"https:\/\/www.34.239.117.254.sslip.io\/#\/schema\/logo\/image\/","url":"http:\/\/34.239.117.254\/wp-content\/uploads\/2021\/03\/logo-ay-g.png","contentUrl":"http:\/\/34.239.117.254\/wp-content\/uploads\/2021\/03\/logo-ay-g.png","width":434,"height":106,"caption":"Amaral, Yazbek Advogados"},"image":{"@id":"https:\/\/www.34.239.117.254.sslip.io\/#\/schema\/logo\/image\/"},"sameAs":["https:\/\/www.facebook.com\/AYadvogados","https:\/\/www.instagram.com\/ayadvogados\/"]},{"@type":"Person","@id":"https:\/\/www.34.239.117.254.sslip.io\/#\/schema\/person\/4abfbf03ad3e577e691d333af064a912","name":"AY Advogados","image":{"@type":"ImageObject","inLanguage":"pt-BR","@id":"https:\/\/secure.gravatar.com\/avatar\/1473912b851241f5503026e6156e144dcd83ff7addb67f65e1ed9ca21ee1d9cf?s=96&d=mm&r=g","url":"https:\/\/secure.gravatar.com\/avatar\/1473912b851241f5503026e6156e144dcd83ff7addb67f65e1ed9ca21ee1d9cf?s=96&d=mm&r=g","contentUrl":"https:\/\/secure.gravatar.com\/avatar\/1473912b851241f5503026e6156e144dcd83ff7addb67f65e1ed9ca21ee1d9cf?s=96&d=mm&r=g","caption":"AY Advogados"},"sameAs":["https:\/\/ayadvogados.com.br"],"url":"https:\/\/www.ayadvogados.com.br\/?author=2"}]}},"rttpg_featured_image_url":{"full":["https:\/\/www.ayadvogados.com.br\/wp-content\/uploads\/2021\/06\/21-06-Blog-1.png",1000,620,false],"landscape":["https:\/\/www.ayadvogados.com.br\/wp-content\/uploads\/2021\/06\/21-06-Blog-1.png",1000,620,false],"portraits":["https:\/\/www.ayadvogados.com.br\/wp-content\/uploads\/2021\/06\/21-06-Blog-1.png",1000,620,false],"thumbnail":["https:\/\/www.ayadvogados.com.br\/wp-content\/uploads\/2021\/06\/21-06-Blog-1-150x150.png",150,150,true],"medium":["https:\/\/www.ayadvogados.com.br\/wp-content\/uploads\/2021\/06\/21-06-Blog-1-300x186.png",300,186,true],"large":["https:\/\/www.ayadvogados.com.br\/wp-content\/uploads\/2021\/06\/21-06-Blog-1.png",1000,620,false],"1536x1536":["https:\/\/www.ayadvogados.com.br\/wp-content\/uploads\/2021\/06\/21-06-Blog-1.png",1000,620,false],"2048x2048":["https:\/\/www.ayadvogados.com.br\/wp-content\/uploads\/2021\/06\/21-06-Blog-1.png",1000,620,false]},"rttpg_author":{"display_name":"AY Advogados","author_link":"https:\/\/www.ayadvogados.com.br\/?author=2"},"rttpg_comment":0,"rttpg_category":"<a href=\"https:\/\/www.ayadvogados.com.br\/?cat=1\" rel=\"category\">Not\u00edcia do Dia<\/a>","rttpg_excerpt":"Os ministros do Supremo Tribunal Federal (STF) decidiram manter o ISS na base de c\u00e1lculo da Contribui\u00e7\u00e3o Previdenci\u00e1ria sobre a Receita Bruta (CPRB). A maioria entendeu que esse regime se enquadra como benef\u00edcio fiscal, assim, mexer no c\u00e1lculo &#8211; provocando redu\u00e7\u00e3o de tributo &#8211; o ampliaria demais. A CPRB foi institu\u00edda em 2011 para estimular&hellip;","_links":{"self":[{"href":"https:\/\/www.ayadvogados.com.br\/index.php?rest_route=\/wp\/v2\/posts\/1247","targetHints":{"allow":["GET"]}}],"collection":[{"href":"https:\/\/www.ayadvogados.com.br\/index.php?rest_route=\/wp\/v2\/posts"}],"about":[{"href":"https:\/\/www.ayadvogados.com.br\/index.php?rest_route=\/wp\/v2\/types\/post"}],"author":[{"embeddable":true,"href":"https:\/\/www.ayadvogados.com.br\/index.php?rest_route=\/wp\/v2\/users\/2"}],"replies":[{"embeddable":true,"href":"https:\/\/www.ayadvogados.com.br\/index.php?rest_route=%2Fwp%2Fv2%2Fcomments&post=1247"}],"version-history":[{"count":1,"href":"https:\/\/www.ayadvogados.com.br\/index.php?rest_route=\/wp\/v2\/posts\/1247\/revisions"}],"predecessor-version":[{"id":1249,"href":"https:\/\/www.ayadvogados.com.br\/index.php?rest_route=\/wp\/v2\/posts\/1247\/revisions\/1249"}],"wp:featuredmedia":[{"embeddable":true,"href":"https:\/\/www.ayadvogados.com.br\/index.php?rest_route=\/wp\/v2\/media\/1248"}],"wp:attachment":[{"href":"https:\/\/www.ayadvogados.com.br\/index.php?rest_route=%2Fwp%2Fv2%2Fmedia&parent=1247"}],"wp:term":[{"taxonomy":"category","embeddable":true,"href":"https:\/\/www.ayadvogados.com.br\/index.php?rest_route=%2Fwp%2Fv2%2Fcategories&post=1247"},{"taxonomy":"post_tag","embeddable":true,"href":"https:\/\/www.ayadvogados.com.br\/index.php?rest_route=%2Fwp%2Fv2%2Ftags&post=1247"}],"curies":[{"name":"wp","href":"https:\/\/api.w.org\/{rel}","templated":true}]}}