{"id":1233,"date":"2021-06-16T18:25:17","date_gmt":"2021-06-16T21:25:17","guid":{"rendered":"http:\/\/34.239.117.254\/?p=1233"},"modified":"2021-06-16T18:25:17","modified_gmt":"2021-06-16T21:25:17","slug":"julgamento-sobre-exclusao-do-iss-da-contribuicao-previdenciaria-esta-empatado-no-stf","status":"publish","type":"post","link":"https:\/\/www.ayadvogados.com.br\/?p=1233","title":{"rendered":"Julgamento sobre exclus\u00e3o do ISS da contribui\u00e7\u00e3o previdenci\u00e1ria est\u00e1 empatado no STF"},"content":{"rendered":"\n<p>Est\u00e1 empatado, no Supremo Tribunal Federal (<strong>STF<\/strong>), o julgamento sobre a possibilidade de <strong>excluir<\/strong> o <strong>ISS<\/strong> do c\u00e1lculo da Contribui\u00e7\u00e3o Previdenci\u00e1ria sobre a Receita Bruta (<strong>CPRB<\/strong>).<br><\/p>\n\n\n\n<p>Por enquanto, dois ministros votaram. O relator, ministro <strong>Marco Aur\u00e9lio Mello<\/strong>, autorizou a exclus\u00e3o. O ministro <strong>Alexandre de Moraes<\/strong> entendeu que o imposto municipal comp\u00f5e o c\u00e1lculo da CPRB.<br><\/p>\n\n\n\n<p>O julgamento come\u00e7ou no dia 11 no Plen\u00e1rio virtual. Os ministros t\u00eam at\u00e9 sexta-feira para tomarem uma decis\u00e3o.<\/p>\n\n\n\n<p>A CPRB foi institu\u00edda em 2011 em substitui\u00e7\u00e3o \u00e0 tributa\u00e7\u00e3o da folha de sal\u00e1rios de empresas de dezenas de segmentos. Era uma forma de desonerar companhias com muitos funcion\u00e1rios. No in\u00edcio, algumas empresas foram obrigadas a aderir \u00e0 tributa\u00e7\u00e3o sobre a receita bruta. Depois, o regime passou a ser facultativo.<br><\/p>\n\n\n\n<p>No recurso em julgamento pelo STF a empresa Instaladora Base Ltda questiona decis\u00e3o do Tribunal Regional Federal (TRF) da 4\u00aa Regi\u00e3o (Sul) que manteve o ISS no c\u00e1lculo da contribui\u00e7\u00e3o previdenci\u00e1ria (RE 1285845). O contribuinte alega que o imposto municipal n\u00e3o \u00e9 receita ou faturamento. Logo, n\u00e3o deve compor o c\u00e1lculo do tributo recolhido pela Uni\u00e3o.<br><\/p>\n\n\n\n<p>Marco Aur\u00e9lio afirma no voto que o tema n\u00e3o \u00e9 novo, j\u00e1 que o STF decidiu por excluir o ICMS da base do PIS e da Cofins e o mesmo racioc\u00ednio se aplicaria aqui. O decano tem votado dessa forma em outros temas que tratam de um tributo na base de c\u00e1lculo de outro, inclusive sobre o ICMS na base de c\u00e1lculo da CPRB.<br><\/p>\n\n\n\n<p>\u201cO simples ingresso e registro cont\u00e1bil de import\u00e2ncia n\u00e3o a transforma em receita\u201d, afirma o relator, no voto.<br><\/p>\n\n\n\n<p>J\u00e1 para o ministro Alexandre de Moraes, o caso n\u00e3o \u00e9 semelhante ao do ICMS na base do PIS e da Cofins, mas sim ao recente julgamento sobre o ICMS na base da CPRB, em que a Corte decidiu pela constitucionalidade. O ministro usou os mesmos argumentos que apresentou no outro caso, que a contribui\u00e7\u00e3o previdenci\u00e1ria \u00e9 um benef\u00edcio facultativo.<br><\/p>\n\n\n\n<p>\u201cN\u00e3o poderia a empresa aderir ao novo regime de contribui\u00e7\u00e3o por livre vontade e, ao mesmo tempo, querer se beneficiar de regras que n\u00e3o lhe sejam aplic\u00e1veis\u201d, afirmou Moraes no voto sobre ICMS na base da CPRB que cita no novo voto.<br><\/p>\n\n\n\n<p>Em fevereiro, <a href=\"https:\/\/valor.globo.com\/legislacao\/noticia\/2021\/02\/23\/maioria-no-supremo-vota-para-manter-icms-no-clculo-da-cprb.ghtml\">o STF negou o pedido de contribuintes<\/a> sobre assunto semelhante. A Corte manteve a exig\u00eancia da<strong> inclus\u00e3o do ICMS no c\u00e1lculo da CPRB<\/strong>. O impacto desta discuss\u00e3o, segundo a Fazenda Nacional, \u00e9 de <strong>R$ 9 bilh\u00f5es<\/strong> nos \u00faltimos cinco anos e R$ 800 milh\u00f5es apenas em 2020 (RE 1187264).<\/p>\n\n\n\n<p>Fonte: <a href=\"https:\/\/valor.globo.com\/legislacao\/noticia\/2021\/06\/16\/julgamento-sobre-excluso-do-iss-da-contribuio-previdenciria-est-empatado-no-stf.ghtml\" data-type=\"URL\" data-id=\"https:\/\/valor.globo.com\/legislacao\/noticia\/2021\/06\/16\/julgamento-sobre-excluso-do-iss-da-contribuio-previdenciria-est-empatado-no-stf.ghtml\" target=\"_blank\" rel=\"noreferrer noopener\">Valor<\/a><\/p>\n\n\n\n<p>A Amaral, Yazbek, OAB\/PR 762, possui 35 anos de experi\u00eancia auxiliando empresas a transformar a tributa\u00e7\u00e3o em lucro. Entre em contato com um dos s\u00f3cios para agendamento de reuni\u00e3o em caso de d\u00favidas.<\/p>\n\n\n\n<p>Contato: 41 3595-8300 ou pelo nosso WhatsApp 41 99567-5696<\/p>\n\n\n\n<p>Av. C\u00e2ndido Hartmann, 50 \u2013 Bigorrilho | Curitiba-PR<\/p>\n\n\n\n<p>Assine nossa Newsletter e fique por dentro das novidades!<\/p>\n\n\n\n<p>Quer receber seu exemplar da revista Governan\u00e7a Jur\u00eddica? Clique <a href=\"http:\/\/ayadvogados.com.br\/revista\">aqui<\/a>&nbsp;e pe\u00e7a a sua.<\/p>\n\n\n\n<p>Nos acompanhe nas redes sociais: <a href=\"https:\/\/www.facebook.com\/amaral.yazbek\">Facebook<\/a>&nbsp;| <a href=\"https:\/\/www.instagram.com\/amaral.yazbek\/\">Instagram<\/a> | <a href=\"https:\/\/www.linkedin.com\/company\/3357082\/admin\/\">Linkedin<\/a><\/p>\n\n\n\n<p>J\u00e1 conhece o canal Direito da Intelig\u00eancia de Neg\u00f3cios? <a href=\"https:\/\/www.youtube.com\/channel\/UCu2Mpu32ht8DEN8OFRXYMyw\">Inscreva-se j\u00e1<\/a><\/p>\n","protected":false},"excerpt":{"rendered":"<p>Est\u00e1 empatado, no Supremo Tribunal Federal (STF), o julgamento sobre a possibilidade de excluir o ISS do c\u00e1lculo da Contribui\u00e7\u00e3o Previdenci\u00e1ria sobre a Receita Bruta (CPRB). Por enquanto, dois ministros votaram. O relator, ministro Marco Aur\u00e9lio Mello, autorizou a exclus\u00e3o. O ministro Alexandre de Moraes entendeu que o imposto municipal comp\u00f5e o c\u00e1lculo da CPRB. [&hellip;]<\/p>\n","protected":false},"author":2,"featured_media":1234,"comment_status":"open","ping_status":"open","sticky":false,"template":"","format":"standard","meta":{"footnotes":""},"categories":[1],"tags":[],"class_list":["post-1233","post","type-post","status-publish","format-standard","has-post-thumbnail","hentry","category-noticia-do-dia"],"blocksy_meta":{"styles_descriptor":{"styles":{"desktop":"","tablet":"","mobile":""},"google_fonts":[],"version":6}},"yoast_head":"<!-- This site is optimized with the Yoast SEO plugin v27.5 - https:\/\/yoast.com\/product\/yoast-seo-wordpress\/ -->\n<title>Julgamento sobre exclus\u00e3o do ISS da contribui\u00e7\u00e3o previdenci\u00e1ria est\u00e1 empatado no STF - Amaral, Yazbek Advogados<\/title>\n<meta name=\"robots\" content=\"index, follow, max-snippet:-1, max-image-preview:large, max-video-preview:-1\" \/>\n<link rel=\"canonical\" href=\"https:\/\/www.eloquent-edison.34-239-117-254.plesk.page\/?p=1233\" \/>\n<meta property=\"og:locale\" content=\"pt_BR\" \/>\n<meta property=\"og:type\" content=\"article\" \/>\n<meta property=\"og:title\" content=\"Julgamento sobre exclus\u00e3o do ISS da contribui\u00e7\u00e3o previdenci\u00e1ria est\u00e1 empatado no STF - Amaral, Yazbek Advogados\" \/>\n<meta property=\"og:description\" content=\"Est\u00e1 empatado, no Supremo Tribunal Federal (STF), o julgamento sobre a possibilidade de excluir o ISS do c\u00e1lculo da Contribui\u00e7\u00e3o Previdenci\u00e1ria sobre a Receita Bruta (CPRB). Por enquanto, dois ministros votaram. O relator, ministro Marco Aur\u00e9lio Mello, autorizou a exclus\u00e3o. O ministro Alexandre de Moraes entendeu que o imposto municipal comp\u00f5e o c\u00e1lculo da CPRB. [&hellip;]\" \/>\n<meta property=\"og:url\" content=\"https:\/\/www.eloquent-edison.34-239-117-254.plesk.page\/?p=1233\" \/>\n<meta property=\"og:site_name\" content=\"Amaral, Yazbek Advogados\" \/>\n<meta property=\"article:publisher\" content=\"https:\/\/www.facebook.com\/AYadvogados\" \/>\n<meta property=\"article:published_time\" content=\"2021-06-16T21:25:17+00:00\" \/>\n<meta property=\"og:image\" content=\"https:\/\/www.eloquent-edison.34-239-117-254.plesk.page\/wp-content\/uploads\/2021\/06\/16-06-Blog.png\" \/>\n\t<meta property=\"og:image:width\" content=\"1000\" \/>\n\t<meta property=\"og:image:height\" content=\"620\" \/>\n\t<meta property=\"og:image:type\" content=\"image\/png\" \/>\n<meta name=\"author\" content=\"AY Advogados\" \/>\n<meta name=\"twitter:card\" content=\"summary_large_image\" \/>\n<meta name=\"twitter:label1\" content=\"Escrito por\" \/>\n\t<meta name=\"twitter:data1\" content=\"AY Advogados\" \/>\n\t<meta name=\"twitter:label2\" content=\"Est. tempo de leitura\" \/>\n\t<meta name=\"twitter:data2\" content=\"3 minutos\" \/>\n<script type=\"application\/ld+json\" class=\"yoast-schema-graph\">{\"@context\":\"https:\\\/\\\/schema.org\",\"@graph\":[{\"@type\":\"Article\",\"@id\":\"https:\\\/\\\/www.eloquent-edison.34-239-117-254.plesk.page\\\/?p=1233#article\",\"isPartOf\":{\"@id\":\"https:\\\/\\\/www.eloquent-edison.34-239-117-254.plesk.page\\\/?p=1233\"},\"author\":{\"name\":\"AY Advogados\",\"@id\":\"https:\\\/\\\/www.34.239.117.254.sslip.io\\\/#\\\/schema\\\/person\\\/4abfbf03ad3e577e691d333af064a912\"},\"headline\":\"Julgamento sobre exclus\u00e3o do ISS da contribui\u00e7\u00e3o previdenci\u00e1ria est\u00e1 empatado no STF\",\"datePublished\":\"2021-06-16T21:25:17+00:00\",\"mainEntityOfPage\":{\"@id\":\"https:\\\/\\\/www.eloquent-edison.34-239-117-254.plesk.page\\\/?p=1233\"},\"wordCount\":564,\"commentCount\":0,\"publisher\":{\"@id\":\"https:\\\/\\\/www.34.239.117.254.sslip.io\\\/#organization\"},\"image\":{\"@id\":\"https:\\\/\\\/www.eloquent-edison.34-239-117-254.plesk.page\\\/?p=1233#primaryimage\"},\"thumbnailUrl\":\"https:\\\/\\\/www.ayadvogados.com.br\\\/wp-content\\\/uploads\\\/2021\\\/06\\\/16-06-Blog.png\",\"articleSection\":[\"Not\u00edcia do Dia\"],\"inLanguage\":\"pt-BR\",\"potentialAction\":[{\"@type\":\"CommentAction\",\"name\":\"Comment\",\"target\":[\"https:\\\/\\\/www.eloquent-edison.34-239-117-254.plesk.page\\\/?p=1233#respond\"]}]},{\"@type\":\"WebPage\",\"@id\":\"https:\\\/\\\/www.eloquent-edison.34-239-117-254.plesk.page\\\/?p=1233\",\"url\":\"https:\\\/\\\/www.eloquent-edison.34-239-117-254.plesk.page\\\/?p=1233\",\"name\":\"Julgamento sobre exclus\u00e3o do ISS da contribui\u00e7\u00e3o previdenci\u00e1ria est\u00e1 empatado no STF - Amaral, Yazbek Advogados\",\"isPartOf\":{\"@id\":\"https:\\\/\\\/www.34.239.117.254.sslip.io\\\/#website\"},\"primaryImageOfPage\":{\"@id\":\"https:\\\/\\\/www.eloquent-edison.34-239-117-254.plesk.page\\\/?p=1233#primaryimage\"},\"image\":{\"@id\":\"https:\\\/\\\/www.eloquent-edison.34-239-117-254.plesk.page\\\/?p=1233#primaryimage\"},\"thumbnailUrl\":\"https:\\\/\\\/www.ayadvogados.com.br\\\/wp-content\\\/uploads\\\/2021\\\/06\\\/16-06-Blog.png\",\"datePublished\":\"2021-06-16T21:25:17+00:00\",\"breadcrumb\":{\"@id\":\"https:\\\/\\\/www.eloquent-edison.34-239-117-254.plesk.page\\\/?p=1233#breadcrumb\"},\"inLanguage\":\"pt-BR\",\"potentialAction\":[{\"@type\":\"ReadAction\",\"target\":[\"https:\\\/\\\/www.eloquent-edison.34-239-117-254.plesk.page\\\/?p=1233\"]}]},{\"@type\":\"ImageObject\",\"inLanguage\":\"pt-BR\",\"@id\":\"https:\\\/\\\/www.eloquent-edison.34-239-117-254.plesk.page\\\/?p=1233#primaryimage\",\"url\":\"https:\\\/\\\/www.ayadvogados.com.br\\\/wp-content\\\/uploads\\\/2021\\\/06\\\/16-06-Blog.png\",\"contentUrl\":\"https:\\\/\\\/www.ayadvogados.com.br\\\/wp-content\\\/uploads\\\/2021\\\/06\\\/16-06-Blog.png\",\"width\":1000,\"height\":620},{\"@type\":\"BreadcrumbList\",\"@id\":\"https:\\\/\\\/www.eloquent-edison.34-239-117-254.plesk.page\\\/?p=1233#breadcrumb\",\"itemListElement\":[{\"@type\":\"ListItem\",\"position\":1,\"name\":\"In\u00edcio\",\"item\":\"https:\\\/\\\/www.34.239.117.254.sslip.io\\\/\"},{\"@type\":\"ListItem\",\"position\":2,\"name\":\"Julgamento sobre exclus\u00e3o do ISS da contribui\u00e7\u00e3o previdenci\u00e1ria est\u00e1 empatado no STF\"}]},{\"@type\":\"WebSite\",\"@id\":\"https:\\\/\\\/www.34.239.117.254.sslip.io\\\/#website\",\"url\":\"https:\\\/\\\/www.34.239.117.254.sslip.io\\\/\",\"name\":\"Amaral, Yazbek Advogados\",\"description\":\"Curitiba \u2022 Bras\u00edlia \u2022 S\u00e3o Paulo\",\"publisher\":{\"@id\":\"https:\\\/\\\/www.34.239.117.254.sslip.io\\\/#organization\"},\"potentialAction\":[{\"@type\":\"SearchAction\",\"target\":{\"@type\":\"EntryPoint\",\"urlTemplate\":\"https:\\\/\\\/www.34.239.117.254.sslip.io\\\/?s={search_term_string}\"},\"query-input\":{\"@type\":\"PropertyValueSpecification\",\"valueRequired\":true,\"valueName\":\"search_term_string\"}}],\"inLanguage\":\"pt-BR\"},{\"@type\":\"Organization\",\"@id\":\"https:\\\/\\\/www.34.239.117.254.sslip.io\\\/#organization\",\"name\":\"Amaral, Yazbek Advogados\",\"url\":\"https:\\\/\\\/www.34.239.117.254.sslip.io\\\/\",\"logo\":{\"@type\":\"ImageObject\",\"inLanguage\":\"pt-BR\",\"@id\":\"https:\\\/\\\/www.34.239.117.254.sslip.io\\\/#\\\/schema\\\/logo\\\/image\\\/\",\"url\":\"http:\\\/\\\/34.239.117.254\\\/wp-content\\\/uploads\\\/2021\\\/03\\\/logo-ay-g.png\",\"contentUrl\":\"http:\\\/\\\/34.239.117.254\\\/wp-content\\\/uploads\\\/2021\\\/03\\\/logo-ay-g.png\",\"width\":434,\"height\":106,\"caption\":\"Amaral, Yazbek Advogados\"},\"image\":{\"@id\":\"https:\\\/\\\/www.34.239.117.254.sslip.io\\\/#\\\/schema\\\/logo\\\/image\\\/\"},\"sameAs\":[\"https:\\\/\\\/www.facebook.com\\\/AYadvogados\",\"https:\\\/\\\/www.instagram.com\\\/ayadvogados\\\/\"]},{\"@type\":\"Person\",\"@id\":\"https:\\\/\\\/www.34.239.117.254.sslip.io\\\/#\\\/schema\\\/person\\\/4abfbf03ad3e577e691d333af064a912\",\"name\":\"AY Advogados\",\"image\":{\"@type\":\"ImageObject\",\"inLanguage\":\"pt-BR\",\"@id\":\"https:\\\/\\\/secure.gravatar.com\\\/avatar\\\/1473912b851241f5503026e6156e144dcd83ff7addb67f65e1ed9ca21ee1d9cf?s=96&d=mm&r=g\",\"url\":\"https:\\\/\\\/secure.gravatar.com\\\/avatar\\\/1473912b851241f5503026e6156e144dcd83ff7addb67f65e1ed9ca21ee1d9cf?s=96&d=mm&r=g\",\"contentUrl\":\"https:\\\/\\\/secure.gravatar.com\\\/avatar\\\/1473912b851241f5503026e6156e144dcd83ff7addb67f65e1ed9ca21ee1d9cf?s=96&d=mm&r=g\",\"caption\":\"AY Advogados\"},\"sameAs\":[\"https:\\\/\\\/ayadvogados.com.br\"],\"url\":\"https:\\\/\\\/www.ayadvogados.com.br\\\/?author=2\"}]}<\/script>\n<!-- \/ Yoast SEO plugin. -->","yoast_head_json":{"title":"Julgamento sobre exclus\u00e3o do ISS da contribui\u00e7\u00e3o previdenci\u00e1ria est\u00e1 empatado no STF - Amaral, Yazbek Advogados","robots":{"index":"index","follow":"follow","max-snippet":"max-snippet:-1","max-image-preview":"max-image-preview:large","max-video-preview":"max-video-preview:-1"},"canonical":"https:\/\/www.eloquent-edison.34-239-117-254.plesk.page\/?p=1233","og_locale":"pt_BR","og_type":"article","og_title":"Julgamento sobre exclus\u00e3o do ISS da contribui\u00e7\u00e3o previdenci\u00e1ria est\u00e1 empatado no STF - Amaral, Yazbek Advogados","og_description":"Est\u00e1 empatado, no Supremo Tribunal Federal (STF), o julgamento sobre a possibilidade de excluir o ISS do c\u00e1lculo da Contribui\u00e7\u00e3o Previdenci\u00e1ria sobre a Receita Bruta (CPRB). Por enquanto, dois ministros votaram. O relator, ministro Marco Aur\u00e9lio Mello, autorizou a exclus\u00e3o. O ministro Alexandre de Moraes entendeu que o imposto municipal comp\u00f5e o c\u00e1lculo da CPRB. [&hellip;]","og_url":"https:\/\/www.eloquent-edison.34-239-117-254.plesk.page\/?p=1233","og_site_name":"Amaral, Yazbek Advogados","article_publisher":"https:\/\/www.facebook.com\/AYadvogados","article_published_time":"2021-06-16T21:25:17+00:00","og_image":[{"width":1000,"height":620,"url":"https:\/\/www.eloquent-edison.34-239-117-254.plesk.page\/wp-content\/uploads\/2021\/06\/16-06-Blog.png","type":"image\/png"}],"author":"AY Advogados","twitter_card":"summary_large_image","twitter_misc":{"Escrito por":"AY Advogados","Est. tempo de leitura":"3 minutos"},"schema":{"@context":"https:\/\/schema.org","@graph":[{"@type":"Article","@id":"https:\/\/www.eloquent-edison.34-239-117-254.plesk.page\/?p=1233#article","isPartOf":{"@id":"https:\/\/www.eloquent-edison.34-239-117-254.plesk.page\/?p=1233"},"author":{"name":"AY Advogados","@id":"https:\/\/www.34.239.117.254.sslip.io\/#\/schema\/person\/4abfbf03ad3e577e691d333af064a912"},"headline":"Julgamento sobre exclus\u00e3o do ISS da contribui\u00e7\u00e3o previdenci\u00e1ria est\u00e1 empatado no STF","datePublished":"2021-06-16T21:25:17+00:00","mainEntityOfPage":{"@id":"https:\/\/www.eloquent-edison.34-239-117-254.plesk.page\/?p=1233"},"wordCount":564,"commentCount":0,"publisher":{"@id":"https:\/\/www.34.239.117.254.sslip.io\/#organization"},"image":{"@id":"https:\/\/www.eloquent-edison.34-239-117-254.plesk.page\/?p=1233#primaryimage"},"thumbnailUrl":"https:\/\/www.ayadvogados.com.br\/wp-content\/uploads\/2021\/06\/16-06-Blog.png","articleSection":["Not\u00edcia do Dia"],"inLanguage":"pt-BR","potentialAction":[{"@type":"CommentAction","name":"Comment","target":["https:\/\/www.eloquent-edison.34-239-117-254.plesk.page\/?p=1233#respond"]}]},{"@type":"WebPage","@id":"https:\/\/www.eloquent-edison.34-239-117-254.plesk.page\/?p=1233","url":"https:\/\/www.eloquent-edison.34-239-117-254.plesk.page\/?p=1233","name":"Julgamento sobre exclus\u00e3o do ISS da contribui\u00e7\u00e3o previdenci\u00e1ria est\u00e1 empatado no STF - Amaral, Yazbek Advogados","isPartOf":{"@id":"https:\/\/www.34.239.117.254.sslip.io\/#website"},"primaryImageOfPage":{"@id":"https:\/\/www.eloquent-edison.34-239-117-254.plesk.page\/?p=1233#primaryimage"},"image":{"@id":"https:\/\/www.eloquent-edison.34-239-117-254.plesk.page\/?p=1233#primaryimage"},"thumbnailUrl":"https:\/\/www.ayadvogados.com.br\/wp-content\/uploads\/2021\/06\/16-06-Blog.png","datePublished":"2021-06-16T21:25:17+00:00","breadcrumb":{"@id":"https:\/\/www.eloquent-edison.34-239-117-254.plesk.page\/?p=1233#breadcrumb"},"inLanguage":"pt-BR","potentialAction":[{"@type":"ReadAction","target":["https:\/\/www.eloquent-edison.34-239-117-254.plesk.page\/?p=1233"]}]},{"@type":"ImageObject","inLanguage":"pt-BR","@id":"https:\/\/www.eloquent-edison.34-239-117-254.plesk.page\/?p=1233#primaryimage","url":"https:\/\/www.ayadvogados.com.br\/wp-content\/uploads\/2021\/06\/16-06-Blog.png","contentUrl":"https:\/\/www.ayadvogados.com.br\/wp-content\/uploads\/2021\/06\/16-06-Blog.png","width":1000,"height":620},{"@type":"BreadcrumbList","@id":"https:\/\/www.eloquent-edison.34-239-117-254.plesk.page\/?p=1233#breadcrumb","itemListElement":[{"@type":"ListItem","position":1,"name":"In\u00edcio","item":"https:\/\/www.34.239.117.254.sslip.io\/"},{"@type":"ListItem","position":2,"name":"Julgamento sobre exclus\u00e3o do ISS da contribui\u00e7\u00e3o previdenci\u00e1ria est\u00e1 empatado no STF"}]},{"@type":"WebSite","@id":"https:\/\/www.34.239.117.254.sslip.io\/#website","url":"https:\/\/www.34.239.117.254.sslip.io\/","name":"Amaral, Yazbek Advogados","description":"Curitiba \u2022 Bras\u00edlia \u2022 S\u00e3o Paulo","publisher":{"@id":"https:\/\/www.34.239.117.254.sslip.io\/#organization"},"potentialAction":[{"@type":"SearchAction","target":{"@type":"EntryPoint","urlTemplate":"https:\/\/www.34.239.117.254.sslip.io\/?s={search_term_string}"},"query-input":{"@type":"PropertyValueSpecification","valueRequired":true,"valueName":"search_term_string"}}],"inLanguage":"pt-BR"},{"@type":"Organization","@id":"https:\/\/www.34.239.117.254.sslip.io\/#organization","name":"Amaral, Yazbek Advogados","url":"https:\/\/www.34.239.117.254.sslip.io\/","logo":{"@type":"ImageObject","inLanguage":"pt-BR","@id":"https:\/\/www.34.239.117.254.sslip.io\/#\/schema\/logo\/image\/","url":"http:\/\/34.239.117.254\/wp-content\/uploads\/2021\/03\/logo-ay-g.png","contentUrl":"http:\/\/34.239.117.254\/wp-content\/uploads\/2021\/03\/logo-ay-g.png","width":434,"height":106,"caption":"Amaral, Yazbek Advogados"},"image":{"@id":"https:\/\/www.34.239.117.254.sslip.io\/#\/schema\/logo\/image\/"},"sameAs":["https:\/\/www.facebook.com\/AYadvogados","https:\/\/www.instagram.com\/ayadvogados\/"]},{"@type":"Person","@id":"https:\/\/www.34.239.117.254.sslip.io\/#\/schema\/person\/4abfbf03ad3e577e691d333af064a912","name":"AY Advogados","image":{"@type":"ImageObject","inLanguage":"pt-BR","@id":"https:\/\/secure.gravatar.com\/avatar\/1473912b851241f5503026e6156e144dcd83ff7addb67f65e1ed9ca21ee1d9cf?s=96&d=mm&r=g","url":"https:\/\/secure.gravatar.com\/avatar\/1473912b851241f5503026e6156e144dcd83ff7addb67f65e1ed9ca21ee1d9cf?s=96&d=mm&r=g","contentUrl":"https:\/\/secure.gravatar.com\/avatar\/1473912b851241f5503026e6156e144dcd83ff7addb67f65e1ed9ca21ee1d9cf?s=96&d=mm&r=g","caption":"AY Advogados"},"sameAs":["https:\/\/ayadvogados.com.br"],"url":"https:\/\/www.ayadvogados.com.br\/?author=2"}]}},"rttpg_featured_image_url":{"full":["https:\/\/www.ayadvogados.com.br\/wp-content\/uploads\/2021\/06\/16-06-Blog.png",1000,620,false],"landscape":["https:\/\/www.ayadvogados.com.br\/wp-content\/uploads\/2021\/06\/16-06-Blog.png",1000,620,false],"portraits":["https:\/\/www.ayadvogados.com.br\/wp-content\/uploads\/2021\/06\/16-06-Blog.png",1000,620,false],"thumbnail":["https:\/\/www.ayadvogados.com.br\/wp-content\/uploads\/2021\/06\/16-06-Blog-150x150.png",150,150,true],"medium":["https:\/\/www.ayadvogados.com.br\/wp-content\/uploads\/2021\/06\/16-06-Blog-300x186.png",300,186,true],"large":["https:\/\/www.ayadvogados.com.br\/wp-content\/uploads\/2021\/06\/16-06-Blog.png",1000,620,false],"1536x1536":["https:\/\/www.ayadvogados.com.br\/wp-content\/uploads\/2021\/06\/16-06-Blog.png",1000,620,false],"2048x2048":["https:\/\/www.ayadvogados.com.br\/wp-content\/uploads\/2021\/06\/16-06-Blog.png",1000,620,false]},"rttpg_author":{"display_name":"AY Advogados","author_link":"https:\/\/www.ayadvogados.com.br\/?author=2"},"rttpg_comment":0,"rttpg_category":"<a href=\"https:\/\/www.ayadvogados.com.br\/?cat=1\" rel=\"category\">Not\u00edcia do Dia<\/a>","rttpg_excerpt":"Est\u00e1 empatado, no Supremo Tribunal Federal (STF), o julgamento sobre a possibilidade de excluir o ISS do c\u00e1lculo da Contribui\u00e7\u00e3o Previdenci\u00e1ria sobre a Receita Bruta (CPRB). Por enquanto, dois ministros votaram. O relator, ministro Marco Aur\u00e9lio Mello, autorizou a exclus\u00e3o. O ministro Alexandre de Moraes entendeu que o imposto municipal comp\u00f5e o c\u00e1lculo da CPRB.&hellip;","_links":{"self":[{"href":"https:\/\/www.ayadvogados.com.br\/index.php?rest_route=\/wp\/v2\/posts\/1233","targetHints":{"allow":["GET"]}}],"collection":[{"href":"https:\/\/www.ayadvogados.com.br\/index.php?rest_route=\/wp\/v2\/posts"}],"about":[{"href":"https:\/\/www.ayadvogados.com.br\/index.php?rest_route=\/wp\/v2\/types\/post"}],"author":[{"embeddable":true,"href":"https:\/\/www.ayadvogados.com.br\/index.php?rest_route=\/wp\/v2\/users\/2"}],"replies":[{"embeddable":true,"href":"https:\/\/www.ayadvogados.com.br\/index.php?rest_route=%2Fwp%2Fv2%2Fcomments&post=1233"}],"version-history":[{"count":1,"href":"https:\/\/www.ayadvogados.com.br\/index.php?rest_route=\/wp\/v2\/posts\/1233\/revisions"}],"predecessor-version":[{"id":1235,"href":"https:\/\/www.ayadvogados.com.br\/index.php?rest_route=\/wp\/v2\/posts\/1233\/revisions\/1235"}],"wp:featuredmedia":[{"embeddable":true,"href":"https:\/\/www.ayadvogados.com.br\/index.php?rest_route=\/wp\/v2\/media\/1234"}],"wp:attachment":[{"href":"https:\/\/www.ayadvogados.com.br\/index.php?rest_route=%2Fwp%2Fv2%2Fmedia&parent=1233"}],"wp:term":[{"taxonomy":"category","embeddable":true,"href":"https:\/\/www.ayadvogados.com.br\/index.php?rest_route=%2Fwp%2Fv2%2Fcategories&post=1233"},{"taxonomy":"post_tag","embeddable":true,"href":"https:\/\/www.ayadvogados.com.br\/index.php?rest_route=%2Fwp%2Fv2%2Ftags&post=1233"}],"curies":[{"name":"wp","href":"https:\/\/api.w.org\/{rel}","templated":true}]}}