{"id":1229,"date":"2021-06-15T17:12:32","date_gmt":"2021-06-15T20:12:32","guid":{"rendered":"http:\/\/34.239.117.254\/?p=1229"},"modified":"2021-06-15T17:12:32","modified_gmt":"2021-06-15T20:12:32","slug":"carf-decide-que-despesas-portuarias-geram-creditos","status":"publish","type":"post","link":"https:\/\/www.ayadvogados.com.br\/?p=1229","title":{"rendered":"Carf decide que despesas portu\u00e1rias geram cr\u00e9ditos"},"content":{"rendered":"\n<p>Empresas que operam no <strong>com\u00e9rcio exterior<\/strong> obtiveram precedente favor\u00e1vel na <strong>\u00faltima inst\u00e2ncia do Conselho Administrativo de Recursos Fiscais (Carf<\/strong>) para usarem <strong>cr\u00e9ditos de PIS e Cofins<\/strong> gerados com despesas nos portos. A <strong>Ingredion<\/strong>, que atua com moagem de milho e outros vegetais para a ind\u00fastria, conseguiu reverter uma cobran\u00e7a fiscal pelo uso de cr\u00e9ditos com embarque e desembarque de carga, despachantes e armazenamento.<br><\/p>\n\n\n\n<p>A decis\u00e3o \u00e9 da 3\u00aa Turma da C\u00e2mara Superior do Carf. Segundo advogados, a maioria dos julgamentos do tribunal administrativo sobre o assunto ainda \u00e9 desfavor\u00e1vel ao contribuinte. \u201cA C\u00e2mara Superior \u00e9 vacilante em rela\u00e7\u00e3o \u00e0 possibilidade de creditamento\u201d, afirma Diogo Martins Teixeira, s\u00f3cio do escrit\u00f3rio Machado Meyer.<br><\/p>\n\n\n\n<p>Em fevereiro, por exemplo, a mesma turma negou a tomada de cr\u00e9dito por despesas portu\u00e1rias na exporta\u00e7\u00e3o de \u00e1lcool e a\u00e7\u00facar pela <strong>Cosan<\/strong>. Na ocasi\u00e3o, a maioria dos conselheiros entendeu que esses gastos n\u00e3o seriam insumos aptos a gerarem cr\u00e9dito. Isso porque s\u00e3o feitos depois de encerrado o processo de produ\u00e7\u00e3o da mercadoria (processo n\u00ba 13888.002438\/2004-7).<br><\/p>\n\n\n\n<p>A Receita Federal n\u00e3o reconhece esses cr\u00e9ditos e autua o contribuinte por considerar que os gastos com servi\u00e7os portu\u00e1rios ocorrem antes ou depois do processo produtivo. Dessa forma, n\u00e3o estariam diretamente relacionados com a fabrica\u00e7\u00e3o de bens ou presta\u00e7\u00e3o de servi\u00e7os.<br><\/p>\n\n\n\n<p>No caso da Ingredion, a vit\u00f3ria se deu pela regra de desempate de julgamentos prevista no artigo 19-E, da Lei n\u00ba 10.522, de 2002. Pelo dispositivo incorporado no ano passado, o contribuinte deve sair vencedor em caso de empate na vota\u00e7\u00e3o. Em nota ao <strong>Valor<\/strong>, a Procuradoria da Fazenda Nacional afirmou que \u201ca decis\u00e3o representa mais uma revers\u00e3o na jurisprud\u00eancia do Carf motivada pela mudan\u00e7a na sistem\u00e1tica do voto de qualidade\u201d.<br><\/p>\n\n\n\n<p>Prevaleceu o voto da conselheira Vanessa Marini Cecconello. Ela citou como um dos fundamentos a orienta\u00e7\u00e3o do Superior Tribunal de Justi\u00e7a (STJ), em recurso repetitivo, de que para gerar cr\u00e9dito o insumo deve ser essencial ou relevante para o desenvolvimento da atividade econ\u00f4mica. Utilizou ainda o \u201cteste da subtra\u00e7\u00e3o\u201d para verificar se a retirada do insumo da produ\u00e7\u00e3o implica em inviabilidade ou perda de qualidade do produto ou servi\u00e7o (processo n\u00ba 10314.720217\/2017-14).<br><\/p>\n\n\n\n<p>Para Cecconello, as despesas com servi\u00e7os portu\u00e1rios s\u00e3o essenciais ao processo produtivo da empresa que opera com importa\u00e7\u00e3o e exporta\u00e7\u00f5es. \u201cAssiste raz\u00e3o ao contribuinte quanto \u00e0 essencialidade e relev\u00e2ncia dos servi\u00e7os portu\u00e1rios para o seu processo produtivo, por serem inerentes \u00e0 entrada ou sa\u00edda de mercadorias do pa\u00eds\u201d, afirmou a conselheira no voto.<br><\/p>\n\n\n\n<p>A log\u00edstica e o cumprimento de regras nos portos implicam uma s\u00e9rie de desembolsos pelas empresas a v\u00e1rios prestadores de servi\u00e7o. H\u00e1 gastos, por exemplo, com manuseio de carga, carregamento de cont\u00eainer, frete do porto at\u00e9 o armazenamento e com despachantes para quest\u00f5es burocr\u00e1ticas.<br><\/p>\n\n\n\n<p>Segundo o advogado Fl\u00e1vio Lopes de Almeida, da LacLaw Consultoria Tribut\u00e1ria, o entendimento da C\u00e2mara Superior do Carf tende a gerar uma economia relevante para empresas que fazem importa\u00e7\u00e3o e exporta\u00e7\u00e3o de mercadorias, e recolhem as contribui\u00e7\u00f5es com al\u00edquota de 9,25%. \u201cO contribuinte n\u00e3o consegue restringir a essencialidade do insumo \u00e0 planta produtiva, ao que acontece dentro dos port\u00f5es da f\u00e1brica\u201d, afirma.<br><\/p>\n\n\n\n<p>Para Thiago Macedo, vice-presidente de Finan\u00e7as Comerciais, Planejamento e An\u00e1lise Financeira da Ingredion Am\u00e9rica do Sul, a decis\u00e3o \u00e9 relevante por aplicar o entendimento do STJ. Ele defende que o processo produtivo deve ser analisado de forma ampla, de modo a identificar a pertin\u00eancia, a relev\u00e2ncia e a essencialidade do insumo na produ\u00e7\u00e3o. \u201cA subtra\u00e7\u00e3o dos servi\u00e7os portu\u00e1rios inviabiliza completamente a atividade empresarial\u201d, afirmou.<br><\/p>\n\n\n\n<p>Na opini\u00e3o de Diogo Martins Teixeira, do Machado Meyer, o precedente \u00e9 relevante. Mas n\u00e3o ataca a quest\u00e3o controversa sobre o aproveitamento de cr\u00e9ditos gerados com despesas feitas antes ou depois da produ\u00e7\u00e3o, como na importa\u00e7\u00e3o de uma mat\u00e9ria-prima essencial. \u201cPela sistem\u00e1tica da n\u00e3o cumulatividade \u00e9 evidente que as despesas portu\u00e1rias deveriam gerar cr\u00e9dito. \u00c9 um valor muito expressivo. Mas h\u00e1 uma zona cinzenta quando tentamos encaixar esses itens na caixinha da lei\u201d, afirma.<\/p>\n\n\n\n<p>Fonte: <a href=\"https:\/\/valor.globo.com\/legislacao\/noticia\/2021\/06\/14\/carf-decide-que-despesas-portuarias-geram-creditos.ghtml\" data-type=\"URL\" data-id=\"https:\/\/valor.globo.com\/legislacao\/noticia\/2021\/06\/14\/carf-decide-que-despesas-portuarias-geram-creditos.ghtml\" target=\"_blank\" rel=\"noreferrer noopener\">Valor<\/a><\/p>\n\n\n\n<p>A Amaral, Yazbek, OAB\/PR 762, possui 35 anos de experi\u00eancia auxiliando empresas a transformar a tributa\u00e7\u00e3o em lucro. Entre em contato com um dos s\u00f3cios para agendamento de reuni\u00e3o em caso de d\u00favidas.<\/p>\n\n\n\n<p>Contato: 41 3595-8300 ou pelo nosso WhatsApp 41 99567-5696<\/p>\n\n\n\n<p>Av. C\u00e2ndido Hartmann, 50 \u2013 Bigorrilho | Curitiba-PR<\/p>\n\n\n\n<p>Assine nossa Newsletter e fique por dentro das novidades!<\/p>\n\n\n\n<p>Quer receber seu exemplar da revista Governan\u00e7a Jur\u00eddica? Clique <a href=\"http:\/\/ayadvogados.com.br\/revista\">aqui<\/a>&nbsp;e pe\u00e7a a sua.<\/p>\n\n\n\n<p>Nos acompanhe nas redes sociais: <a href=\"https:\/\/www.facebook.com\/amaral.yazbek\">Facebook<\/a>&nbsp;| <a href=\"https:\/\/www.instagram.com\/amaral.yazbek\/\">Instagram<\/a> | <a href=\"https:\/\/www.linkedin.com\/company\/3357082\/admin\/\">Linkedin<\/a><\/p>\n\n\n\n<p>J\u00e1 conhece o canal Direito da Intelig\u00eancia de Neg\u00f3cios? <a href=\"https:\/\/www.youtube.com\/channel\/UCu2Mpu32ht8DEN8OFRXYMyw\">Inscreva-se j\u00e1<\/a><\/p>\n","protected":false},"excerpt":{"rendered":"<p>Empresas que operam no com\u00e9rcio exterior obtiveram precedente favor\u00e1vel na \u00faltima inst\u00e2ncia do Conselho Administrativo de Recursos Fiscais (Carf) para usarem cr\u00e9ditos de PIS e Cofins gerados com despesas nos portos. A Ingredion, que atua com moagem de milho e outros vegetais para a ind\u00fastria, conseguiu reverter uma cobran\u00e7a fiscal pelo uso de cr\u00e9ditos com [&hellip;]<\/p>\n","protected":false},"author":2,"featured_media":1230,"comment_status":"open","ping_status":"open","sticky":false,"template":"","format":"standard","meta":{"footnotes":""},"categories":[1],"tags":[],"class_list":["post-1229","post","type-post","status-publish","format-standard","has-post-thumbnail","hentry","category-noticia-do-dia"],"blocksy_meta":{"styles_descriptor":{"styles":{"desktop":"","tablet":"","mobile":""},"google_fonts":[],"version":6}},"yoast_head":"<!-- This site is optimized with the Yoast SEO plugin v27.5 - https:\/\/yoast.com\/product\/yoast-seo-wordpress\/ -->\n<title>Carf decide que despesas portu\u00e1rias geram cr\u00e9ditos - Amaral, Yazbek Advogados<\/title>\n<meta name=\"robots\" content=\"index, follow, max-snippet:-1, max-image-preview:large, max-video-preview:-1\" \/>\n<link rel=\"canonical\" href=\"https:\/\/www.34.239.117.254.sslip.io\/?p=1229\" \/>\n<meta property=\"og:locale\" content=\"pt_BR\" \/>\n<meta property=\"og:type\" content=\"article\" \/>\n<meta property=\"og:title\" content=\"Carf decide que despesas portu\u00e1rias geram cr\u00e9ditos - Amaral, Yazbek Advogados\" \/>\n<meta property=\"og:description\" content=\"Empresas que operam no com\u00e9rcio exterior obtiveram precedente favor\u00e1vel na \u00faltima inst\u00e2ncia do Conselho Administrativo de Recursos Fiscais (Carf) para usarem cr\u00e9ditos de PIS e Cofins gerados com despesas nos portos. A Ingredion, que atua com moagem de milho e outros vegetais para a ind\u00fastria, conseguiu reverter uma cobran\u00e7a fiscal pelo uso de cr\u00e9ditos com [&hellip;]\" \/>\n<meta property=\"og:url\" content=\"https:\/\/www.34.239.117.254.sslip.io\/?p=1229\" \/>\n<meta property=\"og:site_name\" content=\"Amaral, Yazbek Advogados\" \/>\n<meta property=\"article:publisher\" content=\"https:\/\/www.facebook.com\/AYadvogados\" \/>\n<meta property=\"article:published_time\" content=\"2021-06-15T20:12:32+00:00\" \/>\n<meta property=\"og:image\" content=\"https:\/\/www.34.239.117.254.sslip.io\/wp-content\/uploads\/2021\/06\/15-06-Blog.png\" \/>\n\t<meta property=\"og:image:width\" content=\"1000\" \/>\n\t<meta property=\"og:image:height\" content=\"620\" \/>\n\t<meta property=\"og:image:type\" content=\"image\/png\" \/>\n<meta name=\"author\" content=\"AY Advogados\" \/>\n<meta name=\"twitter:card\" content=\"summary_large_image\" \/>\n<meta name=\"twitter:label1\" content=\"Escrito por\" \/>\n\t<meta name=\"twitter:data1\" content=\"AY Advogados\" \/>\n\t<meta name=\"twitter:label2\" content=\"Est. tempo de leitura\" \/>\n\t<meta name=\"twitter:data2\" content=\"4 minutos\" \/>\n<script type=\"application\/ld+json\" class=\"yoast-schema-graph\">{\"@context\":\"https:\\\/\\\/schema.org\",\"@graph\":[{\"@type\":\"Article\",\"@id\":\"https:\\\/\\\/www.34.239.117.254.sslip.io\\\/?p=1229#article\",\"isPartOf\":{\"@id\":\"https:\\\/\\\/www.34.239.117.254.sslip.io\\\/?p=1229\"},\"author\":{\"name\":\"AY Advogados\",\"@id\":\"https:\\\/\\\/www.34.239.117.254.sslip.io\\\/#\\\/schema\\\/person\\\/4abfbf03ad3e577e691d333af064a912\"},\"headline\":\"Carf decide que despesas portu\u00e1rias geram cr\u00e9ditos\",\"datePublished\":\"2021-06-15T20:12:32+00:00\",\"mainEntityOfPage\":{\"@id\":\"https:\\\/\\\/www.34.239.117.254.sslip.io\\\/?p=1229\"},\"wordCount\":837,\"commentCount\":0,\"publisher\":{\"@id\":\"https:\\\/\\\/www.34.239.117.254.sslip.io\\\/#organization\"},\"image\":{\"@id\":\"https:\\\/\\\/www.34.239.117.254.sslip.io\\\/?p=1229#primaryimage\"},\"thumbnailUrl\":\"https:\\\/\\\/www.ayadvogados.com.br\\\/wp-content\\\/uploads\\\/2021\\\/06\\\/15-06-Blog.png\",\"articleSection\":[\"Not\u00edcia do Dia\"],\"inLanguage\":\"pt-BR\",\"potentialAction\":[{\"@type\":\"CommentAction\",\"name\":\"Comment\",\"target\":[\"https:\\\/\\\/www.34.239.117.254.sslip.io\\\/?p=1229#respond\"]}]},{\"@type\":\"WebPage\",\"@id\":\"https:\\\/\\\/www.34.239.117.254.sslip.io\\\/?p=1229\",\"url\":\"https:\\\/\\\/www.34.239.117.254.sslip.io\\\/?p=1229\",\"name\":\"Carf decide que despesas portu\u00e1rias geram cr\u00e9ditos - Amaral, Yazbek Advogados\",\"isPartOf\":{\"@id\":\"https:\\\/\\\/www.34.239.117.254.sslip.io\\\/#website\"},\"primaryImageOfPage\":{\"@id\":\"https:\\\/\\\/www.34.239.117.254.sslip.io\\\/?p=1229#primaryimage\"},\"image\":{\"@id\":\"https:\\\/\\\/www.34.239.117.254.sslip.io\\\/?p=1229#primaryimage\"},\"thumbnailUrl\":\"https:\\\/\\\/www.ayadvogados.com.br\\\/wp-content\\\/uploads\\\/2021\\\/06\\\/15-06-Blog.png\",\"datePublished\":\"2021-06-15T20:12:32+00:00\",\"breadcrumb\":{\"@id\":\"https:\\\/\\\/www.34.239.117.254.sslip.io\\\/?p=1229#breadcrumb\"},\"inLanguage\":\"pt-BR\",\"potentialAction\":[{\"@type\":\"ReadAction\",\"target\":[\"https:\\\/\\\/www.34.239.117.254.sslip.io\\\/?p=1229\"]}]},{\"@type\":\"ImageObject\",\"inLanguage\":\"pt-BR\",\"@id\":\"https:\\\/\\\/www.34.239.117.254.sslip.io\\\/?p=1229#primaryimage\",\"url\":\"https:\\\/\\\/www.ayadvogados.com.br\\\/wp-content\\\/uploads\\\/2021\\\/06\\\/15-06-Blog.png\",\"contentUrl\":\"https:\\\/\\\/www.ayadvogados.com.br\\\/wp-content\\\/uploads\\\/2021\\\/06\\\/15-06-Blog.png\",\"width\":1000,\"height\":620},{\"@type\":\"BreadcrumbList\",\"@id\":\"https:\\\/\\\/www.34.239.117.254.sslip.io\\\/?p=1229#breadcrumb\",\"itemListElement\":[{\"@type\":\"ListItem\",\"position\":1,\"name\":\"In\u00edcio\",\"item\":\"https:\\\/\\\/www.34.239.117.254.sslip.io\\\/\"},{\"@type\":\"ListItem\",\"position\":2,\"name\":\"Carf decide que despesas portu\u00e1rias geram cr\u00e9ditos\"}]},{\"@type\":\"WebSite\",\"@id\":\"https:\\\/\\\/www.34.239.117.254.sslip.io\\\/#website\",\"url\":\"https:\\\/\\\/www.34.239.117.254.sslip.io\\\/\",\"name\":\"Amaral, Yazbek Advogados\",\"description\":\"Curitiba \u2022 Bras\u00edlia \u2022 S\u00e3o Paulo\",\"publisher\":{\"@id\":\"https:\\\/\\\/www.34.239.117.254.sslip.io\\\/#organization\"},\"potentialAction\":[{\"@type\":\"SearchAction\",\"target\":{\"@type\":\"EntryPoint\",\"urlTemplate\":\"https:\\\/\\\/www.34.239.117.254.sslip.io\\\/?s={search_term_string}\"},\"query-input\":{\"@type\":\"PropertyValueSpecification\",\"valueRequired\":true,\"valueName\":\"search_term_string\"}}],\"inLanguage\":\"pt-BR\"},{\"@type\":\"Organization\",\"@id\":\"https:\\\/\\\/www.34.239.117.254.sslip.io\\\/#organization\",\"name\":\"Amaral, Yazbek Advogados\",\"url\":\"https:\\\/\\\/www.34.239.117.254.sslip.io\\\/\",\"logo\":{\"@type\":\"ImageObject\",\"inLanguage\":\"pt-BR\",\"@id\":\"https:\\\/\\\/www.34.239.117.254.sslip.io\\\/#\\\/schema\\\/logo\\\/image\\\/\",\"url\":\"http:\\\/\\\/34.239.117.254\\\/wp-content\\\/uploads\\\/2021\\\/03\\\/logo-ay-g.png\",\"contentUrl\":\"http:\\\/\\\/34.239.117.254\\\/wp-content\\\/uploads\\\/2021\\\/03\\\/logo-ay-g.png\",\"width\":434,\"height\":106,\"caption\":\"Amaral, Yazbek Advogados\"},\"image\":{\"@id\":\"https:\\\/\\\/www.34.239.117.254.sslip.io\\\/#\\\/schema\\\/logo\\\/image\\\/\"},\"sameAs\":[\"https:\\\/\\\/www.facebook.com\\\/AYadvogados\",\"https:\\\/\\\/www.instagram.com\\\/ayadvogados\\\/\"]},{\"@type\":\"Person\",\"@id\":\"https:\\\/\\\/www.34.239.117.254.sslip.io\\\/#\\\/schema\\\/person\\\/4abfbf03ad3e577e691d333af064a912\",\"name\":\"AY Advogados\",\"image\":{\"@type\":\"ImageObject\",\"inLanguage\":\"pt-BR\",\"@id\":\"https:\\\/\\\/secure.gravatar.com\\\/avatar\\\/1473912b851241f5503026e6156e144dcd83ff7addb67f65e1ed9ca21ee1d9cf?s=96&d=mm&r=g\",\"url\":\"https:\\\/\\\/secure.gravatar.com\\\/avatar\\\/1473912b851241f5503026e6156e144dcd83ff7addb67f65e1ed9ca21ee1d9cf?s=96&d=mm&r=g\",\"contentUrl\":\"https:\\\/\\\/secure.gravatar.com\\\/avatar\\\/1473912b851241f5503026e6156e144dcd83ff7addb67f65e1ed9ca21ee1d9cf?s=96&d=mm&r=g\",\"caption\":\"AY Advogados\"},\"sameAs\":[\"https:\\\/\\\/ayadvogados.com.br\"],\"url\":\"https:\\\/\\\/www.ayadvogados.com.br\\\/?author=2\"}]}<\/script>\n<!-- \/ Yoast SEO plugin. -->","yoast_head_json":{"title":"Carf decide que despesas portu\u00e1rias geram cr\u00e9ditos - Amaral, Yazbek Advogados","robots":{"index":"index","follow":"follow","max-snippet":"max-snippet:-1","max-image-preview":"max-image-preview:large","max-video-preview":"max-video-preview:-1"},"canonical":"https:\/\/www.34.239.117.254.sslip.io\/?p=1229","og_locale":"pt_BR","og_type":"article","og_title":"Carf decide que despesas portu\u00e1rias geram cr\u00e9ditos - Amaral, Yazbek Advogados","og_description":"Empresas que operam no com\u00e9rcio exterior obtiveram precedente favor\u00e1vel na \u00faltima inst\u00e2ncia do Conselho Administrativo de Recursos Fiscais (Carf) para usarem cr\u00e9ditos de PIS e Cofins gerados com despesas nos portos. A Ingredion, que atua com moagem de milho e outros vegetais para a ind\u00fastria, conseguiu reverter uma cobran\u00e7a fiscal pelo uso de cr\u00e9ditos com [&hellip;]","og_url":"https:\/\/www.34.239.117.254.sslip.io\/?p=1229","og_site_name":"Amaral, Yazbek Advogados","article_publisher":"https:\/\/www.facebook.com\/AYadvogados","article_published_time":"2021-06-15T20:12:32+00:00","og_image":[{"width":1000,"height":620,"url":"https:\/\/www.34.239.117.254.sslip.io\/wp-content\/uploads\/2021\/06\/15-06-Blog.png","type":"image\/png"}],"author":"AY Advogados","twitter_card":"summary_large_image","twitter_misc":{"Escrito por":"AY Advogados","Est. tempo de leitura":"4 minutos"},"schema":{"@context":"https:\/\/schema.org","@graph":[{"@type":"Article","@id":"https:\/\/www.34.239.117.254.sslip.io\/?p=1229#article","isPartOf":{"@id":"https:\/\/www.34.239.117.254.sslip.io\/?p=1229"},"author":{"name":"AY Advogados","@id":"https:\/\/www.34.239.117.254.sslip.io\/#\/schema\/person\/4abfbf03ad3e577e691d333af064a912"},"headline":"Carf decide que despesas portu\u00e1rias geram cr\u00e9ditos","datePublished":"2021-06-15T20:12:32+00:00","mainEntityOfPage":{"@id":"https:\/\/www.34.239.117.254.sslip.io\/?p=1229"},"wordCount":837,"commentCount":0,"publisher":{"@id":"https:\/\/www.34.239.117.254.sslip.io\/#organization"},"image":{"@id":"https:\/\/www.34.239.117.254.sslip.io\/?p=1229#primaryimage"},"thumbnailUrl":"https:\/\/www.ayadvogados.com.br\/wp-content\/uploads\/2021\/06\/15-06-Blog.png","articleSection":["Not\u00edcia do Dia"],"inLanguage":"pt-BR","potentialAction":[{"@type":"CommentAction","name":"Comment","target":["https:\/\/www.34.239.117.254.sslip.io\/?p=1229#respond"]}]},{"@type":"WebPage","@id":"https:\/\/www.34.239.117.254.sslip.io\/?p=1229","url":"https:\/\/www.34.239.117.254.sslip.io\/?p=1229","name":"Carf decide que despesas portu\u00e1rias geram cr\u00e9ditos - Amaral, Yazbek Advogados","isPartOf":{"@id":"https:\/\/www.34.239.117.254.sslip.io\/#website"},"primaryImageOfPage":{"@id":"https:\/\/www.34.239.117.254.sslip.io\/?p=1229#primaryimage"},"image":{"@id":"https:\/\/www.34.239.117.254.sslip.io\/?p=1229#primaryimage"},"thumbnailUrl":"https:\/\/www.ayadvogados.com.br\/wp-content\/uploads\/2021\/06\/15-06-Blog.png","datePublished":"2021-06-15T20:12:32+00:00","breadcrumb":{"@id":"https:\/\/www.34.239.117.254.sslip.io\/?p=1229#breadcrumb"},"inLanguage":"pt-BR","potentialAction":[{"@type":"ReadAction","target":["https:\/\/www.34.239.117.254.sslip.io\/?p=1229"]}]},{"@type":"ImageObject","inLanguage":"pt-BR","@id":"https:\/\/www.34.239.117.254.sslip.io\/?p=1229#primaryimage","url":"https:\/\/www.ayadvogados.com.br\/wp-content\/uploads\/2021\/06\/15-06-Blog.png","contentUrl":"https:\/\/www.ayadvogados.com.br\/wp-content\/uploads\/2021\/06\/15-06-Blog.png","width":1000,"height":620},{"@type":"BreadcrumbList","@id":"https:\/\/www.34.239.117.254.sslip.io\/?p=1229#breadcrumb","itemListElement":[{"@type":"ListItem","position":1,"name":"In\u00edcio","item":"https:\/\/www.34.239.117.254.sslip.io\/"},{"@type":"ListItem","position":2,"name":"Carf decide que despesas portu\u00e1rias geram cr\u00e9ditos"}]},{"@type":"WebSite","@id":"https:\/\/www.34.239.117.254.sslip.io\/#website","url":"https:\/\/www.34.239.117.254.sslip.io\/","name":"Amaral, Yazbek Advogados","description":"Curitiba \u2022 Bras\u00edlia \u2022 S\u00e3o Paulo","publisher":{"@id":"https:\/\/www.34.239.117.254.sslip.io\/#organization"},"potentialAction":[{"@type":"SearchAction","target":{"@type":"EntryPoint","urlTemplate":"https:\/\/www.34.239.117.254.sslip.io\/?s={search_term_string}"},"query-input":{"@type":"PropertyValueSpecification","valueRequired":true,"valueName":"search_term_string"}}],"inLanguage":"pt-BR"},{"@type":"Organization","@id":"https:\/\/www.34.239.117.254.sslip.io\/#organization","name":"Amaral, Yazbek Advogados","url":"https:\/\/www.34.239.117.254.sslip.io\/","logo":{"@type":"ImageObject","inLanguage":"pt-BR","@id":"https:\/\/www.34.239.117.254.sslip.io\/#\/schema\/logo\/image\/","url":"http:\/\/34.239.117.254\/wp-content\/uploads\/2021\/03\/logo-ay-g.png","contentUrl":"http:\/\/34.239.117.254\/wp-content\/uploads\/2021\/03\/logo-ay-g.png","width":434,"height":106,"caption":"Amaral, Yazbek Advogados"},"image":{"@id":"https:\/\/www.34.239.117.254.sslip.io\/#\/schema\/logo\/image\/"},"sameAs":["https:\/\/www.facebook.com\/AYadvogados","https:\/\/www.instagram.com\/ayadvogados\/"]},{"@type":"Person","@id":"https:\/\/www.34.239.117.254.sslip.io\/#\/schema\/person\/4abfbf03ad3e577e691d333af064a912","name":"AY Advogados","image":{"@type":"ImageObject","inLanguage":"pt-BR","@id":"https:\/\/secure.gravatar.com\/avatar\/1473912b851241f5503026e6156e144dcd83ff7addb67f65e1ed9ca21ee1d9cf?s=96&d=mm&r=g","url":"https:\/\/secure.gravatar.com\/avatar\/1473912b851241f5503026e6156e144dcd83ff7addb67f65e1ed9ca21ee1d9cf?s=96&d=mm&r=g","contentUrl":"https:\/\/secure.gravatar.com\/avatar\/1473912b851241f5503026e6156e144dcd83ff7addb67f65e1ed9ca21ee1d9cf?s=96&d=mm&r=g","caption":"AY Advogados"},"sameAs":["https:\/\/ayadvogados.com.br"],"url":"https:\/\/www.ayadvogados.com.br\/?author=2"}]}},"rttpg_featured_image_url":{"full":["https:\/\/www.ayadvogados.com.br\/wp-content\/uploads\/2021\/06\/15-06-Blog.png",1000,620,false],"landscape":["https:\/\/www.ayadvogados.com.br\/wp-content\/uploads\/2021\/06\/15-06-Blog.png",1000,620,false],"portraits":["https:\/\/www.ayadvogados.com.br\/wp-content\/uploads\/2021\/06\/15-06-Blog.png",1000,620,false],"thumbnail":["https:\/\/www.ayadvogados.com.br\/wp-content\/uploads\/2021\/06\/15-06-Blog-150x150.png",150,150,true],"medium":["https:\/\/www.ayadvogados.com.br\/wp-content\/uploads\/2021\/06\/15-06-Blog-300x186.png",300,186,true],"large":["https:\/\/www.ayadvogados.com.br\/wp-content\/uploads\/2021\/06\/15-06-Blog.png",1000,620,false],"1536x1536":["https:\/\/www.ayadvogados.com.br\/wp-content\/uploads\/2021\/06\/15-06-Blog.png",1000,620,false],"2048x2048":["https:\/\/www.ayadvogados.com.br\/wp-content\/uploads\/2021\/06\/15-06-Blog.png",1000,620,false]},"rttpg_author":{"display_name":"AY Advogados","author_link":"https:\/\/www.ayadvogados.com.br\/?author=2"},"rttpg_comment":0,"rttpg_category":"<a href=\"https:\/\/www.ayadvogados.com.br\/?cat=1\" rel=\"category\">Not\u00edcia do Dia<\/a>","rttpg_excerpt":"Empresas que operam no com\u00e9rcio exterior obtiveram precedente favor\u00e1vel na \u00faltima inst\u00e2ncia do Conselho Administrativo de Recursos Fiscais (Carf) para usarem cr\u00e9ditos de PIS e Cofins gerados com despesas nos portos. A Ingredion, que atua com moagem de milho e outros vegetais para a ind\u00fastria, conseguiu reverter uma cobran\u00e7a fiscal pelo uso de cr\u00e9ditos com&hellip;","_links":{"self":[{"href":"https:\/\/www.ayadvogados.com.br\/index.php?rest_route=\/wp\/v2\/posts\/1229","targetHints":{"allow":["GET"]}}],"collection":[{"href":"https:\/\/www.ayadvogados.com.br\/index.php?rest_route=\/wp\/v2\/posts"}],"about":[{"href":"https:\/\/www.ayadvogados.com.br\/index.php?rest_route=\/wp\/v2\/types\/post"}],"author":[{"embeddable":true,"href":"https:\/\/www.ayadvogados.com.br\/index.php?rest_route=\/wp\/v2\/users\/2"}],"replies":[{"embeddable":true,"href":"https:\/\/www.ayadvogados.com.br\/index.php?rest_route=%2Fwp%2Fv2%2Fcomments&post=1229"}],"version-history":[{"count":1,"href":"https:\/\/www.ayadvogados.com.br\/index.php?rest_route=\/wp\/v2\/posts\/1229\/revisions"}],"predecessor-version":[{"id":1231,"href":"https:\/\/www.ayadvogados.com.br\/index.php?rest_route=\/wp\/v2\/posts\/1229\/revisions\/1231"}],"wp:featuredmedia":[{"embeddable":true,"href":"https:\/\/www.ayadvogados.com.br\/index.php?rest_route=\/wp\/v2\/media\/1230"}],"wp:attachment":[{"href":"https:\/\/www.ayadvogados.com.br\/index.php?rest_route=%2Fwp%2Fv2%2Fmedia&parent=1229"}],"wp:term":[{"taxonomy":"category","embeddable":true,"href":"https:\/\/www.ayadvogados.com.br\/index.php?rest_route=%2Fwp%2Fv2%2Fcategories&post=1229"},{"taxonomy":"post_tag","embeddable":true,"href":"https:\/\/www.ayadvogados.com.br\/index.php?rest_route=%2Fwp%2Fv2%2Ftags&post=1229"}],"curies":[{"name":"wp","href":"https:\/\/api.w.org\/{rel}","templated":true}]}}