{"id":122,"date":"2021-02-10T09:22:00","date_gmt":"2021-02-10T12:22:00","guid":{"rendered":"http:\/\/34.239.117.254\/?p=122"},"modified":"2021-04-19T10:45:28","modified_gmt":"2021-04-19T13:45:28","slug":"stj-mantem-iss-sobre-armazenamento-de-carga","status":"publish","type":"post","link":"https:\/\/www.ayadvogados.com.br\/?p=122","title":{"rendered":"STJ mant\u00e9m ISS sobre armazenamento de carga"},"content":{"rendered":"\n<p>O julgamento da exclus\u00e3o do ICMS da base de c\u00e1lculo do PIS e da Cofins acirrou uma outra disputa travada entre os contribuintes e a Receita Federal: a que trata do prazo para aproveitamento de cr\u00e9ditos tribut\u00e1rios. Com bilh\u00f5es de reais \u00e0 disposi\u00e7\u00e3o, as empresas tentam estender ao m\u00e1ximo esse tempo, que para o Fisco n\u00e3o deve passar de cinco anos, contados do t\u00e9rmino do processo.<\/p>\n\n\n\n<p>Para os contribuintes, os cinco anos, previstos na legisla\u00e7\u00e3o, referem-se ao prazo para pedir \u00e0 Receita o aproveitamento dos cr\u00e9ditos. N\u00e3o haveria tempo determinado, de acordo com a tese das empresas, para gastarem o que conseguiram por meio de decis\u00e3o administrativa ou judicial. Entendimento adotado em precedentes do Superior Tribunal de Justi\u00e7a (STJ).<\/p>\n\n\n\n<p>S\u00e3o interpreta\u00e7\u00f5es diferentes para o artigo 168 do C\u00f3digo Tribut\u00e1rio Nacional (CTN). O dispositivo afirma que o direito de pleitear a restitui\u00e7\u00e3o extingue-se com o decurso do prazo de cinco anos. Depois desse prazo, segundo Thales Stucky, s\u00f3cio do escrit\u00f3rio Trench Rossi Watanabe, o programa eletr\u00f4nico da Receita n\u00e3o aceita compensa\u00e7\u00f5es fiscais.<\/p>\n\n\n\n<p>Em 2019, a Receita Federal publicou uma orienta\u00e7\u00e3o que restringe a compensa\u00e7\u00e3o de cr\u00e9ditos tribut\u00e1rios obtidos por meio de a\u00e7\u00f5es judiciais. A Solu\u00e7\u00e3o de Consulta n\u00ba 239, editada pela Coordena\u00e7\u00e3o-Geral de Tributa\u00e7\u00e3o (Cosit), fixa prazo de cinco anos para o contribuinte usar esses valores.<\/p>\n\n\n\n<p>O texto tem como fundamento a Instru\u00e7\u00e3o Normativa (IN) n\u00ba 1.717, de 2017. A norma estabelece cinco anos para o contribuinte apresentar declara\u00e7\u00e3o de compensa\u00e7\u00e3o, contados do tr\u00e2nsito em julgado da a\u00e7\u00e3o.<\/p>\n\n\n\n<p>Essa discuss\u00e3o ganhou for\u00e7a depois que o Supremo Tribunal Federal (STF) excluiu o ICMS da base do PIS e da Cofins, em 2017 \u201cEm fun\u00e7\u00e3o do volume de cr\u00e9ditos, o contribuinte n\u00e3o tem d\u00e9bitos suficientes para usar tudo nos pr\u00f3ximos cinco anos\u201d, afirma Stucky.<\/p>\n\n\n\n<p>Dados da Receita Federal mostram que, em 2020, com cr\u00e9ditos tribut\u00e1rios, principalmente da exclus\u00e3o do ICMS do c\u00e1lculo do PIS e da Cofins, as empresas deixaram de desembolsar R$ 63,6 bilh\u00f5es para pagar impostos. O valor supera em 174% o que havia sido registrado no ano de 2019, quando as decis\u00f5es judiciais representaram R$ 23,2 bilh\u00f5es em compensa\u00e7\u00f5es.<\/p>\n\n\n\n<p>Os contribuintes contam com ao menos dois precedentes favor\u00e1veis no STJ. A 2\u00aa Turma, com base no voto do relator, ministro Herman Benjamin, definiu em 2014 que o prazo de cinco anos \u00e9 para pleitear a compensa\u00e7\u00e3o, e n\u00e3o para realiz\u00e1-la integramente (REsp 1480602). Na 1\u00aa Turma, h\u00e1 uma decis\u00e3o monocr\u00e1tica, do ministro Napole\u00e3o Nunes Maia Filho, nesse sentido. N\u00e3o foi apresentado recurso contra o entendimento (REsp 1599278).<\/p>\n\n\n\n<p>Antes da decis\u00e3o do STF sobre a exclus\u00e3o do ICMS da base do PIS e da Cofins poucos contribuintes reclamavam sobre o prazo de cinco anos, segundo Priscila Faricelli, s\u00f3cia da \u00e1rea de contencioso tribut\u00e1rio do Demarest. \u201cVemos muitos contribuintes que j\u00e1 tiveram o tr\u00e2nsito em julgado, mas n\u00e3o querem come\u00e7ar a compensar antes de o STF decidir se vale o ICMS destacado na nota ou o efetivamente pago\u201d, diz. \u201cTem gente com tr\u00e2nsito em julgado h\u00e1 dois anos e que ainda n\u00e3o come\u00e7ou a compensa\u00e7\u00e3o.\u201d<\/p>\n\n\n\n<p>Para a advogada, o entendimento que a Receita aplica \u00e9 uma forma de se furtar de cumprir \u201ccoisa julgada\u201d (decis\u00e3o judicial), j\u00e1 que para os contribuintes a compensa\u00e7\u00e3o \u00e9 mais interessante. Depois do tr\u00e2nsito em julgado a empresa pede uma habilita\u00e7\u00e3o para compensar e a Receita tem 60 dias para validar. Na sequ\u00eancia a empresa j\u00e1 pode come\u00e7ar a usar os cr\u00e9ditos tribut\u00e1rios. \u201c\u00c9 dinheiro no bolso imediato\u201d, diz.Fonte: <a href=\"https:\/\/valor.globo.com\/legislacao\/noticia\/2021\/02\/10\/stj-mantem-iss-sobre-armazenamento-de-carga.ghtml\">Valor<\/a><\/p>\n\n\n\n<p>A Amaral, Yazbek, OAB\/PR 762, possui 35 anos de experi\u00eancia auxiliando empresas a transformar a tributa\u00e7\u00e3o em lucro. Entre em contato com um dos s\u00f3cios para agendamento de reuni\u00e3o em caso de d\u00favidas.<\/p>\n\n\n\n<p>Contato: 41 3595-8300 ou pelo nosso WhatsApp 41 99567-5696<\/p>\n\n\n\n<p>Av. C\u00e2ndido Hartmann, 50 \u2013 Bigorrilho | Curitiba-PR<\/p>\n\n\n\n<p>Assine nossa Newsletter e fique por dentro das novidades!<\/p>\n\n\n\n<p>Quer receber seu exemplar da revista Governan\u00e7a Jur\u00eddica? Clique <a href=\"http:\/\/ayadvogados.com.br\/revista\">aqui<\/a>&nbsp;e pe\u00e7a a sua.<\/p>\n\n\n\n<p>Nos acompanhe nas redes sociais: <a href=\"https:\/\/www.facebook.com\/amaral.yazbek\">Facebook<\/a>&nbsp;| <a href=\"https:\/\/www.instagram.com\/amaral.yazbek\/\">Instagram<\/a> | <a href=\"https:\/\/www.linkedin.com\/company\/3357082\/admin\/\">Linkedin<\/a><\/p>\n\n\n\n<p>J\u00e1 conhece o canal Direito da Intelig\u00eancia de Neg\u00f3cios? <a href=\"https:\/\/www.youtube.com\/channel\/UCu2Mpu32ht8DEN8OFRXYMyw\">Inscreva-se j\u00e1<\/a><\/p>\n","protected":false},"excerpt":{"rendered":"<p>O julgamento da exclus\u00e3o do ICMS da base de c\u00e1lculo do PIS e da Cofins acirrou uma outra disputa travada entre os contribuintes e a Receita Federal: a que trata do prazo para aproveitamento de cr\u00e9ditos tribut\u00e1rios. Com bilh\u00f5es de reais \u00e0 disposi\u00e7\u00e3o, as empresas tentam estender ao m\u00e1ximo esse tempo, que para o Fisco [&hellip;]<\/p>\n","protected":false},"author":3,"featured_media":815,"comment_status":"open","ping_status":"open","sticky":false,"template":"","format":"standard","meta":{"footnotes":""},"categories":[1],"tags":[],"class_list":["post-122","post","type-post","status-publish","format-standard","has-post-thumbnail","hentry","category-noticia-do-dia"],"blocksy_meta":{"styles_descriptor":{"styles":{"desktop":"","tablet":"","mobile":""},"google_fonts":[],"version":6}},"yoast_head":"<!-- This site is optimized with the Yoast SEO plugin v27.5 - https:\/\/yoast.com\/product\/yoast-seo-wordpress\/ -->\n<title>STJ mant\u00e9m ISS sobre armazenamento de carga - Amaral, Yazbek Advogados<\/title>\n<meta name=\"robots\" content=\"index, follow, max-snippet:-1, max-image-preview:large, max-video-preview:-1\" \/>\n<link rel=\"canonical\" href=\"https:\/\/www.ayadvogados.com.br\/?p=122\" \/>\n<meta property=\"og:locale\" content=\"pt_BR\" \/>\n<meta property=\"og:type\" content=\"article\" \/>\n<meta property=\"og:title\" content=\"STJ mant\u00e9m ISS sobre armazenamento de carga - Amaral, Yazbek Advogados\" \/>\n<meta property=\"og:description\" content=\"O julgamento da exclus\u00e3o do ICMS da base de c\u00e1lculo do PIS e da Cofins acirrou uma outra disputa travada entre os contribuintes e a Receita Federal: a que trata do prazo para aproveitamento de cr\u00e9ditos tribut\u00e1rios. Com bilh\u00f5es de reais \u00e0 disposi\u00e7\u00e3o, as empresas tentam estender ao m\u00e1ximo esse tempo, que para o Fisco [&hellip;]\" \/>\n<meta property=\"og:url\" content=\"https:\/\/www.ayadvogados.com.br\/?p=122\" \/>\n<meta property=\"og:site_name\" content=\"Amaral, Yazbek Advogados\" \/>\n<meta property=\"article:publisher\" content=\"https:\/\/www.facebook.com\/AYadvogados\" \/>\n<meta property=\"article:published_time\" content=\"2021-02-10T12:22:00+00:00\" \/>\n<meta property=\"article:modified_time\" content=\"2021-04-19T13:45:28+00:00\" \/>\n<meta property=\"og:image\" content=\"https:\/\/www.ayadvogados.com.br\/wp-content\/uploads\/2021\/02\/dd983f2124544be99d605655f164fa86.png\" \/>\n\t<meta property=\"og:image:width\" content=\"1000\" \/>\n\t<meta property=\"og:image:height\" content=\"620\" \/>\n\t<meta property=\"og:image:type\" content=\"image\/png\" \/>\n<meta name=\"author\" content=\"Infra\" \/>\n<meta name=\"twitter:card\" content=\"summary_large_image\" \/>\n<meta name=\"twitter:label1\" content=\"Escrito por\" \/>\n\t<meta name=\"twitter:data1\" content=\"Infra\" \/>\n\t<meta name=\"twitter:label2\" content=\"Est. tempo de leitura\" \/>\n\t<meta name=\"twitter:data2\" content=\"4 minutos\" \/>\n<script type=\"application\/ld+json\" class=\"yoast-schema-graph\">{\"@context\":\"https:\\\/\\\/schema.org\",\"@graph\":[{\"@type\":\"Article\",\"@id\":\"https:\\\/\\\/www.ayadvogados.com.br\\\/?p=122#article\",\"isPartOf\":{\"@id\":\"https:\\\/\\\/www.ayadvogados.com.br\\\/?p=122\"},\"author\":{\"name\":\"Infra\",\"@id\":\"https:\\\/\\\/www.34.239.117.254.sslip.io\\\/#\\\/schema\\\/person\\\/6b9165a58758b048b8ea5a4fbd4ec3c4\"},\"headline\":\"STJ mant\u00e9m ISS sobre armazenamento de carga\",\"datePublished\":\"2021-02-10T12:22:00+00:00\",\"dateModified\":\"2021-04-19T13:45:28+00:00\",\"mainEntityOfPage\":{\"@id\":\"https:\\\/\\\/www.ayadvogados.com.br\\\/?p=122\"},\"wordCount\":737,\"commentCount\":0,\"publisher\":{\"@id\":\"https:\\\/\\\/www.34.239.117.254.sslip.io\\\/#organization\"},\"image\":{\"@id\":\"https:\\\/\\\/www.ayadvogados.com.br\\\/?p=122#primaryimage\"},\"thumbnailUrl\":\"https:\\\/\\\/www.ayadvogados.com.br\\\/wp-content\\\/uploads\\\/2021\\\/02\\\/dd983f2124544be99d605655f164fa86.png\",\"articleSection\":[\"Not\u00edcia do Dia\"],\"inLanguage\":\"pt-BR\",\"potentialAction\":[{\"@type\":\"CommentAction\",\"name\":\"Comment\",\"target\":[\"https:\\\/\\\/www.ayadvogados.com.br\\\/?p=122#respond\"]}]},{\"@type\":\"WebPage\",\"@id\":\"https:\\\/\\\/www.ayadvogados.com.br\\\/?p=122\",\"url\":\"https:\\\/\\\/www.ayadvogados.com.br\\\/?p=122\",\"name\":\"STJ mant\u00e9m ISS sobre armazenamento de carga - Amaral, Yazbek Advogados\",\"isPartOf\":{\"@id\":\"https:\\\/\\\/www.34.239.117.254.sslip.io\\\/#website\"},\"primaryImageOfPage\":{\"@id\":\"https:\\\/\\\/www.ayadvogados.com.br\\\/?p=122#primaryimage\"},\"image\":{\"@id\":\"https:\\\/\\\/www.ayadvogados.com.br\\\/?p=122#primaryimage\"},\"thumbnailUrl\":\"https:\\\/\\\/www.ayadvogados.com.br\\\/wp-content\\\/uploads\\\/2021\\\/02\\\/dd983f2124544be99d605655f164fa86.png\",\"datePublished\":\"2021-02-10T12:22:00+00:00\",\"dateModified\":\"2021-04-19T13:45:28+00:00\",\"breadcrumb\":{\"@id\":\"https:\\\/\\\/www.ayadvogados.com.br\\\/?p=122#breadcrumb\"},\"inLanguage\":\"pt-BR\",\"potentialAction\":[{\"@type\":\"ReadAction\",\"target\":[\"https:\\\/\\\/www.ayadvogados.com.br\\\/?p=122\"]}]},{\"@type\":\"ImageObject\",\"inLanguage\":\"pt-BR\",\"@id\":\"https:\\\/\\\/www.ayadvogados.com.br\\\/?p=122#primaryimage\",\"url\":\"https:\\\/\\\/www.ayadvogados.com.br\\\/wp-content\\\/uploads\\\/2021\\\/02\\\/dd983f2124544be99d605655f164fa86.png\",\"contentUrl\":\"https:\\\/\\\/www.ayadvogados.com.br\\\/wp-content\\\/uploads\\\/2021\\\/02\\\/dd983f2124544be99d605655f164fa86.png\",\"width\":1000,\"height\":620},{\"@type\":\"BreadcrumbList\",\"@id\":\"https:\\\/\\\/www.ayadvogados.com.br\\\/?p=122#breadcrumb\",\"itemListElement\":[{\"@type\":\"ListItem\",\"position\":1,\"name\":\"In\u00edcio\",\"item\":\"https:\\\/\\\/www.34.239.117.254.sslip.io\\\/\"},{\"@type\":\"ListItem\",\"position\":2,\"name\":\"STJ mant\u00e9m ISS sobre armazenamento de carga\"}]},{\"@type\":\"WebSite\",\"@id\":\"https:\\\/\\\/www.34.239.117.254.sslip.io\\\/#website\",\"url\":\"https:\\\/\\\/www.34.239.117.254.sslip.io\\\/\",\"name\":\"Amaral, Yazbek Advogados\",\"description\":\"Curitiba \u2022 Bras\u00edlia \u2022 S\u00e3o Paulo\",\"publisher\":{\"@id\":\"https:\\\/\\\/www.34.239.117.254.sslip.io\\\/#organization\"},\"potentialAction\":[{\"@type\":\"SearchAction\",\"target\":{\"@type\":\"EntryPoint\",\"urlTemplate\":\"https:\\\/\\\/www.34.239.117.254.sslip.io\\\/?s={search_term_string}\"},\"query-input\":{\"@type\":\"PropertyValueSpecification\",\"valueRequired\":true,\"valueName\":\"search_term_string\"}}],\"inLanguage\":\"pt-BR\"},{\"@type\":\"Organization\",\"@id\":\"https:\\\/\\\/www.34.239.117.254.sslip.io\\\/#organization\",\"name\":\"Amaral, Yazbek Advogados\",\"url\":\"https:\\\/\\\/www.34.239.117.254.sslip.io\\\/\",\"logo\":{\"@type\":\"ImageObject\",\"inLanguage\":\"pt-BR\",\"@id\":\"https:\\\/\\\/www.34.239.117.254.sslip.io\\\/#\\\/schema\\\/logo\\\/image\\\/\",\"url\":\"http:\\\/\\\/34.239.117.254\\\/wp-content\\\/uploads\\\/2021\\\/03\\\/logo-ay-g.png\",\"contentUrl\":\"http:\\\/\\\/34.239.117.254\\\/wp-content\\\/uploads\\\/2021\\\/03\\\/logo-ay-g.png\",\"width\":434,\"height\":106,\"caption\":\"Amaral, Yazbek Advogados\"},\"image\":{\"@id\":\"https:\\\/\\\/www.34.239.117.254.sslip.io\\\/#\\\/schema\\\/logo\\\/image\\\/\"},\"sameAs\":[\"https:\\\/\\\/www.facebook.com\\\/AYadvogados\",\"https:\\\/\\\/www.instagram.com\\\/ayadvogados\\\/\"]},{\"@type\":\"Person\",\"@id\":\"https:\\\/\\\/www.34.239.117.254.sslip.io\\\/#\\\/schema\\\/person\\\/6b9165a58758b048b8ea5a4fbd4ec3c4\",\"name\":\"Infra\",\"image\":{\"@type\":\"ImageObject\",\"inLanguage\":\"pt-BR\",\"@id\":\"https:\\\/\\\/secure.gravatar.com\\\/avatar\\\/60bf67293e186b9c834e31753dcc586dfcedb661d13b6b9ba29ac991ccafc035?s=96&d=mm&r=g\",\"url\":\"https:\\\/\\\/secure.gravatar.com\\\/avatar\\\/60bf67293e186b9c834e31753dcc586dfcedb661d13b6b9ba29ac991ccafc035?s=96&d=mm&r=g\",\"contentUrl\":\"https:\\\/\\\/secure.gravatar.com\\\/avatar\\\/60bf67293e186b9c834e31753dcc586dfcedb661d13b6b9ba29ac991ccafc035?s=96&d=mm&r=g\",\"caption\":\"Infra\"},\"url\":\"https:\\\/\\\/www.ayadvogados.com.br\\\/?author=3\"}]}<\/script>\n<!-- \/ Yoast SEO plugin. -->","yoast_head_json":{"title":"STJ mant\u00e9m ISS sobre armazenamento de carga - Amaral, Yazbek Advogados","robots":{"index":"index","follow":"follow","max-snippet":"max-snippet:-1","max-image-preview":"max-image-preview:large","max-video-preview":"max-video-preview:-1"},"canonical":"https:\/\/www.ayadvogados.com.br\/?p=122","og_locale":"pt_BR","og_type":"article","og_title":"STJ mant\u00e9m ISS sobre armazenamento de carga - Amaral, Yazbek Advogados","og_description":"O julgamento da exclus\u00e3o do ICMS da base de c\u00e1lculo do PIS e da Cofins acirrou uma outra disputa travada entre os contribuintes e a Receita Federal: a que trata do prazo para aproveitamento de cr\u00e9ditos tribut\u00e1rios. Com bilh\u00f5es de reais \u00e0 disposi\u00e7\u00e3o, as empresas tentam estender ao m\u00e1ximo esse tempo, que para o Fisco [&hellip;]","og_url":"https:\/\/www.ayadvogados.com.br\/?p=122","og_site_name":"Amaral, Yazbek Advogados","article_publisher":"https:\/\/www.facebook.com\/AYadvogados","article_published_time":"2021-02-10T12:22:00+00:00","article_modified_time":"2021-04-19T13:45:28+00:00","og_image":[{"width":1000,"height":620,"url":"https:\/\/www.ayadvogados.com.br\/wp-content\/uploads\/2021\/02\/dd983f2124544be99d605655f164fa86.png","type":"image\/png"}],"author":"Infra","twitter_card":"summary_large_image","twitter_misc":{"Escrito por":"Infra","Est. tempo de leitura":"4 minutos"},"schema":{"@context":"https:\/\/schema.org","@graph":[{"@type":"Article","@id":"https:\/\/www.ayadvogados.com.br\/?p=122#article","isPartOf":{"@id":"https:\/\/www.ayadvogados.com.br\/?p=122"},"author":{"name":"Infra","@id":"https:\/\/www.34.239.117.254.sslip.io\/#\/schema\/person\/6b9165a58758b048b8ea5a4fbd4ec3c4"},"headline":"STJ mant\u00e9m ISS sobre armazenamento de carga","datePublished":"2021-02-10T12:22:00+00:00","dateModified":"2021-04-19T13:45:28+00:00","mainEntityOfPage":{"@id":"https:\/\/www.ayadvogados.com.br\/?p=122"},"wordCount":737,"commentCount":0,"publisher":{"@id":"https:\/\/www.34.239.117.254.sslip.io\/#organization"},"image":{"@id":"https:\/\/www.ayadvogados.com.br\/?p=122#primaryimage"},"thumbnailUrl":"https:\/\/www.ayadvogados.com.br\/wp-content\/uploads\/2021\/02\/dd983f2124544be99d605655f164fa86.png","articleSection":["Not\u00edcia do Dia"],"inLanguage":"pt-BR","potentialAction":[{"@type":"CommentAction","name":"Comment","target":["https:\/\/www.ayadvogados.com.br\/?p=122#respond"]}]},{"@type":"WebPage","@id":"https:\/\/www.ayadvogados.com.br\/?p=122","url":"https:\/\/www.ayadvogados.com.br\/?p=122","name":"STJ mant\u00e9m ISS sobre armazenamento de carga - Amaral, Yazbek Advogados","isPartOf":{"@id":"https:\/\/www.34.239.117.254.sslip.io\/#website"},"primaryImageOfPage":{"@id":"https:\/\/www.ayadvogados.com.br\/?p=122#primaryimage"},"image":{"@id":"https:\/\/www.ayadvogados.com.br\/?p=122#primaryimage"},"thumbnailUrl":"https:\/\/www.ayadvogados.com.br\/wp-content\/uploads\/2021\/02\/dd983f2124544be99d605655f164fa86.png","datePublished":"2021-02-10T12:22:00+00:00","dateModified":"2021-04-19T13:45:28+00:00","breadcrumb":{"@id":"https:\/\/www.ayadvogados.com.br\/?p=122#breadcrumb"},"inLanguage":"pt-BR","potentialAction":[{"@type":"ReadAction","target":["https:\/\/www.ayadvogados.com.br\/?p=122"]}]},{"@type":"ImageObject","inLanguage":"pt-BR","@id":"https:\/\/www.ayadvogados.com.br\/?p=122#primaryimage","url":"https:\/\/www.ayadvogados.com.br\/wp-content\/uploads\/2021\/02\/dd983f2124544be99d605655f164fa86.png","contentUrl":"https:\/\/www.ayadvogados.com.br\/wp-content\/uploads\/2021\/02\/dd983f2124544be99d605655f164fa86.png","width":1000,"height":620},{"@type":"BreadcrumbList","@id":"https:\/\/www.ayadvogados.com.br\/?p=122#breadcrumb","itemListElement":[{"@type":"ListItem","position":1,"name":"In\u00edcio","item":"https:\/\/www.34.239.117.254.sslip.io\/"},{"@type":"ListItem","position":2,"name":"STJ mant\u00e9m ISS sobre armazenamento de carga"}]},{"@type":"WebSite","@id":"https:\/\/www.34.239.117.254.sslip.io\/#website","url":"https:\/\/www.34.239.117.254.sslip.io\/","name":"Amaral, Yazbek Advogados","description":"Curitiba \u2022 Bras\u00edlia \u2022 S\u00e3o Paulo","publisher":{"@id":"https:\/\/www.34.239.117.254.sslip.io\/#organization"},"potentialAction":[{"@type":"SearchAction","target":{"@type":"EntryPoint","urlTemplate":"https:\/\/www.34.239.117.254.sslip.io\/?s={search_term_string}"},"query-input":{"@type":"PropertyValueSpecification","valueRequired":true,"valueName":"search_term_string"}}],"inLanguage":"pt-BR"},{"@type":"Organization","@id":"https:\/\/www.34.239.117.254.sslip.io\/#organization","name":"Amaral, Yazbek Advogados","url":"https:\/\/www.34.239.117.254.sslip.io\/","logo":{"@type":"ImageObject","inLanguage":"pt-BR","@id":"https:\/\/www.34.239.117.254.sslip.io\/#\/schema\/logo\/image\/","url":"http:\/\/34.239.117.254\/wp-content\/uploads\/2021\/03\/logo-ay-g.png","contentUrl":"http:\/\/34.239.117.254\/wp-content\/uploads\/2021\/03\/logo-ay-g.png","width":434,"height":106,"caption":"Amaral, Yazbek Advogados"},"image":{"@id":"https:\/\/www.34.239.117.254.sslip.io\/#\/schema\/logo\/image\/"},"sameAs":["https:\/\/www.facebook.com\/AYadvogados","https:\/\/www.instagram.com\/ayadvogados\/"]},{"@type":"Person","@id":"https:\/\/www.34.239.117.254.sslip.io\/#\/schema\/person\/6b9165a58758b048b8ea5a4fbd4ec3c4","name":"Infra","image":{"@type":"ImageObject","inLanguage":"pt-BR","@id":"https:\/\/secure.gravatar.com\/avatar\/60bf67293e186b9c834e31753dcc586dfcedb661d13b6b9ba29ac991ccafc035?s=96&d=mm&r=g","url":"https:\/\/secure.gravatar.com\/avatar\/60bf67293e186b9c834e31753dcc586dfcedb661d13b6b9ba29ac991ccafc035?s=96&d=mm&r=g","contentUrl":"https:\/\/secure.gravatar.com\/avatar\/60bf67293e186b9c834e31753dcc586dfcedb661d13b6b9ba29ac991ccafc035?s=96&d=mm&r=g","caption":"Infra"},"url":"https:\/\/www.ayadvogados.com.br\/?author=3"}]}},"rttpg_featured_image_url":{"full":["https:\/\/www.ayadvogados.com.br\/wp-content\/uploads\/2021\/02\/dd983f2124544be99d605655f164fa86.png",1000,620,false],"landscape":["https:\/\/www.ayadvogados.com.br\/wp-content\/uploads\/2021\/02\/dd983f2124544be99d605655f164fa86.png",1000,620,false],"portraits":["https:\/\/www.ayadvogados.com.br\/wp-content\/uploads\/2021\/02\/dd983f2124544be99d605655f164fa86.png",1000,620,false],"thumbnail":["https:\/\/www.ayadvogados.com.br\/wp-content\/uploads\/2021\/02\/dd983f2124544be99d605655f164fa86-150x150.png",150,150,true],"medium":["https:\/\/www.ayadvogados.com.br\/wp-content\/uploads\/2021\/02\/dd983f2124544be99d605655f164fa86-300x186.png",300,186,true],"large":["https:\/\/www.ayadvogados.com.br\/wp-content\/uploads\/2021\/02\/dd983f2124544be99d605655f164fa86.png",1000,620,false],"1536x1536":["https:\/\/www.ayadvogados.com.br\/wp-content\/uploads\/2021\/02\/dd983f2124544be99d605655f164fa86.png",1000,620,false],"2048x2048":["https:\/\/www.ayadvogados.com.br\/wp-content\/uploads\/2021\/02\/dd983f2124544be99d605655f164fa86.png",1000,620,false]},"rttpg_author":{"display_name":"Infra","author_link":"https:\/\/www.ayadvogados.com.br\/?author=3"},"rttpg_comment":0,"rttpg_category":"<a href=\"https:\/\/www.ayadvogados.com.br\/?cat=1\" rel=\"category\">Not\u00edcia do Dia<\/a>","rttpg_excerpt":"O julgamento da exclus\u00e3o do ICMS da base de c\u00e1lculo do PIS e da Cofins acirrou uma outra disputa travada entre os contribuintes e a Receita Federal: a que trata do prazo para aproveitamento de cr\u00e9ditos tribut\u00e1rios. Com bilh\u00f5es de reais \u00e0 disposi\u00e7\u00e3o, as empresas tentam estender ao m\u00e1ximo esse tempo, que para o Fisco&hellip;","_links":{"self":[{"href":"https:\/\/www.ayadvogados.com.br\/index.php?rest_route=\/wp\/v2\/posts\/122","targetHints":{"allow":["GET"]}}],"collection":[{"href":"https:\/\/www.ayadvogados.com.br\/index.php?rest_route=\/wp\/v2\/posts"}],"about":[{"href":"https:\/\/www.ayadvogados.com.br\/index.php?rest_route=\/wp\/v2\/types\/post"}],"author":[{"embeddable":true,"href":"https:\/\/www.ayadvogados.com.br\/index.php?rest_route=\/wp\/v2\/users\/3"}],"replies":[{"embeddable":true,"href":"https:\/\/www.ayadvogados.com.br\/index.php?rest_route=%2Fwp%2Fv2%2Fcomments&post=122"}],"version-history":[{"count":1,"href":"https:\/\/www.ayadvogados.com.br\/index.php?rest_route=\/wp\/v2\/posts\/122\/revisions"}],"predecessor-version":[{"id":124,"href":"https:\/\/www.ayadvogados.com.br\/index.php?rest_route=\/wp\/v2\/posts\/122\/revisions\/124"}],"wp:featuredmedia":[{"embeddable":true,"href":"https:\/\/www.ayadvogados.com.br\/index.php?rest_route=\/wp\/v2\/media\/815"}],"wp:attachment":[{"href":"https:\/\/www.ayadvogados.com.br\/index.php?rest_route=%2Fwp%2Fv2%2Fmedia&parent=122"}],"wp:term":[{"taxonomy":"category","embeddable":true,"href":"https:\/\/www.ayadvogados.com.br\/index.php?rest_route=%2Fwp%2Fv2%2Fcategories&post=122"},{"taxonomy":"post_tag","embeddable":true,"href":"https:\/\/www.ayadvogados.com.br\/index.php?rest_route=%2Fwp%2Fv2%2Ftags&post=122"}],"curies":[{"name":"wp","href":"https:\/\/api.w.org\/{rel}","templated":true}]}}