{"id":1198,"date":"2021-06-01T18:13:46","date_gmt":"2021-06-01T21:13:46","guid":{"rendered":"http:\/\/34.239.117.254\/?p=1198"},"modified":"2021-06-01T18:13:46","modified_gmt":"2021-06-01T21:13:46","slug":"stj-vai-discutir-defesa-em-execucao-fiscal","status":"publish","type":"post","link":"https:\/\/www.ayadvogados.com.br\/?p=1198","title":{"rendered":"STJ vai discutir defesa em execu\u00e7\u00e3o fiscal"},"content":{"rendered":"\n<p>Uma decis\u00e3o do ministro Gurgel de Faria, do Superior Tribunal de Justi\u00e7a (STJ), abriu caminho para o contribuinte discutir a melhor forma para contestar decis\u00e3o da Receita Federal que negou a compensa\u00e7\u00e3o de tributos. Ele aceitou um recurso da Ra\u00edzen Combust\u00edveis para que o tema seja levado \u00e0 1\u00aa Se\u00e7\u00e3o &#8211; que uniformiza o entendimento das turmas de direito p\u00fablico da Corte.<\/p>\n\n\n\n<p>As empresas estavam com dificuldade de emplacar os seus recursos porque a 1\u00aa Turma, em um recente julgamento, havia se alinhado ao entendimento da 2\u00aa Turma sobre a mat\u00e9ria. Ambas decidiram que n\u00e3o podem ser usados embargos para se defender em execu\u00e7\u00f5es fiscais que cobram tributos decorrentes de compensa\u00e7\u00f5es n\u00e3o homologadas.<\/p>\n\n\n\n<p>Esse recurso \u00e9 visto como o mais ben\u00e9fico para os contribuintes porque permite que a cobran\u00e7a seja discutida na Justi\u00e7a sem que precisem depositar judicialmente os valores em quest\u00e3o. O julgamento pela 1\u00aa Se\u00e7\u00e3o, dizem os advogados, reabre as discuss\u00f5es e traz chances de uma decis\u00e3o favor\u00e1vel.<\/p>\n\n\n\n<p>A pr\u00e1tica da compensa\u00e7\u00e3o \u00e9 amplamente utilizada pelas empresas. No ano passado, um total de R$ 167,7 bilh\u00f5es em tributos foram pagos com cr\u00e9ditos fiscais, sendo uma das justificativas para a queda na arrecada\u00e7\u00e3o, em compara\u00e7\u00e3o com a obtida no ano anterior, de acordo com dados da Receita Federal.<\/p>\n\n\n\n<p>O ministro Gurgel de Faria tinha, anteriormente, negado o pedido da Ra\u00edzen. Ele mudou de posicionamento por meio de embargos de declara\u00e7\u00e3o. Concordou com a empresa que havia se baseado em um \u00fanico ac\u00f3rd\u00e3o da 1\u00aa Turma, mais recente e alinhado com o entendimento da 2\u00aa Turma, para barrar o recurso \u00e0 Se\u00e7\u00e3o.<\/p>\n\n\n\n<p>\u201cVerifico a pertin\u00eancia das alega\u00e7\u00f5es\u201d, disse ele, citando decis\u00f5es mais antigas, divergentes da 2\u00aa Turma, e liberando, ent\u00e3o, o caso para julgamento (EREsp 1795347). Ainda n\u00e3o h\u00e1 uma data prevista, no entanto, para entrar em pauta.<\/p>\n\n\n\n<p>A Lei de Execu\u00e7\u00f5es Fiscais (n\u00ba 6.830, de 1980), no artigo 16, veda a discuss\u00e3o sobre pedidos de compensa\u00e7\u00e3o por meio de embargos \u00e0 execu\u00e7\u00e3o fiscal. A interpreta\u00e7\u00e3o dos advogados tributaristas, por\u00e9m, \u00e9 a de que essa restri\u00e7\u00e3o s\u00f3 vale para casos em que o pedido n\u00e3o foi feito na esfera administrativa.<\/p>\n\n\n\n<p>O STJ julgou um recurso repetitivo sobre o assunto em 2009. Fixou que a compensa\u00e7\u00e3o efetuada pelo contribuinte, antes do ajuizamento da a\u00e7\u00e3o, pode ser fundamento de defesa nos embargos \u00e0 execu\u00e7\u00e3o fiscal para esclarecer a presun\u00e7\u00e3o de liquidez e certeza da Certid\u00e3o de D\u00edvida Ativa (CDA) quando \u00e0 \u00e9poca da compensa\u00e7\u00e3o foram atendidos os requisitos da exist\u00eancia de cr\u00e9dito tribut\u00e1rio compens\u00e1vel, da configura\u00e7\u00e3o do ind\u00e9bito tribut\u00e1rio e da exist\u00eancia de lei autorizando a compensa\u00e7\u00e3o.<\/p>\n\n\n\n<p>S\u00f3 que surgiram d\u00favidas. A 2\u00aa Turma passou a entender que os requisitos s\u00f3 valem para o pedido de compensa\u00e7\u00e3o aceito administrativamente. A 1\u00aa Turma decidia, at\u00e9 pouco tempo atr\u00e1s, de forma mais ampla, favorecendo o contribuinte. Mudou de rumo em setembro do ano passado, alinhando-se, ent\u00e3o, \u00e0 2\u00aa Turma.<\/p>\n\n\n\n<p>Donovan Mazza Lessa, do Maneira Advogados, que representa a Ra\u00edzen na a\u00e7\u00e3o, diz que h\u00e1 diverg\u00eancia tamb\u00e9m nos Tribunais Regionais Federais. \u201cExistem in\u00fameras decis\u00f5es nos dois sentidos\u201d, afirma. De acordo com o advogado, o tema \u00e9 relevant\u00edssimo e acompanhado de perto pelas grandes empresas.<\/p>\n\n\n\n<p>Ainda segundo o advogado, a 1\u00aa Se\u00e7\u00e3o do STJ poder\u00e1, agora, definir o alcance do repetitivo que, para as empresas, jamais impediu a oposi\u00e7\u00e3o de embargos para discutir judicialmente as compensa\u00e7\u00f5es n\u00e3o homologadas pelo Fisco.<\/p>\n\n\n\n<p>Especialista em tributa\u00e7\u00e3o, Alessandro Mendes Cardoso, do escrit\u00f3rio Rolim, Viotti &amp; Leite Campos Advogados, trata essa confus\u00e3o processual como um \u201ctranstorno descabido\u201d para as empresas. \u201cEsse recurso assegura ao contribuinte o direito de defesa, o direito de discutir o d\u00e9bito no Judici\u00e1rio. Sem ele, a op\u00e7\u00e3o \u00e9 entrar com uma a\u00e7\u00e3o anulat\u00f3ria que, via de regra, exige dep\u00f3sito\u201d, diz.<\/p>\n\n\n\n<p>Fonte: <a href=\"https:\/\/valor.globo.com\/legislacao\/noticia\/2021\/05\/31\/stj-vai-discutir-defesa-em-execucao-fiscal.ghtml\" data-type=\"URL\" data-id=\"https:\/\/valor.globo.com\/legislacao\/noticia\/2021\/05\/31\/stj-vai-discutir-defesa-em-execucao-fiscal.ghtml\" target=\"_blank\" rel=\"noreferrer noopener\">Valor<\/a><\/p>\n\n\n\n<p>A Amaral, Yazbek, OAB\/PR 762, possui 35 anos de experi\u00eancia auxiliando empresas a transformar a tributa\u00e7\u00e3o em lucro. Entre em contato com um dos s\u00f3cios para agendamento de reuni\u00e3o em caso de d\u00favidas.<\/p>\n\n\n\n<p>Contato: 41 3595-8300 ou pelo nosso WhatsApp 41 99567-5696<\/p>\n\n\n\n<p>Av. C\u00e2ndido Hartmann, 50 \u2013 Bigorrilho | Curitiba-PR<\/p>\n\n\n\n<p>Assine nossa Newsletter e fique por dentro das novidades!<\/p>\n\n\n\n<p>Quer receber seu exemplar da revista Governan\u00e7a Jur\u00eddica? Clique <a href=\"http:\/\/ayadvogados.com.br\/revista\">aqui<\/a>&nbsp;e pe\u00e7a a sua.<\/p>\n\n\n\n<p>Nos acompanhe nas redes sociais: <a href=\"https:\/\/www.facebook.com\/amaral.yazbek\">Facebook<\/a>&nbsp;| <a href=\"https:\/\/www.instagram.com\/amaral.yazbek\/\">Instagram<\/a> | <a href=\"https:\/\/www.linkedin.com\/company\/3357082\/admin\/\">Linkedin<\/a><\/p>\n\n\n\n<p>J\u00e1 conhece o canal Direito da Intelig\u00eancia de Neg\u00f3cios? <a href=\"https:\/\/www.youtube.com\/channel\/UCu2Mpu32ht8DEN8OFRXYMyw\">Inscreva-se j\u00e1<\/a><\/p>\n","protected":false},"excerpt":{"rendered":"<p>Uma decis\u00e3o do ministro Gurgel de Faria, do Superior Tribunal de Justi\u00e7a (STJ), abriu caminho para o contribuinte discutir a melhor forma para contestar decis\u00e3o da Receita Federal que negou a compensa\u00e7\u00e3o de tributos. Ele aceitou um recurso da Ra\u00edzen Combust\u00edveis para que o tema seja levado \u00e0 1\u00aa Se\u00e7\u00e3o &#8211; que uniformiza o entendimento [&hellip;]<\/p>\n","protected":false},"author":2,"featured_media":1199,"comment_status":"open","ping_status":"open","sticky":false,"template":"","format":"standard","meta":{"footnotes":""},"categories":[1],"tags":[],"class_list":["post-1198","post","type-post","status-publish","format-standard","has-post-thumbnail","hentry","category-noticia-do-dia"],"blocksy_meta":{"styles_descriptor":{"styles":{"desktop":"","tablet":"","mobile":""},"google_fonts":[],"version":6}},"yoast_head":"<!-- This site is optimized with the Yoast SEO plugin v27.5 - https:\/\/yoast.com\/product\/yoast-seo-wordpress\/ -->\n<title>STJ vai discutir defesa em execu\u00e7\u00e3o fiscal - Amaral, Yazbek Advogados<\/title>\n<meta name=\"robots\" content=\"index, follow, max-snippet:-1, max-image-preview:large, max-video-preview:-1\" \/>\n<link rel=\"canonical\" href=\"https:\/\/www.34.239.117.254.sslip.io\/?p=1198\" \/>\n<meta property=\"og:locale\" content=\"pt_BR\" \/>\n<meta property=\"og:type\" content=\"article\" \/>\n<meta property=\"og:title\" content=\"STJ vai discutir defesa em execu\u00e7\u00e3o fiscal - Amaral, Yazbek Advogados\" \/>\n<meta property=\"og:description\" content=\"Uma decis\u00e3o do ministro Gurgel de Faria, do Superior Tribunal de Justi\u00e7a (STJ), abriu caminho para o contribuinte discutir a melhor forma para contestar decis\u00e3o da Receita Federal que negou a compensa\u00e7\u00e3o de tributos. Ele aceitou um recurso da Ra\u00edzen Combust\u00edveis para que o tema seja levado \u00e0 1\u00aa Se\u00e7\u00e3o &#8211; que uniformiza o entendimento [&hellip;]\" \/>\n<meta property=\"og:url\" content=\"https:\/\/www.34.239.117.254.sslip.io\/?p=1198\" \/>\n<meta property=\"og:site_name\" content=\"Amaral, Yazbek Advogados\" \/>\n<meta property=\"article:publisher\" content=\"https:\/\/www.facebook.com\/AYadvogados\" \/>\n<meta property=\"article:published_time\" content=\"2021-06-01T21:13:46+00:00\" \/>\n<meta property=\"og:image\" content=\"https:\/\/www.34.239.117.254.sslip.io\/wp-content\/uploads\/2021\/06\/01-06-Blog.png\" \/>\n\t<meta property=\"og:image:width\" content=\"1000\" \/>\n\t<meta property=\"og:image:height\" content=\"620\" \/>\n\t<meta property=\"og:image:type\" content=\"image\/png\" \/>\n<meta name=\"author\" content=\"AY Advogados\" \/>\n<meta name=\"twitter:card\" content=\"summary_large_image\" \/>\n<meta name=\"twitter:label1\" content=\"Escrito por\" \/>\n\t<meta name=\"twitter:data1\" content=\"AY Advogados\" \/>\n\t<meta name=\"twitter:label2\" content=\"Est. tempo de leitura\" \/>\n\t<meta name=\"twitter:data2\" content=\"4 minutos\" \/>\n<script type=\"application\/ld+json\" class=\"yoast-schema-graph\">{\"@context\":\"https:\\\/\\\/schema.org\",\"@graph\":[{\"@type\":\"Article\",\"@id\":\"https:\\\/\\\/www.34.239.117.254.sslip.io\\\/?p=1198#article\",\"isPartOf\":{\"@id\":\"https:\\\/\\\/www.34.239.117.254.sslip.io\\\/?p=1198\"},\"author\":{\"name\":\"AY Advogados\",\"@id\":\"https:\\\/\\\/www.34.239.117.254.sslip.io\\\/#\\\/schema\\\/person\\\/4abfbf03ad3e577e691d333af064a912\"},\"headline\":\"STJ vai discutir defesa em execu\u00e7\u00e3o fiscal\",\"datePublished\":\"2021-06-01T21:13:46+00:00\",\"mainEntityOfPage\":{\"@id\":\"https:\\\/\\\/www.34.239.117.254.sslip.io\\\/?p=1198\"},\"wordCount\":779,\"commentCount\":0,\"publisher\":{\"@id\":\"https:\\\/\\\/www.34.239.117.254.sslip.io\\\/#organization\"},\"image\":{\"@id\":\"https:\\\/\\\/www.34.239.117.254.sslip.io\\\/?p=1198#primaryimage\"},\"thumbnailUrl\":\"https:\\\/\\\/www.ayadvogados.com.br\\\/wp-content\\\/uploads\\\/2021\\\/06\\\/01-06-Blog.png\",\"articleSection\":[\"Not\u00edcia do Dia\"],\"inLanguage\":\"pt-BR\",\"potentialAction\":[{\"@type\":\"CommentAction\",\"name\":\"Comment\",\"target\":[\"https:\\\/\\\/www.34.239.117.254.sslip.io\\\/?p=1198#respond\"]}]},{\"@type\":\"WebPage\",\"@id\":\"https:\\\/\\\/www.34.239.117.254.sslip.io\\\/?p=1198\",\"url\":\"https:\\\/\\\/www.34.239.117.254.sslip.io\\\/?p=1198\",\"name\":\"STJ vai discutir defesa em execu\u00e7\u00e3o fiscal - Amaral, Yazbek Advogados\",\"isPartOf\":{\"@id\":\"https:\\\/\\\/www.34.239.117.254.sslip.io\\\/#website\"},\"primaryImageOfPage\":{\"@id\":\"https:\\\/\\\/www.34.239.117.254.sslip.io\\\/?p=1198#primaryimage\"},\"image\":{\"@id\":\"https:\\\/\\\/www.34.239.117.254.sslip.io\\\/?p=1198#primaryimage\"},\"thumbnailUrl\":\"https:\\\/\\\/www.ayadvogados.com.br\\\/wp-content\\\/uploads\\\/2021\\\/06\\\/01-06-Blog.png\",\"datePublished\":\"2021-06-01T21:13:46+00:00\",\"breadcrumb\":{\"@id\":\"https:\\\/\\\/www.34.239.117.254.sslip.io\\\/?p=1198#breadcrumb\"},\"inLanguage\":\"pt-BR\",\"potentialAction\":[{\"@type\":\"ReadAction\",\"target\":[\"https:\\\/\\\/www.34.239.117.254.sslip.io\\\/?p=1198\"]}]},{\"@type\":\"ImageObject\",\"inLanguage\":\"pt-BR\",\"@id\":\"https:\\\/\\\/www.34.239.117.254.sslip.io\\\/?p=1198#primaryimage\",\"url\":\"https:\\\/\\\/www.ayadvogados.com.br\\\/wp-content\\\/uploads\\\/2021\\\/06\\\/01-06-Blog.png\",\"contentUrl\":\"https:\\\/\\\/www.ayadvogados.com.br\\\/wp-content\\\/uploads\\\/2021\\\/06\\\/01-06-Blog.png\",\"width\":1000,\"height\":620},{\"@type\":\"BreadcrumbList\",\"@id\":\"https:\\\/\\\/www.34.239.117.254.sslip.io\\\/?p=1198#breadcrumb\",\"itemListElement\":[{\"@type\":\"ListItem\",\"position\":1,\"name\":\"In\u00edcio\",\"item\":\"https:\\\/\\\/www.34.239.117.254.sslip.io\\\/\"},{\"@type\":\"ListItem\",\"position\":2,\"name\":\"STJ vai discutir defesa em execu\u00e7\u00e3o fiscal\"}]},{\"@type\":\"WebSite\",\"@id\":\"https:\\\/\\\/www.34.239.117.254.sslip.io\\\/#website\",\"url\":\"https:\\\/\\\/www.34.239.117.254.sslip.io\\\/\",\"name\":\"Amaral, Yazbek Advogados\",\"description\":\"Curitiba \u2022 Bras\u00edlia \u2022 S\u00e3o Paulo\",\"publisher\":{\"@id\":\"https:\\\/\\\/www.34.239.117.254.sslip.io\\\/#organization\"},\"potentialAction\":[{\"@type\":\"SearchAction\",\"target\":{\"@type\":\"EntryPoint\",\"urlTemplate\":\"https:\\\/\\\/www.34.239.117.254.sslip.io\\\/?s={search_term_string}\"},\"query-input\":{\"@type\":\"PropertyValueSpecification\",\"valueRequired\":true,\"valueName\":\"search_term_string\"}}],\"inLanguage\":\"pt-BR\"},{\"@type\":\"Organization\",\"@id\":\"https:\\\/\\\/www.34.239.117.254.sslip.io\\\/#organization\",\"name\":\"Amaral, Yazbek Advogados\",\"url\":\"https:\\\/\\\/www.34.239.117.254.sslip.io\\\/\",\"logo\":{\"@type\":\"ImageObject\",\"inLanguage\":\"pt-BR\",\"@id\":\"https:\\\/\\\/www.34.239.117.254.sslip.io\\\/#\\\/schema\\\/logo\\\/image\\\/\",\"url\":\"http:\\\/\\\/34.239.117.254\\\/wp-content\\\/uploads\\\/2021\\\/03\\\/logo-ay-g.png\",\"contentUrl\":\"http:\\\/\\\/34.239.117.254\\\/wp-content\\\/uploads\\\/2021\\\/03\\\/logo-ay-g.png\",\"width\":434,\"height\":106,\"caption\":\"Amaral, Yazbek Advogados\"},\"image\":{\"@id\":\"https:\\\/\\\/www.34.239.117.254.sslip.io\\\/#\\\/schema\\\/logo\\\/image\\\/\"},\"sameAs\":[\"https:\\\/\\\/www.facebook.com\\\/AYadvogados\",\"https:\\\/\\\/www.instagram.com\\\/ayadvogados\\\/\"]},{\"@type\":\"Person\",\"@id\":\"https:\\\/\\\/www.34.239.117.254.sslip.io\\\/#\\\/schema\\\/person\\\/4abfbf03ad3e577e691d333af064a912\",\"name\":\"AY Advogados\",\"image\":{\"@type\":\"ImageObject\",\"inLanguage\":\"pt-BR\",\"@id\":\"https:\\\/\\\/secure.gravatar.com\\\/avatar\\\/1473912b851241f5503026e6156e144dcd83ff7addb67f65e1ed9ca21ee1d9cf?s=96&d=mm&r=g\",\"url\":\"https:\\\/\\\/secure.gravatar.com\\\/avatar\\\/1473912b851241f5503026e6156e144dcd83ff7addb67f65e1ed9ca21ee1d9cf?s=96&d=mm&r=g\",\"contentUrl\":\"https:\\\/\\\/secure.gravatar.com\\\/avatar\\\/1473912b851241f5503026e6156e144dcd83ff7addb67f65e1ed9ca21ee1d9cf?s=96&d=mm&r=g\",\"caption\":\"AY Advogados\"},\"sameAs\":[\"https:\\\/\\\/ayadvogados.com.br\"],\"url\":\"https:\\\/\\\/www.ayadvogados.com.br\\\/?author=2\"}]}<\/script>\n<!-- \/ Yoast SEO plugin. -->","yoast_head_json":{"title":"STJ vai discutir defesa em execu\u00e7\u00e3o fiscal - Amaral, Yazbek Advogados","robots":{"index":"index","follow":"follow","max-snippet":"max-snippet:-1","max-image-preview":"max-image-preview:large","max-video-preview":"max-video-preview:-1"},"canonical":"https:\/\/www.34.239.117.254.sslip.io\/?p=1198","og_locale":"pt_BR","og_type":"article","og_title":"STJ vai discutir defesa em execu\u00e7\u00e3o fiscal - Amaral, Yazbek Advogados","og_description":"Uma decis\u00e3o do ministro Gurgel de Faria, do Superior Tribunal de Justi\u00e7a (STJ), abriu caminho para o contribuinte discutir a melhor forma para contestar decis\u00e3o da Receita Federal que negou a compensa\u00e7\u00e3o de tributos. Ele aceitou um recurso da Ra\u00edzen Combust\u00edveis para que o tema seja levado \u00e0 1\u00aa Se\u00e7\u00e3o &#8211; que uniformiza o entendimento [&hellip;]","og_url":"https:\/\/www.34.239.117.254.sslip.io\/?p=1198","og_site_name":"Amaral, Yazbek Advogados","article_publisher":"https:\/\/www.facebook.com\/AYadvogados","article_published_time":"2021-06-01T21:13:46+00:00","og_image":[{"width":1000,"height":620,"url":"https:\/\/www.34.239.117.254.sslip.io\/wp-content\/uploads\/2021\/06\/01-06-Blog.png","type":"image\/png"}],"author":"AY Advogados","twitter_card":"summary_large_image","twitter_misc":{"Escrito por":"AY Advogados","Est. tempo de leitura":"4 minutos"},"schema":{"@context":"https:\/\/schema.org","@graph":[{"@type":"Article","@id":"https:\/\/www.34.239.117.254.sslip.io\/?p=1198#article","isPartOf":{"@id":"https:\/\/www.34.239.117.254.sslip.io\/?p=1198"},"author":{"name":"AY Advogados","@id":"https:\/\/www.34.239.117.254.sslip.io\/#\/schema\/person\/4abfbf03ad3e577e691d333af064a912"},"headline":"STJ vai discutir defesa em execu\u00e7\u00e3o fiscal","datePublished":"2021-06-01T21:13:46+00:00","mainEntityOfPage":{"@id":"https:\/\/www.34.239.117.254.sslip.io\/?p=1198"},"wordCount":779,"commentCount":0,"publisher":{"@id":"https:\/\/www.34.239.117.254.sslip.io\/#organization"},"image":{"@id":"https:\/\/www.34.239.117.254.sslip.io\/?p=1198#primaryimage"},"thumbnailUrl":"https:\/\/www.ayadvogados.com.br\/wp-content\/uploads\/2021\/06\/01-06-Blog.png","articleSection":["Not\u00edcia do Dia"],"inLanguage":"pt-BR","potentialAction":[{"@type":"CommentAction","name":"Comment","target":["https:\/\/www.34.239.117.254.sslip.io\/?p=1198#respond"]}]},{"@type":"WebPage","@id":"https:\/\/www.34.239.117.254.sslip.io\/?p=1198","url":"https:\/\/www.34.239.117.254.sslip.io\/?p=1198","name":"STJ vai discutir defesa em execu\u00e7\u00e3o fiscal - Amaral, Yazbek Advogados","isPartOf":{"@id":"https:\/\/www.34.239.117.254.sslip.io\/#website"},"primaryImageOfPage":{"@id":"https:\/\/www.34.239.117.254.sslip.io\/?p=1198#primaryimage"},"image":{"@id":"https:\/\/www.34.239.117.254.sslip.io\/?p=1198#primaryimage"},"thumbnailUrl":"https:\/\/www.ayadvogados.com.br\/wp-content\/uploads\/2021\/06\/01-06-Blog.png","datePublished":"2021-06-01T21:13:46+00:00","breadcrumb":{"@id":"https:\/\/www.34.239.117.254.sslip.io\/?p=1198#breadcrumb"},"inLanguage":"pt-BR","potentialAction":[{"@type":"ReadAction","target":["https:\/\/www.34.239.117.254.sslip.io\/?p=1198"]}]},{"@type":"ImageObject","inLanguage":"pt-BR","@id":"https:\/\/www.34.239.117.254.sslip.io\/?p=1198#primaryimage","url":"https:\/\/www.ayadvogados.com.br\/wp-content\/uploads\/2021\/06\/01-06-Blog.png","contentUrl":"https:\/\/www.ayadvogados.com.br\/wp-content\/uploads\/2021\/06\/01-06-Blog.png","width":1000,"height":620},{"@type":"BreadcrumbList","@id":"https:\/\/www.34.239.117.254.sslip.io\/?p=1198#breadcrumb","itemListElement":[{"@type":"ListItem","position":1,"name":"In\u00edcio","item":"https:\/\/www.34.239.117.254.sslip.io\/"},{"@type":"ListItem","position":2,"name":"STJ vai discutir defesa em execu\u00e7\u00e3o fiscal"}]},{"@type":"WebSite","@id":"https:\/\/www.34.239.117.254.sslip.io\/#website","url":"https:\/\/www.34.239.117.254.sslip.io\/","name":"Amaral, Yazbek Advogados","description":"Curitiba \u2022 Bras\u00edlia \u2022 S\u00e3o Paulo","publisher":{"@id":"https:\/\/www.34.239.117.254.sslip.io\/#organization"},"potentialAction":[{"@type":"SearchAction","target":{"@type":"EntryPoint","urlTemplate":"https:\/\/www.34.239.117.254.sslip.io\/?s={search_term_string}"},"query-input":{"@type":"PropertyValueSpecification","valueRequired":true,"valueName":"search_term_string"}}],"inLanguage":"pt-BR"},{"@type":"Organization","@id":"https:\/\/www.34.239.117.254.sslip.io\/#organization","name":"Amaral, Yazbek Advogados","url":"https:\/\/www.34.239.117.254.sslip.io\/","logo":{"@type":"ImageObject","inLanguage":"pt-BR","@id":"https:\/\/www.34.239.117.254.sslip.io\/#\/schema\/logo\/image\/","url":"http:\/\/34.239.117.254\/wp-content\/uploads\/2021\/03\/logo-ay-g.png","contentUrl":"http:\/\/34.239.117.254\/wp-content\/uploads\/2021\/03\/logo-ay-g.png","width":434,"height":106,"caption":"Amaral, Yazbek Advogados"},"image":{"@id":"https:\/\/www.34.239.117.254.sslip.io\/#\/schema\/logo\/image\/"},"sameAs":["https:\/\/www.facebook.com\/AYadvogados","https:\/\/www.instagram.com\/ayadvogados\/"]},{"@type":"Person","@id":"https:\/\/www.34.239.117.254.sslip.io\/#\/schema\/person\/4abfbf03ad3e577e691d333af064a912","name":"AY Advogados","image":{"@type":"ImageObject","inLanguage":"pt-BR","@id":"https:\/\/secure.gravatar.com\/avatar\/1473912b851241f5503026e6156e144dcd83ff7addb67f65e1ed9ca21ee1d9cf?s=96&d=mm&r=g","url":"https:\/\/secure.gravatar.com\/avatar\/1473912b851241f5503026e6156e144dcd83ff7addb67f65e1ed9ca21ee1d9cf?s=96&d=mm&r=g","contentUrl":"https:\/\/secure.gravatar.com\/avatar\/1473912b851241f5503026e6156e144dcd83ff7addb67f65e1ed9ca21ee1d9cf?s=96&d=mm&r=g","caption":"AY Advogados"},"sameAs":["https:\/\/ayadvogados.com.br"],"url":"https:\/\/www.ayadvogados.com.br\/?author=2"}]}},"rttpg_featured_image_url":{"full":["https:\/\/www.ayadvogados.com.br\/wp-content\/uploads\/2021\/06\/01-06-Blog.png",1000,620,false],"landscape":["https:\/\/www.ayadvogados.com.br\/wp-content\/uploads\/2021\/06\/01-06-Blog.png",1000,620,false],"portraits":["https:\/\/www.ayadvogados.com.br\/wp-content\/uploads\/2021\/06\/01-06-Blog.png",1000,620,false],"thumbnail":["https:\/\/www.ayadvogados.com.br\/wp-content\/uploads\/2021\/06\/01-06-Blog-150x150.png",150,150,true],"medium":["https:\/\/www.ayadvogados.com.br\/wp-content\/uploads\/2021\/06\/01-06-Blog-300x186.png",300,186,true],"large":["https:\/\/www.ayadvogados.com.br\/wp-content\/uploads\/2021\/06\/01-06-Blog.png",1000,620,false],"1536x1536":["https:\/\/www.ayadvogados.com.br\/wp-content\/uploads\/2021\/06\/01-06-Blog.png",1000,620,false],"2048x2048":["https:\/\/www.ayadvogados.com.br\/wp-content\/uploads\/2021\/06\/01-06-Blog.png",1000,620,false]},"rttpg_author":{"display_name":"AY Advogados","author_link":"https:\/\/www.ayadvogados.com.br\/?author=2"},"rttpg_comment":0,"rttpg_category":"<a href=\"https:\/\/www.ayadvogados.com.br\/?cat=1\" rel=\"category\">Not\u00edcia do Dia<\/a>","rttpg_excerpt":"Uma decis\u00e3o do ministro Gurgel de Faria, do Superior Tribunal de Justi\u00e7a (STJ), abriu caminho para o contribuinte discutir a melhor forma para contestar decis\u00e3o da Receita Federal que negou a compensa\u00e7\u00e3o de tributos. Ele aceitou um recurso da Ra\u00edzen Combust\u00edveis para que o tema seja levado \u00e0 1\u00aa Se\u00e7\u00e3o &#8211; que uniformiza o entendimento&hellip;","_links":{"self":[{"href":"https:\/\/www.ayadvogados.com.br\/index.php?rest_route=\/wp\/v2\/posts\/1198","targetHints":{"allow":["GET"]}}],"collection":[{"href":"https:\/\/www.ayadvogados.com.br\/index.php?rest_route=\/wp\/v2\/posts"}],"about":[{"href":"https:\/\/www.ayadvogados.com.br\/index.php?rest_route=\/wp\/v2\/types\/post"}],"author":[{"embeddable":true,"href":"https:\/\/www.ayadvogados.com.br\/index.php?rest_route=\/wp\/v2\/users\/2"}],"replies":[{"embeddable":true,"href":"https:\/\/www.ayadvogados.com.br\/index.php?rest_route=%2Fwp%2Fv2%2Fcomments&post=1198"}],"version-history":[{"count":1,"href":"https:\/\/www.ayadvogados.com.br\/index.php?rest_route=\/wp\/v2\/posts\/1198\/revisions"}],"predecessor-version":[{"id":1200,"href":"https:\/\/www.ayadvogados.com.br\/index.php?rest_route=\/wp\/v2\/posts\/1198\/revisions\/1200"}],"wp:featuredmedia":[{"embeddable":true,"href":"https:\/\/www.ayadvogados.com.br\/index.php?rest_route=\/wp\/v2\/media\/1199"}],"wp:attachment":[{"href":"https:\/\/www.ayadvogados.com.br\/index.php?rest_route=%2Fwp%2Fv2%2Fmedia&parent=1198"}],"wp:term":[{"taxonomy":"category","embeddable":true,"href":"https:\/\/www.ayadvogados.com.br\/index.php?rest_route=%2Fwp%2Fv2%2Fcategories&post=1198"},{"taxonomy":"post_tag","embeddable":true,"href":"https:\/\/www.ayadvogados.com.br\/index.php?rest_route=%2Fwp%2Fv2%2Ftags&post=1198"}],"curies":[{"name":"wp","href":"https:\/\/api.w.org\/{rel}","templated":true}]}}