{"id":1186,"date":"2021-05-26T18:44:38","date_gmt":"2021-05-26T21:44:38","guid":{"rendered":"http:\/\/34.239.117.254\/?p=1186"},"modified":"2021-05-26T18:44:38","modified_gmt":"2021-05-26T21:44:38","slug":"stf-podera-livrar-contribuintes-de-conta-bilionaria-do-terco-de-ferias","status":"publish","type":"post","link":"https:\/\/www.ayadvogados.com.br\/?p=1186","title":{"rendered":"STF poder\u00e1 livrar contribuintes de conta bilion\u00e1ria do ter\u00e7o de f\u00e9rias"},"content":{"rendered":"\n<p>O entendimento adotado pelo Supremo Tribunal Federal (STF) para definir o alcance da exclus\u00e3o do ICMS da base de c\u00e1lculo do PIS e da Cofins &#8211; a chamada \u201ctese do s\u00e9culo\u201d &#8211; poder\u00e1 beneficiar as empresas em um outro julgamento, o que trata da tributa\u00e7\u00e3o do ter\u00e7o de f\u00e9rias. S\u00e3o cerca de R$ 100 bilh\u00f5es em jogo nesse processo.<\/p>\n\n\n\n<p>Os dois casos t\u00eam como pano de fundo a chamada modula\u00e7\u00e3o de efeitos. Essa medida pode ser adotada pelo STF, a pedido de uma das partes, para impedir que uma decis\u00e3o seja aplicada de forma retroativa.<\/p>\n\n\n\n<p>No caso da exclus\u00e3o do ICMS, por exemplo, a Uni\u00e3o apresentou o pedido por meio de embargos de declara\u00e7\u00e3o. A inten\u00e7\u00e3o era a de evitar a devolu\u00e7\u00e3o de valores cobrados dos contribuintes de forma indevida no passado.<\/p>\n\n\n\n<p>Os ministros fizeram um recorte no tempo. Estabeleceram que s\u00f3 os contribuintes com a\u00e7\u00f5es em curso at\u00e9 15 de mar\u00e7o de 2017 ter\u00e3o o direito ao reembolso. Esse foi o dia em que eles decidiram que o ICMS, por n\u00e3o se caracterizar como receita ou faturamento, n\u00e3o poderia compor a base de c\u00e1lculo do PIS e da Cofins.<\/p>\n\n\n\n<p>Para aplicar a modula\u00e7\u00e3o, os ministros usaram como justificativa \u201ca preserva\u00e7\u00e3o da seguran\u00e7a jur\u00eddica\u201d. Levaram em conta que, antes da decis\u00e3o de 2017, havia julgamento de recurso repetitivo pelo Superior Tribunal de Justi\u00e7a (STJ) em sentido contr\u00e1rio &#8211; permitindo o ICMS no c\u00e1lculo das contribui\u00e7\u00f5es sociais. O placar no STF foi de oito votos a tr\u00eas.<\/p>\n\n\n\n<p>No caso do ter\u00e7o de f\u00e9rias (RE 1072485), a modula\u00e7\u00e3o, se aplicada, vai favorecer o contribuinte. O STF decidiu, em agosto do ano passado, que deve incidir contribui\u00e7\u00e3o previdenci\u00e1ria patronal. At\u00e9 ent\u00e3o, por\u00e9m, a maioria das empresas n\u00e3o fazia o recolhimento com base em entendimento do STJ, que &#8211; assim como no caso da exclus\u00e3o do ICMS &#8211; decidiu essa mat\u00e9ria em repetitivo.<\/p>\n\n\n\n<p>Agora, por meio de embargos de declara\u00e7\u00e3o, os contribuintes tentam evitar que a Uni\u00e3o possa cobrar os valores que deixaram de ser pagos no passado, antes dessa decis\u00e3o. A Associa\u00e7\u00e3o Brasileira de Advocacia Tribut\u00e1ria (Abat) estima que as empresas tenham que desembolsar entre R$ 80 bilh\u00f5es e R$ 100 bilh\u00f5es.<\/p>\n\n\n\n<p>\u201cO entendimento de que se estava alterando uma situa\u00e7\u00e3o consolidada pela jurisprud\u00eancia do STJ em repetitivo, adotado pelo STF no julgamento da exclus\u00e3o do ICMS, se aplica ao ter\u00e7o de f\u00e9rias. Eu diria que, aqui, \u00e9 ainda mais forte\u201d, afirma Alessandro Mendes Cardoso, s\u00f3cio do escrit\u00f3rio Rolim, Viotti &amp; Leite Campos Advogados.<\/p>\n\n\n\n<p>Ele leva em considera\u00e7\u00e3o o fato de o STF, em agosto de 2016, ter negado repercuss\u00e3o geral a esse tema por entender que tratava-se de mat\u00e9ria infraconstitucional. E, nesse caso, a palavra final \u00e9 do STJ. \u201cPor causa dessa decis\u00e3o, a PGFN [Procuradoria-Geral da Fazenda Nacional] emitiu uma nota, em 2017, autorizando os procuradores a n\u00e3o entrar com recurso extraordin\u00e1rio contra essa mat\u00e9ria. Ou seja, a pr\u00f3pria PGFN absorveu essa decis\u00e3o.\u201d<\/p>\n\n\n\n<p>Em fevereiro de 2018, os ministros do Supremo voltaram a analisar o tema e mudaram de ideia. Decidiram que poderia, sim, ser julgado pela Corte.<\/p>\n\n\n\n<p>Apesar das semelhan\u00e7as com a chamada \u201ctese do s\u00e9culo\u201d, n\u00e3o h\u00e1 jogo ganho. Os advogados sabem que o julgamento da modula\u00e7\u00e3o do ter\u00e7o de f\u00e9rias n\u00e3o ser\u00e1 f\u00e1cil para as empresas.<\/p>\n\n\n\n<p>Essa discuss\u00e3o foi inclu\u00edda no Plen\u00e1rio Virtual no come\u00e7o de abril. Estava em cinco a quatro, a favor do contribuinte, quando o presidente da Corte, o ministro Luiz Fux, apresentou um pedido de destaque. Quando isso acontece, o caso \u00e9 deslocado para julgamento presencial e volta \u00e0 estaca zero. Fica como se ningu\u00e9m ainda tivesse proferido voto.<\/p>\n\n\n\n<p>Fux agiu dessa forma para evitar questionamentos &#8211; inclusive de colegas do STF &#8211; sobre o qu\u00f3rum necess\u00e1rio para a modula\u00e7\u00e3o de efeitos: se seis ou oito votos. Essa situa\u00e7\u00e3o causou surpresa. Advogados davam como certa a possibilidade de modula\u00e7\u00e3o, nesse caso, com seis votos. Isso por conta de uma decis\u00e3o do dia 18 de dezembro de 2019.<\/p>\n\n\n\n<p>Os ministros decidiram, por meio de uma quest\u00e3o de ordem, que nos recursos extraordin\u00e1rios em que n\u00e3o se declara a inconstitucionalidade de um ato normativo, ou seja, a decis\u00e3o serve somente para uniformizar o entendimento sobre o tema, a modula\u00e7\u00e3o pode ser aplicada por maioria simples &#8211; seis votos.<\/p>\n\n\n\n<p>Essa decis\u00e3o reduziu o qu\u00f3rum que era utilizado at\u00e9 ent\u00e3o. Aplicava-se, antes, a regra das a\u00e7\u00f5es diretas de inconstitucionalidade, que exige a aprova\u00e7\u00e3o por dois ter\u00e7os (oito votos).<\/p>\n\n\n\n<p>Os ministros levaram em conta, para fazer essa diferencia\u00e7\u00e3o, o artigo 927, par\u00e1grafo 3\u00ba, do C\u00f3digo de Processo Civil (CPC). Essa norma prev\u00ea a modula\u00e7\u00e3o de efeitos nas hip\u00f3teses de altera\u00e7\u00e3o de jurisprud\u00eancia dominante nos tribunais superiores e n\u00e3o cita a necessidade de qu\u00f3rum qualificado.<\/p>\n\n\n\n<p>Ao <strong>Valor<\/strong>, o STF respondeu que aquele caso de 2019 era muito espec\u00edfico. Havia dois ministros impedidos &#8211; Fux e Lu\u00eds Roberto Barroso. Significa, portanto, que essa quest\u00e3o ainda est\u00e1 em aberto na Corte.<\/p>\n\n\n\n<p>Se os ministros decidirem que valem oito votos e todos os que se posicionaram no Plen\u00e1rio Virtual repetirem o mesmo entendimento no julgamento presencial, o contribuinte perder\u00e1 a disputa. Havia cinco votos pela modula\u00e7\u00e3o e s\u00f3 dois ministros, Fux e Nunes Marques, n\u00e3o tinham ainda se manifestado.<\/p>\n\n\n\n<p>Alguns dos ministros que votaram contra argumentaram, principalmente, que o STF n\u00e3o modula decis\u00f5es que declararam leis constitucionais &#8211; s\u00f3 as inconstitucionais. Essa justificativa coloca em lados opostos os dois julgamentos. S\u00f3 no da exclus\u00e3o do ICMS houve declara\u00e7\u00e3o de inconstitucionalidade.<\/p>\n\n\n\n<p>Para Teresa Arruda Alvim, s\u00f3cia do escrit\u00f3rio Arruda Alvim, Arag\u00e3o, Lins &amp; Sato Advogados, trata-se de um argumento \u201cequivocado\u201d. \u201cO C\u00f3digo de 2015 ampliou a possibilidade do uso da modula\u00e7\u00e3o de efeitos. Passou a ser permitida quando h\u00e1 mudan\u00e7a de orienta\u00e7\u00e3o do tribunal. Consta no artigo 927.\u201d<\/p>\n\n\n\n<p>Em nota, a PGFN afirma que existem diferen\u00e7as entre as discuss\u00f5es. \u00c9 importante destacar, diz, que ao julgar o ter\u00e7o de f\u00e9rias (Tema 985 de repercuss\u00e3o geral), \u201co STF consagrou entendimento da pr\u00f3pria Corte extra\u00eddo do Tema 20 (RE 565160)\u201d &#8211; que tratava da tributa\u00e7\u00e3o sobre ganhos habituais do empregado.<\/p>\n\n\n\n<p>Fonte: <a href=\"https:\/\/valor.globo.com\/legislacao\/noticia\/2021\/05\/25\/stf-podera-livrar-contribuintes-de-conta-bilionaria-do-terco-de-ferias.ghtml\" data-type=\"URL\" data-id=\"https:\/\/valor.globo.com\/legislacao\/noticia\/2021\/05\/25\/stf-podera-livrar-contribuintes-de-conta-bilionaria-do-terco-de-ferias.ghtml\" target=\"_blank\" rel=\"noreferrer noopener\">Valor<\/a><\/p>\n\n\n\n<p>A Amaral, Yazbek, OAB\/PR 762, possui 35 anos de experi\u00eancia auxiliando empresas a transformar a tributa\u00e7\u00e3o em lucro. Entre em contato com um dos s\u00f3cios para agendamento de reuni\u00e3o em caso de d\u00favidas.<\/p>\n\n\n\n<p>Contato: 41 3595-8300 ou pelo nosso WhatsApp 41 99567-5696<\/p>\n\n\n\n<p>Av. C\u00e2ndido Hartmann, 50 \u2013 Bigorrilho | Curitiba-PR<\/p>\n\n\n\n<p>Assine nossa Newsletter e fique por dentro das novidades!<\/p>\n\n\n\n<p>Quer receber seu exemplar da revista Governan\u00e7a Jur\u00eddica? Clique <a href=\"http:\/\/ayadvogados.com.br\/revista\">aqui<\/a>&nbsp;e pe\u00e7a a sua.<\/p>\n\n\n\n<p>Nos acompanhe nas redes sociais: <a href=\"https:\/\/www.facebook.com\/amaral.yazbek\">Facebook<\/a>&nbsp;| <a href=\"https:\/\/www.instagram.com\/amaral.yazbek\/\">Instagram<\/a> | <a href=\"https:\/\/www.linkedin.com\/company\/3357082\/admin\/\">Linkedin<\/a><\/p>\n\n\n\n<p>J\u00e1 conhece o canal Direito da Intelig\u00eancia de Neg\u00f3cios? <a href=\"https:\/\/www.youtube.com\/channel\/UCu2Mpu32ht8DEN8OFRXYMyw\">Inscreva-se j\u00e1<\/a><\/p>\n","protected":false},"excerpt":{"rendered":"<p>O entendimento adotado pelo Supremo Tribunal Federal (STF) para definir o alcance da exclus\u00e3o do ICMS da base de c\u00e1lculo do PIS e da Cofins &#8211; a chamada \u201ctese do s\u00e9culo\u201d &#8211; poder\u00e1 beneficiar as empresas em um outro julgamento, o que trata da tributa\u00e7\u00e3o do ter\u00e7o de f\u00e9rias. S\u00e3o cerca de R$ 100 bilh\u00f5es [&hellip;]<\/p>\n","protected":false},"author":2,"featured_media":1187,"comment_status":"open","ping_status":"open","sticky":false,"template":"","format":"standard","meta":{"footnotes":""},"categories":[1],"tags":[],"class_list":["post-1186","post","type-post","status-publish","format-standard","has-post-thumbnail","hentry","category-noticia-do-dia"],"blocksy_meta":{"styles_descriptor":{"styles":{"desktop":"","tablet":"","mobile":""},"google_fonts":[],"version":6}},"yoast_head":"<!-- This site is optimized with the Yoast SEO plugin v27.5 - https:\/\/yoast.com\/product\/yoast-seo-wordpress\/ -->\n<title>STF poder\u00e1 livrar contribuintes de conta bilion\u00e1ria do ter\u00e7o de f\u00e9rias - Amaral, Yazbek Advogados<\/title>\n<meta name=\"robots\" content=\"index, follow, max-snippet:-1, max-image-preview:large, max-video-preview:-1\" \/>\n<link rel=\"canonical\" href=\"https:\/\/www.34.239.117.254.sslip.io\/?p=1186\" \/>\n<meta property=\"og:locale\" content=\"pt_BR\" \/>\n<meta property=\"og:type\" content=\"article\" \/>\n<meta property=\"og:title\" content=\"STF poder\u00e1 livrar contribuintes de conta bilion\u00e1ria do ter\u00e7o de f\u00e9rias - Amaral, Yazbek Advogados\" \/>\n<meta property=\"og:description\" content=\"O entendimento adotado pelo Supremo Tribunal Federal (STF) para definir o alcance da exclus\u00e3o do ICMS da base de c\u00e1lculo do PIS e da Cofins &#8211; a chamada \u201ctese do s\u00e9culo\u201d &#8211; poder\u00e1 beneficiar as empresas em um outro julgamento, o que trata da tributa\u00e7\u00e3o do ter\u00e7o de f\u00e9rias. S\u00e3o cerca de R$ 100 bilh\u00f5es [&hellip;]\" \/>\n<meta property=\"og:url\" content=\"https:\/\/www.34.239.117.254.sslip.io\/?p=1186\" \/>\n<meta property=\"og:site_name\" content=\"Amaral, Yazbek Advogados\" \/>\n<meta property=\"article:publisher\" content=\"https:\/\/www.facebook.com\/AYadvogados\" \/>\n<meta property=\"article:published_time\" content=\"2021-05-26T21:44:38+00:00\" \/>\n<meta property=\"og:image\" content=\"https:\/\/www.34.239.117.254.sslip.io\/wp-content\/uploads\/2021\/05\/26-05-Blog.png\" \/>\n\t<meta property=\"og:image:width\" content=\"1000\" \/>\n\t<meta property=\"og:image:height\" content=\"620\" \/>\n\t<meta property=\"og:image:type\" content=\"image\/png\" \/>\n<meta name=\"author\" content=\"AY Advogados\" \/>\n<meta name=\"twitter:card\" content=\"summary_large_image\" \/>\n<meta name=\"twitter:label1\" content=\"Escrito por\" \/>\n\t<meta name=\"twitter:data1\" content=\"AY Advogados\" \/>\n\t<meta name=\"twitter:label2\" content=\"Est. tempo de leitura\" \/>\n\t<meta name=\"twitter:data2\" content=\"6 minutos\" \/>\n<script type=\"application\/ld+json\" class=\"yoast-schema-graph\">{\"@context\":\"https:\\\/\\\/schema.org\",\"@graph\":[{\"@type\":\"Article\",\"@id\":\"https:\\\/\\\/www.34.239.117.254.sslip.io\\\/?p=1186#article\",\"isPartOf\":{\"@id\":\"https:\\\/\\\/www.34.239.117.254.sslip.io\\\/?p=1186\"},\"author\":{\"name\":\"AY Advogados\",\"@id\":\"https:\\\/\\\/www.34.239.117.254.sslip.io\\\/#\\\/schema\\\/person\\\/4abfbf03ad3e577e691d333af064a912\"},\"headline\":\"STF poder\u00e1 livrar contribuintes de conta bilion\u00e1ria do ter\u00e7o de f\u00e9rias\",\"datePublished\":\"2021-05-26T21:44:38+00:00\",\"mainEntityOfPage\":{\"@id\":\"https:\\\/\\\/www.34.239.117.254.sslip.io\\\/?p=1186\"},\"wordCount\":1213,\"commentCount\":0,\"publisher\":{\"@id\":\"https:\\\/\\\/www.34.239.117.254.sslip.io\\\/#organization\"},\"image\":{\"@id\":\"https:\\\/\\\/www.34.239.117.254.sslip.io\\\/?p=1186#primaryimage\"},\"thumbnailUrl\":\"https:\\\/\\\/www.ayadvogados.com.br\\\/wp-content\\\/uploads\\\/2021\\\/05\\\/26-05-Blog.png\",\"articleSection\":[\"Not\u00edcia do Dia\"],\"inLanguage\":\"pt-BR\",\"potentialAction\":[{\"@type\":\"CommentAction\",\"name\":\"Comment\",\"target\":[\"https:\\\/\\\/www.34.239.117.254.sslip.io\\\/?p=1186#respond\"]}]},{\"@type\":\"WebPage\",\"@id\":\"https:\\\/\\\/www.34.239.117.254.sslip.io\\\/?p=1186\",\"url\":\"https:\\\/\\\/www.34.239.117.254.sslip.io\\\/?p=1186\",\"name\":\"STF poder\u00e1 livrar contribuintes de conta bilion\u00e1ria do ter\u00e7o de f\u00e9rias - Amaral, Yazbek Advogados\",\"isPartOf\":{\"@id\":\"https:\\\/\\\/www.34.239.117.254.sslip.io\\\/#website\"},\"primaryImageOfPage\":{\"@id\":\"https:\\\/\\\/www.34.239.117.254.sslip.io\\\/?p=1186#primaryimage\"},\"image\":{\"@id\":\"https:\\\/\\\/www.34.239.117.254.sslip.io\\\/?p=1186#primaryimage\"},\"thumbnailUrl\":\"https:\\\/\\\/www.ayadvogados.com.br\\\/wp-content\\\/uploads\\\/2021\\\/05\\\/26-05-Blog.png\",\"datePublished\":\"2021-05-26T21:44:38+00:00\",\"breadcrumb\":{\"@id\":\"https:\\\/\\\/www.34.239.117.254.sslip.io\\\/?p=1186#breadcrumb\"},\"inLanguage\":\"pt-BR\",\"potentialAction\":[{\"@type\":\"ReadAction\",\"target\":[\"https:\\\/\\\/www.34.239.117.254.sslip.io\\\/?p=1186\"]}]},{\"@type\":\"ImageObject\",\"inLanguage\":\"pt-BR\",\"@id\":\"https:\\\/\\\/www.34.239.117.254.sslip.io\\\/?p=1186#primaryimage\",\"url\":\"https:\\\/\\\/www.ayadvogados.com.br\\\/wp-content\\\/uploads\\\/2021\\\/05\\\/26-05-Blog.png\",\"contentUrl\":\"https:\\\/\\\/www.ayadvogados.com.br\\\/wp-content\\\/uploads\\\/2021\\\/05\\\/26-05-Blog.png\",\"width\":1000,\"height\":620},{\"@type\":\"BreadcrumbList\",\"@id\":\"https:\\\/\\\/www.34.239.117.254.sslip.io\\\/?p=1186#breadcrumb\",\"itemListElement\":[{\"@type\":\"ListItem\",\"position\":1,\"name\":\"In\u00edcio\",\"item\":\"https:\\\/\\\/www.34.239.117.254.sslip.io\\\/\"},{\"@type\":\"ListItem\",\"position\":2,\"name\":\"STF poder\u00e1 livrar contribuintes de conta bilion\u00e1ria do ter\u00e7o de f\u00e9rias\"}]},{\"@type\":\"WebSite\",\"@id\":\"https:\\\/\\\/www.34.239.117.254.sslip.io\\\/#website\",\"url\":\"https:\\\/\\\/www.34.239.117.254.sslip.io\\\/\",\"name\":\"Amaral, Yazbek Advogados\",\"description\":\"Curitiba \u2022 Bras\u00edlia \u2022 S\u00e3o Paulo\",\"publisher\":{\"@id\":\"https:\\\/\\\/www.34.239.117.254.sslip.io\\\/#organization\"},\"potentialAction\":[{\"@type\":\"SearchAction\",\"target\":{\"@type\":\"EntryPoint\",\"urlTemplate\":\"https:\\\/\\\/www.34.239.117.254.sslip.io\\\/?s={search_term_string}\"},\"query-input\":{\"@type\":\"PropertyValueSpecification\",\"valueRequired\":true,\"valueName\":\"search_term_string\"}}],\"inLanguage\":\"pt-BR\"},{\"@type\":\"Organization\",\"@id\":\"https:\\\/\\\/www.34.239.117.254.sslip.io\\\/#organization\",\"name\":\"Amaral, Yazbek Advogados\",\"url\":\"https:\\\/\\\/www.34.239.117.254.sslip.io\\\/\",\"logo\":{\"@type\":\"ImageObject\",\"inLanguage\":\"pt-BR\",\"@id\":\"https:\\\/\\\/www.34.239.117.254.sslip.io\\\/#\\\/schema\\\/logo\\\/image\\\/\",\"url\":\"http:\\\/\\\/34.239.117.254\\\/wp-content\\\/uploads\\\/2021\\\/03\\\/logo-ay-g.png\",\"contentUrl\":\"http:\\\/\\\/34.239.117.254\\\/wp-content\\\/uploads\\\/2021\\\/03\\\/logo-ay-g.png\",\"width\":434,\"height\":106,\"caption\":\"Amaral, Yazbek Advogados\"},\"image\":{\"@id\":\"https:\\\/\\\/www.34.239.117.254.sslip.io\\\/#\\\/schema\\\/logo\\\/image\\\/\"},\"sameAs\":[\"https:\\\/\\\/www.facebook.com\\\/AYadvogados\",\"https:\\\/\\\/www.instagram.com\\\/ayadvogados\\\/\"]},{\"@type\":\"Person\",\"@id\":\"https:\\\/\\\/www.34.239.117.254.sslip.io\\\/#\\\/schema\\\/person\\\/4abfbf03ad3e577e691d333af064a912\",\"name\":\"AY Advogados\",\"image\":{\"@type\":\"ImageObject\",\"inLanguage\":\"pt-BR\",\"@id\":\"https:\\\/\\\/secure.gravatar.com\\\/avatar\\\/1473912b851241f5503026e6156e144dcd83ff7addb67f65e1ed9ca21ee1d9cf?s=96&d=mm&r=g\",\"url\":\"https:\\\/\\\/secure.gravatar.com\\\/avatar\\\/1473912b851241f5503026e6156e144dcd83ff7addb67f65e1ed9ca21ee1d9cf?s=96&d=mm&r=g\",\"contentUrl\":\"https:\\\/\\\/secure.gravatar.com\\\/avatar\\\/1473912b851241f5503026e6156e144dcd83ff7addb67f65e1ed9ca21ee1d9cf?s=96&d=mm&r=g\",\"caption\":\"AY Advogados\"},\"sameAs\":[\"https:\\\/\\\/ayadvogados.com.br\"],\"url\":\"https:\\\/\\\/www.ayadvogados.com.br\\\/?author=2\"}]}<\/script>\n<!-- \/ Yoast SEO plugin. -->","yoast_head_json":{"title":"STF poder\u00e1 livrar contribuintes de conta bilion\u00e1ria do ter\u00e7o de f\u00e9rias - Amaral, Yazbek Advogados","robots":{"index":"index","follow":"follow","max-snippet":"max-snippet:-1","max-image-preview":"max-image-preview:large","max-video-preview":"max-video-preview:-1"},"canonical":"https:\/\/www.34.239.117.254.sslip.io\/?p=1186","og_locale":"pt_BR","og_type":"article","og_title":"STF poder\u00e1 livrar contribuintes de conta bilion\u00e1ria do ter\u00e7o de f\u00e9rias - Amaral, Yazbek Advogados","og_description":"O entendimento adotado pelo Supremo Tribunal Federal (STF) para definir o alcance da exclus\u00e3o do ICMS da base de c\u00e1lculo do PIS e da Cofins &#8211; a chamada \u201ctese do s\u00e9culo\u201d &#8211; poder\u00e1 beneficiar as empresas em um outro julgamento, o que trata da tributa\u00e7\u00e3o do ter\u00e7o de f\u00e9rias. S\u00e3o cerca de R$ 100 bilh\u00f5es [&hellip;]","og_url":"https:\/\/www.34.239.117.254.sslip.io\/?p=1186","og_site_name":"Amaral, Yazbek Advogados","article_publisher":"https:\/\/www.facebook.com\/AYadvogados","article_published_time":"2021-05-26T21:44:38+00:00","og_image":[{"width":1000,"height":620,"url":"https:\/\/www.34.239.117.254.sslip.io\/wp-content\/uploads\/2021\/05\/26-05-Blog.png","type":"image\/png"}],"author":"AY Advogados","twitter_card":"summary_large_image","twitter_misc":{"Escrito por":"AY Advogados","Est. tempo de leitura":"6 minutos"},"schema":{"@context":"https:\/\/schema.org","@graph":[{"@type":"Article","@id":"https:\/\/www.34.239.117.254.sslip.io\/?p=1186#article","isPartOf":{"@id":"https:\/\/www.34.239.117.254.sslip.io\/?p=1186"},"author":{"name":"AY Advogados","@id":"https:\/\/www.34.239.117.254.sslip.io\/#\/schema\/person\/4abfbf03ad3e577e691d333af064a912"},"headline":"STF poder\u00e1 livrar contribuintes de conta bilion\u00e1ria do ter\u00e7o de f\u00e9rias","datePublished":"2021-05-26T21:44:38+00:00","mainEntityOfPage":{"@id":"https:\/\/www.34.239.117.254.sslip.io\/?p=1186"},"wordCount":1213,"commentCount":0,"publisher":{"@id":"https:\/\/www.34.239.117.254.sslip.io\/#organization"},"image":{"@id":"https:\/\/www.34.239.117.254.sslip.io\/?p=1186#primaryimage"},"thumbnailUrl":"https:\/\/www.ayadvogados.com.br\/wp-content\/uploads\/2021\/05\/26-05-Blog.png","articleSection":["Not\u00edcia do Dia"],"inLanguage":"pt-BR","potentialAction":[{"@type":"CommentAction","name":"Comment","target":["https:\/\/www.34.239.117.254.sslip.io\/?p=1186#respond"]}]},{"@type":"WebPage","@id":"https:\/\/www.34.239.117.254.sslip.io\/?p=1186","url":"https:\/\/www.34.239.117.254.sslip.io\/?p=1186","name":"STF poder\u00e1 livrar contribuintes de conta bilion\u00e1ria do ter\u00e7o de f\u00e9rias - Amaral, Yazbek Advogados","isPartOf":{"@id":"https:\/\/www.34.239.117.254.sslip.io\/#website"},"primaryImageOfPage":{"@id":"https:\/\/www.34.239.117.254.sslip.io\/?p=1186#primaryimage"},"image":{"@id":"https:\/\/www.34.239.117.254.sslip.io\/?p=1186#primaryimage"},"thumbnailUrl":"https:\/\/www.ayadvogados.com.br\/wp-content\/uploads\/2021\/05\/26-05-Blog.png","datePublished":"2021-05-26T21:44:38+00:00","breadcrumb":{"@id":"https:\/\/www.34.239.117.254.sslip.io\/?p=1186#breadcrumb"},"inLanguage":"pt-BR","potentialAction":[{"@type":"ReadAction","target":["https:\/\/www.34.239.117.254.sslip.io\/?p=1186"]}]},{"@type":"ImageObject","inLanguage":"pt-BR","@id":"https:\/\/www.34.239.117.254.sslip.io\/?p=1186#primaryimage","url":"https:\/\/www.ayadvogados.com.br\/wp-content\/uploads\/2021\/05\/26-05-Blog.png","contentUrl":"https:\/\/www.ayadvogados.com.br\/wp-content\/uploads\/2021\/05\/26-05-Blog.png","width":1000,"height":620},{"@type":"BreadcrumbList","@id":"https:\/\/www.34.239.117.254.sslip.io\/?p=1186#breadcrumb","itemListElement":[{"@type":"ListItem","position":1,"name":"In\u00edcio","item":"https:\/\/www.34.239.117.254.sslip.io\/"},{"@type":"ListItem","position":2,"name":"STF poder\u00e1 livrar contribuintes de conta bilion\u00e1ria do ter\u00e7o de f\u00e9rias"}]},{"@type":"WebSite","@id":"https:\/\/www.34.239.117.254.sslip.io\/#website","url":"https:\/\/www.34.239.117.254.sslip.io\/","name":"Amaral, Yazbek Advogados","description":"Curitiba \u2022 Bras\u00edlia \u2022 S\u00e3o Paulo","publisher":{"@id":"https:\/\/www.34.239.117.254.sslip.io\/#organization"},"potentialAction":[{"@type":"SearchAction","target":{"@type":"EntryPoint","urlTemplate":"https:\/\/www.34.239.117.254.sslip.io\/?s={search_term_string}"},"query-input":{"@type":"PropertyValueSpecification","valueRequired":true,"valueName":"search_term_string"}}],"inLanguage":"pt-BR"},{"@type":"Organization","@id":"https:\/\/www.34.239.117.254.sslip.io\/#organization","name":"Amaral, Yazbek Advogados","url":"https:\/\/www.34.239.117.254.sslip.io\/","logo":{"@type":"ImageObject","inLanguage":"pt-BR","@id":"https:\/\/www.34.239.117.254.sslip.io\/#\/schema\/logo\/image\/","url":"http:\/\/34.239.117.254\/wp-content\/uploads\/2021\/03\/logo-ay-g.png","contentUrl":"http:\/\/34.239.117.254\/wp-content\/uploads\/2021\/03\/logo-ay-g.png","width":434,"height":106,"caption":"Amaral, Yazbek Advogados"},"image":{"@id":"https:\/\/www.34.239.117.254.sslip.io\/#\/schema\/logo\/image\/"},"sameAs":["https:\/\/www.facebook.com\/AYadvogados","https:\/\/www.instagram.com\/ayadvogados\/"]},{"@type":"Person","@id":"https:\/\/www.34.239.117.254.sslip.io\/#\/schema\/person\/4abfbf03ad3e577e691d333af064a912","name":"AY Advogados","image":{"@type":"ImageObject","inLanguage":"pt-BR","@id":"https:\/\/secure.gravatar.com\/avatar\/1473912b851241f5503026e6156e144dcd83ff7addb67f65e1ed9ca21ee1d9cf?s=96&d=mm&r=g","url":"https:\/\/secure.gravatar.com\/avatar\/1473912b851241f5503026e6156e144dcd83ff7addb67f65e1ed9ca21ee1d9cf?s=96&d=mm&r=g","contentUrl":"https:\/\/secure.gravatar.com\/avatar\/1473912b851241f5503026e6156e144dcd83ff7addb67f65e1ed9ca21ee1d9cf?s=96&d=mm&r=g","caption":"AY Advogados"},"sameAs":["https:\/\/ayadvogados.com.br"],"url":"https:\/\/www.ayadvogados.com.br\/?author=2"}]}},"rttpg_featured_image_url":{"full":["https:\/\/www.ayadvogados.com.br\/wp-content\/uploads\/2021\/05\/26-05-Blog.png",1000,620,false],"landscape":["https:\/\/www.ayadvogados.com.br\/wp-content\/uploads\/2021\/05\/26-05-Blog.png",1000,620,false],"portraits":["https:\/\/www.ayadvogados.com.br\/wp-content\/uploads\/2021\/05\/26-05-Blog.png",1000,620,false],"thumbnail":["https:\/\/www.ayadvogados.com.br\/wp-content\/uploads\/2021\/05\/26-05-Blog-150x150.png",150,150,true],"medium":["https:\/\/www.ayadvogados.com.br\/wp-content\/uploads\/2021\/05\/26-05-Blog-300x186.png",300,186,true],"large":["https:\/\/www.ayadvogados.com.br\/wp-content\/uploads\/2021\/05\/26-05-Blog.png",1000,620,false],"1536x1536":["https:\/\/www.ayadvogados.com.br\/wp-content\/uploads\/2021\/05\/26-05-Blog.png",1000,620,false],"2048x2048":["https:\/\/www.ayadvogados.com.br\/wp-content\/uploads\/2021\/05\/26-05-Blog.png",1000,620,false]},"rttpg_author":{"display_name":"AY Advogados","author_link":"https:\/\/www.ayadvogados.com.br\/?author=2"},"rttpg_comment":0,"rttpg_category":"<a href=\"https:\/\/www.ayadvogados.com.br\/?cat=1\" rel=\"category\">Not\u00edcia do Dia<\/a>","rttpg_excerpt":"O entendimento adotado pelo Supremo Tribunal Federal (STF) para definir o alcance da exclus\u00e3o do ICMS da base de c\u00e1lculo do PIS e da Cofins &#8211; a chamada \u201ctese do s\u00e9culo\u201d &#8211; poder\u00e1 beneficiar as empresas em um outro julgamento, o que trata da tributa\u00e7\u00e3o do ter\u00e7o de f\u00e9rias. S\u00e3o cerca de R$ 100 bilh\u00f5es&hellip;","_links":{"self":[{"href":"https:\/\/www.ayadvogados.com.br\/index.php?rest_route=\/wp\/v2\/posts\/1186","targetHints":{"allow":["GET"]}}],"collection":[{"href":"https:\/\/www.ayadvogados.com.br\/index.php?rest_route=\/wp\/v2\/posts"}],"about":[{"href":"https:\/\/www.ayadvogados.com.br\/index.php?rest_route=\/wp\/v2\/types\/post"}],"author":[{"embeddable":true,"href":"https:\/\/www.ayadvogados.com.br\/index.php?rest_route=\/wp\/v2\/users\/2"}],"replies":[{"embeddable":true,"href":"https:\/\/www.ayadvogados.com.br\/index.php?rest_route=%2Fwp%2Fv2%2Fcomments&post=1186"}],"version-history":[{"count":1,"href":"https:\/\/www.ayadvogados.com.br\/index.php?rest_route=\/wp\/v2\/posts\/1186\/revisions"}],"predecessor-version":[{"id":1188,"href":"https:\/\/www.ayadvogados.com.br\/index.php?rest_route=\/wp\/v2\/posts\/1186\/revisions\/1188"}],"wp:featuredmedia":[{"embeddable":true,"href":"https:\/\/www.ayadvogados.com.br\/index.php?rest_route=\/wp\/v2\/media\/1187"}],"wp:attachment":[{"href":"https:\/\/www.ayadvogados.com.br\/index.php?rest_route=%2Fwp%2Fv2%2Fmedia&parent=1186"}],"wp:term":[{"taxonomy":"category","embeddable":true,"href":"https:\/\/www.ayadvogados.com.br\/index.php?rest_route=%2Fwp%2Fv2%2Fcategories&post=1186"},{"taxonomy":"post_tag","embeddable":true,"href":"https:\/\/www.ayadvogados.com.br\/index.php?rest_route=%2Fwp%2Fv2%2Ftags&post=1186"}],"curies":[{"name":"wp","href":"https:\/\/api.w.org\/{rel}","templated":true}]}}