{"id":118,"date":"2021-02-11T09:20:00","date_gmt":"2021-02-11T12:20:00","guid":{"rendered":"http:\/\/34.239.117.254\/?p=118"},"modified":"2021-04-19T10:37:07","modified_gmt":"2021-04-19T13:37:07","slug":"judiciario-determina-expedicao-de-documento","status":"publish","type":"post","link":"https:\/\/www.ayadvogados.com.br\/?p=118","title":{"rendered":"Judici\u00e1rio determina expedi\u00e7\u00e3o de documento"},"content":{"rendered":"\n<p>A demora no atendimento da Receita Federal para a formaliza\u00e7\u00e3o de parcelamentos, durante a pandemia, vem obrigando empresas a recorrer ao Judici\u00e1rio. A medida, assim como a apresenta\u00e7\u00e3o de defesa administrativa contra autua\u00e7\u00e3o fiscal, suspende a exigibilidade do tributo.<\/p>\n\n\n\n<p>A sa\u00edda foi adotada recentemente por uma empresa da Bahia. Sem a an\u00e1lise de um pedido de parcelamento pela Receita, n\u00e3o conseguiria obter a certid\u00e3o de regularidade fiscal.<\/p>\n\n\n\n<p>Na liminar, que ordena a expedi\u00e7\u00e3o da certid\u00e3o, o juiz Robson Silva Mascarenhas, da 14\u00aa Vara Federal C\u00edvel da Bahia, lembra que \u201cn\u00e3o h\u00e1 preju\u00edzo \u00e0 Uni\u00e3o [com a expedi\u00e7\u00e3o do documento fiscal], uma vez que a suspens\u00e3o das cobran\u00e7as permanece condicionada ao recolhimento das parcelas\u201d.<\/p>\n\n\n\n<p>O parcelamento suspende a exigibilidade, conforme o inciso VI do artigo 151 do C\u00f3digo Tribut\u00e1rio Nacional (CTN). Contudo, \u00e9 a formaliza\u00e7\u00e3o do parcelamento que libera a certid\u00e3o fiscal.<\/p>\n\n\n\n<p>Segundo a advogada que obteve a liminar, Carolina Oliveira Serra da Silveira, s\u00f3cia do Fernando Neves Advogados e Consultores, a Receita Federal tem demorado de 20 a 30 dias para dar resposta para um pedido de parcelamento. \u201c\u00c9 uma morosidade injustificada da administra\u00e7\u00e3o. Os prazos para respostas dos requerimentos dos contribuintes precisam ser revistos\u201d, diz.<\/p>\n\n\n\n<p>Para ela, esse problema intensificado com a pandemia limita inclusive os direitos dos advogados de acesso \u00e0s informa\u00e7\u00f5es dos clientes. \u201cFicamos de m\u00e3os e p\u00e9s atados e o cliente a ver navios, o que nos leva a partir para a via judicial\u201d, afirma.<\/p>\n\n\n\n<p>Quando o valor a ser parcelado ultrapassa R$ 5 milh\u00f5es, de acordo com a advogada, \u00e9 preciso fazer um requerimento para a an\u00e1lise da possibilidade de parcelamento ordin\u00e1rio. \u201cMas n\u00e3o conseguimos agendamento em data pr\u00f3xima, s\u00f3 dali a 15, 20 dias\u201d, diz.<\/p>\n\n\n\n<p>No caso, trata-se de empresa de engenharia do ramo de petr\u00f3leo e g\u00e1s que participava de processo licitat\u00f3rio e n\u00e3o poderia ser penalizada pela demora do \u00f3rg\u00e3o para obter uma certid\u00e3o. \u201cO juiz considerou que n\u00e3o havia perspectiva para resposta e liberou a expedi\u00e7\u00e3o do documento\u201d, afirma a advogada.<\/p>\n\n\n\n<p>Por meio de nota, a Procuradoria-Geral da Fazenda Nacional diz que no momento da impetra\u00e7\u00e3o da a\u00e7\u00e3o n\u00e3o existia atraso do Fisco. \u201cA Receita Federal, assim como outros \u00f3rg\u00e3os da Administra\u00e7\u00e3o P\u00fablica Federal, possui um prazo de 30 dias, prorrog\u00e1veis por mais 30, para aprecia\u00e7\u00e3o, segundo o artigo 49 da Lei 9784, de 1999\u201d, diz a nota.<\/p>\n\n\n\n<p>De acordo com dados da Receita Federal de junho de 2020, do total de R$ 1,87 trilh\u00e3o em cr\u00e9ditos ativos dos contribuintes, R$ 224,47 bilh\u00f5es est\u00e3o com a cobran\u00e7a suspensa por parcelamentos &#8211; a maior parte est\u00e1 no Programa Especial de Regulariza\u00e7\u00e3o Tribut\u00e1ria (21,8%), institu\u00eddo pela Lei \u00ba 13.496, de 2017, e no parcelamento ordin\u00e1rio (23,7%).<\/p>\n\n\n\n<p>Essa transfer\u00eancia de responsabilidade do Fisco ao contribuinte, em rela\u00e7\u00e3o ao dever de esclarecer que n\u00e3o existem pend\u00eancias, \u00e9 uma situa\u00e7\u00e3o grave, por gerar novos processos judiciais, segundo a advogada tributarista Daniella Zagari, s\u00f3cia do Machado Meyer Advogados. \u201cH\u00e1 anos, muitas vezes, quando o contribuinte perde a discuss\u00e3o na esfera administrativa, se a inscri\u00e7\u00e3o do d\u00e9bito na d\u00edvida ativa da Uni\u00e3o demora a acontecer, o contribuinte tamb\u00e9m tem que ir \u00e0 Justi\u00e7a para oferecer garantia e suspender a exigibilidade\u201d, diz.<\/p>\n\n\n\n<p>&nbsp;Fonte: <a href=\"https:\/\/valor.globo.com\/legislacao\/noticia\/2021\/02\/08\/judiciario-determina-expedicao-de-documento.ghtml\">Valor<\/a><\/p>\n\n\n\n<p>A Amaral, Yazbek, OAB\/PR 762, possui 35 anos de experi\u00eancia auxiliando empresas a transformar a tributa\u00e7\u00e3o em lucro. Entre em contato com um dos s\u00f3cios para agendamento de reuni\u00e3o em caso de d\u00favidas.<\/p>\n\n\n\n<p>Contato: 41 3595-8300 ou pelo nosso WhatsApp 41 99567-5696<\/p>\n\n\n\n<p>Av. C\u00e2ndido Hartmann, 50 \u2013 Bigorrilho | Curitiba-PR<\/p>\n\n\n\n<p>Assine nossa Newsletter e fique por dentro das novidades!<\/p>\n\n\n\n<p>Quer receber seu exemplar da revista Governan\u00e7a Jur\u00eddica? Clique <a href=\"http:\/\/ayadvogados.com.br\/revista\">aqui<\/a>&nbsp;e pe\u00e7a a sua.<\/p>\n\n\n\n<p>Nos acompanhe nas redes sociais: <a href=\"https:\/\/www.facebook.com\/amaral.yazbek\">Facebook<\/a>&nbsp;| <a href=\"https:\/\/www.instagram.com\/amaral.yazbek\/\">Instagram<\/a> | <a href=\"https:\/\/www.linkedin.com\/company\/3357082\/admin\/\">Linkedin<\/a><\/p>\n\n\n\n<p>J\u00e1 conhece o canal Direito da Intelig\u00eancia de Neg\u00f3cios? <a href=\"https:\/\/www.youtube.com\/channel\/UCu2Mpu32ht8DEN8OFRXYMyw\">Inscreva-se j\u00e1<\/a><\/p>\n","protected":false},"excerpt":{"rendered":"<p>A demora no atendimento da Receita Federal para a formaliza\u00e7\u00e3o de parcelamentos, durante a pandemia, vem obrigando empresas a recorrer ao Judici\u00e1rio. A medida, assim como a apresenta\u00e7\u00e3o de defesa administrativa contra autua\u00e7\u00e3o fiscal, suspende a exigibilidade do tributo. A sa\u00edda foi adotada recentemente por uma empresa da Bahia. Sem a an\u00e1lise de um pedido [&hellip;]<\/p>\n","protected":false},"author":3,"featured_media":813,"comment_status":"open","ping_status":"open","sticky":false,"template":"","format":"standard","meta":{"footnotes":""},"categories":[1],"tags":[],"class_list":["post-118","post","type-post","status-publish","format-standard","has-post-thumbnail","hentry","category-noticia-do-dia"],"blocksy_meta":{"styles_descriptor":{"styles":{"desktop":"","tablet":"","mobile":""},"google_fonts":[],"version":6}},"yoast_head":"<!-- This site is optimized with the Yoast SEO plugin v27.5 - https:\/\/yoast.com\/product\/yoast-seo-wordpress\/ -->\n<title>Judici\u00e1rio determina expedi\u00e7\u00e3o de documento - Amaral, Yazbek Advogados<\/title>\n<meta name=\"robots\" content=\"index, follow, max-snippet:-1, max-image-preview:large, max-video-preview:-1\" \/>\n<link rel=\"canonical\" href=\"https:\/\/www.ayadvogados.com.br\/?p=118\" \/>\n<meta property=\"og:locale\" content=\"pt_BR\" \/>\n<meta property=\"og:type\" content=\"article\" \/>\n<meta property=\"og:title\" content=\"Judici\u00e1rio determina expedi\u00e7\u00e3o de documento - Amaral, Yazbek Advogados\" \/>\n<meta property=\"og:description\" content=\"A demora no atendimento da Receita Federal para a formaliza\u00e7\u00e3o de parcelamentos, durante a pandemia, vem obrigando empresas a recorrer ao Judici\u00e1rio. A medida, assim como a apresenta\u00e7\u00e3o de defesa administrativa contra autua\u00e7\u00e3o fiscal, suspende a exigibilidade do tributo. A sa\u00edda foi adotada recentemente por uma empresa da Bahia. Sem a an\u00e1lise de um pedido [&hellip;]\" \/>\n<meta property=\"og:url\" content=\"https:\/\/www.ayadvogados.com.br\/?p=118\" \/>\n<meta property=\"og:site_name\" content=\"Amaral, Yazbek Advogados\" \/>\n<meta property=\"article:publisher\" content=\"https:\/\/www.facebook.com\/AYadvogados\" \/>\n<meta property=\"article:published_time\" content=\"2021-02-11T12:20:00+00:00\" \/>\n<meta property=\"article:modified_time\" content=\"2021-04-19T13:37:07+00:00\" \/>\n<meta property=\"og:image\" content=\"https:\/\/www.ayadvogados.com.br\/wp-content\/uploads\/2021\/02\/40c476d0db144437b6123fb86e9460c6.png\" \/>\n\t<meta property=\"og:image:width\" content=\"1000\" \/>\n\t<meta property=\"og:image:height\" content=\"620\" \/>\n\t<meta property=\"og:image:type\" content=\"image\/png\" \/>\n<meta name=\"author\" content=\"Infra\" \/>\n<meta name=\"twitter:card\" content=\"summary_large_image\" \/>\n<meta name=\"twitter:label1\" content=\"Escrito por\" \/>\n\t<meta name=\"twitter:data1\" content=\"Infra\" \/>\n\t<meta name=\"twitter:label2\" content=\"Est. tempo de leitura\" \/>\n\t<meta name=\"twitter:data2\" content=\"3 minutos\" \/>\n<script type=\"application\/ld+json\" class=\"yoast-schema-graph\">{\"@context\":\"https:\\\/\\\/schema.org\",\"@graph\":[{\"@type\":\"Article\",\"@id\":\"https:\\\/\\\/www.ayadvogados.com.br\\\/?p=118#article\",\"isPartOf\":{\"@id\":\"https:\\\/\\\/www.ayadvogados.com.br\\\/?p=118\"},\"author\":{\"name\":\"Infra\",\"@id\":\"https:\\\/\\\/www.34.239.117.254.sslip.io\\\/#\\\/schema\\\/person\\\/6b9165a58758b048b8ea5a4fbd4ec3c4\"},\"headline\":\"Judici\u00e1rio determina expedi\u00e7\u00e3o de documento\",\"datePublished\":\"2021-02-11T12:20:00+00:00\",\"dateModified\":\"2021-04-19T13:37:07+00:00\",\"mainEntityOfPage\":{\"@id\":\"https:\\\/\\\/www.ayadvogados.com.br\\\/?p=118\"},\"wordCount\":675,\"commentCount\":0,\"publisher\":{\"@id\":\"https:\\\/\\\/www.34.239.117.254.sslip.io\\\/#organization\"},\"image\":{\"@id\":\"https:\\\/\\\/www.ayadvogados.com.br\\\/?p=118#primaryimage\"},\"thumbnailUrl\":\"https:\\\/\\\/www.ayadvogados.com.br\\\/wp-content\\\/uploads\\\/2021\\\/02\\\/40c476d0db144437b6123fb86e9460c6.png\",\"articleSection\":[\"Not\u00edcia do Dia\"],\"inLanguage\":\"pt-BR\",\"potentialAction\":[{\"@type\":\"CommentAction\",\"name\":\"Comment\",\"target\":[\"https:\\\/\\\/www.ayadvogados.com.br\\\/?p=118#respond\"]}]},{\"@type\":\"WebPage\",\"@id\":\"https:\\\/\\\/www.ayadvogados.com.br\\\/?p=118\",\"url\":\"https:\\\/\\\/www.ayadvogados.com.br\\\/?p=118\",\"name\":\"Judici\u00e1rio determina expedi\u00e7\u00e3o de documento - Amaral, Yazbek Advogados\",\"isPartOf\":{\"@id\":\"https:\\\/\\\/www.34.239.117.254.sslip.io\\\/#website\"},\"primaryImageOfPage\":{\"@id\":\"https:\\\/\\\/www.ayadvogados.com.br\\\/?p=118#primaryimage\"},\"image\":{\"@id\":\"https:\\\/\\\/www.ayadvogados.com.br\\\/?p=118#primaryimage\"},\"thumbnailUrl\":\"https:\\\/\\\/www.ayadvogados.com.br\\\/wp-content\\\/uploads\\\/2021\\\/02\\\/40c476d0db144437b6123fb86e9460c6.png\",\"datePublished\":\"2021-02-11T12:20:00+00:00\",\"dateModified\":\"2021-04-19T13:37:07+00:00\",\"breadcrumb\":{\"@id\":\"https:\\\/\\\/www.ayadvogados.com.br\\\/?p=118#breadcrumb\"},\"inLanguage\":\"pt-BR\",\"potentialAction\":[{\"@type\":\"ReadAction\",\"target\":[\"https:\\\/\\\/www.ayadvogados.com.br\\\/?p=118\"]}]},{\"@type\":\"ImageObject\",\"inLanguage\":\"pt-BR\",\"@id\":\"https:\\\/\\\/www.ayadvogados.com.br\\\/?p=118#primaryimage\",\"url\":\"https:\\\/\\\/www.ayadvogados.com.br\\\/wp-content\\\/uploads\\\/2021\\\/02\\\/40c476d0db144437b6123fb86e9460c6.png\",\"contentUrl\":\"https:\\\/\\\/www.ayadvogados.com.br\\\/wp-content\\\/uploads\\\/2021\\\/02\\\/40c476d0db144437b6123fb86e9460c6.png\",\"width\":1000,\"height\":620},{\"@type\":\"BreadcrumbList\",\"@id\":\"https:\\\/\\\/www.ayadvogados.com.br\\\/?p=118#breadcrumb\",\"itemListElement\":[{\"@type\":\"ListItem\",\"position\":1,\"name\":\"In\u00edcio\",\"item\":\"https:\\\/\\\/www.34.239.117.254.sslip.io\\\/\"},{\"@type\":\"ListItem\",\"position\":2,\"name\":\"Judici\u00e1rio determina expedi\u00e7\u00e3o de documento\"}]},{\"@type\":\"WebSite\",\"@id\":\"https:\\\/\\\/www.34.239.117.254.sslip.io\\\/#website\",\"url\":\"https:\\\/\\\/www.34.239.117.254.sslip.io\\\/\",\"name\":\"Amaral, Yazbek Advogados\",\"description\":\"Curitiba \u2022 Bras\u00edlia \u2022 S\u00e3o Paulo\",\"publisher\":{\"@id\":\"https:\\\/\\\/www.34.239.117.254.sslip.io\\\/#organization\"},\"potentialAction\":[{\"@type\":\"SearchAction\",\"target\":{\"@type\":\"EntryPoint\",\"urlTemplate\":\"https:\\\/\\\/www.34.239.117.254.sslip.io\\\/?s={search_term_string}\"},\"query-input\":{\"@type\":\"PropertyValueSpecification\",\"valueRequired\":true,\"valueName\":\"search_term_string\"}}],\"inLanguage\":\"pt-BR\"},{\"@type\":\"Organization\",\"@id\":\"https:\\\/\\\/www.34.239.117.254.sslip.io\\\/#organization\",\"name\":\"Amaral, Yazbek Advogados\",\"url\":\"https:\\\/\\\/www.34.239.117.254.sslip.io\\\/\",\"logo\":{\"@type\":\"ImageObject\",\"inLanguage\":\"pt-BR\",\"@id\":\"https:\\\/\\\/www.34.239.117.254.sslip.io\\\/#\\\/schema\\\/logo\\\/image\\\/\",\"url\":\"http:\\\/\\\/34.239.117.254\\\/wp-content\\\/uploads\\\/2021\\\/03\\\/logo-ay-g.png\",\"contentUrl\":\"http:\\\/\\\/34.239.117.254\\\/wp-content\\\/uploads\\\/2021\\\/03\\\/logo-ay-g.png\",\"width\":434,\"height\":106,\"caption\":\"Amaral, Yazbek Advogados\"},\"image\":{\"@id\":\"https:\\\/\\\/www.34.239.117.254.sslip.io\\\/#\\\/schema\\\/logo\\\/image\\\/\"},\"sameAs\":[\"https:\\\/\\\/www.facebook.com\\\/AYadvogados\",\"https:\\\/\\\/www.instagram.com\\\/ayadvogados\\\/\"]},{\"@type\":\"Person\",\"@id\":\"https:\\\/\\\/www.34.239.117.254.sslip.io\\\/#\\\/schema\\\/person\\\/6b9165a58758b048b8ea5a4fbd4ec3c4\",\"name\":\"Infra\",\"image\":{\"@type\":\"ImageObject\",\"inLanguage\":\"pt-BR\",\"@id\":\"https:\\\/\\\/secure.gravatar.com\\\/avatar\\\/60bf67293e186b9c834e31753dcc586dfcedb661d13b6b9ba29ac991ccafc035?s=96&d=mm&r=g\",\"url\":\"https:\\\/\\\/secure.gravatar.com\\\/avatar\\\/60bf67293e186b9c834e31753dcc586dfcedb661d13b6b9ba29ac991ccafc035?s=96&d=mm&r=g\",\"contentUrl\":\"https:\\\/\\\/secure.gravatar.com\\\/avatar\\\/60bf67293e186b9c834e31753dcc586dfcedb661d13b6b9ba29ac991ccafc035?s=96&d=mm&r=g\",\"caption\":\"Infra\"},\"url\":\"https:\\\/\\\/www.ayadvogados.com.br\\\/?author=3\"}]}<\/script>\n<!-- \/ Yoast SEO plugin. -->","yoast_head_json":{"title":"Judici\u00e1rio determina expedi\u00e7\u00e3o de documento - Amaral, Yazbek Advogados","robots":{"index":"index","follow":"follow","max-snippet":"max-snippet:-1","max-image-preview":"max-image-preview:large","max-video-preview":"max-video-preview:-1"},"canonical":"https:\/\/www.ayadvogados.com.br\/?p=118","og_locale":"pt_BR","og_type":"article","og_title":"Judici\u00e1rio determina expedi\u00e7\u00e3o de documento - Amaral, Yazbek Advogados","og_description":"A demora no atendimento da Receita Federal para a formaliza\u00e7\u00e3o de parcelamentos, durante a pandemia, vem obrigando empresas a recorrer ao Judici\u00e1rio. A medida, assim como a apresenta\u00e7\u00e3o de defesa administrativa contra autua\u00e7\u00e3o fiscal, suspende a exigibilidade do tributo. A sa\u00edda foi adotada recentemente por uma empresa da Bahia. Sem a an\u00e1lise de um pedido [&hellip;]","og_url":"https:\/\/www.ayadvogados.com.br\/?p=118","og_site_name":"Amaral, Yazbek Advogados","article_publisher":"https:\/\/www.facebook.com\/AYadvogados","article_published_time":"2021-02-11T12:20:00+00:00","article_modified_time":"2021-04-19T13:37:07+00:00","og_image":[{"width":1000,"height":620,"url":"https:\/\/www.ayadvogados.com.br\/wp-content\/uploads\/2021\/02\/40c476d0db144437b6123fb86e9460c6.png","type":"image\/png"}],"author":"Infra","twitter_card":"summary_large_image","twitter_misc":{"Escrito por":"Infra","Est. tempo de leitura":"3 minutos"},"schema":{"@context":"https:\/\/schema.org","@graph":[{"@type":"Article","@id":"https:\/\/www.ayadvogados.com.br\/?p=118#article","isPartOf":{"@id":"https:\/\/www.ayadvogados.com.br\/?p=118"},"author":{"name":"Infra","@id":"https:\/\/www.34.239.117.254.sslip.io\/#\/schema\/person\/6b9165a58758b048b8ea5a4fbd4ec3c4"},"headline":"Judici\u00e1rio determina expedi\u00e7\u00e3o de documento","datePublished":"2021-02-11T12:20:00+00:00","dateModified":"2021-04-19T13:37:07+00:00","mainEntityOfPage":{"@id":"https:\/\/www.ayadvogados.com.br\/?p=118"},"wordCount":675,"commentCount":0,"publisher":{"@id":"https:\/\/www.34.239.117.254.sslip.io\/#organization"},"image":{"@id":"https:\/\/www.ayadvogados.com.br\/?p=118#primaryimage"},"thumbnailUrl":"https:\/\/www.ayadvogados.com.br\/wp-content\/uploads\/2021\/02\/40c476d0db144437b6123fb86e9460c6.png","articleSection":["Not\u00edcia do Dia"],"inLanguage":"pt-BR","potentialAction":[{"@type":"CommentAction","name":"Comment","target":["https:\/\/www.ayadvogados.com.br\/?p=118#respond"]}]},{"@type":"WebPage","@id":"https:\/\/www.ayadvogados.com.br\/?p=118","url":"https:\/\/www.ayadvogados.com.br\/?p=118","name":"Judici\u00e1rio determina expedi\u00e7\u00e3o de documento - Amaral, Yazbek Advogados","isPartOf":{"@id":"https:\/\/www.34.239.117.254.sslip.io\/#website"},"primaryImageOfPage":{"@id":"https:\/\/www.ayadvogados.com.br\/?p=118#primaryimage"},"image":{"@id":"https:\/\/www.ayadvogados.com.br\/?p=118#primaryimage"},"thumbnailUrl":"https:\/\/www.ayadvogados.com.br\/wp-content\/uploads\/2021\/02\/40c476d0db144437b6123fb86e9460c6.png","datePublished":"2021-02-11T12:20:00+00:00","dateModified":"2021-04-19T13:37:07+00:00","breadcrumb":{"@id":"https:\/\/www.ayadvogados.com.br\/?p=118#breadcrumb"},"inLanguage":"pt-BR","potentialAction":[{"@type":"ReadAction","target":["https:\/\/www.ayadvogados.com.br\/?p=118"]}]},{"@type":"ImageObject","inLanguage":"pt-BR","@id":"https:\/\/www.ayadvogados.com.br\/?p=118#primaryimage","url":"https:\/\/www.ayadvogados.com.br\/wp-content\/uploads\/2021\/02\/40c476d0db144437b6123fb86e9460c6.png","contentUrl":"https:\/\/www.ayadvogados.com.br\/wp-content\/uploads\/2021\/02\/40c476d0db144437b6123fb86e9460c6.png","width":1000,"height":620},{"@type":"BreadcrumbList","@id":"https:\/\/www.ayadvogados.com.br\/?p=118#breadcrumb","itemListElement":[{"@type":"ListItem","position":1,"name":"In\u00edcio","item":"https:\/\/www.34.239.117.254.sslip.io\/"},{"@type":"ListItem","position":2,"name":"Judici\u00e1rio determina expedi\u00e7\u00e3o de documento"}]},{"@type":"WebSite","@id":"https:\/\/www.34.239.117.254.sslip.io\/#website","url":"https:\/\/www.34.239.117.254.sslip.io\/","name":"Amaral, Yazbek Advogados","description":"Curitiba \u2022 Bras\u00edlia \u2022 S\u00e3o Paulo","publisher":{"@id":"https:\/\/www.34.239.117.254.sslip.io\/#organization"},"potentialAction":[{"@type":"SearchAction","target":{"@type":"EntryPoint","urlTemplate":"https:\/\/www.34.239.117.254.sslip.io\/?s={search_term_string}"},"query-input":{"@type":"PropertyValueSpecification","valueRequired":true,"valueName":"search_term_string"}}],"inLanguage":"pt-BR"},{"@type":"Organization","@id":"https:\/\/www.34.239.117.254.sslip.io\/#organization","name":"Amaral, Yazbek Advogados","url":"https:\/\/www.34.239.117.254.sslip.io\/","logo":{"@type":"ImageObject","inLanguage":"pt-BR","@id":"https:\/\/www.34.239.117.254.sslip.io\/#\/schema\/logo\/image\/","url":"http:\/\/34.239.117.254\/wp-content\/uploads\/2021\/03\/logo-ay-g.png","contentUrl":"http:\/\/34.239.117.254\/wp-content\/uploads\/2021\/03\/logo-ay-g.png","width":434,"height":106,"caption":"Amaral, Yazbek Advogados"},"image":{"@id":"https:\/\/www.34.239.117.254.sslip.io\/#\/schema\/logo\/image\/"},"sameAs":["https:\/\/www.facebook.com\/AYadvogados","https:\/\/www.instagram.com\/ayadvogados\/"]},{"@type":"Person","@id":"https:\/\/www.34.239.117.254.sslip.io\/#\/schema\/person\/6b9165a58758b048b8ea5a4fbd4ec3c4","name":"Infra","image":{"@type":"ImageObject","inLanguage":"pt-BR","@id":"https:\/\/secure.gravatar.com\/avatar\/60bf67293e186b9c834e31753dcc586dfcedb661d13b6b9ba29ac991ccafc035?s=96&d=mm&r=g","url":"https:\/\/secure.gravatar.com\/avatar\/60bf67293e186b9c834e31753dcc586dfcedb661d13b6b9ba29ac991ccafc035?s=96&d=mm&r=g","contentUrl":"https:\/\/secure.gravatar.com\/avatar\/60bf67293e186b9c834e31753dcc586dfcedb661d13b6b9ba29ac991ccafc035?s=96&d=mm&r=g","caption":"Infra"},"url":"https:\/\/www.ayadvogados.com.br\/?author=3"}]}},"rttpg_featured_image_url":{"full":["https:\/\/www.ayadvogados.com.br\/wp-content\/uploads\/2021\/02\/40c476d0db144437b6123fb86e9460c6.png",1000,620,false],"landscape":["https:\/\/www.ayadvogados.com.br\/wp-content\/uploads\/2021\/02\/40c476d0db144437b6123fb86e9460c6.png",1000,620,false],"portraits":["https:\/\/www.ayadvogados.com.br\/wp-content\/uploads\/2021\/02\/40c476d0db144437b6123fb86e9460c6.png",1000,620,false],"thumbnail":["https:\/\/www.ayadvogados.com.br\/wp-content\/uploads\/2021\/02\/40c476d0db144437b6123fb86e9460c6-150x150.png",150,150,true],"medium":["https:\/\/www.ayadvogados.com.br\/wp-content\/uploads\/2021\/02\/40c476d0db144437b6123fb86e9460c6-300x186.png",300,186,true],"large":["https:\/\/www.ayadvogados.com.br\/wp-content\/uploads\/2021\/02\/40c476d0db144437b6123fb86e9460c6.png",1000,620,false],"1536x1536":["https:\/\/www.ayadvogados.com.br\/wp-content\/uploads\/2021\/02\/40c476d0db144437b6123fb86e9460c6.png",1000,620,false],"2048x2048":["https:\/\/www.ayadvogados.com.br\/wp-content\/uploads\/2021\/02\/40c476d0db144437b6123fb86e9460c6.png",1000,620,false]},"rttpg_author":{"display_name":"Infra","author_link":"https:\/\/www.ayadvogados.com.br\/?author=3"},"rttpg_comment":0,"rttpg_category":"<a href=\"https:\/\/www.ayadvogados.com.br\/?cat=1\" rel=\"category\">Not\u00edcia do Dia<\/a>","rttpg_excerpt":"A demora no atendimento da Receita Federal para a formaliza\u00e7\u00e3o de parcelamentos, durante a pandemia, vem obrigando empresas a recorrer ao Judici\u00e1rio. A medida, assim como a apresenta\u00e7\u00e3o de defesa administrativa contra autua\u00e7\u00e3o fiscal, suspende a exigibilidade do tributo. A sa\u00edda foi adotada recentemente por uma empresa da Bahia. Sem a an\u00e1lise de um pedido&hellip;","_links":{"self":[{"href":"https:\/\/www.ayadvogados.com.br\/index.php?rest_route=\/wp\/v2\/posts\/118","targetHints":{"allow":["GET"]}}],"collection":[{"href":"https:\/\/www.ayadvogados.com.br\/index.php?rest_route=\/wp\/v2\/posts"}],"about":[{"href":"https:\/\/www.ayadvogados.com.br\/index.php?rest_route=\/wp\/v2\/types\/post"}],"author":[{"embeddable":true,"href":"https:\/\/www.ayadvogados.com.br\/index.php?rest_route=\/wp\/v2\/users\/3"}],"replies":[{"embeddable":true,"href":"https:\/\/www.ayadvogados.com.br\/index.php?rest_route=%2Fwp%2Fv2%2Fcomments&post=118"}],"version-history":[{"count":1,"href":"https:\/\/www.ayadvogados.com.br\/index.php?rest_route=\/wp\/v2\/posts\/118\/revisions"}],"predecessor-version":[{"id":119,"href":"https:\/\/www.ayadvogados.com.br\/index.php?rest_route=\/wp\/v2\/posts\/118\/revisions\/119"}],"wp:featuredmedia":[{"embeddable":true,"href":"https:\/\/www.ayadvogados.com.br\/index.php?rest_route=\/wp\/v2\/media\/813"}],"wp:attachment":[{"href":"https:\/\/www.ayadvogados.com.br\/index.php?rest_route=%2Fwp%2Fv2%2Fmedia&parent=118"}],"wp:term":[{"taxonomy":"category","embeddable":true,"href":"https:\/\/www.ayadvogados.com.br\/index.php?rest_route=%2Fwp%2Fv2%2Fcategories&post=118"},{"taxonomy":"post_tag","embeddable":true,"href":"https:\/\/www.ayadvogados.com.br\/index.php?rest_route=%2Fwp%2Fv2%2Ftags&post=118"}],"curies":[{"name":"wp","href":"https:\/\/api.w.org\/{rel}","templated":true}]}}