{"id":1169,"date":"2021-05-21T12:08:24","date_gmt":"2021-05-21T15:08:24","guid":{"rendered":"http:\/\/34.239.117.254\/?p=1169"},"modified":"2021-05-21T12:08:24","modified_gmt":"2021-05-21T15:08:24","slug":"compensacoes-fiscais-crescem-com-exclusao-do-icms","status":"publish","type":"post","link":"https:\/\/www.ayadvogados.com.br\/?p=1169","title":{"rendered":"Compensa\u00e7\u00f5es fiscais crescem com exclus\u00e3o do ICMS"},"content":{"rendered":"\n<p>Impulsionadas pela utiliza\u00e7\u00e3o dos cr\u00e9ditos envolvendo a chamada \u201ctese do s\u00e9culo\u201d, a exclus\u00e3o do ICMS da base de c\u00e1lculo do PIS e da Cofins, as compensa\u00e7\u00f5es tribut\u00e1rias feitas pelos contribuintes atingiram R$ 67,592 bilh\u00f5es de janeiro a abril deste ano. Foi um avan\u00e7o real de 40,37% sobre o mesmo per\u00edodo de 2020.<\/p>\n\n\n\n<p>Desde 2017 at\u00e9 agora, j\u00e1 foram utilizados R$ 117,5 bilh\u00f5es em cr\u00e9ditos associados a essa tese. Desses, R$ 60 bilh\u00f5es s\u00e3o objeto de auditoria pela Receita Federal, informou o subsecret\u00e1rio de Arrecada\u00e7\u00e3o, Cobran\u00e7a e Atendimento, Frederico Igor. Mas esses casos, acrescentou, ter\u00e3o de ser reanalisados a partir do entendimento do Supremo Tribunal Federal (STF).<\/p>\n\n\n\n<p>No \u00faltimo dia 13, os ministros do STF definiram o alcance da decis\u00e3o tomada em mar\u00e7o de 2017, que exclui o ICMS da base de c\u00e1lculo do PIS e da Cofins e que poderia obrigar o governo federal a devolver R$ 250 bilh\u00f5es aos contribuintes.<\/p>\n\n\n\n<p>Na chamada modula\u00e7\u00e3o, ficou decidido que s\u00f3 poderiam receber o que foi pago no passado, e fazer as compensa\u00e7\u00f5es, os contribuintes com a\u00e7\u00f5es ajuizadas at\u00e9 a data do julgamento de m\u00e9rito, o que reduz a conta. O valor correto, por\u00e9m, \u00e9 algo que ainda n\u00e3o se conhece.<\/p>\n\n\n\n<p>\u201cA Receita Federal vai calcular para cada contribuinte\u201d, disse o chefe do Centro de Estudos Tribut\u00e1rios e Aduaneiros da Receita Federal, Claudemir Malaquias. Ele explicou que a decis\u00e3o dos ministros permite in\u00fameras possibilidades particulares, de forma que n\u00e3o \u00e9 poss\u00edvel estimar o impacto.<\/p>\n\n\n\n<p>O \u00f3rg\u00e3o busca um valor definitivo. Esse ser\u00e1 calculado \u00e0 luz das a\u00e7\u00f5es existentes, considerando o limite temporal de 15 de mar\u00e7o de 2017. Parte dos dados est\u00e3o de posse dos auditores, mas parte ter\u00e1 de ser buscada junto aos contribuintes, segundo Malaquias.<\/p>\n\n\n\n<p>O subsecret\u00e1rio Frederico Igor informou que a Receita Federal aguarda a publica\u00e7\u00e3o do ac\u00f3rd\u00e3o com a decis\u00e3o do Supremo para fazer uma aplica\u00e7\u00e3o precisa da decis\u00e3o &#8211; que tamb\u00e9m envolve o ICMS a ser exclu\u00eddo, o destacado em nota fiscal, geralmente de maior valor do que o efetivamente pago.<\/p>\n\n\n\n<p>De acordo com dados divulgados ontem pela Receita, a utiliza\u00e7\u00e3o de cr\u00e9ditos decorrentes de a\u00e7\u00f5es judiciais somou R$ 31,52 bilh\u00f5es no quadrimestre. Um crescimento de 127,23%, em valores correntes, sobre igual per\u00edodo de 2020.<\/p>\n\n\n\n<p>Esses valores foram utilizados principalmente para quitar Imposto de Renda. Os d\u00e9bitos compensados no per\u00edodo somaram R$ 19,945 bilh\u00f5es. \u00c9 um avan\u00e7o de 25,45% sobre o primeiro quadrimestre de 2020.<\/p>\n\n\n\n<p>No m\u00eas de abril, isoladamente, o volume de cr\u00e9ditos tribut\u00e1rios compensados chegou a R$ 18,537 bilh\u00f5es, um crescimento real de 62,95% sobre abril do ano passado. O destaque foram os cr\u00e9ditos decorrentes de a\u00e7\u00f5es judiciais, que somaram, segundo a Receita Federal, R$ 8,154 bilh\u00f5es no m\u00eas.<\/p>\n\n\n\n<p>Fonte: <a href=\"https:\/\/valor.globo.com\/legislacao\/noticia\/2021\/05\/21\/compensacoes-fiscais-crescem-com-exclusao-do-icms.ghtml\" data-type=\"URL\" data-id=\"https:\/\/valor.globo.com\/legislacao\/noticia\/2021\/05\/21\/compensacoes-fiscais-crescem-com-exclusao-do-icms.ghtml\" target=\"_blank\" rel=\"noreferrer noopener\">Valor<\/a><\/p>\n\n\n\n<p>A Amaral, Yazbek, OAB\/PR 762, possui 35 anos de experi\u00eancia auxiliando empresas a transformar a tributa\u00e7\u00e3o em lucro. Entre em contato com um dos s\u00f3cios para agendamento de reuni\u00e3o em caso de d\u00favidas.<\/p>\n\n\n\n<p>Contato: 41 3595-8300 ou pelo nosso WhatsApp 41 99567-5696<\/p>\n\n\n\n<p>Av. C\u00e2ndido Hartmann, 50 \u2013 Bigorrilho | Curitiba-PR<\/p>\n\n\n\n<p>Assine nossa Newsletter e fique por dentro das novidades!<\/p>\n\n\n\n<p>Quer receber seu exemplar da revista Governan\u00e7a Jur\u00eddica? Clique <a href=\"http:\/\/ayadvogados.com.br\/revista\">aqui<\/a>&nbsp;e pe\u00e7a a sua.<\/p>\n\n\n\n<p>Nos acompanhe nas redes sociais: <a href=\"https:\/\/www.facebook.com\/amaral.yazbek\">Facebook<\/a>&nbsp;| <a href=\"https:\/\/www.instagram.com\/amaral.yazbek\/\">Instagram<\/a> | <a href=\"https:\/\/www.linkedin.com\/company\/3357082\/admin\/\">Linkedin<\/a><\/p>\n\n\n\n<p>J\u00e1 conhece o canal Direito da Intelig\u00eancia de Neg\u00f3cios? <a href=\"https:\/\/www.youtube.com\/channel\/UCu2Mpu32ht8DEN8OFRXYMyw\">Inscreva-se j\u00e1<\/a><\/p>\n","protected":false},"excerpt":{"rendered":"<p>Impulsionadas pela utiliza\u00e7\u00e3o dos cr\u00e9ditos envolvendo a chamada \u201ctese do s\u00e9culo\u201d, a exclus\u00e3o do ICMS da base de c\u00e1lculo do PIS e da Cofins, as compensa\u00e7\u00f5es tribut\u00e1rias feitas pelos contribuintes atingiram R$ 67,592 bilh\u00f5es de janeiro a abril deste ano. Foi um avan\u00e7o real de 40,37% sobre o mesmo per\u00edodo de 2020. Desde 2017 at\u00e9 [&hellip;]<\/p>\n","protected":false},"author":2,"featured_media":1170,"comment_status":"open","ping_status":"open","sticky":false,"template":"","format":"standard","meta":{"footnotes":""},"categories":[1],"tags":[],"class_list":["post-1169","post","type-post","status-publish","format-standard","has-post-thumbnail","hentry","category-noticia-do-dia"],"blocksy_meta":{"styles_descriptor":{"styles":{"desktop":"","tablet":"","mobile":""},"google_fonts":[],"version":6}},"yoast_head":"<!-- This site is optimized with the Yoast SEO plugin v27.5 - https:\/\/yoast.com\/product\/yoast-seo-wordpress\/ -->\n<title>Compensa\u00e7\u00f5es fiscais crescem com exclus\u00e3o do ICMS - Amaral, Yazbek Advogados<\/title>\n<meta name=\"robots\" content=\"index, follow, max-snippet:-1, max-image-preview:large, max-video-preview:-1\" \/>\n<link rel=\"canonical\" href=\"https:\/\/www.34.239.117.254.sslip.io\/?p=1169\" \/>\n<meta property=\"og:locale\" content=\"pt_BR\" \/>\n<meta property=\"og:type\" content=\"article\" \/>\n<meta property=\"og:title\" content=\"Compensa\u00e7\u00f5es fiscais crescem com exclus\u00e3o do ICMS - Amaral, Yazbek Advogados\" \/>\n<meta property=\"og:description\" content=\"Impulsionadas pela utiliza\u00e7\u00e3o dos cr\u00e9ditos envolvendo a chamada \u201ctese do s\u00e9culo\u201d, a exclus\u00e3o do ICMS da base de c\u00e1lculo do PIS e da Cofins, as compensa\u00e7\u00f5es tribut\u00e1rias feitas pelos contribuintes atingiram R$ 67,592 bilh\u00f5es de janeiro a abril deste ano. Foi um avan\u00e7o real de 40,37% sobre o mesmo per\u00edodo de 2020. Desde 2017 at\u00e9 [&hellip;]\" \/>\n<meta property=\"og:url\" content=\"https:\/\/www.34.239.117.254.sslip.io\/?p=1169\" \/>\n<meta property=\"og:site_name\" content=\"Amaral, Yazbek Advogados\" \/>\n<meta property=\"article:publisher\" content=\"https:\/\/www.facebook.com\/AYadvogados\" \/>\n<meta property=\"article:published_time\" content=\"2021-05-21T15:08:24+00:00\" \/>\n<meta property=\"og:image\" content=\"https:\/\/www.34.239.117.254.sslip.io\/wp-content\/uploads\/2021\/05\/21-05-Blog.png\" \/>\n\t<meta property=\"og:image:width\" content=\"1000\" \/>\n\t<meta property=\"og:image:height\" content=\"620\" \/>\n\t<meta property=\"og:image:type\" content=\"image\/png\" \/>\n<meta name=\"author\" content=\"AY Advogados\" \/>\n<meta name=\"twitter:card\" content=\"summary_large_image\" \/>\n<meta name=\"twitter:label1\" content=\"Escrito por\" \/>\n\t<meta name=\"twitter:data1\" content=\"AY Advogados\" \/>\n\t<meta name=\"twitter:label2\" content=\"Est. tempo de leitura\" \/>\n\t<meta name=\"twitter:data2\" content=\"3 minutos\" \/>\n<script type=\"application\/ld+json\" class=\"yoast-schema-graph\">{\"@context\":\"https:\\\/\\\/schema.org\",\"@graph\":[{\"@type\":\"Article\",\"@id\":\"https:\\\/\\\/www.34.239.117.254.sslip.io\\\/?p=1169#article\",\"isPartOf\":{\"@id\":\"https:\\\/\\\/www.34.239.117.254.sslip.io\\\/?p=1169\"},\"author\":{\"name\":\"AY Advogados\",\"@id\":\"https:\\\/\\\/www.34.239.117.254.sslip.io\\\/#\\\/schema\\\/person\\\/4abfbf03ad3e577e691d333af064a912\"},\"headline\":\"Compensa\u00e7\u00f5es fiscais crescem com exclus\u00e3o do ICMS\",\"datePublished\":\"2021-05-21T15:08:24+00:00\",\"mainEntityOfPage\":{\"@id\":\"https:\\\/\\\/www.34.239.117.254.sslip.io\\\/?p=1169\"},\"wordCount\":592,\"commentCount\":0,\"publisher\":{\"@id\":\"https:\\\/\\\/www.34.239.117.254.sslip.io\\\/#organization\"},\"image\":{\"@id\":\"https:\\\/\\\/www.34.239.117.254.sslip.io\\\/?p=1169#primaryimage\"},\"thumbnailUrl\":\"https:\\\/\\\/www.ayadvogados.com.br\\\/wp-content\\\/uploads\\\/2021\\\/05\\\/21-05-Blog.png\",\"articleSection\":[\"Not\u00edcia do Dia\"],\"inLanguage\":\"pt-BR\",\"potentialAction\":[{\"@type\":\"CommentAction\",\"name\":\"Comment\",\"target\":[\"https:\\\/\\\/www.34.239.117.254.sslip.io\\\/?p=1169#respond\"]}]},{\"@type\":\"WebPage\",\"@id\":\"https:\\\/\\\/www.34.239.117.254.sslip.io\\\/?p=1169\",\"url\":\"https:\\\/\\\/www.34.239.117.254.sslip.io\\\/?p=1169\",\"name\":\"Compensa\u00e7\u00f5es fiscais crescem com exclus\u00e3o do ICMS - Amaral, Yazbek Advogados\",\"isPartOf\":{\"@id\":\"https:\\\/\\\/www.34.239.117.254.sslip.io\\\/#website\"},\"primaryImageOfPage\":{\"@id\":\"https:\\\/\\\/www.34.239.117.254.sslip.io\\\/?p=1169#primaryimage\"},\"image\":{\"@id\":\"https:\\\/\\\/www.34.239.117.254.sslip.io\\\/?p=1169#primaryimage\"},\"thumbnailUrl\":\"https:\\\/\\\/www.ayadvogados.com.br\\\/wp-content\\\/uploads\\\/2021\\\/05\\\/21-05-Blog.png\",\"datePublished\":\"2021-05-21T15:08:24+00:00\",\"breadcrumb\":{\"@id\":\"https:\\\/\\\/www.34.239.117.254.sslip.io\\\/?p=1169#breadcrumb\"},\"inLanguage\":\"pt-BR\",\"potentialAction\":[{\"@type\":\"ReadAction\",\"target\":[\"https:\\\/\\\/www.34.239.117.254.sslip.io\\\/?p=1169\"]}]},{\"@type\":\"ImageObject\",\"inLanguage\":\"pt-BR\",\"@id\":\"https:\\\/\\\/www.34.239.117.254.sslip.io\\\/?p=1169#primaryimage\",\"url\":\"https:\\\/\\\/www.ayadvogados.com.br\\\/wp-content\\\/uploads\\\/2021\\\/05\\\/21-05-Blog.png\",\"contentUrl\":\"https:\\\/\\\/www.ayadvogados.com.br\\\/wp-content\\\/uploads\\\/2021\\\/05\\\/21-05-Blog.png\",\"width\":1000,\"height\":620},{\"@type\":\"BreadcrumbList\",\"@id\":\"https:\\\/\\\/www.34.239.117.254.sslip.io\\\/?p=1169#breadcrumb\",\"itemListElement\":[{\"@type\":\"ListItem\",\"position\":1,\"name\":\"In\u00edcio\",\"item\":\"https:\\\/\\\/www.34.239.117.254.sslip.io\\\/\"},{\"@type\":\"ListItem\",\"position\":2,\"name\":\"Compensa\u00e7\u00f5es fiscais crescem com exclus\u00e3o do ICMS\"}]},{\"@type\":\"WebSite\",\"@id\":\"https:\\\/\\\/www.34.239.117.254.sslip.io\\\/#website\",\"url\":\"https:\\\/\\\/www.34.239.117.254.sslip.io\\\/\",\"name\":\"Amaral, Yazbek Advogados\",\"description\":\"Curitiba \u2022 Bras\u00edlia \u2022 S\u00e3o Paulo\",\"publisher\":{\"@id\":\"https:\\\/\\\/www.34.239.117.254.sslip.io\\\/#organization\"},\"potentialAction\":[{\"@type\":\"SearchAction\",\"target\":{\"@type\":\"EntryPoint\",\"urlTemplate\":\"https:\\\/\\\/www.34.239.117.254.sslip.io\\\/?s={search_term_string}\"},\"query-input\":{\"@type\":\"PropertyValueSpecification\",\"valueRequired\":true,\"valueName\":\"search_term_string\"}}],\"inLanguage\":\"pt-BR\"},{\"@type\":\"Organization\",\"@id\":\"https:\\\/\\\/www.34.239.117.254.sslip.io\\\/#organization\",\"name\":\"Amaral, Yazbek Advogados\",\"url\":\"https:\\\/\\\/www.34.239.117.254.sslip.io\\\/\",\"logo\":{\"@type\":\"ImageObject\",\"inLanguage\":\"pt-BR\",\"@id\":\"https:\\\/\\\/www.34.239.117.254.sslip.io\\\/#\\\/schema\\\/logo\\\/image\\\/\",\"url\":\"http:\\\/\\\/34.239.117.254\\\/wp-content\\\/uploads\\\/2021\\\/03\\\/logo-ay-g.png\",\"contentUrl\":\"http:\\\/\\\/34.239.117.254\\\/wp-content\\\/uploads\\\/2021\\\/03\\\/logo-ay-g.png\",\"width\":434,\"height\":106,\"caption\":\"Amaral, Yazbek Advogados\"},\"image\":{\"@id\":\"https:\\\/\\\/www.34.239.117.254.sslip.io\\\/#\\\/schema\\\/logo\\\/image\\\/\"},\"sameAs\":[\"https:\\\/\\\/www.facebook.com\\\/AYadvogados\",\"https:\\\/\\\/www.instagram.com\\\/ayadvogados\\\/\"]},{\"@type\":\"Person\",\"@id\":\"https:\\\/\\\/www.34.239.117.254.sslip.io\\\/#\\\/schema\\\/person\\\/4abfbf03ad3e577e691d333af064a912\",\"name\":\"AY Advogados\",\"image\":{\"@type\":\"ImageObject\",\"inLanguage\":\"pt-BR\",\"@id\":\"https:\\\/\\\/secure.gravatar.com\\\/avatar\\\/1473912b851241f5503026e6156e144dcd83ff7addb67f65e1ed9ca21ee1d9cf?s=96&d=mm&r=g\",\"url\":\"https:\\\/\\\/secure.gravatar.com\\\/avatar\\\/1473912b851241f5503026e6156e144dcd83ff7addb67f65e1ed9ca21ee1d9cf?s=96&d=mm&r=g\",\"contentUrl\":\"https:\\\/\\\/secure.gravatar.com\\\/avatar\\\/1473912b851241f5503026e6156e144dcd83ff7addb67f65e1ed9ca21ee1d9cf?s=96&d=mm&r=g\",\"caption\":\"AY Advogados\"},\"sameAs\":[\"https:\\\/\\\/ayadvogados.com.br\"],\"url\":\"https:\\\/\\\/www.ayadvogados.com.br\\\/?author=2\"}]}<\/script>\n<!-- \/ Yoast SEO plugin. -->","yoast_head_json":{"title":"Compensa\u00e7\u00f5es fiscais crescem com exclus\u00e3o do ICMS - Amaral, Yazbek Advogados","robots":{"index":"index","follow":"follow","max-snippet":"max-snippet:-1","max-image-preview":"max-image-preview:large","max-video-preview":"max-video-preview:-1"},"canonical":"https:\/\/www.34.239.117.254.sslip.io\/?p=1169","og_locale":"pt_BR","og_type":"article","og_title":"Compensa\u00e7\u00f5es fiscais crescem com exclus\u00e3o do ICMS - Amaral, Yazbek Advogados","og_description":"Impulsionadas pela utiliza\u00e7\u00e3o dos cr\u00e9ditos envolvendo a chamada \u201ctese do s\u00e9culo\u201d, a exclus\u00e3o do ICMS da base de c\u00e1lculo do PIS e da Cofins, as compensa\u00e7\u00f5es tribut\u00e1rias feitas pelos contribuintes atingiram R$ 67,592 bilh\u00f5es de janeiro a abril deste ano. Foi um avan\u00e7o real de 40,37% sobre o mesmo per\u00edodo de 2020. Desde 2017 at\u00e9 [&hellip;]","og_url":"https:\/\/www.34.239.117.254.sslip.io\/?p=1169","og_site_name":"Amaral, Yazbek Advogados","article_publisher":"https:\/\/www.facebook.com\/AYadvogados","article_published_time":"2021-05-21T15:08:24+00:00","og_image":[{"width":1000,"height":620,"url":"https:\/\/www.34.239.117.254.sslip.io\/wp-content\/uploads\/2021\/05\/21-05-Blog.png","type":"image\/png"}],"author":"AY Advogados","twitter_card":"summary_large_image","twitter_misc":{"Escrito por":"AY Advogados","Est. tempo de leitura":"3 minutos"},"schema":{"@context":"https:\/\/schema.org","@graph":[{"@type":"Article","@id":"https:\/\/www.34.239.117.254.sslip.io\/?p=1169#article","isPartOf":{"@id":"https:\/\/www.34.239.117.254.sslip.io\/?p=1169"},"author":{"name":"AY Advogados","@id":"https:\/\/www.34.239.117.254.sslip.io\/#\/schema\/person\/4abfbf03ad3e577e691d333af064a912"},"headline":"Compensa\u00e7\u00f5es fiscais crescem com exclus\u00e3o do ICMS","datePublished":"2021-05-21T15:08:24+00:00","mainEntityOfPage":{"@id":"https:\/\/www.34.239.117.254.sslip.io\/?p=1169"},"wordCount":592,"commentCount":0,"publisher":{"@id":"https:\/\/www.34.239.117.254.sslip.io\/#organization"},"image":{"@id":"https:\/\/www.34.239.117.254.sslip.io\/?p=1169#primaryimage"},"thumbnailUrl":"https:\/\/www.ayadvogados.com.br\/wp-content\/uploads\/2021\/05\/21-05-Blog.png","articleSection":["Not\u00edcia do Dia"],"inLanguage":"pt-BR","potentialAction":[{"@type":"CommentAction","name":"Comment","target":["https:\/\/www.34.239.117.254.sslip.io\/?p=1169#respond"]}]},{"@type":"WebPage","@id":"https:\/\/www.34.239.117.254.sslip.io\/?p=1169","url":"https:\/\/www.34.239.117.254.sslip.io\/?p=1169","name":"Compensa\u00e7\u00f5es fiscais crescem com exclus\u00e3o do ICMS - Amaral, Yazbek Advogados","isPartOf":{"@id":"https:\/\/www.34.239.117.254.sslip.io\/#website"},"primaryImageOfPage":{"@id":"https:\/\/www.34.239.117.254.sslip.io\/?p=1169#primaryimage"},"image":{"@id":"https:\/\/www.34.239.117.254.sslip.io\/?p=1169#primaryimage"},"thumbnailUrl":"https:\/\/www.ayadvogados.com.br\/wp-content\/uploads\/2021\/05\/21-05-Blog.png","datePublished":"2021-05-21T15:08:24+00:00","breadcrumb":{"@id":"https:\/\/www.34.239.117.254.sslip.io\/?p=1169#breadcrumb"},"inLanguage":"pt-BR","potentialAction":[{"@type":"ReadAction","target":["https:\/\/www.34.239.117.254.sslip.io\/?p=1169"]}]},{"@type":"ImageObject","inLanguage":"pt-BR","@id":"https:\/\/www.34.239.117.254.sslip.io\/?p=1169#primaryimage","url":"https:\/\/www.ayadvogados.com.br\/wp-content\/uploads\/2021\/05\/21-05-Blog.png","contentUrl":"https:\/\/www.ayadvogados.com.br\/wp-content\/uploads\/2021\/05\/21-05-Blog.png","width":1000,"height":620},{"@type":"BreadcrumbList","@id":"https:\/\/www.34.239.117.254.sslip.io\/?p=1169#breadcrumb","itemListElement":[{"@type":"ListItem","position":1,"name":"In\u00edcio","item":"https:\/\/www.34.239.117.254.sslip.io\/"},{"@type":"ListItem","position":2,"name":"Compensa\u00e7\u00f5es fiscais crescem com exclus\u00e3o do ICMS"}]},{"@type":"WebSite","@id":"https:\/\/www.34.239.117.254.sslip.io\/#website","url":"https:\/\/www.34.239.117.254.sslip.io\/","name":"Amaral, Yazbek Advogados","description":"Curitiba \u2022 Bras\u00edlia \u2022 S\u00e3o Paulo","publisher":{"@id":"https:\/\/www.34.239.117.254.sslip.io\/#organization"},"potentialAction":[{"@type":"SearchAction","target":{"@type":"EntryPoint","urlTemplate":"https:\/\/www.34.239.117.254.sslip.io\/?s={search_term_string}"},"query-input":{"@type":"PropertyValueSpecification","valueRequired":true,"valueName":"search_term_string"}}],"inLanguage":"pt-BR"},{"@type":"Organization","@id":"https:\/\/www.34.239.117.254.sslip.io\/#organization","name":"Amaral, Yazbek Advogados","url":"https:\/\/www.34.239.117.254.sslip.io\/","logo":{"@type":"ImageObject","inLanguage":"pt-BR","@id":"https:\/\/www.34.239.117.254.sslip.io\/#\/schema\/logo\/image\/","url":"http:\/\/34.239.117.254\/wp-content\/uploads\/2021\/03\/logo-ay-g.png","contentUrl":"http:\/\/34.239.117.254\/wp-content\/uploads\/2021\/03\/logo-ay-g.png","width":434,"height":106,"caption":"Amaral, Yazbek Advogados"},"image":{"@id":"https:\/\/www.34.239.117.254.sslip.io\/#\/schema\/logo\/image\/"},"sameAs":["https:\/\/www.facebook.com\/AYadvogados","https:\/\/www.instagram.com\/ayadvogados\/"]},{"@type":"Person","@id":"https:\/\/www.34.239.117.254.sslip.io\/#\/schema\/person\/4abfbf03ad3e577e691d333af064a912","name":"AY Advogados","image":{"@type":"ImageObject","inLanguage":"pt-BR","@id":"https:\/\/secure.gravatar.com\/avatar\/1473912b851241f5503026e6156e144dcd83ff7addb67f65e1ed9ca21ee1d9cf?s=96&d=mm&r=g","url":"https:\/\/secure.gravatar.com\/avatar\/1473912b851241f5503026e6156e144dcd83ff7addb67f65e1ed9ca21ee1d9cf?s=96&d=mm&r=g","contentUrl":"https:\/\/secure.gravatar.com\/avatar\/1473912b851241f5503026e6156e144dcd83ff7addb67f65e1ed9ca21ee1d9cf?s=96&d=mm&r=g","caption":"AY Advogados"},"sameAs":["https:\/\/ayadvogados.com.br"],"url":"https:\/\/www.ayadvogados.com.br\/?author=2"}]}},"rttpg_featured_image_url":{"full":["https:\/\/www.ayadvogados.com.br\/wp-content\/uploads\/2021\/05\/21-05-Blog.png",1000,620,false],"landscape":["https:\/\/www.ayadvogados.com.br\/wp-content\/uploads\/2021\/05\/21-05-Blog.png",1000,620,false],"portraits":["https:\/\/www.ayadvogados.com.br\/wp-content\/uploads\/2021\/05\/21-05-Blog.png",1000,620,false],"thumbnail":["https:\/\/www.ayadvogados.com.br\/wp-content\/uploads\/2021\/05\/21-05-Blog-150x150.png",150,150,true],"medium":["https:\/\/www.ayadvogados.com.br\/wp-content\/uploads\/2021\/05\/21-05-Blog-300x186.png",300,186,true],"large":["https:\/\/www.ayadvogados.com.br\/wp-content\/uploads\/2021\/05\/21-05-Blog.png",1000,620,false],"1536x1536":["https:\/\/www.ayadvogados.com.br\/wp-content\/uploads\/2021\/05\/21-05-Blog.png",1000,620,false],"2048x2048":["https:\/\/www.ayadvogados.com.br\/wp-content\/uploads\/2021\/05\/21-05-Blog.png",1000,620,false]},"rttpg_author":{"display_name":"AY Advogados","author_link":"https:\/\/www.ayadvogados.com.br\/?author=2"},"rttpg_comment":0,"rttpg_category":"<a href=\"https:\/\/www.ayadvogados.com.br\/?cat=1\" rel=\"category\">Not\u00edcia do Dia<\/a>","rttpg_excerpt":"Impulsionadas pela utiliza\u00e7\u00e3o dos cr\u00e9ditos envolvendo a chamada \u201ctese do s\u00e9culo\u201d, a exclus\u00e3o do ICMS da base de c\u00e1lculo do PIS e da Cofins, as compensa\u00e7\u00f5es tribut\u00e1rias feitas pelos contribuintes atingiram R$ 67,592 bilh\u00f5es de janeiro a abril deste ano. Foi um avan\u00e7o real de 40,37% sobre o mesmo per\u00edodo de 2020. Desde 2017 at\u00e9&hellip;","_links":{"self":[{"href":"https:\/\/www.ayadvogados.com.br\/index.php?rest_route=\/wp\/v2\/posts\/1169","targetHints":{"allow":["GET"]}}],"collection":[{"href":"https:\/\/www.ayadvogados.com.br\/index.php?rest_route=\/wp\/v2\/posts"}],"about":[{"href":"https:\/\/www.ayadvogados.com.br\/index.php?rest_route=\/wp\/v2\/types\/post"}],"author":[{"embeddable":true,"href":"https:\/\/www.ayadvogados.com.br\/index.php?rest_route=\/wp\/v2\/users\/2"}],"replies":[{"embeddable":true,"href":"https:\/\/www.ayadvogados.com.br\/index.php?rest_route=%2Fwp%2Fv2%2Fcomments&post=1169"}],"version-history":[{"count":1,"href":"https:\/\/www.ayadvogados.com.br\/index.php?rest_route=\/wp\/v2\/posts\/1169\/revisions"}],"predecessor-version":[{"id":1171,"href":"https:\/\/www.ayadvogados.com.br\/index.php?rest_route=\/wp\/v2\/posts\/1169\/revisions\/1171"}],"wp:featuredmedia":[{"embeddable":true,"href":"https:\/\/www.ayadvogados.com.br\/index.php?rest_route=\/wp\/v2\/media\/1170"}],"wp:attachment":[{"href":"https:\/\/www.ayadvogados.com.br\/index.php?rest_route=%2Fwp%2Fv2%2Fmedia&parent=1169"}],"wp:term":[{"taxonomy":"category","embeddable":true,"href":"https:\/\/www.ayadvogados.com.br\/index.php?rest_route=%2Fwp%2Fv2%2Fcategories&post=1169"},{"taxonomy":"post_tag","embeddable":true,"href":"https:\/\/www.ayadvogados.com.br\/index.php?rest_route=%2Fwp%2Fv2%2Ftags&post=1169"}],"curies":[{"name":"wp","href":"https:\/\/api.w.org\/{rel}","templated":true}]}}