{"id":1158,"date":"2021-05-19T17:38:06","date_gmt":"2021-05-19T20:38:06","guid":{"rendered":"http:\/\/34.239.117.254\/?p=1158"},"modified":"2021-05-19T17:38:06","modified_gmt":"2021-05-19T20:38:06","slug":"gastos-com-fundo-de-promocao-geram-creditos-de-pis-e-cofins","status":"publish","type":"post","link":"https:\/\/www.ayadvogados.com.br\/?p=1158","title":{"rendered":"Gastos com fundo de promo\u00e7\u00e3o geram cr\u00e9ditos de PIS e Cofins"},"content":{"rendered":"\n<p>Os lojistas de shopping centers, que enfrentam grave crise financeira causada pela pandemia, t\u00eam conseguido novas decis\u00f5es no Judici\u00e1rio para aliviar a carga tribut\u00e1ria. Uma recente senten\u00e7a da Justi\u00e7a Federal de S\u00e3o Paulo concedeu, para uma rede de lojas de roupas masculinas, o direito a cr\u00e9ditos de PIS e Cofins sobre dep\u00f3sitos em fundo de promo\u00e7\u00e3o, cobrados por centros de compras para a realiza\u00e7\u00e3o de propaganda das lojas.<\/p>\n\n\n\n<p>Al\u00e9m de poder usar os cr\u00e9ditos para quitar d\u00e9bitos de tributos federais, a rede ainda obteve na Justi\u00e7a o direito \u00e0 compensa\u00e7\u00e3o dos valores pagos a mais nos \u00faltimos cinco anos. O montante exigido para fundo de promo\u00e7\u00e3o \u00e9 relevante, por ser calculado com base nos valores do aluguel.<\/p>\n\n\n\n<p>H\u00e1 pouco tempo, outra rede de lojas, de roupas masculinas e femininas, pertencente ao mesmo grupo empresarial, conseguiu o direito a cr\u00e9ditos de PIS e Cofins sobre outros custos: as taxas de condom\u00ednio.<\/p>\n\n\n\n<p>Ambas as discuss\u00f5es surgiram na esteira do julgamento do Superior Tribunal de Justi\u00e7a (STJ) sobre insumos de 2018. Por meio de recurso repetitivo (REsp 1221170), os ministros decidiram que deve ser considerado insumo e, portanto, apto a gerar cr\u00e9dito, tudo que for imprescind\u00edvel para o desenvolvimento da atividade econ\u00f4mica. A an\u00e1lise deve ser feita caso a caso, por depender de provas.<\/p>\n\n\n\n<p>Em rela\u00e7\u00e3o a essas redes de lojas, os principais pontos de venda ficam em shopping centers. Nos contratos firmados com eles existem cl\u00e1usulas que obrigam o pagamento de despesas variadas, como condom\u00ednio e fundos de promo\u00e7\u00e3o.<\/p>\n\n\n\n<p>\u201cS\u00e3o taxas que s\u00e3o verdadeiras imposi\u00e7\u00f5es, que se n\u00e3o forem pagas acabam por impedir sua atividade \u201d, diz a advogada Haraly Rodrigues, tributarista e s\u00f3cia do Roncato Advogados, escrit\u00f3rio que entrou com os dois processos. A Receita Federal somente autoriza a obten\u00e7\u00e3o de cr\u00e9ditos de PIS e Cofins dos valores dos alugu\u00e9is.<\/p>\n\n\n\n<p>Com rela\u00e7\u00e3o ao fundo de promo\u00e7\u00e3o, a rede de lojas alegou que a contribui\u00e7\u00e3o mensal do lojista ao empreendimento, para custeio do marketing coletivo, visa atrair mais consumidores e est\u00e1 intrinsecamente relacionada \u00e0 sua receita. Como s\u00e3o essenciais e relevantes para a forma\u00e7\u00e3o da receita, a rede alega que devem ser consideradas como insumos.<\/p>\n\n\n\n<p>Ao analisar o caso, o juiz Fernando Marcelo Mendes, da 13\u00aa Vara C\u00edvel Federal de S\u00e3o Paulo, entendeu que, nos termos do que foi decidido pelo STJ, bem como considerando a atividade econ\u00f4mica desenvolvida pela rede de lojas, \u201cas despesas com fundo de promo\u00e7\u00e3o incorridas pela impetrante devem ser consideradas como insumo, tendo em vista a sua relev\u00e2ncia para a atividade desenvolvida\u201d (processo n\u00b0 5019479-04. 2020.4.03.6100). Ainda cabe recurso da decis\u00e3o.<\/p>\n\n\n\n<p>J\u00e1 sobre a taxa de condom\u00ednio, ao analisar o caso, o juiz Jos\u00e9 Henrique Prescendo, da 22\u00aa Vara C\u00edvel Federal de S\u00e3o Paulo, considerou que as lojas da rede est\u00e3o localizadas majoritariamente em shopping centers e que o pagamento de taxas condominiais est\u00e1 vinculado ao aluguel, que \u00e9 \u201cessencial\u201d (processo n\u00ba 5019482-56.2020.4.03.6100). Nesse caso, a Procuradoria-Geral da Fazenda Nacional (PGFN) j\u00e1 recorreu.<\/p>\n\n\n\n<p>As decis\u00f5es, ao seguirem o que foi firmado pelo STJ, confirmam o entendimento de que empresas comerciais t\u00eam direito a cr\u00e9ditos de PIS e Cofins, como ind\u00fastrias e prestadoras de servi\u00e7os, segundo Haraly Rodrigues.<\/p>\n\n\n\n<p>No caso do fundo de promo\u00e7\u00e3o, o advogado Rafael Fabiano, do Leonardo Naves Direito de Neg\u00f3cios, afirma que, ao se caracterizar como um gasto cujo objetivo \u00e9 atrair uma maior quantidade de consumidores em potencial ao centro de compras, configura-se como uma despesa \u201cessencial\u201d e \u201crelevante\u201d.<\/p>\n\n\n\n<p>Fonte: <a href=\"https:\/\/valor.globo.com\/legislacao\/noticia\/2021\/05\/19\/gastos-com-fundo-de-promocao-geram-creditos-de-pis-e-cofins.ghtml\" data-type=\"URL\" data-id=\"https:\/\/valor.globo.com\/legislacao\/noticia\/2021\/05\/19\/gastos-com-fundo-de-promocao-geram-creditos-de-pis-e-cofins.ghtml\" target=\"_blank\" rel=\"noreferrer noopener\">Valor<\/a><\/p>\n\n\n\n<p>A Amaral, Yazbek, OAB\/PR 762, possui 35 anos de experi\u00eancia auxiliando empresas a transformar a tributa\u00e7\u00e3o em lucro. Entre em contato com um dos s\u00f3cios para agendamento de reuni\u00e3o em caso de d\u00favidas.<\/p>\n\n\n\n<p>Contato: 41 3595-8300 ou pelo nosso WhatsApp 41 99567-5696<\/p>\n\n\n\n<p>Av. C\u00e2ndido Hartmann, 50 \u2013 Bigorrilho | Curitiba-PR<\/p>\n\n\n\n<p>Assine nossa Newsletter e fique por dentro das novidades!<\/p>\n\n\n\n<p>Quer receber seu exemplar da revista Governan\u00e7a Jur\u00eddica? Clique <a href=\"http:\/\/ayadvogados.com.br\/revista\">aqui<\/a>&nbsp;e pe\u00e7a a sua.<\/p>\n\n\n\n<p>Nos acompanhe nas redes sociais: <a href=\"https:\/\/www.facebook.com\/amaral.yazbek\">Facebook<\/a>&nbsp;| <a href=\"https:\/\/www.instagram.com\/amaral.yazbek\/\">Instagram<\/a> | <a href=\"https:\/\/www.linkedin.com\/company\/3357082\/admin\/\">Linkedin<\/a><\/p>\n\n\n\n<p>J\u00e1 conhece o canal Direito da Intelig\u00eancia de Neg\u00f3cios? <a href=\"https:\/\/www.youtube.com\/channel\/UCu2Mpu32ht8DEN8OFRXYMyw\">Inscreva-se j\u00e1<\/a><\/p>\n","protected":false},"excerpt":{"rendered":"<p>Os lojistas de shopping centers, que enfrentam grave crise financeira causada pela pandemia, t\u00eam conseguido novas decis\u00f5es no Judici\u00e1rio para aliviar a carga tribut\u00e1ria. Uma recente senten\u00e7a da Justi\u00e7a Federal de S\u00e3o Paulo concedeu, para uma rede de lojas de roupas masculinas, o direito a cr\u00e9ditos de PIS e Cofins sobre dep\u00f3sitos em fundo de [&hellip;]<\/p>\n","protected":false},"author":2,"featured_media":1159,"comment_status":"open","ping_status":"open","sticky":false,"template":"","format":"standard","meta":{"footnotes":""},"categories":[1],"tags":[],"class_list":["post-1158","post","type-post","status-publish","format-standard","has-post-thumbnail","hentry","category-noticia-do-dia"],"blocksy_meta":{"styles_descriptor":{"styles":{"desktop":"","tablet":"","mobile":""},"google_fonts":[],"version":6}},"yoast_head":"<!-- This site is optimized with the Yoast SEO plugin v27.5 - https:\/\/yoast.com\/product\/yoast-seo-wordpress\/ -->\n<title>Gastos com fundo de promo\u00e7\u00e3o geram cr\u00e9ditos de PIS e Cofins - Amaral, Yazbek Advogados<\/title>\n<meta name=\"robots\" content=\"index, follow, max-snippet:-1, max-image-preview:large, max-video-preview:-1\" \/>\n<link rel=\"canonical\" href=\"https:\/\/www.34.239.117.254.sslip.io\/?p=1158\" \/>\n<meta property=\"og:locale\" content=\"pt_BR\" \/>\n<meta property=\"og:type\" content=\"article\" \/>\n<meta property=\"og:title\" content=\"Gastos com fundo de promo\u00e7\u00e3o geram cr\u00e9ditos de PIS e Cofins - Amaral, Yazbek Advogados\" \/>\n<meta property=\"og:description\" content=\"Os lojistas de shopping centers, que enfrentam grave crise financeira causada pela pandemia, t\u00eam conseguido novas decis\u00f5es no Judici\u00e1rio para aliviar a carga tribut\u00e1ria. Uma recente senten\u00e7a da Justi\u00e7a Federal de S\u00e3o Paulo concedeu, para uma rede de lojas de roupas masculinas, o direito a cr\u00e9ditos de PIS e Cofins sobre dep\u00f3sitos em fundo de [&hellip;]\" \/>\n<meta property=\"og:url\" content=\"https:\/\/www.34.239.117.254.sslip.io\/?p=1158\" \/>\n<meta property=\"og:site_name\" content=\"Amaral, Yazbek Advogados\" \/>\n<meta property=\"article:publisher\" content=\"https:\/\/www.facebook.com\/AYadvogados\" \/>\n<meta property=\"article:published_time\" content=\"2021-05-19T20:38:06+00:00\" \/>\n<meta property=\"og:image\" content=\"https:\/\/www.34.239.117.254.sslip.io\/wp-content\/uploads\/2021\/05\/19-05-Blog.png\" \/>\n\t<meta property=\"og:image:width\" content=\"1000\" \/>\n\t<meta property=\"og:image:height\" content=\"620\" \/>\n\t<meta property=\"og:image:type\" content=\"image\/png\" \/>\n<meta name=\"author\" content=\"AY Advogados\" \/>\n<meta name=\"twitter:card\" content=\"summary_large_image\" \/>\n<meta name=\"twitter:label1\" content=\"Escrito por\" \/>\n\t<meta name=\"twitter:data1\" content=\"AY Advogados\" \/>\n\t<meta name=\"twitter:label2\" content=\"Est. tempo de leitura\" \/>\n\t<meta name=\"twitter:data2\" content=\"4 minutos\" \/>\n<script type=\"application\/ld+json\" class=\"yoast-schema-graph\">{\"@context\":\"https:\\\/\\\/schema.org\",\"@graph\":[{\"@type\":\"Article\",\"@id\":\"https:\\\/\\\/www.34.239.117.254.sslip.io\\\/?p=1158#article\",\"isPartOf\":{\"@id\":\"https:\\\/\\\/www.34.239.117.254.sslip.io\\\/?p=1158\"},\"author\":{\"name\":\"AY Advogados\",\"@id\":\"https:\\\/\\\/www.34.239.117.254.sslip.io\\\/#\\\/schema\\\/person\\\/4abfbf03ad3e577e691d333af064a912\"},\"headline\":\"Gastos com fundo de promo\u00e7\u00e3o geram cr\u00e9ditos de PIS e Cofins\",\"datePublished\":\"2021-05-19T20:38:06+00:00\",\"mainEntityOfPage\":{\"@id\":\"https:\\\/\\\/www.34.239.117.254.sslip.io\\\/?p=1158\"},\"wordCount\":729,\"commentCount\":0,\"publisher\":{\"@id\":\"https:\\\/\\\/www.34.239.117.254.sslip.io\\\/#organization\"},\"image\":{\"@id\":\"https:\\\/\\\/www.34.239.117.254.sslip.io\\\/?p=1158#primaryimage\"},\"thumbnailUrl\":\"https:\\\/\\\/www.ayadvogados.com.br\\\/wp-content\\\/uploads\\\/2021\\\/05\\\/19-05-Blog.png\",\"articleSection\":[\"Not\u00edcia do Dia\"],\"inLanguage\":\"pt-BR\",\"potentialAction\":[{\"@type\":\"CommentAction\",\"name\":\"Comment\",\"target\":[\"https:\\\/\\\/www.34.239.117.254.sslip.io\\\/?p=1158#respond\"]}]},{\"@type\":\"WebPage\",\"@id\":\"https:\\\/\\\/www.34.239.117.254.sslip.io\\\/?p=1158\",\"url\":\"https:\\\/\\\/www.34.239.117.254.sslip.io\\\/?p=1158\",\"name\":\"Gastos com fundo de promo\u00e7\u00e3o geram cr\u00e9ditos de PIS e Cofins - Amaral, Yazbek Advogados\",\"isPartOf\":{\"@id\":\"https:\\\/\\\/www.34.239.117.254.sslip.io\\\/#website\"},\"primaryImageOfPage\":{\"@id\":\"https:\\\/\\\/www.34.239.117.254.sslip.io\\\/?p=1158#primaryimage\"},\"image\":{\"@id\":\"https:\\\/\\\/www.34.239.117.254.sslip.io\\\/?p=1158#primaryimage\"},\"thumbnailUrl\":\"https:\\\/\\\/www.ayadvogados.com.br\\\/wp-content\\\/uploads\\\/2021\\\/05\\\/19-05-Blog.png\",\"datePublished\":\"2021-05-19T20:38:06+00:00\",\"breadcrumb\":{\"@id\":\"https:\\\/\\\/www.34.239.117.254.sslip.io\\\/?p=1158#breadcrumb\"},\"inLanguage\":\"pt-BR\",\"potentialAction\":[{\"@type\":\"ReadAction\",\"target\":[\"https:\\\/\\\/www.34.239.117.254.sslip.io\\\/?p=1158\"]}]},{\"@type\":\"ImageObject\",\"inLanguage\":\"pt-BR\",\"@id\":\"https:\\\/\\\/www.34.239.117.254.sslip.io\\\/?p=1158#primaryimage\",\"url\":\"https:\\\/\\\/www.ayadvogados.com.br\\\/wp-content\\\/uploads\\\/2021\\\/05\\\/19-05-Blog.png\",\"contentUrl\":\"https:\\\/\\\/www.ayadvogados.com.br\\\/wp-content\\\/uploads\\\/2021\\\/05\\\/19-05-Blog.png\",\"width\":1000,\"height\":620},{\"@type\":\"BreadcrumbList\",\"@id\":\"https:\\\/\\\/www.34.239.117.254.sslip.io\\\/?p=1158#breadcrumb\",\"itemListElement\":[{\"@type\":\"ListItem\",\"position\":1,\"name\":\"In\u00edcio\",\"item\":\"https:\\\/\\\/www.34.239.117.254.sslip.io\\\/\"},{\"@type\":\"ListItem\",\"position\":2,\"name\":\"Gastos com fundo de promo\u00e7\u00e3o geram cr\u00e9ditos de PIS e Cofins\"}]},{\"@type\":\"WebSite\",\"@id\":\"https:\\\/\\\/www.34.239.117.254.sslip.io\\\/#website\",\"url\":\"https:\\\/\\\/www.34.239.117.254.sslip.io\\\/\",\"name\":\"Amaral, Yazbek Advogados\",\"description\":\"Curitiba \u2022 Bras\u00edlia \u2022 S\u00e3o Paulo\",\"publisher\":{\"@id\":\"https:\\\/\\\/www.34.239.117.254.sslip.io\\\/#organization\"},\"potentialAction\":[{\"@type\":\"SearchAction\",\"target\":{\"@type\":\"EntryPoint\",\"urlTemplate\":\"https:\\\/\\\/www.34.239.117.254.sslip.io\\\/?s={search_term_string}\"},\"query-input\":{\"@type\":\"PropertyValueSpecification\",\"valueRequired\":true,\"valueName\":\"search_term_string\"}}],\"inLanguage\":\"pt-BR\"},{\"@type\":\"Organization\",\"@id\":\"https:\\\/\\\/www.34.239.117.254.sslip.io\\\/#organization\",\"name\":\"Amaral, Yazbek Advogados\",\"url\":\"https:\\\/\\\/www.34.239.117.254.sslip.io\\\/\",\"logo\":{\"@type\":\"ImageObject\",\"inLanguage\":\"pt-BR\",\"@id\":\"https:\\\/\\\/www.34.239.117.254.sslip.io\\\/#\\\/schema\\\/logo\\\/image\\\/\",\"url\":\"http:\\\/\\\/34.239.117.254\\\/wp-content\\\/uploads\\\/2021\\\/03\\\/logo-ay-g.png\",\"contentUrl\":\"http:\\\/\\\/34.239.117.254\\\/wp-content\\\/uploads\\\/2021\\\/03\\\/logo-ay-g.png\",\"width\":434,\"height\":106,\"caption\":\"Amaral, Yazbek Advogados\"},\"image\":{\"@id\":\"https:\\\/\\\/www.34.239.117.254.sslip.io\\\/#\\\/schema\\\/logo\\\/image\\\/\"},\"sameAs\":[\"https:\\\/\\\/www.facebook.com\\\/AYadvogados\",\"https:\\\/\\\/www.instagram.com\\\/ayadvogados\\\/\"]},{\"@type\":\"Person\",\"@id\":\"https:\\\/\\\/www.34.239.117.254.sslip.io\\\/#\\\/schema\\\/person\\\/4abfbf03ad3e577e691d333af064a912\",\"name\":\"AY Advogados\",\"image\":{\"@type\":\"ImageObject\",\"inLanguage\":\"pt-BR\",\"@id\":\"https:\\\/\\\/secure.gravatar.com\\\/avatar\\\/1473912b851241f5503026e6156e144dcd83ff7addb67f65e1ed9ca21ee1d9cf?s=96&d=mm&r=g\",\"url\":\"https:\\\/\\\/secure.gravatar.com\\\/avatar\\\/1473912b851241f5503026e6156e144dcd83ff7addb67f65e1ed9ca21ee1d9cf?s=96&d=mm&r=g\",\"contentUrl\":\"https:\\\/\\\/secure.gravatar.com\\\/avatar\\\/1473912b851241f5503026e6156e144dcd83ff7addb67f65e1ed9ca21ee1d9cf?s=96&d=mm&r=g\",\"caption\":\"AY Advogados\"},\"sameAs\":[\"https:\\\/\\\/ayadvogados.com.br\"],\"url\":\"https:\\\/\\\/www.ayadvogados.com.br\\\/?author=2\"}]}<\/script>\n<!-- \/ Yoast SEO plugin. -->","yoast_head_json":{"title":"Gastos com fundo de promo\u00e7\u00e3o geram cr\u00e9ditos de PIS e Cofins - Amaral, Yazbek Advogados","robots":{"index":"index","follow":"follow","max-snippet":"max-snippet:-1","max-image-preview":"max-image-preview:large","max-video-preview":"max-video-preview:-1"},"canonical":"https:\/\/www.34.239.117.254.sslip.io\/?p=1158","og_locale":"pt_BR","og_type":"article","og_title":"Gastos com fundo de promo\u00e7\u00e3o geram cr\u00e9ditos de PIS e Cofins - Amaral, Yazbek Advogados","og_description":"Os lojistas de shopping centers, que enfrentam grave crise financeira causada pela pandemia, t\u00eam conseguido novas decis\u00f5es no Judici\u00e1rio para aliviar a carga tribut\u00e1ria. Uma recente senten\u00e7a da Justi\u00e7a Federal de S\u00e3o Paulo concedeu, para uma rede de lojas de roupas masculinas, o direito a cr\u00e9ditos de PIS e Cofins sobre dep\u00f3sitos em fundo de [&hellip;]","og_url":"https:\/\/www.34.239.117.254.sslip.io\/?p=1158","og_site_name":"Amaral, Yazbek Advogados","article_publisher":"https:\/\/www.facebook.com\/AYadvogados","article_published_time":"2021-05-19T20:38:06+00:00","og_image":[{"width":1000,"height":620,"url":"https:\/\/www.34.239.117.254.sslip.io\/wp-content\/uploads\/2021\/05\/19-05-Blog.png","type":"image\/png"}],"author":"AY Advogados","twitter_card":"summary_large_image","twitter_misc":{"Escrito por":"AY Advogados","Est. tempo de leitura":"4 minutos"},"schema":{"@context":"https:\/\/schema.org","@graph":[{"@type":"Article","@id":"https:\/\/www.34.239.117.254.sslip.io\/?p=1158#article","isPartOf":{"@id":"https:\/\/www.34.239.117.254.sslip.io\/?p=1158"},"author":{"name":"AY Advogados","@id":"https:\/\/www.34.239.117.254.sslip.io\/#\/schema\/person\/4abfbf03ad3e577e691d333af064a912"},"headline":"Gastos com fundo de promo\u00e7\u00e3o geram cr\u00e9ditos de PIS e Cofins","datePublished":"2021-05-19T20:38:06+00:00","mainEntityOfPage":{"@id":"https:\/\/www.34.239.117.254.sslip.io\/?p=1158"},"wordCount":729,"commentCount":0,"publisher":{"@id":"https:\/\/www.34.239.117.254.sslip.io\/#organization"},"image":{"@id":"https:\/\/www.34.239.117.254.sslip.io\/?p=1158#primaryimage"},"thumbnailUrl":"https:\/\/www.ayadvogados.com.br\/wp-content\/uploads\/2021\/05\/19-05-Blog.png","articleSection":["Not\u00edcia do Dia"],"inLanguage":"pt-BR","potentialAction":[{"@type":"CommentAction","name":"Comment","target":["https:\/\/www.34.239.117.254.sslip.io\/?p=1158#respond"]}]},{"@type":"WebPage","@id":"https:\/\/www.34.239.117.254.sslip.io\/?p=1158","url":"https:\/\/www.34.239.117.254.sslip.io\/?p=1158","name":"Gastos com fundo de promo\u00e7\u00e3o geram cr\u00e9ditos de PIS e Cofins - Amaral, Yazbek Advogados","isPartOf":{"@id":"https:\/\/www.34.239.117.254.sslip.io\/#website"},"primaryImageOfPage":{"@id":"https:\/\/www.34.239.117.254.sslip.io\/?p=1158#primaryimage"},"image":{"@id":"https:\/\/www.34.239.117.254.sslip.io\/?p=1158#primaryimage"},"thumbnailUrl":"https:\/\/www.ayadvogados.com.br\/wp-content\/uploads\/2021\/05\/19-05-Blog.png","datePublished":"2021-05-19T20:38:06+00:00","breadcrumb":{"@id":"https:\/\/www.34.239.117.254.sslip.io\/?p=1158#breadcrumb"},"inLanguage":"pt-BR","potentialAction":[{"@type":"ReadAction","target":["https:\/\/www.34.239.117.254.sslip.io\/?p=1158"]}]},{"@type":"ImageObject","inLanguage":"pt-BR","@id":"https:\/\/www.34.239.117.254.sslip.io\/?p=1158#primaryimage","url":"https:\/\/www.ayadvogados.com.br\/wp-content\/uploads\/2021\/05\/19-05-Blog.png","contentUrl":"https:\/\/www.ayadvogados.com.br\/wp-content\/uploads\/2021\/05\/19-05-Blog.png","width":1000,"height":620},{"@type":"BreadcrumbList","@id":"https:\/\/www.34.239.117.254.sslip.io\/?p=1158#breadcrumb","itemListElement":[{"@type":"ListItem","position":1,"name":"In\u00edcio","item":"https:\/\/www.34.239.117.254.sslip.io\/"},{"@type":"ListItem","position":2,"name":"Gastos com fundo de promo\u00e7\u00e3o geram cr\u00e9ditos de PIS e Cofins"}]},{"@type":"WebSite","@id":"https:\/\/www.34.239.117.254.sslip.io\/#website","url":"https:\/\/www.34.239.117.254.sslip.io\/","name":"Amaral, Yazbek Advogados","description":"Curitiba \u2022 Bras\u00edlia \u2022 S\u00e3o Paulo","publisher":{"@id":"https:\/\/www.34.239.117.254.sslip.io\/#organization"},"potentialAction":[{"@type":"SearchAction","target":{"@type":"EntryPoint","urlTemplate":"https:\/\/www.34.239.117.254.sslip.io\/?s={search_term_string}"},"query-input":{"@type":"PropertyValueSpecification","valueRequired":true,"valueName":"search_term_string"}}],"inLanguage":"pt-BR"},{"@type":"Organization","@id":"https:\/\/www.34.239.117.254.sslip.io\/#organization","name":"Amaral, Yazbek Advogados","url":"https:\/\/www.34.239.117.254.sslip.io\/","logo":{"@type":"ImageObject","inLanguage":"pt-BR","@id":"https:\/\/www.34.239.117.254.sslip.io\/#\/schema\/logo\/image\/","url":"http:\/\/34.239.117.254\/wp-content\/uploads\/2021\/03\/logo-ay-g.png","contentUrl":"http:\/\/34.239.117.254\/wp-content\/uploads\/2021\/03\/logo-ay-g.png","width":434,"height":106,"caption":"Amaral, Yazbek Advogados"},"image":{"@id":"https:\/\/www.34.239.117.254.sslip.io\/#\/schema\/logo\/image\/"},"sameAs":["https:\/\/www.facebook.com\/AYadvogados","https:\/\/www.instagram.com\/ayadvogados\/"]},{"@type":"Person","@id":"https:\/\/www.34.239.117.254.sslip.io\/#\/schema\/person\/4abfbf03ad3e577e691d333af064a912","name":"AY Advogados","image":{"@type":"ImageObject","inLanguage":"pt-BR","@id":"https:\/\/secure.gravatar.com\/avatar\/1473912b851241f5503026e6156e144dcd83ff7addb67f65e1ed9ca21ee1d9cf?s=96&d=mm&r=g","url":"https:\/\/secure.gravatar.com\/avatar\/1473912b851241f5503026e6156e144dcd83ff7addb67f65e1ed9ca21ee1d9cf?s=96&d=mm&r=g","contentUrl":"https:\/\/secure.gravatar.com\/avatar\/1473912b851241f5503026e6156e144dcd83ff7addb67f65e1ed9ca21ee1d9cf?s=96&d=mm&r=g","caption":"AY Advogados"},"sameAs":["https:\/\/ayadvogados.com.br"],"url":"https:\/\/www.ayadvogados.com.br\/?author=2"}]}},"rttpg_featured_image_url":{"full":["https:\/\/www.ayadvogados.com.br\/wp-content\/uploads\/2021\/05\/19-05-Blog.png",1000,620,false],"landscape":["https:\/\/www.ayadvogados.com.br\/wp-content\/uploads\/2021\/05\/19-05-Blog.png",1000,620,false],"portraits":["https:\/\/www.ayadvogados.com.br\/wp-content\/uploads\/2021\/05\/19-05-Blog.png",1000,620,false],"thumbnail":["https:\/\/www.ayadvogados.com.br\/wp-content\/uploads\/2021\/05\/19-05-Blog-150x150.png",150,150,true],"medium":["https:\/\/www.ayadvogados.com.br\/wp-content\/uploads\/2021\/05\/19-05-Blog-300x186.png",300,186,true],"large":["https:\/\/www.ayadvogados.com.br\/wp-content\/uploads\/2021\/05\/19-05-Blog.png",1000,620,false],"1536x1536":["https:\/\/www.ayadvogados.com.br\/wp-content\/uploads\/2021\/05\/19-05-Blog.png",1000,620,false],"2048x2048":["https:\/\/www.ayadvogados.com.br\/wp-content\/uploads\/2021\/05\/19-05-Blog.png",1000,620,false]},"rttpg_author":{"display_name":"AY Advogados","author_link":"https:\/\/www.ayadvogados.com.br\/?author=2"},"rttpg_comment":0,"rttpg_category":"<a href=\"https:\/\/www.ayadvogados.com.br\/?cat=1\" rel=\"category\">Not\u00edcia do Dia<\/a>","rttpg_excerpt":"Os lojistas de shopping centers, que enfrentam grave crise financeira causada pela pandemia, t\u00eam conseguido novas decis\u00f5es no Judici\u00e1rio para aliviar a carga tribut\u00e1ria. Uma recente senten\u00e7a da Justi\u00e7a Federal de S\u00e3o Paulo concedeu, para uma rede de lojas de roupas masculinas, o direito a cr\u00e9ditos de PIS e Cofins sobre dep\u00f3sitos em fundo de&hellip;","_links":{"self":[{"href":"https:\/\/www.ayadvogados.com.br\/index.php?rest_route=\/wp\/v2\/posts\/1158","targetHints":{"allow":["GET"]}}],"collection":[{"href":"https:\/\/www.ayadvogados.com.br\/index.php?rest_route=\/wp\/v2\/posts"}],"about":[{"href":"https:\/\/www.ayadvogados.com.br\/index.php?rest_route=\/wp\/v2\/types\/post"}],"author":[{"embeddable":true,"href":"https:\/\/www.ayadvogados.com.br\/index.php?rest_route=\/wp\/v2\/users\/2"}],"replies":[{"embeddable":true,"href":"https:\/\/www.ayadvogados.com.br\/index.php?rest_route=%2Fwp%2Fv2%2Fcomments&post=1158"}],"version-history":[{"count":1,"href":"https:\/\/www.ayadvogados.com.br\/index.php?rest_route=\/wp\/v2\/posts\/1158\/revisions"}],"predecessor-version":[{"id":1160,"href":"https:\/\/www.ayadvogados.com.br\/index.php?rest_route=\/wp\/v2\/posts\/1158\/revisions\/1160"}],"wp:featuredmedia":[{"embeddable":true,"href":"https:\/\/www.ayadvogados.com.br\/index.php?rest_route=\/wp\/v2\/media\/1159"}],"wp:attachment":[{"href":"https:\/\/www.ayadvogados.com.br\/index.php?rest_route=%2Fwp%2Fv2%2Fmedia&parent=1158"}],"wp:term":[{"taxonomy":"category","embeddable":true,"href":"https:\/\/www.ayadvogados.com.br\/index.php?rest_route=%2Fwp%2Fv2%2Fcategories&post=1158"},{"taxonomy":"post_tag","embeddable":true,"href":"https:\/\/www.ayadvogados.com.br\/index.php?rest_route=%2Fwp%2Fv2%2Ftags&post=1158"}],"curies":[{"name":"wp","href":"https:\/\/api.w.org\/{rel}","templated":true}]}}