{"id":1152,"date":"2021-05-17T15:36:36","date_gmt":"2021-05-17T18:36:36","guid":{"rendered":"http:\/\/34.239.117.254\/?p=1152"},"modified":"2021-05-17T15:36:36","modified_gmt":"2021-05-17T18:36:36","slug":"decisao-do-stf-sobre-a-tese-do-seculo-tambem-impacta-processos-administrativos","status":"publish","type":"post","link":"https:\/\/www.ayadvogados.com.br\/?p=1152","title":{"rendered":"Decis\u00e3o do STF sobre a \u201ctese do s\u00e9culo\u201d tamb\u00e9m impacta processos administrativos"},"content":{"rendered":"\n<p>A decis\u00e3o do Supremo Tribunal Federal (<strong>STF<\/strong>) que confirmou a <strong>exclus\u00e3o do ICMS da base de c\u00e1lculo do PIS e da Cofins<\/strong> tamb\u00e9m vale para os <strong>processos administrativos<\/strong> \u2014 n\u00e3o somente os judiciais \u2014 propostos antes de 15 de mar\u00e7o de 2017. Assim, aquelas empresas que compensaram cr\u00e9ditos dessas contribui\u00e7\u00f5es retirando da conta o imposto estadual destacado na nota fiscal, sem uma decis\u00e3o judicial, tamb\u00e9m ficam garantidas.<\/p>\n\n\n\n<p>Especialistas em tributos chegaram a esta conclus\u00e3o porque come\u00e7ou a circular entre advogados a \u00edntegra do voto da relatora deste processo, a ministra C\u00e1rmen L\u00facia. Seu entendimento foi seguido pela maioria dos ministros da Corte.<\/p>\n\n\n\n<p>Na quinta-feira, ao analisar a \u201ctese do s\u00e9culo\u201d, o <a href=\"https:\/\/valor.globo.com\/legislacao\/noticia\/2021\/05\/14\/supremo-finaliza-caso-do-icms-e-garante-bilhoes-de-reais-em-creditos-tributarios.ghtml\">STF decidiu<\/a> que a exclus\u00e3o do ICMS do c\u00e1lculo do PIS e da Cofins vale a partir do dia 15 de mar\u00e7o de 2017. Significa que todos os contribuintes podem se beneficiar da decis\u00e3o desta data em diante. Mas somente aqueles que tinham a\u00e7\u00f5es em curso at\u00e9 o dia 15 ter\u00e3o o direito de receber o que pagaram a mais ao governo em anos anteriores.<\/p>\n\n\n\n<p>Os ministros tamb\u00e9m decidiram que deve ser exclu\u00eddo do c\u00e1lculo o ICMS destacado na nota fiscal \u2014 entendimento que beneficia o contribuinte. A Uni\u00e3o havia pedido aos ministros para que ICMS efetivamente recolhido aos Estados fosse retirado da conta.<\/p>\n\n\n\n<p>No fim do voto, C\u00e1rmen L\u00facia fixa a tese em repercuss\u00e3o geral nos seguintes termos: \u201cO ICMS n\u00e3o comp\u00f5e a base de c\u00e1lculo para fins de incid\u00eancia do PIS e da Cofins, ressalvadas\u201d, acrescenta, ap\u00f3s a tese, \u201cas a\u00e7\u00f5es judiciais e administrativas protocoladas at\u00e9 a data da sess\u00e3o em que proferido o julgamento de m\u00e9rito\u201d.<\/p>\n\n\n\n<p>No julgamento, a ministra havia mencionado esse ponto, mas havia a preocupa\u00e7\u00e3o de advogados se isso estaria formalizado no voto. Se n\u00e3o estivesse, poderia gerar empecilhos na compensa\u00e7\u00e3o de cr\u00e9ditos de PIS\/Cofins para quitar d\u00e9bitos de tributos federais. Segundo o advogado Daniel Lacasa Maya, do Machado Associados, esse ponto agora fica sanado.<\/p>\n\n\n\n<p>H\u00e1 dois tipos de empresas que ainda podem estar discutindo a exclus\u00e3o do ICMS na base de c\u00e1lculo do PIS e da Cofins em processo administrativo, segundo a advogada Christiane Alvarenga, s\u00f3cia na \u00e1rea de tribut\u00e1rio do TozziniFreire. S\u00e3o empresas que foram autuadas por terem, na vis\u00e3o do Fisco, pago menos PIS e Cofins, e aquelas que tiveram decis\u00e3o transitada em julgado neste tema, compensaram os cr\u00e9ditos considerando o ICMS destacado na nota fiscal e o Fisco questionou a compensa\u00e7\u00e3o por entender que deveria ser exclu\u00eddo o ICMS efetivamente pago.<\/p>\n\n\n\n<p>\u201cOs julgadores administrativos devem levar em considera\u00e7\u00e3o o julgado do Supremo ao analisar os processos que discutem a exclus\u00e3o do ICMS da base de c\u00e1lculo do PIS e da Cofins\u201d, diz advogada.<\/p>\n\n\n\n<p>Fonte: <a href=\"https:\/\/valor.globo.com\/brasil\/noticia\/2021\/05\/16\/deciso-do-stf-sobre-a-tese-do-sculo-tambm-impacta-processos-administrativos.ghtml\" data-type=\"URL\" data-id=\"https:\/\/valor.globo.com\/brasil\/noticia\/2021\/05\/16\/deciso-do-stf-sobre-a-tese-do-sculo-tambm-impacta-processos-administrativos.ghtml\" target=\"_blank\" rel=\"noreferrer noopener\">Valor<\/a><\/p>\n\n\n\n<p>A Amaral, Yazbek, OAB\/PR 762, possui 35 anos de experi\u00eancia auxiliando empresas a transformar a tributa\u00e7\u00e3o em lucro. Entre em contato com um dos s\u00f3cios para agendamento de reuni\u00e3o em caso de d\u00favidas.<\/p>\n\n\n\n<p>Contato: 41 3595-8300 ou pelo nosso WhatsApp 41 99567-5696<\/p>\n\n\n\n<p>Av. C\u00e2ndido Hartmann, 50 \u2013 Bigorrilho | Curitiba-PR<\/p>\n\n\n\n<p>Assine nossa Newsletter e fique por dentro das novidades!<\/p>\n\n\n\n<p>Quer receber seu exemplar da revista Governan\u00e7a Jur\u00eddica? Clique <a href=\"http:\/\/ayadvogados.com.br\/revista\">aqui<\/a>&nbsp;e pe\u00e7a a sua.<\/p>\n\n\n\n<p>Nos acompanhe nas redes sociais: <a href=\"https:\/\/www.facebook.com\/amaral.yazbek\">Facebook<\/a>&nbsp;| <a href=\"https:\/\/www.instagram.com\/amaral.yazbek\/\">Instagram<\/a> | <a href=\"https:\/\/www.linkedin.com\/company\/3357082\/admin\/\">Linkedin<\/a><\/p>\n\n\n\n<p>J\u00e1 conhece o canal Direito da Intelig\u00eancia de Neg\u00f3cios? <a href=\"https:\/\/www.youtube.com\/channel\/UCu2Mpu32ht8DEN8OFRXYMyw\">Inscreva-se j\u00e1<\/a><\/p>\n","protected":false},"excerpt":{"rendered":"<p>A decis\u00e3o do Supremo Tribunal Federal (STF) que confirmou a exclus\u00e3o do ICMS da base de c\u00e1lculo do PIS e da Cofins tamb\u00e9m vale para os processos administrativos \u2014 n\u00e3o somente os judiciais \u2014 propostos antes de 15 de mar\u00e7o de 2017. Assim, aquelas empresas que compensaram cr\u00e9ditos dessas contribui\u00e7\u00f5es retirando da conta o imposto [&hellip;]<\/p>\n","protected":false},"author":2,"featured_media":1153,"comment_status":"open","ping_status":"open","sticky":false,"template":"","format":"standard","meta":{"footnotes":""},"categories":[1],"tags":[],"class_list":["post-1152","post","type-post","status-publish","format-standard","has-post-thumbnail","hentry","category-noticia-do-dia"],"blocksy_meta":{"styles_descriptor":{"styles":{"desktop":"","tablet":"","mobile":""},"google_fonts":[],"version":6}},"yoast_head":"<!-- This site is optimized with the Yoast SEO plugin v27.5 - https:\/\/yoast.com\/product\/yoast-seo-wordpress\/ -->\n<title>Decis\u00e3o do STF sobre a \u201ctese do s\u00e9culo\u201d tamb\u00e9m impacta processos administrativos - Amaral, Yazbek Advogados<\/title>\n<meta name=\"robots\" content=\"index, follow, max-snippet:-1, max-image-preview:large, max-video-preview:-1\" \/>\n<link rel=\"canonical\" href=\"https:\/\/www.34.239.117.254.sslip.io\/?p=1152\" \/>\n<meta property=\"og:locale\" content=\"pt_BR\" \/>\n<meta property=\"og:type\" content=\"article\" \/>\n<meta property=\"og:title\" content=\"Decis\u00e3o do STF sobre a \u201ctese do s\u00e9culo\u201d tamb\u00e9m impacta processos administrativos - Amaral, Yazbek Advogados\" \/>\n<meta property=\"og:description\" content=\"A decis\u00e3o do Supremo Tribunal Federal (STF) que confirmou a exclus\u00e3o do ICMS da base de c\u00e1lculo do PIS e da Cofins tamb\u00e9m vale para os processos administrativos \u2014 n\u00e3o somente os judiciais \u2014 propostos antes de 15 de mar\u00e7o de 2017. Assim, aquelas empresas que compensaram cr\u00e9ditos dessas contribui\u00e7\u00f5es retirando da conta o imposto [&hellip;]\" \/>\n<meta property=\"og:url\" content=\"https:\/\/www.34.239.117.254.sslip.io\/?p=1152\" \/>\n<meta property=\"og:site_name\" content=\"Amaral, Yazbek Advogados\" \/>\n<meta property=\"article:publisher\" content=\"https:\/\/www.facebook.com\/AYadvogados\" \/>\n<meta property=\"article:published_time\" content=\"2021-05-17T18:36:36+00:00\" \/>\n<meta property=\"og:image\" content=\"https:\/\/www.34.239.117.254.sslip.io\/wp-content\/uploads\/2021\/05\/17-05-Blog-1.png\" \/>\n\t<meta property=\"og:image:width\" content=\"1000\" \/>\n\t<meta property=\"og:image:height\" content=\"620\" \/>\n\t<meta property=\"og:image:type\" content=\"image\/png\" \/>\n<meta name=\"author\" content=\"AY Advogados\" \/>\n<meta name=\"twitter:card\" content=\"summary_large_image\" \/>\n<meta name=\"twitter:label1\" content=\"Escrito por\" \/>\n\t<meta name=\"twitter:data1\" content=\"AY Advogados\" \/>\n\t<meta name=\"twitter:label2\" content=\"Est. tempo de leitura\" \/>\n\t<meta name=\"twitter:data2\" content=\"3 minutos\" \/>\n<script type=\"application\/ld+json\" class=\"yoast-schema-graph\">{\"@context\":\"https:\\\/\\\/schema.org\",\"@graph\":[{\"@type\":\"Article\",\"@id\":\"https:\\\/\\\/www.34.239.117.254.sslip.io\\\/?p=1152#article\",\"isPartOf\":{\"@id\":\"https:\\\/\\\/www.34.239.117.254.sslip.io\\\/?p=1152\"},\"author\":{\"name\":\"AY Advogados\",\"@id\":\"https:\\\/\\\/www.34.239.117.254.sslip.io\\\/#\\\/schema\\\/person\\\/4abfbf03ad3e577e691d333af064a912\"},\"headline\":\"Decis\u00e3o do STF sobre a \u201ctese do s\u00e9culo\u201d tamb\u00e9m impacta processos administrativos\",\"datePublished\":\"2021-05-17T18:36:36+00:00\",\"mainEntityOfPage\":{\"@id\":\"https:\\\/\\\/www.34.239.117.254.sslip.io\\\/?p=1152\"},\"wordCount\":607,\"commentCount\":0,\"publisher\":{\"@id\":\"https:\\\/\\\/www.34.239.117.254.sslip.io\\\/#organization\"},\"image\":{\"@id\":\"https:\\\/\\\/www.34.239.117.254.sslip.io\\\/?p=1152#primaryimage\"},\"thumbnailUrl\":\"https:\\\/\\\/www.ayadvogados.com.br\\\/wp-content\\\/uploads\\\/2021\\\/05\\\/17-05-Blog-1.png\",\"articleSection\":[\"Not\u00edcia do Dia\"],\"inLanguage\":\"pt-BR\",\"potentialAction\":[{\"@type\":\"CommentAction\",\"name\":\"Comment\",\"target\":[\"https:\\\/\\\/www.34.239.117.254.sslip.io\\\/?p=1152#respond\"]}]},{\"@type\":\"WebPage\",\"@id\":\"https:\\\/\\\/www.34.239.117.254.sslip.io\\\/?p=1152\",\"url\":\"https:\\\/\\\/www.34.239.117.254.sslip.io\\\/?p=1152\",\"name\":\"Decis\u00e3o do STF sobre a \u201ctese do s\u00e9culo\u201d tamb\u00e9m impacta processos administrativos - Amaral, Yazbek Advogados\",\"isPartOf\":{\"@id\":\"https:\\\/\\\/www.34.239.117.254.sslip.io\\\/#website\"},\"primaryImageOfPage\":{\"@id\":\"https:\\\/\\\/www.34.239.117.254.sslip.io\\\/?p=1152#primaryimage\"},\"image\":{\"@id\":\"https:\\\/\\\/www.34.239.117.254.sslip.io\\\/?p=1152#primaryimage\"},\"thumbnailUrl\":\"https:\\\/\\\/www.ayadvogados.com.br\\\/wp-content\\\/uploads\\\/2021\\\/05\\\/17-05-Blog-1.png\",\"datePublished\":\"2021-05-17T18:36:36+00:00\",\"breadcrumb\":{\"@id\":\"https:\\\/\\\/www.34.239.117.254.sslip.io\\\/?p=1152#breadcrumb\"},\"inLanguage\":\"pt-BR\",\"potentialAction\":[{\"@type\":\"ReadAction\",\"target\":[\"https:\\\/\\\/www.34.239.117.254.sslip.io\\\/?p=1152\"]}]},{\"@type\":\"ImageObject\",\"inLanguage\":\"pt-BR\",\"@id\":\"https:\\\/\\\/www.34.239.117.254.sslip.io\\\/?p=1152#primaryimage\",\"url\":\"https:\\\/\\\/www.ayadvogados.com.br\\\/wp-content\\\/uploads\\\/2021\\\/05\\\/17-05-Blog-1.png\",\"contentUrl\":\"https:\\\/\\\/www.ayadvogados.com.br\\\/wp-content\\\/uploads\\\/2021\\\/05\\\/17-05-Blog-1.png\",\"width\":1000,\"height\":620},{\"@type\":\"BreadcrumbList\",\"@id\":\"https:\\\/\\\/www.34.239.117.254.sslip.io\\\/?p=1152#breadcrumb\",\"itemListElement\":[{\"@type\":\"ListItem\",\"position\":1,\"name\":\"In\u00edcio\",\"item\":\"https:\\\/\\\/www.34.239.117.254.sslip.io\\\/\"},{\"@type\":\"ListItem\",\"position\":2,\"name\":\"Decis\u00e3o do STF sobre a \u201ctese do s\u00e9culo\u201d tamb\u00e9m impacta processos administrativos\"}]},{\"@type\":\"WebSite\",\"@id\":\"https:\\\/\\\/www.34.239.117.254.sslip.io\\\/#website\",\"url\":\"https:\\\/\\\/www.34.239.117.254.sslip.io\\\/\",\"name\":\"Amaral, Yazbek Advogados\",\"description\":\"Curitiba \u2022 Bras\u00edlia \u2022 S\u00e3o Paulo\",\"publisher\":{\"@id\":\"https:\\\/\\\/www.34.239.117.254.sslip.io\\\/#organization\"},\"potentialAction\":[{\"@type\":\"SearchAction\",\"target\":{\"@type\":\"EntryPoint\",\"urlTemplate\":\"https:\\\/\\\/www.34.239.117.254.sslip.io\\\/?s={search_term_string}\"},\"query-input\":{\"@type\":\"PropertyValueSpecification\",\"valueRequired\":true,\"valueName\":\"search_term_string\"}}],\"inLanguage\":\"pt-BR\"},{\"@type\":\"Organization\",\"@id\":\"https:\\\/\\\/www.34.239.117.254.sslip.io\\\/#organization\",\"name\":\"Amaral, Yazbek Advogados\",\"url\":\"https:\\\/\\\/www.34.239.117.254.sslip.io\\\/\",\"logo\":{\"@type\":\"ImageObject\",\"inLanguage\":\"pt-BR\",\"@id\":\"https:\\\/\\\/www.34.239.117.254.sslip.io\\\/#\\\/schema\\\/logo\\\/image\\\/\",\"url\":\"http:\\\/\\\/34.239.117.254\\\/wp-content\\\/uploads\\\/2021\\\/03\\\/logo-ay-g.png\",\"contentUrl\":\"http:\\\/\\\/34.239.117.254\\\/wp-content\\\/uploads\\\/2021\\\/03\\\/logo-ay-g.png\",\"width\":434,\"height\":106,\"caption\":\"Amaral, Yazbek Advogados\"},\"image\":{\"@id\":\"https:\\\/\\\/www.34.239.117.254.sslip.io\\\/#\\\/schema\\\/logo\\\/image\\\/\"},\"sameAs\":[\"https:\\\/\\\/www.facebook.com\\\/AYadvogados\",\"https:\\\/\\\/www.instagram.com\\\/ayadvogados\\\/\"]},{\"@type\":\"Person\",\"@id\":\"https:\\\/\\\/www.34.239.117.254.sslip.io\\\/#\\\/schema\\\/person\\\/4abfbf03ad3e577e691d333af064a912\",\"name\":\"AY Advogados\",\"image\":{\"@type\":\"ImageObject\",\"inLanguage\":\"pt-BR\",\"@id\":\"https:\\\/\\\/secure.gravatar.com\\\/avatar\\\/1473912b851241f5503026e6156e144dcd83ff7addb67f65e1ed9ca21ee1d9cf?s=96&d=mm&r=g\",\"url\":\"https:\\\/\\\/secure.gravatar.com\\\/avatar\\\/1473912b851241f5503026e6156e144dcd83ff7addb67f65e1ed9ca21ee1d9cf?s=96&d=mm&r=g\",\"contentUrl\":\"https:\\\/\\\/secure.gravatar.com\\\/avatar\\\/1473912b851241f5503026e6156e144dcd83ff7addb67f65e1ed9ca21ee1d9cf?s=96&d=mm&r=g\",\"caption\":\"AY Advogados\"},\"sameAs\":[\"https:\\\/\\\/ayadvogados.com.br\"],\"url\":\"https:\\\/\\\/www.ayadvogados.com.br\\\/?author=2\"}]}<\/script>\n<!-- \/ Yoast SEO plugin. -->","yoast_head_json":{"title":"Decis\u00e3o do STF sobre a \u201ctese do s\u00e9culo\u201d tamb\u00e9m impacta processos administrativos - Amaral, Yazbek Advogados","robots":{"index":"index","follow":"follow","max-snippet":"max-snippet:-1","max-image-preview":"max-image-preview:large","max-video-preview":"max-video-preview:-1"},"canonical":"https:\/\/www.34.239.117.254.sslip.io\/?p=1152","og_locale":"pt_BR","og_type":"article","og_title":"Decis\u00e3o do STF sobre a \u201ctese do s\u00e9culo\u201d tamb\u00e9m impacta processos administrativos - Amaral, Yazbek Advogados","og_description":"A decis\u00e3o do Supremo Tribunal Federal (STF) que confirmou a exclus\u00e3o do ICMS da base de c\u00e1lculo do PIS e da Cofins tamb\u00e9m vale para os processos administrativos \u2014 n\u00e3o somente os judiciais \u2014 propostos antes de 15 de mar\u00e7o de 2017. Assim, aquelas empresas que compensaram cr\u00e9ditos dessas contribui\u00e7\u00f5es retirando da conta o imposto [&hellip;]","og_url":"https:\/\/www.34.239.117.254.sslip.io\/?p=1152","og_site_name":"Amaral, Yazbek Advogados","article_publisher":"https:\/\/www.facebook.com\/AYadvogados","article_published_time":"2021-05-17T18:36:36+00:00","og_image":[{"width":1000,"height":620,"url":"https:\/\/www.34.239.117.254.sslip.io\/wp-content\/uploads\/2021\/05\/17-05-Blog-1.png","type":"image\/png"}],"author":"AY Advogados","twitter_card":"summary_large_image","twitter_misc":{"Escrito por":"AY Advogados","Est. tempo de leitura":"3 minutos"},"schema":{"@context":"https:\/\/schema.org","@graph":[{"@type":"Article","@id":"https:\/\/www.34.239.117.254.sslip.io\/?p=1152#article","isPartOf":{"@id":"https:\/\/www.34.239.117.254.sslip.io\/?p=1152"},"author":{"name":"AY Advogados","@id":"https:\/\/www.34.239.117.254.sslip.io\/#\/schema\/person\/4abfbf03ad3e577e691d333af064a912"},"headline":"Decis\u00e3o do STF sobre a \u201ctese do s\u00e9culo\u201d tamb\u00e9m impacta processos administrativos","datePublished":"2021-05-17T18:36:36+00:00","mainEntityOfPage":{"@id":"https:\/\/www.34.239.117.254.sslip.io\/?p=1152"},"wordCount":607,"commentCount":0,"publisher":{"@id":"https:\/\/www.34.239.117.254.sslip.io\/#organization"},"image":{"@id":"https:\/\/www.34.239.117.254.sslip.io\/?p=1152#primaryimage"},"thumbnailUrl":"https:\/\/www.ayadvogados.com.br\/wp-content\/uploads\/2021\/05\/17-05-Blog-1.png","articleSection":["Not\u00edcia do Dia"],"inLanguage":"pt-BR","potentialAction":[{"@type":"CommentAction","name":"Comment","target":["https:\/\/www.34.239.117.254.sslip.io\/?p=1152#respond"]}]},{"@type":"WebPage","@id":"https:\/\/www.34.239.117.254.sslip.io\/?p=1152","url":"https:\/\/www.34.239.117.254.sslip.io\/?p=1152","name":"Decis\u00e3o do STF sobre a \u201ctese do s\u00e9culo\u201d tamb\u00e9m impacta processos administrativos - Amaral, Yazbek Advogados","isPartOf":{"@id":"https:\/\/www.34.239.117.254.sslip.io\/#website"},"primaryImageOfPage":{"@id":"https:\/\/www.34.239.117.254.sslip.io\/?p=1152#primaryimage"},"image":{"@id":"https:\/\/www.34.239.117.254.sslip.io\/?p=1152#primaryimage"},"thumbnailUrl":"https:\/\/www.ayadvogados.com.br\/wp-content\/uploads\/2021\/05\/17-05-Blog-1.png","datePublished":"2021-05-17T18:36:36+00:00","breadcrumb":{"@id":"https:\/\/www.34.239.117.254.sslip.io\/?p=1152#breadcrumb"},"inLanguage":"pt-BR","potentialAction":[{"@type":"ReadAction","target":["https:\/\/www.34.239.117.254.sslip.io\/?p=1152"]}]},{"@type":"ImageObject","inLanguage":"pt-BR","@id":"https:\/\/www.34.239.117.254.sslip.io\/?p=1152#primaryimage","url":"https:\/\/www.ayadvogados.com.br\/wp-content\/uploads\/2021\/05\/17-05-Blog-1.png","contentUrl":"https:\/\/www.ayadvogados.com.br\/wp-content\/uploads\/2021\/05\/17-05-Blog-1.png","width":1000,"height":620},{"@type":"BreadcrumbList","@id":"https:\/\/www.34.239.117.254.sslip.io\/?p=1152#breadcrumb","itemListElement":[{"@type":"ListItem","position":1,"name":"In\u00edcio","item":"https:\/\/www.34.239.117.254.sslip.io\/"},{"@type":"ListItem","position":2,"name":"Decis\u00e3o do STF sobre a \u201ctese do s\u00e9culo\u201d tamb\u00e9m impacta processos administrativos"}]},{"@type":"WebSite","@id":"https:\/\/www.34.239.117.254.sslip.io\/#website","url":"https:\/\/www.34.239.117.254.sslip.io\/","name":"Amaral, Yazbek Advogados","description":"Curitiba \u2022 Bras\u00edlia \u2022 S\u00e3o Paulo","publisher":{"@id":"https:\/\/www.34.239.117.254.sslip.io\/#organization"},"potentialAction":[{"@type":"SearchAction","target":{"@type":"EntryPoint","urlTemplate":"https:\/\/www.34.239.117.254.sslip.io\/?s={search_term_string}"},"query-input":{"@type":"PropertyValueSpecification","valueRequired":true,"valueName":"search_term_string"}}],"inLanguage":"pt-BR"},{"@type":"Organization","@id":"https:\/\/www.34.239.117.254.sslip.io\/#organization","name":"Amaral, Yazbek Advogados","url":"https:\/\/www.34.239.117.254.sslip.io\/","logo":{"@type":"ImageObject","inLanguage":"pt-BR","@id":"https:\/\/www.34.239.117.254.sslip.io\/#\/schema\/logo\/image\/","url":"http:\/\/34.239.117.254\/wp-content\/uploads\/2021\/03\/logo-ay-g.png","contentUrl":"http:\/\/34.239.117.254\/wp-content\/uploads\/2021\/03\/logo-ay-g.png","width":434,"height":106,"caption":"Amaral, Yazbek Advogados"},"image":{"@id":"https:\/\/www.34.239.117.254.sslip.io\/#\/schema\/logo\/image\/"},"sameAs":["https:\/\/www.facebook.com\/AYadvogados","https:\/\/www.instagram.com\/ayadvogados\/"]},{"@type":"Person","@id":"https:\/\/www.34.239.117.254.sslip.io\/#\/schema\/person\/4abfbf03ad3e577e691d333af064a912","name":"AY Advogados","image":{"@type":"ImageObject","inLanguage":"pt-BR","@id":"https:\/\/secure.gravatar.com\/avatar\/1473912b851241f5503026e6156e144dcd83ff7addb67f65e1ed9ca21ee1d9cf?s=96&d=mm&r=g","url":"https:\/\/secure.gravatar.com\/avatar\/1473912b851241f5503026e6156e144dcd83ff7addb67f65e1ed9ca21ee1d9cf?s=96&d=mm&r=g","contentUrl":"https:\/\/secure.gravatar.com\/avatar\/1473912b851241f5503026e6156e144dcd83ff7addb67f65e1ed9ca21ee1d9cf?s=96&d=mm&r=g","caption":"AY Advogados"},"sameAs":["https:\/\/ayadvogados.com.br"],"url":"https:\/\/www.ayadvogados.com.br\/?author=2"}]}},"rttpg_featured_image_url":{"full":["https:\/\/www.ayadvogados.com.br\/wp-content\/uploads\/2021\/05\/17-05-Blog-1.png",1000,620,false],"landscape":["https:\/\/www.ayadvogados.com.br\/wp-content\/uploads\/2021\/05\/17-05-Blog-1.png",1000,620,false],"portraits":["https:\/\/www.ayadvogados.com.br\/wp-content\/uploads\/2021\/05\/17-05-Blog-1.png",1000,620,false],"thumbnail":["https:\/\/www.ayadvogados.com.br\/wp-content\/uploads\/2021\/05\/17-05-Blog-1-150x150.png",150,150,true],"medium":["https:\/\/www.ayadvogados.com.br\/wp-content\/uploads\/2021\/05\/17-05-Blog-1-300x186.png",300,186,true],"large":["https:\/\/www.ayadvogados.com.br\/wp-content\/uploads\/2021\/05\/17-05-Blog-1.png",1000,620,false],"1536x1536":["https:\/\/www.ayadvogados.com.br\/wp-content\/uploads\/2021\/05\/17-05-Blog-1.png",1000,620,false],"2048x2048":["https:\/\/www.ayadvogados.com.br\/wp-content\/uploads\/2021\/05\/17-05-Blog-1.png",1000,620,false]},"rttpg_author":{"display_name":"AY Advogados","author_link":"https:\/\/www.ayadvogados.com.br\/?author=2"},"rttpg_comment":0,"rttpg_category":"<a href=\"https:\/\/www.ayadvogados.com.br\/?cat=1\" rel=\"category\">Not\u00edcia do Dia<\/a>","rttpg_excerpt":"A decis\u00e3o do Supremo Tribunal Federal (STF) que confirmou a exclus\u00e3o do ICMS da base de c\u00e1lculo do PIS e da Cofins tamb\u00e9m vale para os processos administrativos \u2014 n\u00e3o somente os judiciais \u2014 propostos antes de 15 de mar\u00e7o de 2017. Assim, aquelas empresas que compensaram cr\u00e9ditos dessas contribui\u00e7\u00f5es retirando da conta o imposto&hellip;","_links":{"self":[{"href":"https:\/\/www.ayadvogados.com.br\/index.php?rest_route=\/wp\/v2\/posts\/1152","targetHints":{"allow":["GET"]}}],"collection":[{"href":"https:\/\/www.ayadvogados.com.br\/index.php?rest_route=\/wp\/v2\/posts"}],"about":[{"href":"https:\/\/www.ayadvogados.com.br\/index.php?rest_route=\/wp\/v2\/types\/post"}],"author":[{"embeddable":true,"href":"https:\/\/www.ayadvogados.com.br\/index.php?rest_route=\/wp\/v2\/users\/2"}],"replies":[{"embeddable":true,"href":"https:\/\/www.ayadvogados.com.br\/index.php?rest_route=%2Fwp%2Fv2%2Fcomments&post=1152"}],"version-history":[{"count":1,"href":"https:\/\/www.ayadvogados.com.br\/index.php?rest_route=\/wp\/v2\/posts\/1152\/revisions"}],"predecessor-version":[{"id":1154,"href":"https:\/\/www.ayadvogados.com.br\/index.php?rest_route=\/wp\/v2\/posts\/1152\/revisions\/1154"}],"wp:featuredmedia":[{"embeddable":true,"href":"https:\/\/www.ayadvogados.com.br\/index.php?rest_route=\/wp\/v2\/media\/1153"}],"wp:attachment":[{"href":"https:\/\/www.ayadvogados.com.br\/index.php?rest_route=%2Fwp%2Fv2%2Fmedia&parent=1152"}],"wp:term":[{"taxonomy":"category","embeddable":true,"href":"https:\/\/www.ayadvogados.com.br\/index.php?rest_route=%2Fwp%2Fv2%2Fcategories&post=1152"},{"taxonomy":"post_tag","embeddable":true,"href":"https:\/\/www.ayadvogados.com.br\/index.php?rest_route=%2Fwp%2Fv2%2Ftags&post=1152"}],"curies":[{"name":"wp","href":"https:\/\/api.w.org\/{rel}","templated":true}]}}