{"id":1141,"date":"2021-05-12T17:33:40","date_gmt":"2021-05-12T20:33:40","guid":{"rendered":"http:\/\/34.239.117.254\/?p=1141"},"modified":"2021-05-12T17:33:40","modified_gmt":"2021-05-12T20:33:40","slug":"stj-mantem-ir-sobre-correcao-de-aplicacao","status":"publish","type":"post","link":"https:\/\/www.ayadvogados.com.br\/?p=1141","title":{"rendered":"STJ mant\u00e9m IR sobre corre\u00e7\u00e3o de aplica\u00e7\u00e3o"},"content":{"rendered":"\n<p>O Superior Tribunal de Justi\u00e7a (STJ) acabou, ontem, com a esperan\u00e7a de investidores em reduzir a tributa\u00e7\u00e3o sobre os ganhos decorrentes de aplica\u00e7\u00f5es financeiras. Os ministros da 1\u00aa Turma decidiriam manter o posicionamento que permite ao governo cobrar Imposto de Renda e CSLL sobre a parcela correspondente \u00e0 corre\u00e7\u00e3o monet\u00e1ria.<\/p>\n\n\n\n<p>Havia muita expectativa por parte de contribuintes em rela\u00e7\u00e3o a esse julgamento. A discuss\u00e3o teve in\u00edcio no ano passado e o placar parcial, at\u00e9 a sess\u00e3o de ontem, era contr\u00e1rio \u00e0 cobran\u00e7a.<\/p>\n\n\n\n<p>Se os ministros tivessem decidido de forma diferente, como se desenhava, haveria uma mudan\u00e7a na jurisprud\u00eancia do STJ e o contribuinte teria f\u00f4lego para levar essa discuss\u00e3o adiante. Agora, com mais um resultado contr\u00e1rio, as chances de emplacar a tese s\u00e3o praticamente nulas.<\/p>\n\n\n\n<p>Assim como a 1\u00aa Turma, a 2\u00aa, que tamb\u00e9m julga as quest\u00f5es de direito p\u00fablico, tem entendimento para permitir a tributa\u00e7\u00e3o. E a palavra final sobre esse assunto \u00e9 do STJ. O Supremo Tribunal Federal (STF) j\u00e1 decidiu que a mat\u00e9ria \u00e9 infraconstitucional (tema 1018).<\/p>\n\n\n\n<p>O caso julgado pelos ministros da 1\u00aa Turma tratava sobre aplica\u00e7\u00e3o em renda fixa (REsp 1660363). O relator, ministro Napole\u00e3o Nunes Maia Filho (agora aposentado), foi o primeiro a votar, em novembro do ano passado, e defendeu excluir a tributa\u00e7\u00e3o sobre a corre\u00e7\u00e3o monet\u00e1ria.<\/p>\n\n\n\n<p>Napole\u00e3o considerou a atualiza\u00e7\u00e3o monet\u00e1ria como mera recomposi\u00e7\u00e3o do poder de compra e citou precedentes do tribunal envolvendo outras situa\u00e7\u00f5es. S\u00f3 ele votou naquela ocasi\u00e3o.<\/p>\n\n\n\n<p>Em fevereiro, a discuss\u00e3o voltou \u00e0 pauta da 1\u00aa Turma com o voto do ministro Gurgel de Faria. Ele divergiu do relator. Disse que os precedentes da Corte tratavam sobre lucro inflacion\u00e1rio, \u201ctema recorrente \u00e0 \u00e9poca da infla\u00e7\u00e3o, antes do Plano Real, em 1994\u201d. E, portanto, na sua vis\u00e3o, eram diferentes do caso em an\u00e1lise.<\/p>\n\n\n\n<p>\u201cOs autos versam sobre a incid\u00eancia de Imposto de Renda Retido da Fonte sobre corre\u00e7\u00e3o monet\u00e1ria de aplica\u00e7\u00f5es financeiras, \u00e0 luz do artigo 9\u00ba da Lei n\u00ba 9.718, de 1998\u201d, disse ao votar.<\/p>\n\n\n\n<p>Gurgel de Faria posicionou-se para manter o entendimento adotado pelo tribunal, permitindo a tributa\u00e7\u00e3o sobre os rendimentos das aplica\u00e7\u00f5es financeiras e tamb\u00e9m sobre a parcela referente \u00e0 corre\u00e7\u00e3o monet\u00e1ria.<\/p>\n\n\n\n<p>Ele alertou os colegas da turma, ainda, que uma mudan\u00e7a de entendimento poderia alterar a din\u00e2mica da tributa\u00e7\u00e3o no pa\u00eds. \u201cSei que o tema envolve pessoa jur\u00eddica, mas como na pessoa f\u00edsica a tributa\u00e7\u00e3o tamb\u00e9m \u00e9 exclusiva na fonte, a decis\u00e3o tomada aqui vai trazer impacto, uma releitura sobre a incid\u00eancia do Imposto de Renda sobre as aplica\u00e7\u00f5es financeiras\u201d, afirmou.<\/p>\n\n\n\n<p>No m\u00eas de abril, em mais um vaiv\u00e9m desse julgamento, a ministra Regina Helena Costa concordou com o relator &#8211; o que fez aumentar a expectativa dos contribuintes. Ela j\u00e1 havia votado contra a tributa\u00e7\u00e3o antes, mas bem no in\u00edcio, quando o tema come\u00e7ou a ser discutido no STJ. Depois, mudou o posicionamento.<\/p>\n\n\n\n<p>A sess\u00e3o de ontem se iniciou com esse placar: dois votos a um contra a tributa\u00e7\u00e3o. Os dois ministros que ainda faltavam votar, Benedito Gon\u00e7alves e S\u00e9rgio Kukina, no entanto, se uniram \u00e0 diverg\u00eancia, virando o resultado. \u201cEsse plus [corre\u00e7\u00e3o monet\u00e1ria] vai se inscrever dentro daquilo que se compreende por aquisi\u00e7\u00e3o de disponibilidade econ\u00f4mica e, portanto, pass\u00edvel da incid\u00eancia do imposto retido\u201d, disse Kukina.<\/p>\n\n\n\n<p>Fonte: <a href=\"https:\/\/valor.globo.com\/legislacao\/noticia\/2021\/05\/12\/stj-mantem-ir-sobre-correcao-de-aplicacao.ghtml\" data-type=\"URL\" data-id=\"https:\/\/valor.globo.com\/legislacao\/noticia\/2021\/05\/12\/stj-mantem-ir-sobre-correcao-de-aplicacao.ghtml\" target=\"_blank\" rel=\"noreferrer noopener\">Valor<\/a><\/p>\n\n\n\n<p>A Amaral, Yazbek, OAB\/PR 762, possui 35 anos de experi\u00eancia auxiliando empresas a transformar a tributa\u00e7\u00e3o em lucro. Entre em contato com um dos s\u00f3cios para agendamento de reuni\u00e3o em caso de d\u00favidas.<\/p>\n\n\n\n<p>Contato: 41 3595-8300 ou pelo nosso WhatsApp 41 99567-5696<\/p>\n\n\n\n<p>Av. C\u00e2ndido Hartmann, 50 \u2013 Bigorrilho | Curitiba-PR<\/p>\n\n\n\n<p>Assine nossa Newsletter e fique por dentro das novidades!<\/p>\n\n\n\n<p>Quer receber seu exemplar da revista Governan\u00e7a Jur\u00eddica? Clique <a href=\"http:\/\/ayadvogados.com.br\/revista\">aqui<\/a>&nbsp;e pe\u00e7a a sua.<\/p>\n\n\n\n<p>Nos acompanhe nas redes sociais: <a href=\"https:\/\/www.facebook.com\/amaral.yazbek\">Facebook<\/a>&nbsp;| <a href=\"https:\/\/www.instagram.com\/amaral.yazbek\/\">Instagram<\/a> | <a href=\"https:\/\/www.linkedin.com\/company\/3357082\/admin\/\">Linkedin<\/a><\/p>\n\n\n\n<p>J\u00e1 conhece o canal Direito da Intelig\u00eancia de Neg\u00f3cios? <a href=\"https:\/\/www.youtube.com\/channel\/UCu2Mpu32ht8DEN8OFRXYMyw\">Inscreva-se j\u00e1<\/a><\/p>\n","protected":false},"excerpt":{"rendered":"<p>O Superior Tribunal de Justi\u00e7a (STJ) acabou, ontem, com a esperan\u00e7a de investidores em reduzir a tributa\u00e7\u00e3o sobre os ganhos decorrentes de aplica\u00e7\u00f5es financeiras. Os ministros da 1\u00aa Turma decidiriam manter o posicionamento que permite ao governo cobrar Imposto de Renda e CSLL sobre a parcela correspondente \u00e0 corre\u00e7\u00e3o monet\u00e1ria. Havia muita expectativa por parte [&hellip;]<\/p>\n","protected":false},"author":2,"featured_media":1142,"comment_status":"open","ping_status":"open","sticky":false,"template":"","format":"standard","meta":{"footnotes":""},"categories":[1],"tags":[],"class_list":["post-1141","post","type-post","status-publish","format-standard","has-post-thumbnail","hentry","category-noticia-do-dia"],"blocksy_meta":{"styles_descriptor":{"styles":{"desktop":"","tablet":"","mobile":""},"google_fonts":[],"version":6}},"yoast_head":"<!-- This site is optimized with the Yoast SEO plugin v27.5 - https:\/\/yoast.com\/product\/yoast-seo-wordpress\/ -->\n<title>STJ mant\u00e9m IR sobre corre\u00e7\u00e3o de aplica\u00e7\u00e3o - Amaral, Yazbek Advogados<\/title>\n<meta name=\"robots\" content=\"index, follow, max-snippet:-1, max-image-preview:large, max-video-preview:-1\" \/>\n<link rel=\"canonical\" href=\"https:\/\/www.34.239.117.254.sslip.io\/?p=1141\" \/>\n<meta property=\"og:locale\" content=\"pt_BR\" \/>\n<meta property=\"og:type\" content=\"article\" \/>\n<meta property=\"og:title\" content=\"STJ mant\u00e9m IR sobre corre\u00e7\u00e3o de aplica\u00e7\u00e3o - Amaral, Yazbek Advogados\" \/>\n<meta property=\"og:description\" content=\"O Superior Tribunal de Justi\u00e7a (STJ) acabou, ontem, com a esperan\u00e7a de investidores em reduzir a tributa\u00e7\u00e3o sobre os ganhos decorrentes de aplica\u00e7\u00f5es financeiras. Os ministros da 1\u00aa Turma decidiriam manter o posicionamento que permite ao governo cobrar Imposto de Renda e CSLL sobre a parcela correspondente \u00e0 corre\u00e7\u00e3o monet\u00e1ria. Havia muita expectativa por parte [&hellip;]\" \/>\n<meta property=\"og:url\" content=\"https:\/\/www.34.239.117.254.sslip.io\/?p=1141\" \/>\n<meta property=\"og:site_name\" content=\"Amaral, Yazbek Advogados\" \/>\n<meta property=\"article:publisher\" content=\"https:\/\/www.facebook.com\/AYadvogados\" \/>\n<meta property=\"article:published_time\" content=\"2021-05-12T20:33:40+00:00\" \/>\n<meta property=\"og:image\" content=\"https:\/\/www.34.239.117.254.sslip.io\/wp-content\/uploads\/2021\/05\/12-05-Blog.png\" \/>\n\t<meta property=\"og:image:width\" content=\"1000\" \/>\n\t<meta property=\"og:image:height\" content=\"620\" \/>\n\t<meta property=\"og:image:type\" content=\"image\/png\" \/>\n<meta name=\"author\" content=\"AY Advogados\" \/>\n<meta name=\"twitter:card\" content=\"summary_large_image\" \/>\n<meta name=\"twitter:label1\" content=\"Escrito por\" \/>\n\t<meta name=\"twitter:data1\" content=\"AY Advogados\" \/>\n\t<meta name=\"twitter:label2\" content=\"Est. tempo de leitura\" \/>\n\t<meta name=\"twitter:data2\" content=\"3 minutos\" \/>\n<script type=\"application\/ld+json\" class=\"yoast-schema-graph\">{\"@context\":\"https:\\\/\\\/schema.org\",\"@graph\":[{\"@type\":\"Article\",\"@id\":\"https:\\\/\\\/www.34.239.117.254.sslip.io\\\/?p=1141#article\",\"isPartOf\":{\"@id\":\"https:\\\/\\\/www.34.239.117.254.sslip.io\\\/?p=1141\"},\"author\":{\"name\":\"AY Advogados\",\"@id\":\"https:\\\/\\\/www.34.239.117.254.sslip.io\\\/#\\\/schema\\\/person\\\/4abfbf03ad3e577e691d333af064a912\"},\"headline\":\"STJ mant\u00e9m IR sobre corre\u00e7\u00e3o de aplica\u00e7\u00e3o\",\"datePublished\":\"2021-05-12T20:33:40+00:00\",\"mainEntityOfPage\":{\"@id\":\"https:\\\/\\\/www.34.239.117.254.sslip.io\\\/?p=1141\"},\"wordCount\":698,\"commentCount\":0,\"publisher\":{\"@id\":\"https:\\\/\\\/www.34.239.117.254.sslip.io\\\/#organization\"},\"image\":{\"@id\":\"https:\\\/\\\/www.34.239.117.254.sslip.io\\\/?p=1141#primaryimage\"},\"thumbnailUrl\":\"https:\\\/\\\/www.ayadvogados.com.br\\\/wp-content\\\/uploads\\\/2021\\\/05\\\/12-05-Blog.png\",\"articleSection\":[\"Not\u00edcia do Dia\"],\"inLanguage\":\"pt-BR\",\"potentialAction\":[{\"@type\":\"CommentAction\",\"name\":\"Comment\",\"target\":[\"https:\\\/\\\/www.34.239.117.254.sslip.io\\\/?p=1141#respond\"]}]},{\"@type\":\"WebPage\",\"@id\":\"https:\\\/\\\/www.34.239.117.254.sslip.io\\\/?p=1141\",\"url\":\"https:\\\/\\\/www.34.239.117.254.sslip.io\\\/?p=1141\",\"name\":\"STJ mant\u00e9m IR sobre corre\u00e7\u00e3o de aplica\u00e7\u00e3o - Amaral, Yazbek Advogados\",\"isPartOf\":{\"@id\":\"https:\\\/\\\/www.34.239.117.254.sslip.io\\\/#website\"},\"primaryImageOfPage\":{\"@id\":\"https:\\\/\\\/www.34.239.117.254.sslip.io\\\/?p=1141#primaryimage\"},\"image\":{\"@id\":\"https:\\\/\\\/www.34.239.117.254.sslip.io\\\/?p=1141#primaryimage\"},\"thumbnailUrl\":\"https:\\\/\\\/www.ayadvogados.com.br\\\/wp-content\\\/uploads\\\/2021\\\/05\\\/12-05-Blog.png\",\"datePublished\":\"2021-05-12T20:33:40+00:00\",\"breadcrumb\":{\"@id\":\"https:\\\/\\\/www.34.239.117.254.sslip.io\\\/?p=1141#breadcrumb\"},\"inLanguage\":\"pt-BR\",\"potentialAction\":[{\"@type\":\"ReadAction\",\"target\":[\"https:\\\/\\\/www.34.239.117.254.sslip.io\\\/?p=1141\"]}]},{\"@type\":\"ImageObject\",\"inLanguage\":\"pt-BR\",\"@id\":\"https:\\\/\\\/www.34.239.117.254.sslip.io\\\/?p=1141#primaryimage\",\"url\":\"https:\\\/\\\/www.ayadvogados.com.br\\\/wp-content\\\/uploads\\\/2021\\\/05\\\/12-05-Blog.png\",\"contentUrl\":\"https:\\\/\\\/www.ayadvogados.com.br\\\/wp-content\\\/uploads\\\/2021\\\/05\\\/12-05-Blog.png\",\"width\":1000,\"height\":620},{\"@type\":\"BreadcrumbList\",\"@id\":\"https:\\\/\\\/www.34.239.117.254.sslip.io\\\/?p=1141#breadcrumb\",\"itemListElement\":[{\"@type\":\"ListItem\",\"position\":1,\"name\":\"In\u00edcio\",\"item\":\"https:\\\/\\\/www.34.239.117.254.sslip.io\\\/\"},{\"@type\":\"ListItem\",\"position\":2,\"name\":\"STJ mant\u00e9m IR sobre corre\u00e7\u00e3o de aplica\u00e7\u00e3o\"}]},{\"@type\":\"WebSite\",\"@id\":\"https:\\\/\\\/www.34.239.117.254.sslip.io\\\/#website\",\"url\":\"https:\\\/\\\/www.34.239.117.254.sslip.io\\\/\",\"name\":\"Amaral, Yazbek Advogados\",\"description\":\"Curitiba \u2022 Bras\u00edlia \u2022 S\u00e3o Paulo\",\"publisher\":{\"@id\":\"https:\\\/\\\/www.34.239.117.254.sslip.io\\\/#organization\"},\"potentialAction\":[{\"@type\":\"SearchAction\",\"target\":{\"@type\":\"EntryPoint\",\"urlTemplate\":\"https:\\\/\\\/www.34.239.117.254.sslip.io\\\/?s={search_term_string}\"},\"query-input\":{\"@type\":\"PropertyValueSpecification\",\"valueRequired\":true,\"valueName\":\"search_term_string\"}}],\"inLanguage\":\"pt-BR\"},{\"@type\":\"Organization\",\"@id\":\"https:\\\/\\\/www.34.239.117.254.sslip.io\\\/#organization\",\"name\":\"Amaral, Yazbek Advogados\",\"url\":\"https:\\\/\\\/www.34.239.117.254.sslip.io\\\/\",\"logo\":{\"@type\":\"ImageObject\",\"inLanguage\":\"pt-BR\",\"@id\":\"https:\\\/\\\/www.34.239.117.254.sslip.io\\\/#\\\/schema\\\/logo\\\/image\\\/\",\"url\":\"http:\\\/\\\/34.239.117.254\\\/wp-content\\\/uploads\\\/2021\\\/03\\\/logo-ay-g.png\",\"contentUrl\":\"http:\\\/\\\/34.239.117.254\\\/wp-content\\\/uploads\\\/2021\\\/03\\\/logo-ay-g.png\",\"width\":434,\"height\":106,\"caption\":\"Amaral, Yazbek Advogados\"},\"image\":{\"@id\":\"https:\\\/\\\/www.34.239.117.254.sslip.io\\\/#\\\/schema\\\/logo\\\/image\\\/\"},\"sameAs\":[\"https:\\\/\\\/www.facebook.com\\\/AYadvogados\",\"https:\\\/\\\/www.instagram.com\\\/ayadvogados\\\/\"]},{\"@type\":\"Person\",\"@id\":\"https:\\\/\\\/www.34.239.117.254.sslip.io\\\/#\\\/schema\\\/person\\\/4abfbf03ad3e577e691d333af064a912\",\"name\":\"AY Advogados\",\"image\":{\"@type\":\"ImageObject\",\"inLanguage\":\"pt-BR\",\"@id\":\"https:\\\/\\\/secure.gravatar.com\\\/avatar\\\/1473912b851241f5503026e6156e144dcd83ff7addb67f65e1ed9ca21ee1d9cf?s=96&d=mm&r=g\",\"url\":\"https:\\\/\\\/secure.gravatar.com\\\/avatar\\\/1473912b851241f5503026e6156e144dcd83ff7addb67f65e1ed9ca21ee1d9cf?s=96&d=mm&r=g\",\"contentUrl\":\"https:\\\/\\\/secure.gravatar.com\\\/avatar\\\/1473912b851241f5503026e6156e144dcd83ff7addb67f65e1ed9ca21ee1d9cf?s=96&d=mm&r=g\",\"caption\":\"AY Advogados\"},\"sameAs\":[\"https:\\\/\\\/ayadvogados.com.br\"],\"url\":\"https:\\\/\\\/www.ayadvogados.com.br\\\/?author=2\"}]}<\/script>\n<!-- \/ Yoast SEO plugin. -->","yoast_head_json":{"title":"STJ mant\u00e9m IR sobre corre\u00e7\u00e3o de aplica\u00e7\u00e3o - Amaral, Yazbek Advogados","robots":{"index":"index","follow":"follow","max-snippet":"max-snippet:-1","max-image-preview":"max-image-preview:large","max-video-preview":"max-video-preview:-1"},"canonical":"https:\/\/www.34.239.117.254.sslip.io\/?p=1141","og_locale":"pt_BR","og_type":"article","og_title":"STJ mant\u00e9m IR sobre corre\u00e7\u00e3o de aplica\u00e7\u00e3o - Amaral, Yazbek Advogados","og_description":"O Superior Tribunal de Justi\u00e7a (STJ) acabou, ontem, com a esperan\u00e7a de investidores em reduzir a tributa\u00e7\u00e3o sobre os ganhos decorrentes de aplica\u00e7\u00f5es financeiras. Os ministros da 1\u00aa Turma decidiriam manter o posicionamento que permite ao governo cobrar Imposto de Renda e CSLL sobre a parcela correspondente \u00e0 corre\u00e7\u00e3o monet\u00e1ria. Havia muita expectativa por parte [&hellip;]","og_url":"https:\/\/www.34.239.117.254.sslip.io\/?p=1141","og_site_name":"Amaral, Yazbek Advogados","article_publisher":"https:\/\/www.facebook.com\/AYadvogados","article_published_time":"2021-05-12T20:33:40+00:00","og_image":[{"width":1000,"height":620,"url":"https:\/\/www.34.239.117.254.sslip.io\/wp-content\/uploads\/2021\/05\/12-05-Blog.png","type":"image\/png"}],"author":"AY Advogados","twitter_card":"summary_large_image","twitter_misc":{"Escrito por":"AY Advogados","Est. tempo de leitura":"3 minutos"},"schema":{"@context":"https:\/\/schema.org","@graph":[{"@type":"Article","@id":"https:\/\/www.34.239.117.254.sslip.io\/?p=1141#article","isPartOf":{"@id":"https:\/\/www.34.239.117.254.sslip.io\/?p=1141"},"author":{"name":"AY Advogados","@id":"https:\/\/www.34.239.117.254.sslip.io\/#\/schema\/person\/4abfbf03ad3e577e691d333af064a912"},"headline":"STJ mant\u00e9m IR sobre corre\u00e7\u00e3o de aplica\u00e7\u00e3o","datePublished":"2021-05-12T20:33:40+00:00","mainEntityOfPage":{"@id":"https:\/\/www.34.239.117.254.sslip.io\/?p=1141"},"wordCount":698,"commentCount":0,"publisher":{"@id":"https:\/\/www.34.239.117.254.sslip.io\/#organization"},"image":{"@id":"https:\/\/www.34.239.117.254.sslip.io\/?p=1141#primaryimage"},"thumbnailUrl":"https:\/\/www.ayadvogados.com.br\/wp-content\/uploads\/2021\/05\/12-05-Blog.png","articleSection":["Not\u00edcia do Dia"],"inLanguage":"pt-BR","potentialAction":[{"@type":"CommentAction","name":"Comment","target":["https:\/\/www.34.239.117.254.sslip.io\/?p=1141#respond"]}]},{"@type":"WebPage","@id":"https:\/\/www.34.239.117.254.sslip.io\/?p=1141","url":"https:\/\/www.34.239.117.254.sslip.io\/?p=1141","name":"STJ mant\u00e9m IR sobre corre\u00e7\u00e3o de aplica\u00e7\u00e3o - Amaral, Yazbek Advogados","isPartOf":{"@id":"https:\/\/www.34.239.117.254.sslip.io\/#website"},"primaryImageOfPage":{"@id":"https:\/\/www.34.239.117.254.sslip.io\/?p=1141#primaryimage"},"image":{"@id":"https:\/\/www.34.239.117.254.sslip.io\/?p=1141#primaryimage"},"thumbnailUrl":"https:\/\/www.ayadvogados.com.br\/wp-content\/uploads\/2021\/05\/12-05-Blog.png","datePublished":"2021-05-12T20:33:40+00:00","breadcrumb":{"@id":"https:\/\/www.34.239.117.254.sslip.io\/?p=1141#breadcrumb"},"inLanguage":"pt-BR","potentialAction":[{"@type":"ReadAction","target":["https:\/\/www.34.239.117.254.sslip.io\/?p=1141"]}]},{"@type":"ImageObject","inLanguage":"pt-BR","@id":"https:\/\/www.34.239.117.254.sslip.io\/?p=1141#primaryimage","url":"https:\/\/www.ayadvogados.com.br\/wp-content\/uploads\/2021\/05\/12-05-Blog.png","contentUrl":"https:\/\/www.ayadvogados.com.br\/wp-content\/uploads\/2021\/05\/12-05-Blog.png","width":1000,"height":620},{"@type":"BreadcrumbList","@id":"https:\/\/www.34.239.117.254.sslip.io\/?p=1141#breadcrumb","itemListElement":[{"@type":"ListItem","position":1,"name":"In\u00edcio","item":"https:\/\/www.34.239.117.254.sslip.io\/"},{"@type":"ListItem","position":2,"name":"STJ mant\u00e9m IR sobre corre\u00e7\u00e3o de aplica\u00e7\u00e3o"}]},{"@type":"WebSite","@id":"https:\/\/www.34.239.117.254.sslip.io\/#website","url":"https:\/\/www.34.239.117.254.sslip.io\/","name":"Amaral, Yazbek Advogados","description":"Curitiba \u2022 Bras\u00edlia \u2022 S\u00e3o Paulo","publisher":{"@id":"https:\/\/www.34.239.117.254.sslip.io\/#organization"},"potentialAction":[{"@type":"SearchAction","target":{"@type":"EntryPoint","urlTemplate":"https:\/\/www.34.239.117.254.sslip.io\/?s={search_term_string}"},"query-input":{"@type":"PropertyValueSpecification","valueRequired":true,"valueName":"search_term_string"}}],"inLanguage":"pt-BR"},{"@type":"Organization","@id":"https:\/\/www.34.239.117.254.sslip.io\/#organization","name":"Amaral, Yazbek Advogados","url":"https:\/\/www.34.239.117.254.sslip.io\/","logo":{"@type":"ImageObject","inLanguage":"pt-BR","@id":"https:\/\/www.34.239.117.254.sslip.io\/#\/schema\/logo\/image\/","url":"http:\/\/34.239.117.254\/wp-content\/uploads\/2021\/03\/logo-ay-g.png","contentUrl":"http:\/\/34.239.117.254\/wp-content\/uploads\/2021\/03\/logo-ay-g.png","width":434,"height":106,"caption":"Amaral, Yazbek Advogados"},"image":{"@id":"https:\/\/www.34.239.117.254.sslip.io\/#\/schema\/logo\/image\/"},"sameAs":["https:\/\/www.facebook.com\/AYadvogados","https:\/\/www.instagram.com\/ayadvogados\/"]},{"@type":"Person","@id":"https:\/\/www.34.239.117.254.sslip.io\/#\/schema\/person\/4abfbf03ad3e577e691d333af064a912","name":"AY Advogados","image":{"@type":"ImageObject","inLanguage":"pt-BR","@id":"https:\/\/secure.gravatar.com\/avatar\/1473912b851241f5503026e6156e144dcd83ff7addb67f65e1ed9ca21ee1d9cf?s=96&d=mm&r=g","url":"https:\/\/secure.gravatar.com\/avatar\/1473912b851241f5503026e6156e144dcd83ff7addb67f65e1ed9ca21ee1d9cf?s=96&d=mm&r=g","contentUrl":"https:\/\/secure.gravatar.com\/avatar\/1473912b851241f5503026e6156e144dcd83ff7addb67f65e1ed9ca21ee1d9cf?s=96&d=mm&r=g","caption":"AY Advogados"},"sameAs":["https:\/\/ayadvogados.com.br"],"url":"https:\/\/www.ayadvogados.com.br\/?author=2"}]}},"rttpg_featured_image_url":{"full":["https:\/\/www.ayadvogados.com.br\/wp-content\/uploads\/2021\/05\/12-05-Blog.png",1000,620,false],"landscape":["https:\/\/www.ayadvogados.com.br\/wp-content\/uploads\/2021\/05\/12-05-Blog.png",1000,620,false],"portraits":["https:\/\/www.ayadvogados.com.br\/wp-content\/uploads\/2021\/05\/12-05-Blog.png",1000,620,false],"thumbnail":["https:\/\/www.ayadvogados.com.br\/wp-content\/uploads\/2021\/05\/12-05-Blog-150x150.png",150,150,true],"medium":["https:\/\/www.ayadvogados.com.br\/wp-content\/uploads\/2021\/05\/12-05-Blog-300x186.png",300,186,true],"large":["https:\/\/www.ayadvogados.com.br\/wp-content\/uploads\/2021\/05\/12-05-Blog.png",1000,620,false],"1536x1536":["https:\/\/www.ayadvogados.com.br\/wp-content\/uploads\/2021\/05\/12-05-Blog.png",1000,620,false],"2048x2048":["https:\/\/www.ayadvogados.com.br\/wp-content\/uploads\/2021\/05\/12-05-Blog.png",1000,620,false]},"rttpg_author":{"display_name":"AY Advogados","author_link":"https:\/\/www.ayadvogados.com.br\/?author=2"},"rttpg_comment":0,"rttpg_category":"<a href=\"https:\/\/www.ayadvogados.com.br\/?cat=1\" rel=\"category\">Not\u00edcia do Dia<\/a>","rttpg_excerpt":"O Superior Tribunal de Justi\u00e7a (STJ) acabou, ontem, com a esperan\u00e7a de investidores em reduzir a tributa\u00e7\u00e3o sobre os ganhos decorrentes de aplica\u00e7\u00f5es financeiras. Os ministros da 1\u00aa Turma decidiriam manter o posicionamento que permite ao governo cobrar Imposto de Renda e CSLL sobre a parcela correspondente \u00e0 corre\u00e7\u00e3o monet\u00e1ria. Havia muita expectativa por parte&hellip;","_links":{"self":[{"href":"https:\/\/www.ayadvogados.com.br\/index.php?rest_route=\/wp\/v2\/posts\/1141","targetHints":{"allow":["GET"]}}],"collection":[{"href":"https:\/\/www.ayadvogados.com.br\/index.php?rest_route=\/wp\/v2\/posts"}],"about":[{"href":"https:\/\/www.ayadvogados.com.br\/index.php?rest_route=\/wp\/v2\/types\/post"}],"author":[{"embeddable":true,"href":"https:\/\/www.ayadvogados.com.br\/index.php?rest_route=\/wp\/v2\/users\/2"}],"replies":[{"embeddable":true,"href":"https:\/\/www.ayadvogados.com.br\/index.php?rest_route=%2Fwp%2Fv2%2Fcomments&post=1141"}],"version-history":[{"count":1,"href":"https:\/\/www.ayadvogados.com.br\/index.php?rest_route=\/wp\/v2\/posts\/1141\/revisions"}],"predecessor-version":[{"id":1143,"href":"https:\/\/www.ayadvogados.com.br\/index.php?rest_route=\/wp\/v2\/posts\/1141\/revisions\/1143"}],"wp:featuredmedia":[{"embeddable":true,"href":"https:\/\/www.ayadvogados.com.br\/index.php?rest_route=\/wp\/v2\/media\/1142"}],"wp:attachment":[{"href":"https:\/\/www.ayadvogados.com.br\/index.php?rest_route=%2Fwp%2Fv2%2Fmedia&parent=1141"}],"wp:term":[{"taxonomy":"category","embeddable":true,"href":"https:\/\/www.ayadvogados.com.br\/index.php?rest_route=%2Fwp%2Fv2%2Fcategories&post=1141"},{"taxonomy":"post_tag","embeddable":true,"href":"https:\/\/www.ayadvogados.com.br\/index.php?rest_route=%2Fwp%2Fv2%2Ftags&post=1141"}],"curies":[{"name":"wp","href":"https:\/\/api.w.org\/{rel}","templated":true}]}}