{"id":1130,"date":"2021-05-10T17:44:53","date_gmt":"2021-05-10T20:44:53","guid":{"rendered":"http:\/\/34.239.117.254\/?p=1130"},"modified":"2021-05-10T17:44:53","modified_gmt":"2021-05-10T20:44:53","slug":"contribuinte-pode-perder-beneficio-fiscal-sem-ser-condenado-por-crime","status":"publish","type":"post","link":"https:\/\/www.ayadvogados.com.br\/?p=1130","title":{"rendered":"Contribuinte pode perder benef\u00edcio fiscal sem ser condenado por crime"},"content":{"rendered":"\n<p>O <strong>Conselho Administrativo de Recursos Fiscais<\/strong> decidiu que o <strong>contribuinte <\/strong>pode<strong> perder o direito a isen\u00e7\u00f5es e benef\u00edcios fiscais<\/strong> mesmo <strong>sem condena\u00e7\u00e3o judicial<\/strong> por <strong>crime contra a ordem tribut\u00e1ria<\/strong>. Para os conselheiros da 3\u00aa Turma da C\u00e2mara Superior, \u00faltima inst\u00e2ncia do \u00f3rg\u00e3o, a puni\u00e7\u00e3o pode ocorrer j\u00e1 a partir do momento em que tais atos s\u00e3o identificados pela Receita Federal.<\/p>\n\n\n\n<p>Essa decis\u00e3o est\u00e1 sendo considerada por advogados como extremamente preocupante. Os profissionais afirmam que, nesse formato, os contribuintes acabam ficando ref\u00e9ns das interpreta\u00e7\u00f5es da fiscaliza\u00e7\u00e3o. \u201c\u00c9 assustador. Uma viola\u00e7\u00e3o grosseira \u00e0 presun\u00e7\u00e3o de inoc\u00eancia\u201d, diz o tributarista Luiz Gustavo Bichara, s\u00f3cio do Bichara Advogados.<\/p>\n\n\n\n<p>A compreens\u00e3o dos tributaristas \u00e9 a de que o contribuinte s\u00f3 poderia sofrer puni\u00e7\u00f5es se processado criminalmente e condenado pela Justi\u00e7a. O advogado Carlos Amorim, do escrit\u00f3rio Martinelli, cita o artigo 5\u00ba da Constitui\u00e7\u00e3o Federal. \u201cNingu\u00e9m ser\u00e1 considerado culpado at\u00e9 o tr\u00e2nsito em julgado de senten\u00e7a penal condenat\u00f3ria.\u201d<\/p>\n\n\n\n<p>A discuss\u00e3o, no Carf, se deu em torno do artigo 59 da Lei n\u00ba 9.069, de 1995. Consta nesse dispositivo que \u201ca pr\u00e1tica de atos que configurem crimes contra a ordem tribut\u00e1ria acarretar\u00e3o \u00e0 pessoa jur\u00eddica infratora a perda, no ano-calend\u00e1rio correspondente, dos incentivos e benef\u00edcios de redu\u00e7\u00e3o ou isen\u00e7\u00e3o previstos na legisla\u00e7\u00e3o tribut\u00e1ria\u201d.<\/p>\n\n\n\n<p>Os conselheiros interpretaram esse artigo de forma restritiva. \u201cO legislador falou em pr\u00e1tica de atos que configurem crimes e n\u00e3o em pr\u00e1tica de crimes ou, mais especificamente, em condena\u00e7\u00e3o por pr\u00e1tica de crimes contra a ordem tribut\u00e1ria\u201d, diz em seu voto o relator, conselheiro Rodrigo da Costa P\u00f4ssas, representante da Fazenda. A lei, na sua vis\u00e3o, portanto, n\u00e3o exige manifesta\u00e7\u00e3o judicial como pr\u00e9-requisito para a perda de benef\u00edcios e isen\u00e7\u00f5es.<\/p>\n\n\n\n<p>P\u00f4ssas afirma ainda haver \u201cabsoluta independ\u00eancia\u201d entre a responsabilidade penal e a tribut\u00e1ria e administrativa. As san\u00e7\u00f5es penais, diz ele no voto, dependem do Judici\u00e1rio. J\u00e1 a san\u00e7\u00e3o de natureza administrativa ou tribut\u00e1ria \u201cindepende do resultado do processo criminal, salvo se neste houver absolvi\u00e7\u00e3o motivada na negativa de autoria ou inexist\u00eancia do fato imputado\u201d.<\/p>\n\n\n\n<p>O relator cita uma decis\u00e3o do Supremo Tribunal Federal (STF) em que os ministros condicionam o processo criminal ao t\u00e9rmino do processo administrativo. \u201cN\u00e3o \u00e9 o contr\u00e1rio\u201d, diz. Se para iniciar o processo penal exige-se a conclus\u00e3o do administrativo, questiona, como se pretender que o administrativo s\u00f3 possa come\u00e7ar quando houver o tr\u00e2nsito em julgado do criminal?<\/p>\n\n\n\n<p>Essa decis\u00e3o se deu por maioria de votos. Quatro conselheiros acompanharam o relator e tr\u00eas divergiram, votando para que a perda de isen\u00e7\u00f5es e benef\u00edcios s\u00f3 pudesse ocorrer ap\u00f3s senten\u00e7a condenat\u00f3ria. O tema foi analisado por meio de recurso apresentado por uma ind\u00fastria de Santa Catarina (processo n\u00ba 11516.006132\/2008-17).<\/p>\n\n\n\n<p>Segundo consta no processo, a empresa perdeu o direito de utilizar cr\u00e9dito presumido de IPI. Trata-se de um benef\u00edcio concedido aos exportadores. Funciona como uma compensa\u00e7\u00e3o pelos custos tribut\u00e1rios de PIS e Cofins. Tem como objetivo desonerar a cadeia produtiva e, assim, aumentar a competitividade das companhias brasileiras no mercado externo.<\/p>\n\n\n\n<p>A Receita Federal afirma que essa ind\u00fastria superfaturou a aquisi\u00e7\u00e3o de produtos no mercado interno &#8211; que comp\u00f5e o c\u00e1lculo para o cr\u00e9dito presumido &#8211; e, desta forma, houve um aumento irregular dos valores decorrentes do benef\u00edcio. Isso, consequentemente, reduziu as quantias a pagar em PIS e Cofins ao governo, configurando crime.<\/p>\n\n\n\n<p>Os auditores chegaram a essa conclus\u00e3o com base em uma fiscaliza\u00e7\u00e3o pr\u00f3pria do \u00f3rg\u00e3o. A ind\u00fastria de Santa Catarina, que n\u00e3o foi condenada por crime, ainda pode recorrer da decis\u00e3o do Carf \u00e0 Justi\u00e7a.<\/p>\n\n\n\n<blockquote class=\"wp-block-quote is-layout-flow wp-block-quote-is-layout-flow\"><p>\u201cDecis\u00f5es como essa permitem que a empresa seja punida por ind\u00edcios. A Receita Federal interpreta, diz o que entende, sem passar pelo crivo do contradit\u00f3rio e da ampla defesa\u201d, critica Mirian Lavocat, do escrit\u00f3rio Lavocat Advogados.<\/p><\/blockquote>\n\n\n\n<p>Leo Lopes, s\u00f3cio do FAS Advogados, chama a aten\u00e7\u00e3o para os preju\u00edzos que a revoga\u00e7\u00e3o \u201cantecipada\u201d de benef\u00edcios e isen\u00e7\u00f5es fiscais podem gerar. \u201cMuitas vezes s\u00e3o essenciais para a atividade. A empresa pode n\u00e3o conseguir se sustentar se sofrer essa perda\u201d, diz o advogado.<\/p>\n\n\n\n<p>Ele acrescenta que s\u00e3o comuns os casos em que a Receita entende ter havido crime contra a ordem tribut\u00e1ria e, depois, na via judicial, n\u00e3o h\u00e1 confirma\u00e7\u00e3o. \u201cEm decorr\u00eancia desse cen\u00e1rio provis\u00f3rio, j\u00e1 que depende do julgamento na Justi\u00e7a, entendo que o mais correto \u00e9 que s\u00f3 se aplique o artigo da revoga\u00e7\u00e3o de benef\u00edcios e isen\u00e7\u00f5es depois de ter a decis\u00e3o definitiva no Judici\u00e1rio.\u201d<\/p>\n\n\n\n<p>O advogado Carlos Amorim, do escrit\u00f3rio Martinelli, entende que a decis\u00e3o do STF citada no ac\u00f3rd\u00e3o do Carf n\u00e3o legitima o entendimento dos conselheiros. \u201cOs ministros disseram que \u00e9 necess\u00e1rio aguardar a confirma\u00e7\u00e3o do cr\u00e9dito tribut\u00e1rio para que a penal tenha in\u00edcio. S\u00f3 que aqui, essa decis\u00e3o do Carf, n\u00e3o tem a ver com cr\u00e9dito tribut\u00e1rio. Tem a ver com o pr\u00e9-julgamento de que o contribuinte praticou crime\u201d, afirma.<\/p>\n\n\n\n<p>A Procuradoria-Geral da Fazenda Nacional (PGFN) foi procurada pelo <strong>Valor<\/strong>, mas n\u00e3o deu retorno at\u00e9 o fechamento da edi\u00e7\u00e3o.<\/p>\n\n\n\n<p>Fonte: <a rel=\"noreferrer noopener\" href=\"https:\/\/valor.globo.com\/legislacao\/noticia\/2021\/05\/10\/contribuinte-pode-perder-beneficio-fiscal-sem-ser-condenado-por-crime.ghtml\" data-type=\"URL\" data-id=\"https:\/\/valor.globo.com\/legislacao\/noticia\/2021\/05\/10\/contribuinte-pode-perder-beneficio-fiscal-sem-ser-condenado-por-crime.ghtml\" target=\"_blank\">Valor<\/a><\/p>\n\n\n\n<p>A Amaral, Yazbek, OAB\/PR 762, possui 35 anos de experi\u00eancia auxiliando empresas a transformar a tributa\u00e7\u00e3o em lucro. Entre em contato com um dos s\u00f3cios para agendamento de reuni\u00e3o em caso de d\u00favidas.<\/p>\n\n\n\n<p>Contato: 41 3595-8300 ou pelo nosso WhatsApp 41 99567-5696<\/p>\n\n\n\n<p>Av. C\u00e2ndido Hartmann, 50 \u2013 Bigorrilho | Curitiba-PR<\/p>\n\n\n\n<p>Assine nossa Newsletter e fique por dentro das novidades!<\/p>\n\n\n\n<p>Quer receber seu exemplar da revista Governan\u00e7a Jur\u00eddica? Clique <a href=\"http:\/\/ayadvogados.com.br\/revista\">aqui<\/a>&nbsp;e pe\u00e7a a sua.<\/p>\n\n\n\n<p>Nos acompanhe nas redes sociais: <a href=\"https:\/\/www.facebook.com\/amaral.yazbek\">Facebook<\/a>&nbsp;| <a href=\"https:\/\/www.instagram.com\/amaral.yazbek\/\">Instagram<\/a> | <a href=\"https:\/\/www.linkedin.com\/company\/3357082\/admin\/\">Linkedin<\/a><\/p>\n\n\n\n<p>J\u00e1 conhece o canal Direito da Intelig\u00eancia de Neg\u00f3cios? <a href=\"https:\/\/www.youtube.com\/channel\/UCu2Mpu32ht8DEN8OFRXYMyw\">Inscreva-se j\u00e1<\/a><\/p>\n","protected":false},"excerpt":{"rendered":"<p>O Conselho Administrativo de Recursos Fiscais decidiu que o contribuinte pode perder o direito a isen\u00e7\u00f5es e benef\u00edcios fiscais mesmo sem condena\u00e7\u00e3o judicial por crime contra a ordem tribut\u00e1ria. Para os conselheiros da 3\u00aa Turma da C\u00e2mara Superior, \u00faltima inst\u00e2ncia do \u00f3rg\u00e3o, a puni\u00e7\u00e3o pode ocorrer j\u00e1 a partir do momento em que tais atos [&hellip;]<\/p>\n","protected":false},"author":2,"featured_media":1131,"comment_status":"open","ping_status":"open","sticky":false,"template":"","format":"standard","meta":{"footnotes":""},"categories":[1],"tags":[],"class_list":["post-1130","post","type-post","status-publish","format-standard","has-post-thumbnail","hentry","category-noticia-do-dia"],"blocksy_meta":{"styles_descriptor":{"styles":{"desktop":"","tablet":"","mobile":""},"google_fonts":[],"version":6}},"yoast_head":"<!-- This site is optimized with the Yoast SEO plugin v27.5 - https:\/\/yoast.com\/product\/yoast-seo-wordpress\/ -->\n<title>Contribuinte pode perder benef\u00edcio fiscal sem ser condenado por crime - Amaral, Yazbek Advogados<\/title>\n<meta name=\"robots\" content=\"index, follow, max-snippet:-1, max-image-preview:large, max-video-preview:-1\" \/>\n<link rel=\"canonical\" href=\"https:\/\/www.eloquent-edison.34-239-117-254.plesk.page\/?p=1130\" \/>\n<meta property=\"og:locale\" content=\"pt_BR\" \/>\n<meta property=\"og:type\" content=\"article\" \/>\n<meta property=\"og:title\" content=\"Contribuinte pode perder benef\u00edcio fiscal sem ser condenado por crime - Amaral, Yazbek Advogados\" \/>\n<meta property=\"og:description\" content=\"O Conselho Administrativo de Recursos Fiscais decidiu que o contribuinte pode perder o direito a isen\u00e7\u00f5es e benef\u00edcios fiscais mesmo sem condena\u00e7\u00e3o judicial por crime contra a ordem tribut\u00e1ria. Para os conselheiros da 3\u00aa Turma da C\u00e2mara Superior, \u00faltima inst\u00e2ncia do \u00f3rg\u00e3o, a puni\u00e7\u00e3o pode ocorrer j\u00e1 a partir do momento em que tais atos [&hellip;]\" \/>\n<meta property=\"og:url\" content=\"https:\/\/www.eloquent-edison.34-239-117-254.plesk.page\/?p=1130\" \/>\n<meta property=\"og:site_name\" content=\"Amaral, Yazbek Advogados\" \/>\n<meta property=\"article:publisher\" content=\"https:\/\/www.facebook.com\/AYadvogados\" \/>\n<meta property=\"article:published_time\" content=\"2021-05-10T20:44:53+00:00\" \/>\n<meta property=\"og:image\" content=\"https:\/\/www.eloquent-edison.34-239-117-254.plesk.page\/wp-content\/uploads\/2021\/05\/10-05-Blog-1.png\" \/>\n\t<meta property=\"og:image:width\" content=\"1000\" \/>\n\t<meta property=\"og:image:height\" content=\"620\" \/>\n\t<meta property=\"og:image:type\" content=\"image\/png\" \/>\n<meta name=\"author\" content=\"AY Advogados\" \/>\n<meta name=\"twitter:card\" content=\"summary_large_image\" \/>\n<meta name=\"twitter:label1\" content=\"Escrito por\" \/>\n\t<meta name=\"twitter:data1\" content=\"AY Advogados\" \/>\n\t<meta name=\"twitter:label2\" content=\"Est. tempo de leitura\" \/>\n\t<meta name=\"twitter:data2\" content=\"5 minutos\" \/>\n<script type=\"application\/ld+json\" class=\"yoast-schema-graph\">{\"@context\":\"https:\\\/\\\/schema.org\",\"@graph\":[{\"@type\":\"Article\",\"@id\":\"https:\\\/\\\/www.eloquent-edison.34-239-117-254.plesk.page\\\/?p=1130#article\",\"isPartOf\":{\"@id\":\"https:\\\/\\\/www.eloquent-edison.34-239-117-254.plesk.page\\\/?p=1130\"},\"author\":{\"name\":\"AY Advogados\",\"@id\":\"https:\\\/\\\/www.34.239.117.254.sslip.io\\\/#\\\/schema\\\/person\\\/4abfbf03ad3e577e691d333af064a912\"},\"headline\":\"Contribuinte pode perder benef\u00edcio fiscal sem ser condenado por crime\",\"datePublished\":\"2021-05-10T20:44:53+00:00\",\"mainEntityOfPage\":{\"@id\":\"https:\\\/\\\/www.eloquent-edison.34-239-117-254.plesk.page\\\/?p=1130\"},\"wordCount\":1039,\"commentCount\":0,\"publisher\":{\"@id\":\"https:\\\/\\\/www.34.239.117.254.sslip.io\\\/#organization\"},\"image\":{\"@id\":\"https:\\\/\\\/www.eloquent-edison.34-239-117-254.plesk.page\\\/?p=1130#primaryimage\"},\"thumbnailUrl\":\"https:\\\/\\\/www.ayadvogados.com.br\\\/wp-content\\\/uploads\\\/2021\\\/05\\\/10-05-Blog-1.png\",\"articleSection\":[\"Not\u00edcia do Dia\"],\"inLanguage\":\"pt-BR\",\"potentialAction\":[{\"@type\":\"CommentAction\",\"name\":\"Comment\",\"target\":[\"https:\\\/\\\/www.eloquent-edison.34-239-117-254.plesk.page\\\/?p=1130#respond\"]}]},{\"@type\":\"WebPage\",\"@id\":\"https:\\\/\\\/www.eloquent-edison.34-239-117-254.plesk.page\\\/?p=1130\",\"url\":\"https:\\\/\\\/www.eloquent-edison.34-239-117-254.plesk.page\\\/?p=1130\",\"name\":\"Contribuinte pode perder benef\u00edcio fiscal sem ser condenado por crime - Amaral, Yazbek Advogados\",\"isPartOf\":{\"@id\":\"https:\\\/\\\/www.34.239.117.254.sslip.io\\\/#website\"},\"primaryImageOfPage\":{\"@id\":\"https:\\\/\\\/www.eloquent-edison.34-239-117-254.plesk.page\\\/?p=1130#primaryimage\"},\"image\":{\"@id\":\"https:\\\/\\\/www.eloquent-edison.34-239-117-254.plesk.page\\\/?p=1130#primaryimage\"},\"thumbnailUrl\":\"https:\\\/\\\/www.ayadvogados.com.br\\\/wp-content\\\/uploads\\\/2021\\\/05\\\/10-05-Blog-1.png\",\"datePublished\":\"2021-05-10T20:44:53+00:00\",\"breadcrumb\":{\"@id\":\"https:\\\/\\\/www.eloquent-edison.34-239-117-254.plesk.page\\\/?p=1130#breadcrumb\"},\"inLanguage\":\"pt-BR\",\"potentialAction\":[{\"@type\":\"ReadAction\",\"target\":[\"https:\\\/\\\/www.eloquent-edison.34-239-117-254.plesk.page\\\/?p=1130\"]}]},{\"@type\":\"ImageObject\",\"inLanguage\":\"pt-BR\",\"@id\":\"https:\\\/\\\/www.eloquent-edison.34-239-117-254.plesk.page\\\/?p=1130#primaryimage\",\"url\":\"https:\\\/\\\/www.ayadvogados.com.br\\\/wp-content\\\/uploads\\\/2021\\\/05\\\/10-05-Blog-1.png\",\"contentUrl\":\"https:\\\/\\\/www.ayadvogados.com.br\\\/wp-content\\\/uploads\\\/2021\\\/05\\\/10-05-Blog-1.png\",\"width\":1000,\"height\":620},{\"@type\":\"BreadcrumbList\",\"@id\":\"https:\\\/\\\/www.eloquent-edison.34-239-117-254.plesk.page\\\/?p=1130#breadcrumb\",\"itemListElement\":[{\"@type\":\"ListItem\",\"position\":1,\"name\":\"In\u00edcio\",\"item\":\"https:\\\/\\\/www.34.239.117.254.sslip.io\\\/\"},{\"@type\":\"ListItem\",\"position\":2,\"name\":\"Contribuinte pode perder benef\u00edcio fiscal sem ser condenado por crime\"}]},{\"@type\":\"WebSite\",\"@id\":\"https:\\\/\\\/www.34.239.117.254.sslip.io\\\/#website\",\"url\":\"https:\\\/\\\/www.34.239.117.254.sslip.io\\\/\",\"name\":\"Amaral, Yazbek Advogados\",\"description\":\"Curitiba \u2022 Bras\u00edlia \u2022 S\u00e3o Paulo\",\"publisher\":{\"@id\":\"https:\\\/\\\/www.34.239.117.254.sslip.io\\\/#organization\"},\"potentialAction\":[{\"@type\":\"SearchAction\",\"target\":{\"@type\":\"EntryPoint\",\"urlTemplate\":\"https:\\\/\\\/www.34.239.117.254.sslip.io\\\/?s={search_term_string}\"},\"query-input\":{\"@type\":\"PropertyValueSpecification\",\"valueRequired\":true,\"valueName\":\"search_term_string\"}}],\"inLanguage\":\"pt-BR\"},{\"@type\":\"Organization\",\"@id\":\"https:\\\/\\\/www.34.239.117.254.sslip.io\\\/#organization\",\"name\":\"Amaral, Yazbek Advogados\",\"url\":\"https:\\\/\\\/www.34.239.117.254.sslip.io\\\/\",\"logo\":{\"@type\":\"ImageObject\",\"inLanguage\":\"pt-BR\",\"@id\":\"https:\\\/\\\/www.34.239.117.254.sslip.io\\\/#\\\/schema\\\/logo\\\/image\\\/\",\"url\":\"http:\\\/\\\/34.239.117.254\\\/wp-content\\\/uploads\\\/2021\\\/03\\\/logo-ay-g.png\",\"contentUrl\":\"http:\\\/\\\/34.239.117.254\\\/wp-content\\\/uploads\\\/2021\\\/03\\\/logo-ay-g.png\",\"width\":434,\"height\":106,\"caption\":\"Amaral, Yazbek Advogados\"},\"image\":{\"@id\":\"https:\\\/\\\/www.34.239.117.254.sslip.io\\\/#\\\/schema\\\/logo\\\/image\\\/\"},\"sameAs\":[\"https:\\\/\\\/www.facebook.com\\\/AYadvogados\",\"https:\\\/\\\/www.instagram.com\\\/ayadvogados\\\/\"]},{\"@type\":\"Person\",\"@id\":\"https:\\\/\\\/www.34.239.117.254.sslip.io\\\/#\\\/schema\\\/person\\\/4abfbf03ad3e577e691d333af064a912\",\"name\":\"AY Advogados\",\"image\":{\"@type\":\"ImageObject\",\"inLanguage\":\"pt-BR\",\"@id\":\"https:\\\/\\\/secure.gravatar.com\\\/avatar\\\/1473912b851241f5503026e6156e144dcd83ff7addb67f65e1ed9ca21ee1d9cf?s=96&d=mm&r=g\",\"url\":\"https:\\\/\\\/secure.gravatar.com\\\/avatar\\\/1473912b851241f5503026e6156e144dcd83ff7addb67f65e1ed9ca21ee1d9cf?s=96&d=mm&r=g\",\"contentUrl\":\"https:\\\/\\\/secure.gravatar.com\\\/avatar\\\/1473912b851241f5503026e6156e144dcd83ff7addb67f65e1ed9ca21ee1d9cf?s=96&d=mm&r=g\",\"caption\":\"AY Advogados\"},\"sameAs\":[\"https:\\\/\\\/ayadvogados.com.br\"],\"url\":\"https:\\\/\\\/www.ayadvogados.com.br\\\/?author=2\"}]}<\/script>\n<!-- \/ Yoast SEO plugin. -->","yoast_head_json":{"title":"Contribuinte pode perder benef\u00edcio fiscal sem ser condenado por crime - Amaral, Yazbek Advogados","robots":{"index":"index","follow":"follow","max-snippet":"max-snippet:-1","max-image-preview":"max-image-preview:large","max-video-preview":"max-video-preview:-1"},"canonical":"https:\/\/www.eloquent-edison.34-239-117-254.plesk.page\/?p=1130","og_locale":"pt_BR","og_type":"article","og_title":"Contribuinte pode perder benef\u00edcio fiscal sem ser condenado por crime - Amaral, Yazbek Advogados","og_description":"O Conselho Administrativo de Recursos Fiscais decidiu que o contribuinte pode perder o direito a isen\u00e7\u00f5es e benef\u00edcios fiscais mesmo sem condena\u00e7\u00e3o judicial por crime contra a ordem tribut\u00e1ria. Para os conselheiros da 3\u00aa Turma da C\u00e2mara Superior, \u00faltima inst\u00e2ncia do \u00f3rg\u00e3o, a puni\u00e7\u00e3o pode ocorrer j\u00e1 a partir do momento em que tais atos [&hellip;]","og_url":"https:\/\/www.eloquent-edison.34-239-117-254.plesk.page\/?p=1130","og_site_name":"Amaral, Yazbek Advogados","article_publisher":"https:\/\/www.facebook.com\/AYadvogados","article_published_time":"2021-05-10T20:44:53+00:00","og_image":[{"width":1000,"height":620,"url":"https:\/\/www.eloquent-edison.34-239-117-254.plesk.page\/wp-content\/uploads\/2021\/05\/10-05-Blog-1.png","type":"image\/png"}],"author":"AY Advogados","twitter_card":"summary_large_image","twitter_misc":{"Escrito por":"AY Advogados","Est. tempo de leitura":"5 minutos"},"schema":{"@context":"https:\/\/schema.org","@graph":[{"@type":"Article","@id":"https:\/\/www.eloquent-edison.34-239-117-254.plesk.page\/?p=1130#article","isPartOf":{"@id":"https:\/\/www.eloquent-edison.34-239-117-254.plesk.page\/?p=1130"},"author":{"name":"AY Advogados","@id":"https:\/\/www.34.239.117.254.sslip.io\/#\/schema\/person\/4abfbf03ad3e577e691d333af064a912"},"headline":"Contribuinte pode perder benef\u00edcio fiscal sem ser condenado por crime","datePublished":"2021-05-10T20:44:53+00:00","mainEntityOfPage":{"@id":"https:\/\/www.eloquent-edison.34-239-117-254.plesk.page\/?p=1130"},"wordCount":1039,"commentCount":0,"publisher":{"@id":"https:\/\/www.34.239.117.254.sslip.io\/#organization"},"image":{"@id":"https:\/\/www.eloquent-edison.34-239-117-254.plesk.page\/?p=1130#primaryimage"},"thumbnailUrl":"https:\/\/www.ayadvogados.com.br\/wp-content\/uploads\/2021\/05\/10-05-Blog-1.png","articleSection":["Not\u00edcia do Dia"],"inLanguage":"pt-BR","potentialAction":[{"@type":"CommentAction","name":"Comment","target":["https:\/\/www.eloquent-edison.34-239-117-254.plesk.page\/?p=1130#respond"]}]},{"@type":"WebPage","@id":"https:\/\/www.eloquent-edison.34-239-117-254.plesk.page\/?p=1130","url":"https:\/\/www.eloquent-edison.34-239-117-254.plesk.page\/?p=1130","name":"Contribuinte pode perder benef\u00edcio fiscal sem ser condenado por crime - Amaral, Yazbek Advogados","isPartOf":{"@id":"https:\/\/www.34.239.117.254.sslip.io\/#website"},"primaryImageOfPage":{"@id":"https:\/\/www.eloquent-edison.34-239-117-254.plesk.page\/?p=1130#primaryimage"},"image":{"@id":"https:\/\/www.eloquent-edison.34-239-117-254.plesk.page\/?p=1130#primaryimage"},"thumbnailUrl":"https:\/\/www.ayadvogados.com.br\/wp-content\/uploads\/2021\/05\/10-05-Blog-1.png","datePublished":"2021-05-10T20:44:53+00:00","breadcrumb":{"@id":"https:\/\/www.eloquent-edison.34-239-117-254.plesk.page\/?p=1130#breadcrumb"},"inLanguage":"pt-BR","potentialAction":[{"@type":"ReadAction","target":["https:\/\/www.eloquent-edison.34-239-117-254.plesk.page\/?p=1130"]}]},{"@type":"ImageObject","inLanguage":"pt-BR","@id":"https:\/\/www.eloquent-edison.34-239-117-254.plesk.page\/?p=1130#primaryimage","url":"https:\/\/www.ayadvogados.com.br\/wp-content\/uploads\/2021\/05\/10-05-Blog-1.png","contentUrl":"https:\/\/www.ayadvogados.com.br\/wp-content\/uploads\/2021\/05\/10-05-Blog-1.png","width":1000,"height":620},{"@type":"BreadcrumbList","@id":"https:\/\/www.eloquent-edison.34-239-117-254.plesk.page\/?p=1130#breadcrumb","itemListElement":[{"@type":"ListItem","position":1,"name":"In\u00edcio","item":"https:\/\/www.34.239.117.254.sslip.io\/"},{"@type":"ListItem","position":2,"name":"Contribuinte pode perder benef\u00edcio fiscal sem ser condenado por crime"}]},{"@type":"WebSite","@id":"https:\/\/www.34.239.117.254.sslip.io\/#website","url":"https:\/\/www.34.239.117.254.sslip.io\/","name":"Amaral, Yazbek Advogados","description":"Curitiba \u2022 Bras\u00edlia \u2022 S\u00e3o Paulo","publisher":{"@id":"https:\/\/www.34.239.117.254.sslip.io\/#organization"},"potentialAction":[{"@type":"SearchAction","target":{"@type":"EntryPoint","urlTemplate":"https:\/\/www.34.239.117.254.sslip.io\/?s={search_term_string}"},"query-input":{"@type":"PropertyValueSpecification","valueRequired":true,"valueName":"search_term_string"}}],"inLanguage":"pt-BR"},{"@type":"Organization","@id":"https:\/\/www.34.239.117.254.sslip.io\/#organization","name":"Amaral, Yazbek Advogados","url":"https:\/\/www.34.239.117.254.sslip.io\/","logo":{"@type":"ImageObject","inLanguage":"pt-BR","@id":"https:\/\/www.34.239.117.254.sslip.io\/#\/schema\/logo\/image\/","url":"http:\/\/34.239.117.254\/wp-content\/uploads\/2021\/03\/logo-ay-g.png","contentUrl":"http:\/\/34.239.117.254\/wp-content\/uploads\/2021\/03\/logo-ay-g.png","width":434,"height":106,"caption":"Amaral, Yazbek Advogados"},"image":{"@id":"https:\/\/www.34.239.117.254.sslip.io\/#\/schema\/logo\/image\/"},"sameAs":["https:\/\/www.facebook.com\/AYadvogados","https:\/\/www.instagram.com\/ayadvogados\/"]},{"@type":"Person","@id":"https:\/\/www.34.239.117.254.sslip.io\/#\/schema\/person\/4abfbf03ad3e577e691d333af064a912","name":"AY Advogados","image":{"@type":"ImageObject","inLanguage":"pt-BR","@id":"https:\/\/secure.gravatar.com\/avatar\/1473912b851241f5503026e6156e144dcd83ff7addb67f65e1ed9ca21ee1d9cf?s=96&d=mm&r=g","url":"https:\/\/secure.gravatar.com\/avatar\/1473912b851241f5503026e6156e144dcd83ff7addb67f65e1ed9ca21ee1d9cf?s=96&d=mm&r=g","contentUrl":"https:\/\/secure.gravatar.com\/avatar\/1473912b851241f5503026e6156e144dcd83ff7addb67f65e1ed9ca21ee1d9cf?s=96&d=mm&r=g","caption":"AY Advogados"},"sameAs":["https:\/\/ayadvogados.com.br"],"url":"https:\/\/www.ayadvogados.com.br\/?author=2"}]}},"rttpg_featured_image_url":{"full":["https:\/\/www.ayadvogados.com.br\/wp-content\/uploads\/2021\/05\/10-05-Blog-1.png",1000,620,false],"landscape":["https:\/\/www.ayadvogados.com.br\/wp-content\/uploads\/2021\/05\/10-05-Blog-1.png",1000,620,false],"portraits":["https:\/\/www.ayadvogados.com.br\/wp-content\/uploads\/2021\/05\/10-05-Blog-1.png",1000,620,false],"thumbnail":["https:\/\/www.ayadvogados.com.br\/wp-content\/uploads\/2021\/05\/10-05-Blog-1-150x150.png",150,150,true],"medium":["https:\/\/www.ayadvogados.com.br\/wp-content\/uploads\/2021\/05\/10-05-Blog-1-300x186.png",300,186,true],"large":["https:\/\/www.ayadvogados.com.br\/wp-content\/uploads\/2021\/05\/10-05-Blog-1.png",1000,620,false],"1536x1536":["https:\/\/www.ayadvogados.com.br\/wp-content\/uploads\/2021\/05\/10-05-Blog-1.png",1000,620,false],"2048x2048":["https:\/\/www.ayadvogados.com.br\/wp-content\/uploads\/2021\/05\/10-05-Blog-1.png",1000,620,false]},"rttpg_author":{"display_name":"AY Advogados","author_link":"https:\/\/www.ayadvogados.com.br\/?author=2"},"rttpg_comment":0,"rttpg_category":"<a href=\"https:\/\/www.ayadvogados.com.br\/?cat=1\" rel=\"category\">Not\u00edcia do Dia<\/a>","rttpg_excerpt":"O Conselho Administrativo de Recursos Fiscais decidiu que o contribuinte pode perder o direito a isen\u00e7\u00f5es e benef\u00edcios fiscais mesmo sem condena\u00e7\u00e3o judicial por crime contra a ordem tribut\u00e1ria. Para os conselheiros da 3\u00aa Turma da C\u00e2mara Superior, \u00faltima inst\u00e2ncia do \u00f3rg\u00e3o, a puni\u00e7\u00e3o pode ocorrer j\u00e1 a partir do momento em que tais atos&hellip;","_links":{"self":[{"href":"https:\/\/www.ayadvogados.com.br\/index.php?rest_route=\/wp\/v2\/posts\/1130","targetHints":{"allow":["GET"]}}],"collection":[{"href":"https:\/\/www.ayadvogados.com.br\/index.php?rest_route=\/wp\/v2\/posts"}],"about":[{"href":"https:\/\/www.ayadvogados.com.br\/index.php?rest_route=\/wp\/v2\/types\/post"}],"author":[{"embeddable":true,"href":"https:\/\/www.ayadvogados.com.br\/index.php?rest_route=\/wp\/v2\/users\/2"}],"replies":[{"embeddable":true,"href":"https:\/\/www.ayadvogados.com.br\/index.php?rest_route=%2Fwp%2Fv2%2Fcomments&post=1130"}],"version-history":[{"count":1,"href":"https:\/\/www.ayadvogados.com.br\/index.php?rest_route=\/wp\/v2\/posts\/1130\/revisions"}],"predecessor-version":[{"id":1132,"href":"https:\/\/www.ayadvogados.com.br\/index.php?rest_route=\/wp\/v2\/posts\/1130\/revisions\/1132"}],"wp:featuredmedia":[{"embeddable":true,"href":"https:\/\/www.ayadvogados.com.br\/index.php?rest_route=\/wp\/v2\/media\/1131"}],"wp:attachment":[{"href":"https:\/\/www.ayadvogados.com.br\/index.php?rest_route=%2Fwp%2Fv2%2Fmedia&parent=1130"}],"wp:term":[{"taxonomy":"category","embeddable":true,"href":"https:\/\/www.ayadvogados.com.br\/index.php?rest_route=%2Fwp%2Fv2%2Fcategories&post=1130"},{"taxonomy":"post_tag","embeddable":true,"href":"https:\/\/www.ayadvogados.com.br\/index.php?rest_route=%2Fwp%2Fv2%2Ftags&post=1130"}],"curies":[{"name":"wp","href":"https:\/\/api.w.org\/{rel}","templated":true}]}}