{"id":1115,"date":"2021-05-05T15:20:17","date_gmt":"2021-05-05T18:20:17","guid":{"rendered":"http:\/\/34.239.117.254\/?p=1115"},"modified":"2021-05-05T15:20:17","modified_gmt":"2021-05-05T18:20:17","slug":"supremo-julga-validade-de-patentes-e-pode-fixar-tese-do-seculo-nesta-quarta","status":"publish","type":"post","link":"https:\/\/www.ayadvogados.com.br\/?p=1115","title":{"rendered":"Supremo julga validade de patentes e pode fixar &#8220;tese do s\u00e9culo&#8221; nesta quarta"},"content":{"rendered":"\n<p>O Plen\u00e1rio do Supremo Tribunal Federal prossegue, nesta quarta-feira (5\/5), o julgamento de a\u00e7\u00e3o direta de inconstitucionalidade em que se discute dispositivo da Lei 9.279\/1996 que prorroga prazo de vig\u00eancia de patentes no Brasil.<\/p>\n\n\n\n<p>O julgamento teve in\u00edcio na semana passada com a <a rel=\"noreferrer noopener\" href=\"https:\/\/www.conjur.com.br\/2021-abr-28\/stf-comeca-julgar-acao-fim-extensao-patentes\" target=\"_blank\">manifesta\u00e7\u00e3o das partes<\/a> e de terceiros interessados e leitura de <a rel=\"noreferrer noopener\" href=\"https:\/\/www.conjur.com.br\/2021-abr-29\/dias-toffoli-vota-anular-extensao-automatica-patentes\" target=\"_blank\">parte do voto do relator<\/a>, ministro Dias Toffoli. A sess\u00e3o ser\u00e1 por videoconfer\u00eancia, a partir das 14h.<\/p>\n\n\n\n<p>Na pauta, h\u00e1 outros processos listados, como os embargos de declara\u00e7\u00e3o no recurso extraordin\u00e1rio em que a Advocacia-Geral da Uni\u00e3o (AGU) pede que o STF <a rel=\"noreferrer noopener\" href=\"https:\/\/www.conjur.com.br\/2021-abr-29\/stf-julga-hoje-exclusao-icms-base-calculo-piscofins\" target=\"_blank\">module a decis\u00e3o<\/a> de que o ICMS n\u00e3o integra a base de c\u00e1lculo do PIS\/Cofins, para que os efeitos s\u00f3 passem a valer a partir da data do julgamento do recurso. A modula\u00e7\u00e3o est\u00e1 sendo chamada de &#8220;tese do s\u00e9culo&#8221; por tributaristas, pois deve ter impacto de at\u00e9 R$ 250 bilh\u00f5es nos cofres p\u00fablicos.<\/p>\n\n\n\n<p>A sess\u00e3o pode ser acompanhada ao vivo pela <a href=\"http:\/\/www.tvjustica.jus.br\/\" target=\"_blank\" rel=\"noreferrer noopener\">TV Justi\u00e7a<\/a>, pela <a href=\"https:\/\/bit.ly\/3diVQ3t\" target=\"_blank\" rel=\"noreferrer noopener\">R\u00e1dio Justi\u00e7a<\/a> e pelo canal do STF no <a target=\"_blank\" rel=\"noreferrer noopener\">YouTube<\/a>.<\/p>\n\n\n\n<p>Confira, abaixo, a lista completa da pauta de&nbsp;julgamento:<\/p>\n\n\n\n<p><strong>A\u00e7\u00e3o Direta de Inconstitucionalidade (ADI) 5.529<\/strong><br>Relator: ministro Dias Toffoli<br>Procurador-geral da Rep\u00fablica x Presidente da Rep\u00fablica e Congresso Nacional<br>A\u00e7\u00e3o contra o artigo 40, par\u00e1grafo \u00fanico, da Lei de Patentes (Lei 9.279\/1996), segundo o qual o prazo de vig\u00eancia da patente n\u00e3o ser\u00e1 inferior a 10 anos para inven\u00e7\u00e3o e a sete anos para modelo de utilidade. A PGR argumenta que a norma, ao inv\u00e9s de promover condu\u00e7\u00e3o c\u00e9lere e eficiente dos processos administrativos, admite e, de certa forma, estimula o prolongamento exacerbado do exame de pedido de patente. O ministro Toffoli, em recente decis\u00e3o liminar, suspendeu a aplica\u00e7\u00e3o da prorroga\u00e7\u00e3o de prazo \u00e0s patentes, mesmo que pendentes, de produtos farmac\u00eauticos e materiais de sa\u00fade que s\u00f3 poder\u00e3o vigorar por 15 anos (modelo de utilidade) e 20 anos (inven\u00e7\u00e3o). Saiba mais <a href=\"http:\/\/portal.stf.jus.br\/noticias\/verNoticiaDetalhe.asp\" target=\"_blank\" rel=\"noreferrer noopener\">aqui<\/a>.<\/p>\n\n\n\n<p><strong>Recurso Extraordin\u00e1rio (RE) 574.706 &#8211; Embargos de declara\u00e7\u00e3o&nbsp;<\/strong><br>Relatora: ministra C\u00e1rmen L\u00facia<br>Uni\u00e3o x Imcopa Importa\u00e7\u00e3o, Exporta\u00e7\u00e3o e Ind\u00fastria de \u00d3leos Ltda.<br>Embargos de declara\u00e7\u00e3o em que a Uni\u00e3o pede que o STF defina a partir de quando come\u00e7a a valer a decis\u00e3o de que o ICMS n\u00e3o integra a base de c\u00e1lculo das duas contribui\u00e7\u00f5es, destinadas ao financiamento da seguridade social. No julgamento, o Tribunal fixou a seguinte tese de repercuss\u00e3o geral: &#8220;O ICMS n\u00e3o comp\u00f5e a base de c\u00e1lculo para a incid\u00eancia do PIS e da Cofins&#8221;. Saiba mais <a href=\"https:\/\/bit.ly\/3nv7WKb\" target=\"_blank\" rel=\"noreferrer noopener\">aqui<\/a>.<\/p>\n\n\n\n<p><strong>Recurso Extraordin\u00e1rio (RE) 999.435<\/strong><br>Relator: ministro Marco Aur\u00e9lio<br>Embraer x Sindicato dos Metal\u00fargicos de S\u00e3o Jos\u00e9 dos Campos (SP) e Regi\u00e3o<br>Recurso em que se discute a necessidade de negocia\u00e7\u00e3o coletiva para a dispensa em massa de trabalhadores. O processo entrou em julgamento no Plen\u00e1rio Virtual, mas foi retirado por pedido de destaque do ministro Dias Toffoli. <em>Com informa\u00e7\u00f5es da assessoria de imprensa do Supremo Tribunal Federal.<\/em><\/p>\n\n\n\n<p>Fonte: <a href=\"https:\/\/www.conjur.com.br\/2021-mai-05\/supremo-julga-patentes-fixar-tese-seculo-nesta-quarta\" data-type=\"URL\" data-id=\"https:\/\/www.conjur.com.br\/2021-mai-05\/supremo-julga-patentes-fixar-tese-seculo-nesta-quarta\" target=\"_blank\" rel=\"noreferrer noopener\">ConJur<\/a><\/p>\n\n\n\n<p>A Amaral, Yazbek, OAB\/PR 762, possui 35 anos de experi\u00eancia auxiliando empresas a transformar a tributa\u00e7\u00e3o em lucro. Entre em contato com um dos s\u00f3cios para agendamento de reuni\u00e3o em caso de d\u00favidas.<\/p>\n\n\n\n<p>Contato: 41 3595-8300 ou pelo nosso WhatsApp 41 99567-5696<\/p>\n\n\n\n<p>Av. C\u00e2ndido Hartmann, 50 \u2013 Bigorrilho | Curitiba-PR<\/p>\n\n\n\n<p>Assine nossa Newsletter e fique por dentro das novidades!<\/p>\n\n\n\n<p>Quer receber seu exemplar da revista Governan\u00e7a Jur\u00eddica? Clique <a href=\"http:\/\/ayadvogados.com.br\/revista\">aqui<\/a>&nbsp;e pe\u00e7a a sua.<\/p>\n\n\n\n<p>Nos acompanhe nas redes sociais: <a href=\"https:\/\/www.facebook.com\/amaral.yazbek\">Facebook<\/a>&nbsp;| <a href=\"https:\/\/www.instagram.com\/amaral.yazbek\/\">Instagram<\/a> | <a href=\"https:\/\/www.linkedin.com\/company\/3357082\/admin\/\">Linkedin<\/a><\/p>\n\n\n\n<p>J\u00e1 conhece o canal Direito da Intelig\u00eancia de Neg\u00f3cios? <a href=\"https:\/\/www.youtube.com\/channel\/UCu2Mpu32ht8DEN8OFRXYMyw\">Inscreva-se j\u00e1<\/a><\/p>\n","protected":false},"excerpt":{"rendered":"<p>O Plen\u00e1rio do Supremo Tribunal Federal prossegue, nesta quarta-feira (5\/5), o julgamento de a\u00e7\u00e3o direta de inconstitucionalidade em que se discute dispositivo da Lei 9.279\/1996 que prorroga prazo de vig\u00eancia de patentes no Brasil. O julgamento teve in\u00edcio na semana passada com a manifesta\u00e7\u00e3o das partes e de terceiros interessados e leitura de parte do [&hellip;]<\/p>\n","protected":false},"author":2,"featured_media":1116,"comment_status":"open","ping_status":"open","sticky":false,"template":"","format":"standard","meta":{"footnotes":""},"categories":[1],"tags":[],"class_list":["post-1115","post","type-post","status-publish","format-standard","has-post-thumbnail","hentry","category-noticia-do-dia"],"blocksy_meta":{"styles_descriptor":{"styles":{"desktop":"","tablet":"","mobile":""},"google_fonts":[],"version":6}},"yoast_head":"<!-- This site is optimized with the Yoast SEO plugin v27.5 - https:\/\/yoast.com\/product\/yoast-seo-wordpress\/ -->\n<title>Supremo julga validade de patentes e pode fixar &quot;tese do s\u00e9culo&quot; nesta quarta - Amaral, Yazbek Advogados<\/title>\n<meta name=\"robots\" content=\"index, follow, max-snippet:-1, max-image-preview:large, max-video-preview:-1\" \/>\n<link rel=\"canonical\" href=\"https:\/\/www.34.239.117.254.sslip.io\/?p=1115\" \/>\n<meta property=\"og:locale\" content=\"pt_BR\" \/>\n<meta property=\"og:type\" content=\"article\" \/>\n<meta property=\"og:title\" content=\"Supremo julga validade de patentes e pode fixar &quot;tese do s\u00e9culo&quot; nesta quarta - Amaral, Yazbek Advogados\" \/>\n<meta property=\"og:description\" content=\"O Plen\u00e1rio do Supremo Tribunal Federal prossegue, nesta quarta-feira (5\/5), o julgamento de a\u00e7\u00e3o direta de inconstitucionalidade em que se discute dispositivo da Lei 9.279\/1996 que prorroga prazo de vig\u00eancia de patentes no Brasil. O julgamento teve in\u00edcio na semana passada com a manifesta\u00e7\u00e3o das partes e de terceiros interessados e leitura de parte do [&hellip;]\" \/>\n<meta property=\"og:url\" content=\"https:\/\/www.34.239.117.254.sslip.io\/?p=1115\" \/>\n<meta property=\"og:site_name\" content=\"Amaral, Yazbek Advogados\" \/>\n<meta property=\"article:publisher\" content=\"https:\/\/www.facebook.com\/AYadvogados\" \/>\n<meta property=\"article:published_time\" content=\"2021-05-05T18:20:17+00:00\" \/>\n<meta property=\"og:image\" content=\"https:\/\/www.34.239.117.254.sslip.io\/wp-content\/uploads\/2021\/05\/05-05-Blog.png\" \/>\n\t<meta property=\"og:image:width\" content=\"1000\" \/>\n\t<meta property=\"og:image:height\" content=\"620\" \/>\n\t<meta property=\"og:image:type\" content=\"image\/png\" \/>\n<meta name=\"author\" content=\"AY Advogados\" \/>\n<meta name=\"twitter:card\" content=\"summary_large_image\" \/>\n<meta name=\"twitter:label1\" content=\"Escrito por\" \/>\n\t<meta name=\"twitter:data1\" content=\"AY Advogados\" \/>\n\t<meta name=\"twitter:label2\" content=\"Est. tempo de leitura\" \/>\n\t<meta name=\"twitter:data2\" content=\"3 minutos\" \/>\n<script type=\"application\/ld+json\" class=\"yoast-schema-graph\">{\"@context\":\"https:\\\/\\\/schema.org\",\"@graph\":[{\"@type\":\"Article\",\"@id\":\"https:\\\/\\\/www.34.239.117.254.sslip.io\\\/?p=1115#article\",\"isPartOf\":{\"@id\":\"https:\\\/\\\/www.34.239.117.254.sslip.io\\\/?p=1115\"},\"author\":{\"name\":\"AY Advogados\",\"@id\":\"https:\\\/\\\/www.34.239.117.254.sslip.io\\\/#\\\/schema\\\/person\\\/4abfbf03ad3e577e691d333af064a912\"},\"headline\":\"Supremo julga validade de patentes e pode fixar &#8220;tese do s\u00e9culo&#8221; nesta quarta\",\"datePublished\":\"2021-05-05T18:20:17+00:00\",\"mainEntityOfPage\":{\"@id\":\"https:\\\/\\\/www.34.239.117.254.sslip.io\\\/?p=1115\"},\"wordCount\":639,\"commentCount\":0,\"publisher\":{\"@id\":\"https:\\\/\\\/www.34.239.117.254.sslip.io\\\/#organization\"},\"image\":{\"@id\":\"https:\\\/\\\/www.34.239.117.254.sslip.io\\\/?p=1115#primaryimage\"},\"thumbnailUrl\":\"https:\\\/\\\/www.ayadvogados.com.br\\\/wp-content\\\/uploads\\\/2021\\\/05\\\/05-05-Blog.png\",\"articleSection\":[\"Not\u00edcia do Dia\"],\"inLanguage\":\"pt-BR\",\"potentialAction\":[{\"@type\":\"CommentAction\",\"name\":\"Comment\",\"target\":[\"https:\\\/\\\/www.34.239.117.254.sslip.io\\\/?p=1115#respond\"]}]},{\"@type\":\"WebPage\",\"@id\":\"https:\\\/\\\/www.34.239.117.254.sslip.io\\\/?p=1115\",\"url\":\"https:\\\/\\\/www.34.239.117.254.sslip.io\\\/?p=1115\",\"name\":\"Supremo julga validade de patentes e pode fixar \\\"tese do s\u00e9culo\\\" nesta quarta - Amaral, Yazbek Advogados\",\"isPartOf\":{\"@id\":\"https:\\\/\\\/www.34.239.117.254.sslip.io\\\/#website\"},\"primaryImageOfPage\":{\"@id\":\"https:\\\/\\\/www.34.239.117.254.sslip.io\\\/?p=1115#primaryimage\"},\"image\":{\"@id\":\"https:\\\/\\\/www.34.239.117.254.sslip.io\\\/?p=1115#primaryimage\"},\"thumbnailUrl\":\"https:\\\/\\\/www.ayadvogados.com.br\\\/wp-content\\\/uploads\\\/2021\\\/05\\\/05-05-Blog.png\",\"datePublished\":\"2021-05-05T18:20:17+00:00\",\"breadcrumb\":{\"@id\":\"https:\\\/\\\/www.34.239.117.254.sslip.io\\\/?p=1115#breadcrumb\"},\"inLanguage\":\"pt-BR\",\"potentialAction\":[{\"@type\":\"ReadAction\",\"target\":[\"https:\\\/\\\/www.34.239.117.254.sslip.io\\\/?p=1115\"]}]},{\"@type\":\"ImageObject\",\"inLanguage\":\"pt-BR\",\"@id\":\"https:\\\/\\\/www.34.239.117.254.sslip.io\\\/?p=1115#primaryimage\",\"url\":\"https:\\\/\\\/www.ayadvogados.com.br\\\/wp-content\\\/uploads\\\/2021\\\/05\\\/05-05-Blog.png\",\"contentUrl\":\"https:\\\/\\\/www.ayadvogados.com.br\\\/wp-content\\\/uploads\\\/2021\\\/05\\\/05-05-Blog.png\",\"width\":1000,\"height\":620},{\"@type\":\"BreadcrumbList\",\"@id\":\"https:\\\/\\\/www.34.239.117.254.sslip.io\\\/?p=1115#breadcrumb\",\"itemListElement\":[{\"@type\":\"ListItem\",\"position\":1,\"name\":\"In\u00edcio\",\"item\":\"https:\\\/\\\/www.34.239.117.254.sslip.io\\\/\"},{\"@type\":\"ListItem\",\"position\":2,\"name\":\"Supremo julga validade de patentes e pode fixar &#8220;tese do s\u00e9culo&#8221; nesta quarta\"}]},{\"@type\":\"WebSite\",\"@id\":\"https:\\\/\\\/www.34.239.117.254.sslip.io\\\/#website\",\"url\":\"https:\\\/\\\/www.34.239.117.254.sslip.io\\\/\",\"name\":\"Amaral, Yazbek Advogados\",\"description\":\"Curitiba \u2022 Bras\u00edlia \u2022 S\u00e3o Paulo\",\"publisher\":{\"@id\":\"https:\\\/\\\/www.34.239.117.254.sslip.io\\\/#organization\"},\"potentialAction\":[{\"@type\":\"SearchAction\",\"target\":{\"@type\":\"EntryPoint\",\"urlTemplate\":\"https:\\\/\\\/www.34.239.117.254.sslip.io\\\/?s={search_term_string}\"},\"query-input\":{\"@type\":\"PropertyValueSpecification\",\"valueRequired\":true,\"valueName\":\"search_term_string\"}}],\"inLanguage\":\"pt-BR\"},{\"@type\":\"Organization\",\"@id\":\"https:\\\/\\\/www.34.239.117.254.sslip.io\\\/#organization\",\"name\":\"Amaral, Yazbek Advogados\",\"url\":\"https:\\\/\\\/www.34.239.117.254.sslip.io\\\/\",\"logo\":{\"@type\":\"ImageObject\",\"inLanguage\":\"pt-BR\",\"@id\":\"https:\\\/\\\/www.34.239.117.254.sslip.io\\\/#\\\/schema\\\/logo\\\/image\\\/\",\"url\":\"http:\\\/\\\/34.239.117.254\\\/wp-content\\\/uploads\\\/2021\\\/03\\\/logo-ay-g.png\",\"contentUrl\":\"http:\\\/\\\/34.239.117.254\\\/wp-content\\\/uploads\\\/2021\\\/03\\\/logo-ay-g.png\",\"width\":434,\"height\":106,\"caption\":\"Amaral, Yazbek Advogados\"},\"image\":{\"@id\":\"https:\\\/\\\/www.34.239.117.254.sslip.io\\\/#\\\/schema\\\/logo\\\/image\\\/\"},\"sameAs\":[\"https:\\\/\\\/www.facebook.com\\\/AYadvogados\",\"https:\\\/\\\/www.instagram.com\\\/ayadvogados\\\/\"]},{\"@type\":\"Person\",\"@id\":\"https:\\\/\\\/www.34.239.117.254.sslip.io\\\/#\\\/schema\\\/person\\\/4abfbf03ad3e577e691d333af064a912\",\"name\":\"AY Advogados\",\"image\":{\"@type\":\"ImageObject\",\"inLanguage\":\"pt-BR\",\"@id\":\"https:\\\/\\\/secure.gravatar.com\\\/avatar\\\/1473912b851241f5503026e6156e144dcd83ff7addb67f65e1ed9ca21ee1d9cf?s=96&d=mm&r=g\",\"url\":\"https:\\\/\\\/secure.gravatar.com\\\/avatar\\\/1473912b851241f5503026e6156e144dcd83ff7addb67f65e1ed9ca21ee1d9cf?s=96&d=mm&r=g\",\"contentUrl\":\"https:\\\/\\\/secure.gravatar.com\\\/avatar\\\/1473912b851241f5503026e6156e144dcd83ff7addb67f65e1ed9ca21ee1d9cf?s=96&d=mm&r=g\",\"caption\":\"AY Advogados\"},\"sameAs\":[\"https:\\\/\\\/ayadvogados.com.br\"],\"url\":\"https:\\\/\\\/www.ayadvogados.com.br\\\/?author=2\"}]}<\/script>\n<!-- \/ Yoast SEO plugin. -->","yoast_head_json":{"title":"Supremo julga validade de patentes e pode fixar \"tese do s\u00e9culo\" nesta quarta - Amaral, Yazbek Advogados","robots":{"index":"index","follow":"follow","max-snippet":"max-snippet:-1","max-image-preview":"max-image-preview:large","max-video-preview":"max-video-preview:-1"},"canonical":"https:\/\/www.34.239.117.254.sslip.io\/?p=1115","og_locale":"pt_BR","og_type":"article","og_title":"Supremo julga validade de patentes e pode fixar \"tese do s\u00e9culo\" nesta quarta - Amaral, Yazbek Advogados","og_description":"O Plen\u00e1rio do Supremo Tribunal Federal prossegue, nesta quarta-feira (5\/5), o julgamento de a\u00e7\u00e3o direta de inconstitucionalidade em que se discute dispositivo da Lei 9.279\/1996 que prorroga prazo de vig\u00eancia de patentes no Brasil. O julgamento teve in\u00edcio na semana passada com a manifesta\u00e7\u00e3o das partes e de terceiros interessados e leitura de parte do [&hellip;]","og_url":"https:\/\/www.34.239.117.254.sslip.io\/?p=1115","og_site_name":"Amaral, Yazbek Advogados","article_publisher":"https:\/\/www.facebook.com\/AYadvogados","article_published_time":"2021-05-05T18:20:17+00:00","og_image":[{"width":1000,"height":620,"url":"https:\/\/www.34.239.117.254.sslip.io\/wp-content\/uploads\/2021\/05\/05-05-Blog.png","type":"image\/png"}],"author":"AY Advogados","twitter_card":"summary_large_image","twitter_misc":{"Escrito por":"AY Advogados","Est. tempo de leitura":"3 minutos"},"schema":{"@context":"https:\/\/schema.org","@graph":[{"@type":"Article","@id":"https:\/\/www.34.239.117.254.sslip.io\/?p=1115#article","isPartOf":{"@id":"https:\/\/www.34.239.117.254.sslip.io\/?p=1115"},"author":{"name":"AY Advogados","@id":"https:\/\/www.34.239.117.254.sslip.io\/#\/schema\/person\/4abfbf03ad3e577e691d333af064a912"},"headline":"Supremo julga validade de patentes e pode fixar &#8220;tese do s\u00e9culo&#8221; nesta quarta","datePublished":"2021-05-05T18:20:17+00:00","mainEntityOfPage":{"@id":"https:\/\/www.34.239.117.254.sslip.io\/?p=1115"},"wordCount":639,"commentCount":0,"publisher":{"@id":"https:\/\/www.34.239.117.254.sslip.io\/#organization"},"image":{"@id":"https:\/\/www.34.239.117.254.sslip.io\/?p=1115#primaryimage"},"thumbnailUrl":"https:\/\/www.ayadvogados.com.br\/wp-content\/uploads\/2021\/05\/05-05-Blog.png","articleSection":["Not\u00edcia do Dia"],"inLanguage":"pt-BR","potentialAction":[{"@type":"CommentAction","name":"Comment","target":["https:\/\/www.34.239.117.254.sslip.io\/?p=1115#respond"]}]},{"@type":"WebPage","@id":"https:\/\/www.34.239.117.254.sslip.io\/?p=1115","url":"https:\/\/www.34.239.117.254.sslip.io\/?p=1115","name":"Supremo julga validade de patentes e pode fixar \"tese do s\u00e9culo\" nesta quarta - Amaral, Yazbek Advogados","isPartOf":{"@id":"https:\/\/www.34.239.117.254.sslip.io\/#website"},"primaryImageOfPage":{"@id":"https:\/\/www.34.239.117.254.sslip.io\/?p=1115#primaryimage"},"image":{"@id":"https:\/\/www.34.239.117.254.sslip.io\/?p=1115#primaryimage"},"thumbnailUrl":"https:\/\/www.ayadvogados.com.br\/wp-content\/uploads\/2021\/05\/05-05-Blog.png","datePublished":"2021-05-05T18:20:17+00:00","breadcrumb":{"@id":"https:\/\/www.34.239.117.254.sslip.io\/?p=1115#breadcrumb"},"inLanguage":"pt-BR","potentialAction":[{"@type":"ReadAction","target":["https:\/\/www.34.239.117.254.sslip.io\/?p=1115"]}]},{"@type":"ImageObject","inLanguage":"pt-BR","@id":"https:\/\/www.34.239.117.254.sslip.io\/?p=1115#primaryimage","url":"https:\/\/www.ayadvogados.com.br\/wp-content\/uploads\/2021\/05\/05-05-Blog.png","contentUrl":"https:\/\/www.ayadvogados.com.br\/wp-content\/uploads\/2021\/05\/05-05-Blog.png","width":1000,"height":620},{"@type":"BreadcrumbList","@id":"https:\/\/www.34.239.117.254.sslip.io\/?p=1115#breadcrumb","itemListElement":[{"@type":"ListItem","position":1,"name":"In\u00edcio","item":"https:\/\/www.34.239.117.254.sslip.io\/"},{"@type":"ListItem","position":2,"name":"Supremo julga validade de patentes e pode fixar &#8220;tese do s\u00e9culo&#8221; nesta quarta"}]},{"@type":"WebSite","@id":"https:\/\/www.34.239.117.254.sslip.io\/#website","url":"https:\/\/www.34.239.117.254.sslip.io\/","name":"Amaral, Yazbek Advogados","description":"Curitiba \u2022 Bras\u00edlia \u2022 S\u00e3o Paulo","publisher":{"@id":"https:\/\/www.34.239.117.254.sslip.io\/#organization"},"potentialAction":[{"@type":"SearchAction","target":{"@type":"EntryPoint","urlTemplate":"https:\/\/www.34.239.117.254.sslip.io\/?s={search_term_string}"},"query-input":{"@type":"PropertyValueSpecification","valueRequired":true,"valueName":"search_term_string"}}],"inLanguage":"pt-BR"},{"@type":"Organization","@id":"https:\/\/www.34.239.117.254.sslip.io\/#organization","name":"Amaral, Yazbek Advogados","url":"https:\/\/www.34.239.117.254.sslip.io\/","logo":{"@type":"ImageObject","inLanguage":"pt-BR","@id":"https:\/\/www.34.239.117.254.sslip.io\/#\/schema\/logo\/image\/","url":"http:\/\/34.239.117.254\/wp-content\/uploads\/2021\/03\/logo-ay-g.png","contentUrl":"http:\/\/34.239.117.254\/wp-content\/uploads\/2021\/03\/logo-ay-g.png","width":434,"height":106,"caption":"Amaral, Yazbek Advogados"},"image":{"@id":"https:\/\/www.34.239.117.254.sslip.io\/#\/schema\/logo\/image\/"},"sameAs":["https:\/\/www.facebook.com\/AYadvogados","https:\/\/www.instagram.com\/ayadvogados\/"]},{"@type":"Person","@id":"https:\/\/www.34.239.117.254.sslip.io\/#\/schema\/person\/4abfbf03ad3e577e691d333af064a912","name":"AY Advogados","image":{"@type":"ImageObject","inLanguage":"pt-BR","@id":"https:\/\/secure.gravatar.com\/avatar\/1473912b851241f5503026e6156e144dcd83ff7addb67f65e1ed9ca21ee1d9cf?s=96&d=mm&r=g","url":"https:\/\/secure.gravatar.com\/avatar\/1473912b851241f5503026e6156e144dcd83ff7addb67f65e1ed9ca21ee1d9cf?s=96&d=mm&r=g","contentUrl":"https:\/\/secure.gravatar.com\/avatar\/1473912b851241f5503026e6156e144dcd83ff7addb67f65e1ed9ca21ee1d9cf?s=96&d=mm&r=g","caption":"AY Advogados"},"sameAs":["https:\/\/ayadvogados.com.br"],"url":"https:\/\/www.ayadvogados.com.br\/?author=2"}]}},"rttpg_featured_image_url":{"full":["https:\/\/www.ayadvogados.com.br\/wp-content\/uploads\/2021\/05\/05-05-Blog.png",1000,620,false],"landscape":["https:\/\/www.ayadvogados.com.br\/wp-content\/uploads\/2021\/05\/05-05-Blog.png",1000,620,false],"portraits":["https:\/\/www.ayadvogados.com.br\/wp-content\/uploads\/2021\/05\/05-05-Blog.png",1000,620,false],"thumbnail":["https:\/\/www.ayadvogados.com.br\/wp-content\/uploads\/2021\/05\/05-05-Blog-150x150.png",150,150,true],"medium":["https:\/\/www.ayadvogados.com.br\/wp-content\/uploads\/2021\/05\/05-05-Blog-300x186.png",300,186,true],"large":["https:\/\/www.ayadvogados.com.br\/wp-content\/uploads\/2021\/05\/05-05-Blog.png",1000,620,false],"1536x1536":["https:\/\/www.ayadvogados.com.br\/wp-content\/uploads\/2021\/05\/05-05-Blog.png",1000,620,false],"2048x2048":["https:\/\/www.ayadvogados.com.br\/wp-content\/uploads\/2021\/05\/05-05-Blog.png",1000,620,false]},"rttpg_author":{"display_name":"AY Advogados","author_link":"https:\/\/www.ayadvogados.com.br\/?author=2"},"rttpg_comment":0,"rttpg_category":"<a href=\"https:\/\/www.ayadvogados.com.br\/?cat=1\" rel=\"category\">Not\u00edcia do Dia<\/a>","rttpg_excerpt":"O Plen\u00e1rio do Supremo Tribunal Federal prossegue, nesta quarta-feira (5\/5), o julgamento de a\u00e7\u00e3o direta de inconstitucionalidade em que se discute dispositivo da Lei 9.279\/1996 que prorroga prazo de vig\u00eancia de patentes no Brasil. O julgamento teve in\u00edcio na semana passada com a manifesta\u00e7\u00e3o das partes e de terceiros interessados e leitura de parte do&hellip;","_links":{"self":[{"href":"https:\/\/www.ayadvogados.com.br\/index.php?rest_route=\/wp\/v2\/posts\/1115","targetHints":{"allow":["GET"]}}],"collection":[{"href":"https:\/\/www.ayadvogados.com.br\/index.php?rest_route=\/wp\/v2\/posts"}],"about":[{"href":"https:\/\/www.ayadvogados.com.br\/index.php?rest_route=\/wp\/v2\/types\/post"}],"author":[{"embeddable":true,"href":"https:\/\/www.ayadvogados.com.br\/index.php?rest_route=\/wp\/v2\/users\/2"}],"replies":[{"embeddable":true,"href":"https:\/\/www.ayadvogados.com.br\/index.php?rest_route=%2Fwp%2Fv2%2Fcomments&post=1115"}],"version-history":[{"count":1,"href":"https:\/\/www.ayadvogados.com.br\/index.php?rest_route=\/wp\/v2\/posts\/1115\/revisions"}],"predecessor-version":[{"id":1117,"href":"https:\/\/www.ayadvogados.com.br\/index.php?rest_route=\/wp\/v2\/posts\/1115\/revisions\/1117"}],"wp:featuredmedia":[{"embeddable":true,"href":"https:\/\/www.ayadvogados.com.br\/index.php?rest_route=\/wp\/v2\/media\/1116"}],"wp:attachment":[{"href":"https:\/\/www.ayadvogados.com.br\/index.php?rest_route=%2Fwp%2Fv2%2Fmedia&parent=1115"}],"wp:term":[{"taxonomy":"category","embeddable":true,"href":"https:\/\/www.ayadvogados.com.br\/index.php?rest_route=%2Fwp%2Fv2%2Fcategories&post=1115"},{"taxonomy":"post_tag","embeddable":true,"href":"https:\/\/www.ayadvogados.com.br\/index.php?rest_route=%2Fwp%2Fv2%2Ftags&post=1115"}],"curies":[{"name":"wp","href":"https:\/\/api.w.org\/{rel}","templated":true}]}}