{"id":1112,"date":"2021-05-04T14:24:58","date_gmt":"2021-05-04T17:24:58","guid":{"rendered":"http:\/\/34.239.117.254\/?p=1112"},"modified":"2021-05-04T14:24:58","modified_gmt":"2021-05-04T17:24:58","slug":"empresas-pedem-refis-mas-entidade-se-preocupa-com-devedor-contumaz","status":"publish","type":"post","link":"https:\/\/www.ayadvogados.com.br\/?p=1112","title":{"rendered":"Empresas pedem Refis, mas entidade se preocupa com devedor contumaz"},"content":{"rendered":"\n<p>Projetos de parcelamentos tribut\u00e1rios voltaram ao foco do Congresso Nacional. Setores empresariais como a ind\u00fastria e o com\u00e9rcio v\u00eam articulando com os parlamentares pela necessidade urgente de um al\u00edvio tribut\u00e1rio para as empresas prejudicadas pelo agravamento da crise econ\u00f4mica trazida pela longevidade da pandemia da Covid-19 no Brasil. No entanto, h\u00e1 preocupa\u00e7\u00e3o de entidades como o Instituto Brasileiro de \u00c9tica Concorrencial (ETCO) sobre como um \u201cnovo Refis\u201d pode beneficiar os chamados devedores contumazes de tributos.<\/p>\n\n\n\n<p>Segundo especialistas consultados pelo JOTA, um dos projetos que tem chances de movimenta\u00e7\u00e3o \u00e9 o <a rel=\"noreferrer noopener\" href=\"https:\/\/www25.senado.leg.br\/web\/atividade\/materias\/-\/materia\/144949\" target=\"_blank\">PL 4728\/2020<\/a>, de autoria do atual presidente do Senado, Rodrigo Pacheco (DEM-MG). Esse projeto reabre o prazo de ades\u00e3o ao Programa Especial de Regulariza\u00e7\u00e3o Tribut\u00e1ria (Pert) com ajustes nos prazos e modalidades de pagamento.<\/p>\n\n\n\n<p>A esperan\u00e7a no projeto se deu depois que o presidente do Senado, Rodrigo Pacheco, anunciou que a Casa poderia votar algum parcelamento nos pr\u00f3ximos meses. Desde ent\u00e3o, o PL 4728\/2020, proposto pelo democrata e relatado pelo l\u00edder do governo no Senado, Fernando Bezerra (MDB-PE), voltou ao foco das aten\u00e7\u00f5es de setores empresariais e dos parlamentares. Por\u00e9m, ainda n\u00e3o h\u00e1 parecer do relator sobre a proposta e, enquanto isso, n\u00e3o \u00e9 poss\u00edvel pensar em vota\u00e7\u00e3o. O Aprov\u00f4metro do JOTA indica 21,6% de chances de o PL ser aprovado.<\/p>\n\n\n\n<p>O PL 4728\/2020 reabre o Pert e traz algumas novidades em rela\u00e7\u00e3o ao programa de 2017, como, por exemplo, redu\u00e7\u00e3o da entrada m\u00ednima de 20% para 5% do valor da d\u00edvida consolidada. Al\u00e9m disso, a d\u00edvida tribut\u00e1ria pode ser parcelada em at\u00e9 175 parcelas mensais, e h\u00e1 redu\u00e7\u00e3o de 100% das multas, juros e encargos legais. Assim como o Pert de 2017, \u00e9 poss\u00edvel usar preju\u00edzo fiscal e saldo negativo de CSLL, desde que limitado a R$ 15 milh\u00f5es.<\/p>\n\n\n\n<p>O projeto agrada tributaristas consultados pelo JOTA. Para eles, o Pert foi um programa bem-sucedido no passado, e, neste momento de crise econ\u00f4mica, programas de parcelamento de d\u00edvidas tribut\u00e1rias s\u00e3o essenciais para a sobreviv\u00eancia das empresas e manuten\u00e7\u00e3o de empregos. Principalmente porque o Pert permite o uso do preju\u00edzo fiscal e saldo negativo, de modo que as empresas podem quitar d\u00edvidas fiscais sem alterar o fluxo de caixa.<\/p>\n\n\n\n<p>No entanto, na an\u00e1lise de Edson Vismona, presidente do ETCO, um dos pontos de preocupa\u00e7\u00e3o \u00e9 o devedor contumaz. O projeto n\u00e3o diferencia os devedores ocasionais, lesados pela pandemia da Covid-19, daqueles que n\u00e3o pagam tributos e prejudicam a concorr\u00eancia no Brasil. Para Vismona, um programa de parcelamento de d\u00edvidas fiscais deve ocorrer por conta da pandemia, mas com alguns cuidados de modo a evitar a cria\u00e7\u00e3o de uma situa\u00e7\u00e3o desleal entre concorrentes.<\/p>\n\n\n\n<p>\u201cVoc\u00ea precisa ter filtros que n\u00e3o prejudiquem os bons [pagadores]. Esse \u00e9 o nosso desafio. Por exemplo, quem tiver d\u00e9bitos acima de R$ 15 milh\u00f5es e que n\u00e3o tenha cumprido pelo menos dois parcelamentos anteriores, n\u00e3o poder\u00e1 participar dessa proposta. \u00c9 uma ideia, n\u00e3o temos isso claro\u201d.<\/p>\n\n\n\n<p>Na opini\u00e3o de Vismona, a preocupa\u00e7\u00e3o n\u00e3o existiria caso o Congresso Nacional j\u00e1 tivesse aprovado projetos de lei que qualificam o devedor contumaz. Segundo ele, se houvesse a defini\u00e7\u00e3o clara sobre o devedor contumaz nas leis brasileiras, os projetos de refis poderiam trazer algum artigo remetendo \u00e0 lei sobre o devedor contumaz e excluindo esses perfis nocivos \u00e0 concorr\u00eancia.<\/p>\n\n\n\n<p>Atualmente, existem dois projetos em discuss\u00e3o sobre o tema: o <a href=\"https:\/\/www.camara.leg.br\/proposicoesWeb\/fichadetramitacao?idProposicao=2194879\" target=\"_blank\" rel=\"noreferrer noopener\">PL 1646\/2019<\/a>, que qualifica o devedor contumaz como aquele cuja atua\u00e7\u00e3o extrapola os limites da inadimpl\u00eancia e se situa no campo da ilicitude, com graves preju\u00edzos a toda sociedade, e o <a href=\"https:\/\/www25.senado.leg.br\/web\/atividade\/materias\/-\/materia\/130467\" target=\"_blank\" rel=\"noreferrer noopener\">PLS 284\/2017<\/a>, que define devedor contumaz como aquele que atua no campo do il\u00edcito, com pr\u00e1ticas abusivas de empresas que se formam com a \u00fanica finalidade de n\u00e3o pagar tributos, no todo ou em parte, e, com isso, obter vantagem concorrencial. O PLS 284\/2017 \u00e9 de relatoria de Rodrigo Pacheco.<\/p>\n\n\n\n<p>O advogado Guilherme Yamahaki, do escrit\u00f3rio Schneider e Pugliese, acredita que a reabertura do Pert, conforme o previsto pelo PL 4728\/2020, \u00e9 uma boa solu\u00e7\u00e3o para as empresas porque j\u00e1 \u00e9 um programa com regras conhecidas e que deu certo recentemente. Para ele, devido \u00e0 gravidade da crise econ\u00f4mica que alguns setores vivem, a discuss\u00e3o do devedor contumaz n\u00e3o pode atrasar o andamento do novo refis.<\/p>\n\n\n\n<p>\u201cNesse momento, o foco deveria ser a sobreviv\u00eancia das empresas, a manuten\u00e7\u00e3o dos empregos e, em contrapartida, auxiliar o governo com caixa para que ele possa fazer os aux\u00edlios necess\u00e1rios \u00e0 popula\u00e7\u00e3o durante a pandemia. A\u00ed depois a gente discute a recorr\u00eancia dos parcelamentos especiais, que \u00e9 o mote que foi discutido no PL do devedor contumaz\u201d, afirma.<\/p>\n\n\n\n<p>O tributarista Jo\u00e3o Amadeus, do Martorelli Advogados, explica que \u00e9 complicado inserir travas de acesso ao parcelamento no intuito de afastar o devedor contumaz porque h\u00e1 chances do programa ferir a isonomia tribut\u00e1ria. \u201cSe vier algum tipo de limita\u00e7\u00e3o, ela n\u00e3o pode ser contr\u00e1ria \u00e0 isonomia, voc\u00ea n\u00e3o pode estabelecer nenhum tipo de condi\u00e7\u00e3o discriminat\u00f3ria. Para barrar o devedor contumaz, isso deve estar bem justificado, bem esclarecido e atento \u00e0 quest\u00e3o da isonomia, para n\u00e3o estabelecer nenhum tipo de injusti\u00e7a entre os contribuintes\u201d.<\/p>\n\n\n\n<p>Fonte: <a rel=\"noreferrer noopener\" href=\"https:\/\/www.jota.info\/coberturas-especiais\/contencioso-tributario\/empresas-pedem-refis-mas-entidade-se-preocupa-com-devedor-contumaz-04052021\" data-type=\"URL\" data-id=\"https:\/\/www.jota.info\/coberturas-especiais\/contencioso-tributario\/empresas-pedem-refis-mas-entidade-se-preocupa-com-devedor-contumaz-04052021\" target=\"_blank\">Jota<\/a><\/p>\n\n\n\n<p>A Amaral, Yazbek, OAB\/PR 762, possui 35 anos de experi\u00eancia auxiliando empresas a transformar a tributa\u00e7\u00e3o em lucro. Entre em contato com um dos s\u00f3cios para agendamento de reuni\u00e3o em caso de d\u00favidas.<\/p>\n\n\n\n<p>Contato: 41 3595-8300 ou pelo nosso WhatsApp 41 99567-5696<\/p>\n\n\n\n<p>Av. C\u00e2ndido Hartmann, 50 \u2013 Bigorrilho | Curitiba-PR<\/p>\n\n\n\n<p>Assine nossa Newsletter e fique por dentro das novidades!<\/p>\n\n\n\n<p>Quer receber seu exemplar da revista Governan\u00e7a Jur\u00eddica? Clique <a href=\"http:\/\/ayadvogados.com.br\/revista\">aqui<\/a>&nbsp;e pe\u00e7a a sua.<\/p>\n\n\n\n<p>Nos acompanhe nas redes sociais: <a href=\"https:\/\/www.facebook.com\/amaral.yazbek\">Facebook<\/a>&nbsp;| <a href=\"https:\/\/www.instagram.com\/amaral.yazbek\/\">Instagram<\/a> | <a href=\"https:\/\/www.linkedin.com\/company\/3357082\/admin\/\">Linkedin<\/a><\/p>\n\n\n\n<p>J\u00e1 conhece o canal Direito da Intelig\u00eancia de Neg\u00f3cios? <a href=\"https:\/\/www.youtube.com\/channel\/UCu2Mpu32ht8DEN8OFRXYMyw\">Inscreva-se j\u00e1<\/a><\/p>\n","protected":false},"excerpt":{"rendered":"<p>Projetos de parcelamentos tribut\u00e1rios voltaram ao foco do Congresso Nacional. Setores empresariais como a ind\u00fastria e o com\u00e9rcio v\u00eam articulando com os parlamentares pela necessidade urgente de um al\u00edvio tribut\u00e1rio para as empresas prejudicadas pelo agravamento da crise econ\u00f4mica trazida pela longevidade da pandemia da Covid-19 no Brasil. No entanto, h\u00e1 preocupa\u00e7\u00e3o de entidades como [&hellip;]<\/p>\n","protected":false},"author":2,"featured_media":1113,"comment_status":"open","ping_status":"open","sticky":false,"template":"","format":"standard","meta":{"footnotes":""},"categories":[1],"tags":[],"class_list":["post-1112","post","type-post","status-publish","format-standard","has-post-thumbnail","hentry","category-noticia-do-dia"],"blocksy_meta":{"styles_descriptor":{"styles":{"desktop":"","tablet":"","mobile":""},"google_fonts":[],"version":6}},"yoast_head":"<!-- This site is optimized with the Yoast SEO plugin v27.5 - https:\/\/yoast.com\/product\/yoast-seo-wordpress\/ -->\n<title>Empresas pedem Refis, mas entidade se preocupa com devedor contumaz - Amaral, Yazbek Advogados<\/title>\n<meta name=\"robots\" content=\"index, follow, max-snippet:-1, max-image-preview:large, max-video-preview:-1\" \/>\n<link rel=\"canonical\" href=\"https:\/\/www.34.239.117.254.sslip.io\/?p=1112\" \/>\n<meta property=\"og:locale\" content=\"pt_BR\" \/>\n<meta property=\"og:type\" content=\"article\" \/>\n<meta property=\"og:title\" content=\"Empresas pedem Refis, mas entidade se preocupa com devedor contumaz - Amaral, Yazbek Advogados\" \/>\n<meta property=\"og:description\" content=\"Projetos de parcelamentos tribut\u00e1rios voltaram ao foco do Congresso Nacional. Setores empresariais como a ind\u00fastria e o com\u00e9rcio v\u00eam articulando com os parlamentares pela necessidade urgente de um al\u00edvio tribut\u00e1rio para as empresas prejudicadas pelo agravamento da crise econ\u00f4mica trazida pela longevidade da pandemia da Covid-19 no Brasil. No entanto, h\u00e1 preocupa\u00e7\u00e3o de entidades como [&hellip;]\" \/>\n<meta property=\"og:url\" content=\"https:\/\/www.34.239.117.254.sslip.io\/?p=1112\" \/>\n<meta property=\"og:site_name\" content=\"Amaral, Yazbek Advogados\" \/>\n<meta property=\"article:publisher\" content=\"https:\/\/www.facebook.com\/AYadvogados\" \/>\n<meta property=\"article:published_time\" content=\"2021-05-04T17:24:58+00:00\" \/>\n<meta property=\"og:image\" content=\"https:\/\/www.34.239.117.254.sslip.io\/wp-content\/uploads\/2021\/05\/04-05-Blog.png\" \/>\n\t<meta property=\"og:image:width\" content=\"1000\" \/>\n\t<meta property=\"og:image:height\" content=\"620\" \/>\n\t<meta property=\"og:image:type\" content=\"image\/png\" \/>\n<meta name=\"author\" content=\"AY Advogados\" \/>\n<meta name=\"twitter:card\" content=\"summary_large_image\" \/>\n<meta name=\"twitter:label1\" content=\"Escrito por\" \/>\n\t<meta name=\"twitter:data1\" content=\"AY Advogados\" \/>\n\t<meta name=\"twitter:label2\" content=\"Est. tempo de leitura\" \/>\n\t<meta name=\"twitter:data2\" content=\"5 minutos\" \/>\n<script type=\"application\/ld+json\" class=\"yoast-schema-graph\">{\"@context\":\"https:\\\/\\\/schema.org\",\"@graph\":[{\"@type\":\"Article\",\"@id\":\"https:\\\/\\\/www.34.239.117.254.sslip.io\\\/?p=1112#article\",\"isPartOf\":{\"@id\":\"https:\\\/\\\/www.34.239.117.254.sslip.io\\\/?p=1112\"},\"author\":{\"name\":\"AY Advogados\",\"@id\":\"https:\\\/\\\/www.34.239.117.254.sslip.io\\\/#\\\/schema\\\/person\\\/4abfbf03ad3e577e691d333af064a912\"},\"headline\":\"Empresas pedem Refis, mas entidade se preocupa com devedor contumaz\",\"datePublished\":\"2021-05-04T17:24:58+00:00\",\"mainEntityOfPage\":{\"@id\":\"https:\\\/\\\/www.34.239.117.254.sslip.io\\\/?p=1112\"},\"wordCount\":1003,\"commentCount\":0,\"publisher\":{\"@id\":\"https:\\\/\\\/www.34.239.117.254.sslip.io\\\/#organization\"},\"image\":{\"@id\":\"https:\\\/\\\/www.34.239.117.254.sslip.io\\\/?p=1112#primaryimage\"},\"thumbnailUrl\":\"https:\\\/\\\/www.ayadvogados.com.br\\\/wp-content\\\/uploads\\\/2021\\\/05\\\/04-05-Blog.png\",\"articleSection\":[\"Not\u00edcia do Dia\"],\"inLanguage\":\"pt-BR\",\"potentialAction\":[{\"@type\":\"CommentAction\",\"name\":\"Comment\",\"target\":[\"https:\\\/\\\/www.34.239.117.254.sslip.io\\\/?p=1112#respond\"]}]},{\"@type\":\"WebPage\",\"@id\":\"https:\\\/\\\/www.34.239.117.254.sslip.io\\\/?p=1112\",\"url\":\"https:\\\/\\\/www.34.239.117.254.sslip.io\\\/?p=1112\",\"name\":\"Empresas pedem Refis, mas entidade se preocupa com devedor contumaz - Amaral, Yazbek Advogados\",\"isPartOf\":{\"@id\":\"https:\\\/\\\/www.34.239.117.254.sslip.io\\\/#website\"},\"primaryImageOfPage\":{\"@id\":\"https:\\\/\\\/www.34.239.117.254.sslip.io\\\/?p=1112#primaryimage\"},\"image\":{\"@id\":\"https:\\\/\\\/www.34.239.117.254.sslip.io\\\/?p=1112#primaryimage\"},\"thumbnailUrl\":\"https:\\\/\\\/www.ayadvogados.com.br\\\/wp-content\\\/uploads\\\/2021\\\/05\\\/04-05-Blog.png\",\"datePublished\":\"2021-05-04T17:24:58+00:00\",\"breadcrumb\":{\"@id\":\"https:\\\/\\\/www.34.239.117.254.sslip.io\\\/?p=1112#breadcrumb\"},\"inLanguage\":\"pt-BR\",\"potentialAction\":[{\"@type\":\"ReadAction\",\"target\":[\"https:\\\/\\\/www.34.239.117.254.sslip.io\\\/?p=1112\"]}]},{\"@type\":\"ImageObject\",\"inLanguage\":\"pt-BR\",\"@id\":\"https:\\\/\\\/www.34.239.117.254.sslip.io\\\/?p=1112#primaryimage\",\"url\":\"https:\\\/\\\/www.ayadvogados.com.br\\\/wp-content\\\/uploads\\\/2021\\\/05\\\/04-05-Blog.png\",\"contentUrl\":\"https:\\\/\\\/www.ayadvogados.com.br\\\/wp-content\\\/uploads\\\/2021\\\/05\\\/04-05-Blog.png\",\"width\":1000,\"height\":620},{\"@type\":\"BreadcrumbList\",\"@id\":\"https:\\\/\\\/www.34.239.117.254.sslip.io\\\/?p=1112#breadcrumb\",\"itemListElement\":[{\"@type\":\"ListItem\",\"position\":1,\"name\":\"In\u00edcio\",\"item\":\"https:\\\/\\\/www.34.239.117.254.sslip.io\\\/\"},{\"@type\":\"ListItem\",\"position\":2,\"name\":\"Empresas pedem Refis, mas entidade se preocupa com devedor contumaz\"}]},{\"@type\":\"WebSite\",\"@id\":\"https:\\\/\\\/www.34.239.117.254.sslip.io\\\/#website\",\"url\":\"https:\\\/\\\/www.34.239.117.254.sslip.io\\\/\",\"name\":\"Amaral, Yazbek Advogados\",\"description\":\"Curitiba \u2022 Bras\u00edlia \u2022 S\u00e3o Paulo\",\"publisher\":{\"@id\":\"https:\\\/\\\/www.34.239.117.254.sslip.io\\\/#organization\"},\"potentialAction\":[{\"@type\":\"SearchAction\",\"target\":{\"@type\":\"EntryPoint\",\"urlTemplate\":\"https:\\\/\\\/www.34.239.117.254.sslip.io\\\/?s={search_term_string}\"},\"query-input\":{\"@type\":\"PropertyValueSpecification\",\"valueRequired\":true,\"valueName\":\"search_term_string\"}}],\"inLanguage\":\"pt-BR\"},{\"@type\":\"Organization\",\"@id\":\"https:\\\/\\\/www.34.239.117.254.sslip.io\\\/#organization\",\"name\":\"Amaral, Yazbek Advogados\",\"url\":\"https:\\\/\\\/www.34.239.117.254.sslip.io\\\/\",\"logo\":{\"@type\":\"ImageObject\",\"inLanguage\":\"pt-BR\",\"@id\":\"https:\\\/\\\/www.34.239.117.254.sslip.io\\\/#\\\/schema\\\/logo\\\/image\\\/\",\"url\":\"http:\\\/\\\/34.239.117.254\\\/wp-content\\\/uploads\\\/2021\\\/03\\\/logo-ay-g.png\",\"contentUrl\":\"http:\\\/\\\/34.239.117.254\\\/wp-content\\\/uploads\\\/2021\\\/03\\\/logo-ay-g.png\",\"width\":434,\"height\":106,\"caption\":\"Amaral, Yazbek Advogados\"},\"image\":{\"@id\":\"https:\\\/\\\/www.34.239.117.254.sslip.io\\\/#\\\/schema\\\/logo\\\/image\\\/\"},\"sameAs\":[\"https:\\\/\\\/www.facebook.com\\\/AYadvogados\",\"https:\\\/\\\/www.instagram.com\\\/ayadvogados\\\/\"]},{\"@type\":\"Person\",\"@id\":\"https:\\\/\\\/www.34.239.117.254.sslip.io\\\/#\\\/schema\\\/person\\\/4abfbf03ad3e577e691d333af064a912\",\"name\":\"AY Advogados\",\"image\":{\"@type\":\"ImageObject\",\"inLanguage\":\"pt-BR\",\"@id\":\"https:\\\/\\\/secure.gravatar.com\\\/avatar\\\/1473912b851241f5503026e6156e144dcd83ff7addb67f65e1ed9ca21ee1d9cf?s=96&d=mm&r=g\",\"url\":\"https:\\\/\\\/secure.gravatar.com\\\/avatar\\\/1473912b851241f5503026e6156e144dcd83ff7addb67f65e1ed9ca21ee1d9cf?s=96&d=mm&r=g\",\"contentUrl\":\"https:\\\/\\\/secure.gravatar.com\\\/avatar\\\/1473912b851241f5503026e6156e144dcd83ff7addb67f65e1ed9ca21ee1d9cf?s=96&d=mm&r=g\",\"caption\":\"AY Advogados\"},\"sameAs\":[\"https:\\\/\\\/ayadvogados.com.br\"],\"url\":\"https:\\\/\\\/www.ayadvogados.com.br\\\/?author=2\"}]}<\/script>\n<!-- \/ Yoast SEO plugin. -->","yoast_head_json":{"title":"Empresas pedem Refis, mas entidade se preocupa com devedor contumaz - Amaral, Yazbek Advogados","robots":{"index":"index","follow":"follow","max-snippet":"max-snippet:-1","max-image-preview":"max-image-preview:large","max-video-preview":"max-video-preview:-1"},"canonical":"https:\/\/www.34.239.117.254.sslip.io\/?p=1112","og_locale":"pt_BR","og_type":"article","og_title":"Empresas pedem Refis, mas entidade se preocupa com devedor contumaz - Amaral, Yazbek Advogados","og_description":"Projetos de parcelamentos tribut\u00e1rios voltaram ao foco do Congresso Nacional. Setores empresariais como a ind\u00fastria e o com\u00e9rcio v\u00eam articulando com os parlamentares pela necessidade urgente de um al\u00edvio tribut\u00e1rio para as empresas prejudicadas pelo agravamento da crise econ\u00f4mica trazida pela longevidade da pandemia da Covid-19 no Brasil. No entanto, h\u00e1 preocupa\u00e7\u00e3o de entidades como [&hellip;]","og_url":"https:\/\/www.34.239.117.254.sslip.io\/?p=1112","og_site_name":"Amaral, Yazbek Advogados","article_publisher":"https:\/\/www.facebook.com\/AYadvogados","article_published_time":"2021-05-04T17:24:58+00:00","og_image":[{"width":1000,"height":620,"url":"https:\/\/www.34.239.117.254.sslip.io\/wp-content\/uploads\/2021\/05\/04-05-Blog.png","type":"image\/png"}],"author":"AY Advogados","twitter_card":"summary_large_image","twitter_misc":{"Escrito por":"AY Advogados","Est. tempo de leitura":"5 minutos"},"schema":{"@context":"https:\/\/schema.org","@graph":[{"@type":"Article","@id":"https:\/\/www.34.239.117.254.sslip.io\/?p=1112#article","isPartOf":{"@id":"https:\/\/www.34.239.117.254.sslip.io\/?p=1112"},"author":{"name":"AY Advogados","@id":"https:\/\/www.34.239.117.254.sslip.io\/#\/schema\/person\/4abfbf03ad3e577e691d333af064a912"},"headline":"Empresas pedem Refis, mas entidade se preocupa com devedor contumaz","datePublished":"2021-05-04T17:24:58+00:00","mainEntityOfPage":{"@id":"https:\/\/www.34.239.117.254.sslip.io\/?p=1112"},"wordCount":1003,"commentCount":0,"publisher":{"@id":"https:\/\/www.34.239.117.254.sslip.io\/#organization"},"image":{"@id":"https:\/\/www.34.239.117.254.sslip.io\/?p=1112#primaryimage"},"thumbnailUrl":"https:\/\/www.ayadvogados.com.br\/wp-content\/uploads\/2021\/05\/04-05-Blog.png","articleSection":["Not\u00edcia do Dia"],"inLanguage":"pt-BR","potentialAction":[{"@type":"CommentAction","name":"Comment","target":["https:\/\/www.34.239.117.254.sslip.io\/?p=1112#respond"]}]},{"@type":"WebPage","@id":"https:\/\/www.34.239.117.254.sslip.io\/?p=1112","url":"https:\/\/www.34.239.117.254.sslip.io\/?p=1112","name":"Empresas pedem Refis, mas entidade se preocupa com devedor contumaz - Amaral, Yazbek Advogados","isPartOf":{"@id":"https:\/\/www.34.239.117.254.sslip.io\/#website"},"primaryImageOfPage":{"@id":"https:\/\/www.34.239.117.254.sslip.io\/?p=1112#primaryimage"},"image":{"@id":"https:\/\/www.34.239.117.254.sslip.io\/?p=1112#primaryimage"},"thumbnailUrl":"https:\/\/www.ayadvogados.com.br\/wp-content\/uploads\/2021\/05\/04-05-Blog.png","datePublished":"2021-05-04T17:24:58+00:00","breadcrumb":{"@id":"https:\/\/www.34.239.117.254.sslip.io\/?p=1112#breadcrumb"},"inLanguage":"pt-BR","potentialAction":[{"@type":"ReadAction","target":["https:\/\/www.34.239.117.254.sslip.io\/?p=1112"]}]},{"@type":"ImageObject","inLanguage":"pt-BR","@id":"https:\/\/www.34.239.117.254.sslip.io\/?p=1112#primaryimage","url":"https:\/\/www.ayadvogados.com.br\/wp-content\/uploads\/2021\/05\/04-05-Blog.png","contentUrl":"https:\/\/www.ayadvogados.com.br\/wp-content\/uploads\/2021\/05\/04-05-Blog.png","width":1000,"height":620},{"@type":"BreadcrumbList","@id":"https:\/\/www.34.239.117.254.sslip.io\/?p=1112#breadcrumb","itemListElement":[{"@type":"ListItem","position":1,"name":"In\u00edcio","item":"https:\/\/www.34.239.117.254.sslip.io\/"},{"@type":"ListItem","position":2,"name":"Empresas pedem Refis, mas entidade se preocupa com devedor contumaz"}]},{"@type":"WebSite","@id":"https:\/\/www.34.239.117.254.sslip.io\/#website","url":"https:\/\/www.34.239.117.254.sslip.io\/","name":"Amaral, Yazbek Advogados","description":"Curitiba \u2022 Bras\u00edlia \u2022 S\u00e3o Paulo","publisher":{"@id":"https:\/\/www.34.239.117.254.sslip.io\/#organization"},"potentialAction":[{"@type":"SearchAction","target":{"@type":"EntryPoint","urlTemplate":"https:\/\/www.34.239.117.254.sslip.io\/?s={search_term_string}"},"query-input":{"@type":"PropertyValueSpecification","valueRequired":true,"valueName":"search_term_string"}}],"inLanguage":"pt-BR"},{"@type":"Organization","@id":"https:\/\/www.34.239.117.254.sslip.io\/#organization","name":"Amaral, Yazbek Advogados","url":"https:\/\/www.34.239.117.254.sslip.io\/","logo":{"@type":"ImageObject","inLanguage":"pt-BR","@id":"https:\/\/www.34.239.117.254.sslip.io\/#\/schema\/logo\/image\/","url":"http:\/\/34.239.117.254\/wp-content\/uploads\/2021\/03\/logo-ay-g.png","contentUrl":"http:\/\/34.239.117.254\/wp-content\/uploads\/2021\/03\/logo-ay-g.png","width":434,"height":106,"caption":"Amaral, Yazbek Advogados"},"image":{"@id":"https:\/\/www.34.239.117.254.sslip.io\/#\/schema\/logo\/image\/"},"sameAs":["https:\/\/www.facebook.com\/AYadvogados","https:\/\/www.instagram.com\/ayadvogados\/"]},{"@type":"Person","@id":"https:\/\/www.34.239.117.254.sslip.io\/#\/schema\/person\/4abfbf03ad3e577e691d333af064a912","name":"AY Advogados","image":{"@type":"ImageObject","inLanguage":"pt-BR","@id":"https:\/\/secure.gravatar.com\/avatar\/1473912b851241f5503026e6156e144dcd83ff7addb67f65e1ed9ca21ee1d9cf?s=96&d=mm&r=g","url":"https:\/\/secure.gravatar.com\/avatar\/1473912b851241f5503026e6156e144dcd83ff7addb67f65e1ed9ca21ee1d9cf?s=96&d=mm&r=g","contentUrl":"https:\/\/secure.gravatar.com\/avatar\/1473912b851241f5503026e6156e144dcd83ff7addb67f65e1ed9ca21ee1d9cf?s=96&d=mm&r=g","caption":"AY Advogados"},"sameAs":["https:\/\/ayadvogados.com.br"],"url":"https:\/\/www.ayadvogados.com.br\/?author=2"}]}},"rttpg_featured_image_url":{"full":["https:\/\/www.ayadvogados.com.br\/wp-content\/uploads\/2021\/05\/04-05-Blog.png",1000,620,false],"landscape":["https:\/\/www.ayadvogados.com.br\/wp-content\/uploads\/2021\/05\/04-05-Blog.png",1000,620,false],"portraits":["https:\/\/www.ayadvogados.com.br\/wp-content\/uploads\/2021\/05\/04-05-Blog.png",1000,620,false],"thumbnail":["https:\/\/www.ayadvogados.com.br\/wp-content\/uploads\/2021\/05\/04-05-Blog-150x150.png",150,150,true],"medium":["https:\/\/www.ayadvogados.com.br\/wp-content\/uploads\/2021\/05\/04-05-Blog-300x186.png",300,186,true],"large":["https:\/\/www.ayadvogados.com.br\/wp-content\/uploads\/2021\/05\/04-05-Blog.png",1000,620,false],"1536x1536":["https:\/\/www.ayadvogados.com.br\/wp-content\/uploads\/2021\/05\/04-05-Blog.png",1000,620,false],"2048x2048":["https:\/\/www.ayadvogados.com.br\/wp-content\/uploads\/2021\/05\/04-05-Blog.png",1000,620,false]},"rttpg_author":{"display_name":"AY Advogados","author_link":"https:\/\/www.ayadvogados.com.br\/?author=2"},"rttpg_comment":0,"rttpg_category":"<a href=\"https:\/\/www.ayadvogados.com.br\/?cat=1\" rel=\"category\">Not\u00edcia do Dia<\/a>","rttpg_excerpt":"Projetos de parcelamentos tribut\u00e1rios voltaram ao foco do Congresso Nacional. Setores empresariais como a ind\u00fastria e o com\u00e9rcio v\u00eam articulando com os parlamentares pela necessidade urgente de um al\u00edvio tribut\u00e1rio para as empresas prejudicadas pelo agravamento da crise econ\u00f4mica trazida pela longevidade da pandemia da Covid-19 no Brasil. No entanto, h\u00e1 preocupa\u00e7\u00e3o de entidades como&hellip;","_links":{"self":[{"href":"https:\/\/www.ayadvogados.com.br\/index.php?rest_route=\/wp\/v2\/posts\/1112","targetHints":{"allow":["GET"]}}],"collection":[{"href":"https:\/\/www.ayadvogados.com.br\/index.php?rest_route=\/wp\/v2\/posts"}],"about":[{"href":"https:\/\/www.ayadvogados.com.br\/index.php?rest_route=\/wp\/v2\/types\/post"}],"author":[{"embeddable":true,"href":"https:\/\/www.ayadvogados.com.br\/index.php?rest_route=\/wp\/v2\/users\/2"}],"replies":[{"embeddable":true,"href":"https:\/\/www.ayadvogados.com.br\/index.php?rest_route=%2Fwp%2Fv2%2Fcomments&post=1112"}],"version-history":[{"count":1,"href":"https:\/\/www.ayadvogados.com.br\/index.php?rest_route=\/wp\/v2\/posts\/1112\/revisions"}],"predecessor-version":[{"id":1114,"href":"https:\/\/www.ayadvogados.com.br\/index.php?rest_route=\/wp\/v2\/posts\/1112\/revisions\/1114"}],"wp:featuredmedia":[{"embeddable":true,"href":"https:\/\/www.ayadvogados.com.br\/index.php?rest_route=\/wp\/v2\/media\/1113"}],"wp:attachment":[{"href":"https:\/\/www.ayadvogados.com.br\/index.php?rest_route=%2Fwp%2Fv2%2Fmedia&parent=1112"}],"wp:term":[{"taxonomy":"category","embeddable":true,"href":"https:\/\/www.ayadvogados.com.br\/index.php?rest_route=%2Fwp%2Fv2%2Fcategories&post=1112"},{"taxonomy":"post_tag","embeddable":true,"href":"https:\/\/www.ayadvogados.com.br\/index.php?rest_route=%2Fwp%2Fv2%2Ftags&post=1112"}],"curies":[{"name":"wp","href":"https:\/\/api.w.org\/{rel}","templated":true}]}}