{"id":1082,"date":"2021-04-29T17:39:48","date_gmt":"2021-04-29T20:39:48","guid":{"rendered":"http:\/\/34.239.117.254\/?p=1082"},"modified":"2021-04-29T17:39:48","modified_gmt":"2021-04-29T20:39:48","slug":"corte-mantem-na-pauta-patentes-e-exclusao-do-icms","status":"publish","type":"post","link":"https:\/\/www.ayadvogados.com.br\/?p=1082","title":{"rendered":"Corte mant\u00e9m na pauta patentes e exclus\u00e3o do ICMS"},"content":{"rendered":"\n<p>Duas importantes quest\u00f5es ficaram para a pauta do Supremo Tribunal Federal (STF) de hoje. Al\u00e9m do julgamento sobre patentes, iniciado ontem e que re\u00fane 15 partes interessadas (amicus curiae), um poss\u00edvel recorde, os ministros poder\u00e3o voltar \u00e0 chamada \u201ctese do s\u00e9culo\u201d, que trata da exclus\u00e3o do ICMS da base de c\u00e1lculo do PIS e da Cofins. Discuss\u00e3o que, no pior cen\u00e1rio, pode custar R$ 258,3 bilh\u00f5es \u00e0 Uni\u00e3o.<\/p>\n\n\n\n<p>Preocupado com o desfecho da quest\u00e3o tribut\u00e1ria, que permanecia na pauta at\u00e9 a noite desta quarta-feira, o ministro da Economia, Paulo Guedes, se reuniu ontem com o presidente do STF, ministro Luiz Fux. A expectativa de especialistas, por\u00e9m, \u00e9 a de que o julgamento seja transferido para a pr\u00f3xima quarta-feira. A an\u00e1lise do recurso da Uni\u00e3o no caso (embargos de declara\u00e7\u00e3o) est\u00e1 sendo aguardada desde 2017.<\/p>\n\n\n\n<p>A quest\u00e3o das patentes vem sendo pautada nas \u00faltimas semanas, em decorr\u00eancia da pandemia. O procurador-geral da Rep\u00fablica, Augusto Aras, que prop\u00f4s a a\u00e7\u00e3o, indica que a decis\u00e3o pode afetar patentes ligadas a tratamentos que podem ter algum efeito no contexto atual.<\/p>\n\n\n\n<p>Os ministros v\u00e3o decidir sobre a validade do artigo 40 da Lei de Propriedade Industrial (n\u00ba 9.279, de 1996), que estabelece prazo m\u00ednimo de dez anos de prote\u00e7\u00e3o para patentes, em caso de demora na an\u00e1lise dos pedidos pelo Instituto Nacional de Propriedade Industrial (INPI). Vale para os casos em que a an\u00e1lise superar uma d\u00e9cada. Em geral, o per\u00edodo previsto para inven\u00e7\u00f5es \u00e9 de 20 anos.<\/p>\n\n\n\n<p>Na sess\u00e3o realizada ontem, o relator, ministro Dias Toffoli, afirmou que j\u00e1 havia adiantado seu voto, dando a entender que vai manter o entendimento adotado na liminar concedida no come\u00e7o do m\u00eas. Na decis\u00e3o, afastou o prazo estendido apenas para as patentes de medicamentos ou equipamentos da \u00e1rea de sa\u00fade que ainda seriam concedidas com atraso.<\/p>\n\n\n\n<p>Na liminar, h\u00e1 uma parte com o t\u00edtulo \u201cdo voto de m\u00e9rito a ser proferido\u201d. Nela, Toffoli diz que o dispositivo \u00e9 inconstitucional e que o prazo indeterminado tem como consequ\u00eancia pr\u00e1tica a aus\u00eancia de uma limita\u00e7\u00e3o temporal para a prote\u00e7\u00e3o patent\u00e1ria no Brasil. Como modula\u00e7\u00e3o de efeitos, o voto indica como marco inicial a data do julgamento, n\u00e3o atingindo as patentes j\u00e1 concedidas com o prazo estendido.<\/p>\n\n\n\n<p>A modula\u00e7\u00e3o gerou desconforto na sess\u00e3o. O relator n\u00e3o gostou de um dos advogados da a\u00e7\u00e3o ter dito se tratar de uma \u201cmodula\u00e7\u00e3o de alfaiataria\u201d na sustenta\u00e7\u00e3o oral. Toffoli disse se tratar de \u201ctratamento desleal\u201d ao STF.<\/p>\n\n\n\n<p>\u201cQuanto maior a mora para que o INPI aprecie o pedido, maior o benef\u00edcio temporal fru\u00eddo\u201d, afirmou Aras, em sustenta\u00e7\u00e3o oral. A inexist\u00eancia de um termo certo a partir do qual os concorrentes poder\u00e3o explorar o produto impede o surgimento de competidores, acrescentou ele, \u201cpois dificilmente uma empresa far\u00e1 investimentos sem saber quando poder\u00e1 fruir do produto, por causa da patente\u201d.<\/p>\n\n\n\n<p>J\u00e1 o advogado-geral da Uni\u00e3o, Andr\u00e9 Mendon\u00e7a, disse que a lei n\u00e3o viola a Constitui\u00e7\u00e3o e haver\u00e1 inseguran\u00e7a jur\u00eddica se for adotado efeito retroativo a eventual inconstitucionalidade. De acordo com ele, a compensa\u00e7\u00e3o temporal \u00e9 importante porque havia um desequil\u00edbrio entre o volume de pedidos depositados e an\u00e1lises. Ele acrescentou que, no fim deste ano, o tempo m\u00e9dio para concess\u00e3o de patentes passar\u00e1 a ser de dois anos.<\/p>\n\n\n\n<p>J\u00e1 Felipe Santa Cruz, advogado do Instituto Brasileiro de Propriedade Intelectual (IBPI), destacou outros dados. Neste ano, disse, 51% das patentes farmac\u00eauticas sair\u00e3o com a extens\u00e3o indevida e em dez medicamentos com extens\u00e3o patent\u00e1ria no Brasil a prote\u00e7\u00e3o chega a 30 anos, enquanto nos Estados Unidos esses mesmos medicamentos t\u00eam prote\u00e7\u00e3o de 20 anos.<\/p>\n\n\n\n<p>Ainda de acordo com o advogado, esse fato impacta o Sistema \u00danico de Sa\u00fade (SUS), que tem 20% de suas despesas com a compra de medicamentos. A economia com 18 medicamentos, disse, chegaria a R$ 3,2 bilh\u00f5es.<\/p>\n\n\n\n<p>Gustavo Freitas Moraes, que representa a Interfarma, que re\u00fane farmac\u00eauticas estrangeiras, afirmou, por sua vez, que as empresas n\u00e3o se beneficiam da demora do INPI. \u201cJ\u00e1 entramos com a\u00e7\u00f5es contra o INPI pela demora. O atraso causa grande desconforto para as empresas\u201d, disse ele, acrescentando que n\u00e3o h\u00e1 desabastecimento de medicamentos ligados \u00e0 covid-19 em raz\u00e3o dessa extens\u00e3o de prazo.<\/p>\n\n\n\n<p>Fonte: <a href=\"https:\/\/valor.globo.com\/legislacao\/noticia\/2021\/04\/29\/corte-mantem-na-pauta-patentes-e-exclusao-do-icms.ghtml\" data-type=\"URL\" data-id=\"https:\/\/valor.globo.com\/legislacao\/noticia\/2021\/04\/29\/corte-mantem-na-pauta-patentes-e-exclusao-do-icms.ghtml\" target=\"_blank\" rel=\"noreferrer noopener\">Valor<\/a><\/p>\n\n\n\n<p>A Amaral, Yazbek, OAB\/PR 762, possui 35 anos de experi\u00eancia auxiliando empresas a transformar a tributa\u00e7\u00e3o em lucro. Entre em contato com um dos s\u00f3cios para agendamento de reuni\u00e3o em caso de d\u00favidas.<\/p>\n\n\n\n<p>Contato: 41 3595-8300 ou pelo nosso WhatsApp 41 99567-5696<\/p>\n\n\n\n<p>Av. C\u00e2ndido Hartmann, 50 \u2013 Bigorrilho | Curitiba-PR<\/p>\n\n\n\n<p>Assine nossa Newsletter e fique por dentro das novidades!<\/p>\n\n\n\n<p>Quer receber seu exemplar da revista Governan\u00e7a Jur\u00eddica? Clique <a href=\"http:\/\/ayadvogados.com.br\/revista\">aqui<\/a>&nbsp;e pe\u00e7a a sua.<\/p>\n\n\n\n<p>Nos acompanhe nas redes sociais: <a href=\"https:\/\/www.facebook.com\/amaral.yazbek\">Facebook<\/a>&nbsp;| <a href=\"https:\/\/www.instagram.com\/amaral.yazbek\/\">Instagram<\/a> | <a href=\"https:\/\/www.linkedin.com\/company\/3357082\/admin\/\">Linkedin<\/a><\/p>\n\n\n\n<p>J\u00e1 conhece o canal Direito da Intelig\u00eancia de Neg\u00f3cios? <a href=\"https:\/\/www.youtube.com\/channel\/UCu2Mpu32ht8DEN8OFRXYMyw\">Inscreva-se j\u00e1<\/a><\/p>\n","protected":false},"excerpt":{"rendered":"<p>Duas importantes quest\u00f5es ficaram para a pauta do Supremo Tribunal Federal (STF) de hoje. Al\u00e9m do julgamento sobre patentes, iniciado ontem e que re\u00fane 15 partes interessadas (amicus curiae), um poss\u00edvel recorde, os ministros poder\u00e3o voltar \u00e0 chamada \u201ctese do s\u00e9culo\u201d, que trata da exclus\u00e3o do ICMS da base de c\u00e1lculo do PIS e da [&hellip;]<\/p>\n","protected":false},"author":2,"featured_media":1083,"comment_status":"open","ping_status":"open","sticky":false,"template":"","format":"standard","meta":{"footnotes":""},"categories":[1],"tags":[],"class_list":["post-1082","post","type-post","status-publish","format-standard","has-post-thumbnail","hentry","category-noticia-do-dia"],"blocksy_meta":{"styles_descriptor":{"styles":{"desktop":"","tablet":"","mobile":""},"google_fonts":[],"version":6}},"yoast_head":"<!-- This site is optimized with the Yoast SEO plugin v27.5 - https:\/\/yoast.com\/product\/yoast-seo-wordpress\/ -->\n<title>Corte mant\u00e9m na pauta patentes e exclus\u00e3o do ICMS - Amaral, Yazbek Advogados<\/title>\n<meta name=\"robots\" content=\"index, follow, max-snippet:-1, max-image-preview:large, max-video-preview:-1\" \/>\n<link rel=\"canonical\" href=\"https:\/\/www.ayadvogados.com.br\/?p=1082\" \/>\n<meta property=\"og:locale\" content=\"pt_BR\" \/>\n<meta property=\"og:type\" content=\"article\" \/>\n<meta property=\"og:title\" content=\"Corte mant\u00e9m na pauta patentes e exclus\u00e3o do ICMS - Amaral, Yazbek Advogados\" \/>\n<meta property=\"og:description\" content=\"Duas importantes quest\u00f5es ficaram para a pauta do Supremo Tribunal Federal (STF) de hoje. Al\u00e9m do julgamento sobre patentes, iniciado ontem e que re\u00fane 15 partes interessadas (amicus curiae), um poss\u00edvel recorde, os ministros poder\u00e3o voltar \u00e0 chamada \u201ctese do s\u00e9culo\u201d, que trata da exclus\u00e3o do ICMS da base de c\u00e1lculo do PIS e da [&hellip;]\" \/>\n<meta property=\"og:url\" content=\"https:\/\/www.ayadvogados.com.br\/?p=1082\" \/>\n<meta property=\"og:site_name\" content=\"Amaral, Yazbek Advogados\" \/>\n<meta property=\"article:publisher\" content=\"https:\/\/www.facebook.com\/AYadvogados\" \/>\n<meta property=\"article:published_time\" content=\"2021-04-29T20:39:48+00:00\" \/>\n<meta property=\"og:image\" content=\"https:\/\/www.ayadvogados.com.br\/wp-content\/uploads\/2021\/04\/29-04-Blog.png\" \/>\n\t<meta property=\"og:image:width\" content=\"1000\" \/>\n\t<meta property=\"og:image:height\" content=\"620\" \/>\n\t<meta property=\"og:image:type\" content=\"image\/png\" \/>\n<meta name=\"author\" content=\"AY Advogados\" \/>\n<meta name=\"twitter:card\" content=\"summary_large_image\" \/>\n<meta name=\"twitter:label1\" content=\"Escrito por\" \/>\n\t<meta name=\"twitter:data1\" content=\"AY Advogados\" \/>\n\t<meta name=\"twitter:label2\" content=\"Est. tempo de leitura\" \/>\n\t<meta name=\"twitter:data2\" content=\"4 minutos\" \/>\n<script type=\"application\/ld+json\" class=\"yoast-schema-graph\">{\"@context\":\"https:\\\/\\\/schema.org\",\"@graph\":[{\"@type\":\"Article\",\"@id\":\"https:\\\/\\\/www.ayadvogados.com.br\\\/?p=1082#article\",\"isPartOf\":{\"@id\":\"https:\\\/\\\/www.ayadvogados.com.br\\\/?p=1082\"},\"author\":{\"name\":\"AY Advogados\",\"@id\":\"https:\\\/\\\/34.239.117.254\\\/#\\\/schema\\\/person\\\/4abfbf03ad3e577e691d333af064a912\"},\"headline\":\"Corte mant\u00e9m na pauta patentes e exclus\u00e3o do ICMS\",\"datePublished\":\"2021-04-29T20:39:48+00:00\",\"mainEntityOfPage\":{\"@id\":\"https:\\\/\\\/www.ayadvogados.com.br\\\/?p=1082\"},\"wordCount\":863,\"commentCount\":0,\"publisher\":{\"@id\":\"https:\\\/\\\/34.239.117.254\\\/#organization\"},\"image\":{\"@id\":\"https:\\\/\\\/www.ayadvogados.com.br\\\/?p=1082#primaryimage\"},\"thumbnailUrl\":\"https:\\\/\\\/www.ayadvogados.com.br\\\/wp-content\\\/uploads\\\/2021\\\/04\\\/29-04-Blog.png\",\"articleSection\":[\"Not\u00edcia do Dia\"],\"inLanguage\":\"pt-BR\",\"potentialAction\":[{\"@type\":\"CommentAction\",\"name\":\"Comment\",\"target\":[\"https:\\\/\\\/www.ayadvogados.com.br\\\/?p=1082#respond\"]}]},{\"@type\":\"WebPage\",\"@id\":\"https:\\\/\\\/www.ayadvogados.com.br\\\/?p=1082\",\"url\":\"https:\\\/\\\/www.ayadvogados.com.br\\\/?p=1082\",\"name\":\"Corte mant\u00e9m na pauta patentes e exclus\u00e3o do ICMS - Amaral, Yazbek Advogados\",\"isPartOf\":{\"@id\":\"https:\\\/\\\/34.239.117.254\\\/#website\"},\"primaryImageOfPage\":{\"@id\":\"https:\\\/\\\/www.ayadvogados.com.br\\\/?p=1082#primaryimage\"},\"image\":{\"@id\":\"https:\\\/\\\/www.ayadvogados.com.br\\\/?p=1082#primaryimage\"},\"thumbnailUrl\":\"https:\\\/\\\/www.ayadvogados.com.br\\\/wp-content\\\/uploads\\\/2021\\\/04\\\/29-04-Blog.png\",\"datePublished\":\"2021-04-29T20:39:48+00:00\",\"breadcrumb\":{\"@id\":\"https:\\\/\\\/www.ayadvogados.com.br\\\/?p=1082#breadcrumb\"},\"inLanguage\":\"pt-BR\",\"potentialAction\":[{\"@type\":\"ReadAction\",\"target\":[\"https:\\\/\\\/www.ayadvogados.com.br\\\/?p=1082\"]}]},{\"@type\":\"ImageObject\",\"inLanguage\":\"pt-BR\",\"@id\":\"https:\\\/\\\/www.ayadvogados.com.br\\\/?p=1082#primaryimage\",\"url\":\"https:\\\/\\\/www.ayadvogados.com.br\\\/wp-content\\\/uploads\\\/2021\\\/04\\\/29-04-Blog.png\",\"contentUrl\":\"https:\\\/\\\/www.ayadvogados.com.br\\\/wp-content\\\/uploads\\\/2021\\\/04\\\/29-04-Blog.png\",\"width\":1000,\"height\":620},{\"@type\":\"BreadcrumbList\",\"@id\":\"https:\\\/\\\/www.ayadvogados.com.br\\\/?p=1082#breadcrumb\",\"itemListElement\":[{\"@type\":\"ListItem\",\"position\":1,\"name\":\"In\u00edcio\",\"item\":\"https:\\\/\\\/34.239.117.254\\\/\"},{\"@type\":\"ListItem\",\"position\":2,\"name\":\"Corte mant\u00e9m na pauta patentes e exclus\u00e3o do ICMS\"}]},{\"@type\":\"WebSite\",\"@id\":\"https:\\\/\\\/34.239.117.254\\\/#website\",\"url\":\"https:\\\/\\\/34.239.117.254\\\/\",\"name\":\"Amaral, Yazbek Advogados\",\"description\":\"Curitiba \u2022 Bras\u00edlia \u2022 S\u00e3o Paulo\",\"publisher\":{\"@id\":\"https:\\\/\\\/34.239.117.254\\\/#organization\"},\"potentialAction\":[{\"@type\":\"SearchAction\",\"target\":{\"@type\":\"EntryPoint\",\"urlTemplate\":\"https:\\\/\\\/34.239.117.254\\\/?s={search_term_string}\"},\"query-input\":{\"@type\":\"PropertyValueSpecification\",\"valueRequired\":true,\"valueName\":\"search_term_string\"}}],\"inLanguage\":\"pt-BR\"},{\"@type\":\"Organization\",\"@id\":\"https:\\\/\\\/34.239.117.254\\\/#organization\",\"name\":\"Amaral, Yazbek Advogados\",\"url\":\"https:\\\/\\\/34.239.117.254\\\/\",\"logo\":{\"@type\":\"ImageObject\",\"inLanguage\":\"pt-BR\",\"@id\":\"https:\\\/\\\/34.239.117.254\\\/#\\\/schema\\\/logo\\\/image\\\/\",\"url\":\"http:\\\/\\\/34.239.117.254\\\/wp-content\\\/uploads\\\/2021\\\/03\\\/logo-ay-g.png\",\"contentUrl\":\"http:\\\/\\\/34.239.117.254\\\/wp-content\\\/uploads\\\/2021\\\/03\\\/logo-ay-g.png\",\"width\":434,\"height\":106,\"caption\":\"Amaral, Yazbek Advogados\"},\"image\":{\"@id\":\"https:\\\/\\\/34.239.117.254\\\/#\\\/schema\\\/logo\\\/image\\\/\"},\"sameAs\":[\"https:\\\/\\\/www.facebook.com\\\/AYadvogados\",\"https:\\\/\\\/www.instagram.com\\\/ayadvogados\\\/\"]},{\"@type\":\"Person\",\"@id\":\"https:\\\/\\\/34.239.117.254\\\/#\\\/schema\\\/person\\\/4abfbf03ad3e577e691d333af064a912\",\"name\":\"AY Advogados\",\"image\":{\"@type\":\"ImageObject\",\"inLanguage\":\"pt-BR\",\"@id\":\"https:\\\/\\\/secure.gravatar.com\\\/avatar\\\/1473912b851241f5503026e6156e144dcd83ff7addb67f65e1ed9ca21ee1d9cf?s=96&d=mm&r=g\",\"url\":\"https:\\\/\\\/secure.gravatar.com\\\/avatar\\\/1473912b851241f5503026e6156e144dcd83ff7addb67f65e1ed9ca21ee1d9cf?s=96&d=mm&r=g\",\"contentUrl\":\"https:\\\/\\\/secure.gravatar.com\\\/avatar\\\/1473912b851241f5503026e6156e144dcd83ff7addb67f65e1ed9ca21ee1d9cf?s=96&d=mm&r=g\",\"caption\":\"AY Advogados\"},\"sameAs\":[\"https:\\\/\\\/ayadvogados.com.br\"],\"url\":\"https:\\\/\\\/www.ayadvogados.com.br\\\/?author=2\"}]}<\/script>\n<!-- \/ Yoast SEO plugin. -->","yoast_head_json":{"title":"Corte mant\u00e9m na pauta patentes e exclus\u00e3o do ICMS - Amaral, Yazbek Advogados","robots":{"index":"index","follow":"follow","max-snippet":"max-snippet:-1","max-image-preview":"max-image-preview:large","max-video-preview":"max-video-preview:-1"},"canonical":"https:\/\/www.ayadvogados.com.br\/?p=1082","og_locale":"pt_BR","og_type":"article","og_title":"Corte mant\u00e9m na pauta patentes e exclus\u00e3o do ICMS - Amaral, Yazbek Advogados","og_description":"Duas importantes quest\u00f5es ficaram para a pauta do Supremo Tribunal Federal (STF) de hoje. Al\u00e9m do julgamento sobre patentes, iniciado ontem e que re\u00fane 15 partes interessadas (amicus curiae), um poss\u00edvel recorde, os ministros poder\u00e3o voltar \u00e0 chamada \u201ctese do s\u00e9culo\u201d, que trata da exclus\u00e3o do ICMS da base de c\u00e1lculo do PIS e da [&hellip;]","og_url":"https:\/\/www.ayadvogados.com.br\/?p=1082","og_site_name":"Amaral, Yazbek Advogados","article_publisher":"https:\/\/www.facebook.com\/AYadvogados","article_published_time":"2021-04-29T20:39:48+00:00","og_image":[{"width":1000,"height":620,"url":"https:\/\/www.ayadvogados.com.br\/wp-content\/uploads\/2021\/04\/29-04-Blog.png","type":"image\/png"}],"author":"AY Advogados","twitter_card":"summary_large_image","twitter_misc":{"Escrito por":"AY Advogados","Est. tempo de leitura":"4 minutos"},"schema":{"@context":"https:\/\/schema.org","@graph":[{"@type":"Article","@id":"https:\/\/www.ayadvogados.com.br\/?p=1082#article","isPartOf":{"@id":"https:\/\/www.ayadvogados.com.br\/?p=1082"},"author":{"name":"AY Advogados","@id":"https:\/\/34.239.117.254\/#\/schema\/person\/4abfbf03ad3e577e691d333af064a912"},"headline":"Corte mant\u00e9m na pauta patentes e exclus\u00e3o do ICMS","datePublished":"2021-04-29T20:39:48+00:00","mainEntityOfPage":{"@id":"https:\/\/www.ayadvogados.com.br\/?p=1082"},"wordCount":863,"commentCount":0,"publisher":{"@id":"https:\/\/34.239.117.254\/#organization"},"image":{"@id":"https:\/\/www.ayadvogados.com.br\/?p=1082#primaryimage"},"thumbnailUrl":"https:\/\/www.ayadvogados.com.br\/wp-content\/uploads\/2021\/04\/29-04-Blog.png","articleSection":["Not\u00edcia do Dia"],"inLanguage":"pt-BR","potentialAction":[{"@type":"CommentAction","name":"Comment","target":["https:\/\/www.ayadvogados.com.br\/?p=1082#respond"]}]},{"@type":"WebPage","@id":"https:\/\/www.ayadvogados.com.br\/?p=1082","url":"https:\/\/www.ayadvogados.com.br\/?p=1082","name":"Corte mant\u00e9m na pauta patentes e exclus\u00e3o do ICMS - Amaral, Yazbek Advogados","isPartOf":{"@id":"https:\/\/34.239.117.254\/#website"},"primaryImageOfPage":{"@id":"https:\/\/www.ayadvogados.com.br\/?p=1082#primaryimage"},"image":{"@id":"https:\/\/www.ayadvogados.com.br\/?p=1082#primaryimage"},"thumbnailUrl":"https:\/\/www.ayadvogados.com.br\/wp-content\/uploads\/2021\/04\/29-04-Blog.png","datePublished":"2021-04-29T20:39:48+00:00","breadcrumb":{"@id":"https:\/\/www.ayadvogados.com.br\/?p=1082#breadcrumb"},"inLanguage":"pt-BR","potentialAction":[{"@type":"ReadAction","target":["https:\/\/www.ayadvogados.com.br\/?p=1082"]}]},{"@type":"ImageObject","inLanguage":"pt-BR","@id":"https:\/\/www.ayadvogados.com.br\/?p=1082#primaryimage","url":"https:\/\/www.ayadvogados.com.br\/wp-content\/uploads\/2021\/04\/29-04-Blog.png","contentUrl":"https:\/\/www.ayadvogados.com.br\/wp-content\/uploads\/2021\/04\/29-04-Blog.png","width":1000,"height":620},{"@type":"BreadcrumbList","@id":"https:\/\/www.ayadvogados.com.br\/?p=1082#breadcrumb","itemListElement":[{"@type":"ListItem","position":1,"name":"In\u00edcio","item":"https:\/\/34.239.117.254\/"},{"@type":"ListItem","position":2,"name":"Corte mant\u00e9m na pauta patentes e exclus\u00e3o do ICMS"}]},{"@type":"WebSite","@id":"https:\/\/34.239.117.254\/#website","url":"https:\/\/34.239.117.254\/","name":"Amaral, Yazbek Advogados","description":"Curitiba \u2022 Bras\u00edlia \u2022 S\u00e3o Paulo","publisher":{"@id":"https:\/\/34.239.117.254\/#organization"},"potentialAction":[{"@type":"SearchAction","target":{"@type":"EntryPoint","urlTemplate":"https:\/\/34.239.117.254\/?s={search_term_string}"},"query-input":{"@type":"PropertyValueSpecification","valueRequired":true,"valueName":"search_term_string"}}],"inLanguage":"pt-BR"},{"@type":"Organization","@id":"https:\/\/34.239.117.254\/#organization","name":"Amaral, Yazbek Advogados","url":"https:\/\/34.239.117.254\/","logo":{"@type":"ImageObject","inLanguage":"pt-BR","@id":"https:\/\/34.239.117.254\/#\/schema\/logo\/image\/","url":"http:\/\/34.239.117.254\/wp-content\/uploads\/2021\/03\/logo-ay-g.png","contentUrl":"http:\/\/34.239.117.254\/wp-content\/uploads\/2021\/03\/logo-ay-g.png","width":434,"height":106,"caption":"Amaral, Yazbek Advogados"},"image":{"@id":"https:\/\/34.239.117.254\/#\/schema\/logo\/image\/"},"sameAs":["https:\/\/www.facebook.com\/AYadvogados","https:\/\/www.instagram.com\/ayadvogados\/"]},{"@type":"Person","@id":"https:\/\/34.239.117.254\/#\/schema\/person\/4abfbf03ad3e577e691d333af064a912","name":"AY Advogados","image":{"@type":"ImageObject","inLanguage":"pt-BR","@id":"https:\/\/secure.gravatar.com\/avatar\/1473912b851241f5503026e6156e144dcd83ff7addb67f65e1ed9ca21ee1d9cf?s=96&d=mm&r=g","url":"https:\/\/secure.gravatar.com\/avatar\/1473912b851241f5503026e6156e144dcd83ff7addb67f65e1ed9ca21ee1d9cf?s=96&d=mm&r=g","contentUrl":"https:\/\/secure.gravatar.com\/avatar\/1473912b851241f5503026e6156e144dcd83ff7addb67f65e1ed9ca21ee1d9cf?s=96&d=mm&r=g","caption":"AY Advogados"},"sameAs":["https:\/\/ayadvogados.com.br"],"url":"https:\/\/www.ayadvogados.com.br\/?author=2"}]}},"rttpg_featured_image_url":{"full":["https:\/\/www.ayadvogados.com.br\/wp-content\/uploads\/2021\/04\/29-04-Blog.png",1000,620,false],"landscape":["https:\/\/www.ayadvogados.com.br\/wp-content\/uploads\/2021\/04\/29-04-Blog.png",1000,620,false],"portraits":["https:\/\/www.ayadvogados.com.br\/wp-content\/uploads\/2021\/04\/29-04-Blog.png",1000,620,false],"thumbnail":["https:\/\/www.ayadvogados.com.br\/wp-content\/uploads\/2021\/04\/29-04-Blog-150x150.png",150,150,true],"medium":["https:\/\/www.ayadvogados.com.br\/wp-content\/uploads\/2021\/04\/29-04-Blog-300x186.png",300,186,true],"large":["https:\/\/www.ayadvogados.com.br\/wp-content\/uploads\/2021\/04\/29-04-Blog.png",1000,620,false],"1536x1536":["https:\/\/www.ayadvogados.com.br\/wp-content\/uploads\/2021\/04\/29-04-Blog.png",1000,620,false],"2048x2048":["https:\/\/www.ayadvogados.com.br\/wp-content\/uploads\/2021\/04\/29-04-Blog.png",1000,620,false]},"rttpg_author":{"display_name":"AY Advogados","author_link":"https:\/\/www.ayadvogados.com.br\/?author=2"},"rttpg_comment":0,"rttpg_category":"<a href=\"https:\/\/www.ayadvogados.com.br\/?cat=1\" rel=\"category\">Not\u00edcia do Dia<\/a>","rttpg_excerpt":"Duas importantes quest\u00f5es ficaram para a pauta do Supremo Tribunal Federal (STF) de hoje. Al\u00e9m do julgamento sobre patentes, iniciado ontem e que re\u00fane 15 partes interessadas (amicus curiae), um poss\u00edvel recorde, os ministros poder\u00e3o voltar \u00e0 chamada \u201ctese do s\u00e9culo\u201d, que trata da exclus\u00e3o do ICMS da base de c\u00e1lculo do PIS e da&hellip;","_links":{"self":[{"href":"https:\/\/www.ayadvogados.com.br\/index.php?rest_route=\/wp\/v2\/posts\/1082","targetHints":{"allow":["GET"]}}],"collection":[{"href":"https:\/\/www.ayadvogados.com.br\/index.php?rest_route=\/wp\/v2\/posts"}],"about":[{"href":"https:\/\/www.ayadvogados.com.br\/index.php?rest_route=\/wp\/v2\/types\/post"}],"author":[{"embeddable":true,"href":"https:\/\/www.ayadvogados.com.br\/index.php?rest_route=\/wp\/v2\/users\/2"}],"replies":[{"embeddable":true,"href":"https:\/\/www.ayadvogados.com.br\/index.php?rest_route=%2Fwp%2Fv2%2Fcomments&post=1082"}],"version-history":[{"count":1,"href":"https:\/\/www.ayadvogados.com.br\/index.php?rest_route=\/wp\/v2\/posts\/1082\/revisions"}],"predecessor-version":[{"id":1084,"href":"https:\/\/www.ayadvogados.com.br\/index.php?rest_route=\/wp\/v2\/posts\/1082\/revisions\/1084"}],"wp:featuredmedia":[{"embeddable":true,"href":"https:\/\/www.ayadvogados.com.br\/index.php?rest_route=\/wp\/v2\/media\/1083"}],"wp:attachment":[{"href":"https:\/\/www.ayadvogados.com.br\/index.php?rest_route=%2Fwp%2Fv2%2Fmedia&parent=1082"}],"wp:term":[{"taxonomy":"category","embeddable":true,"href":"https:\/\/www.ayadvogados.com.br\/index.php?rest_route=%2Fwp%2Fv2%2Fcategories&post=1082"},{"taxonomy":"post_tag","embeddable":true,"href":"https:\/\/www.ayadvogados.com.br\/index.php?rest_route=%2Fwp%2Fv2%2Ftags&post=1082"}],"curies":[{"name":"wp","href":"https:\/\/api.w.org\/{rel}","templated":true}]}}